{"id":120273,"date":"2023-05-03T22:23:39","date_gmt":"2023-05-03T20:23:39","guid":{"rendered":"https:\/\/territorialchallenges.com\/?p=120273"},"modified":"2023-05-03T22:23:39","modified_gmt":"2023-05-03T20:23:39","slug":"la-mutualisation-des-projets-numeriques-une-solution-pour-les-collectivites-locales-europeennes","status":"publish","type":"post","link":"https:\/\/territorialchallenges.com\/nl\/2023\/05\/03\/la-mutualisation-des-projets-numeriques-une-solution-pour-les-collectivites-locales-europeennes\/120273\/","title":{"rendered":"Het bundelen van digitale projecten, een oplossing voor Europese lokale overheden"},"content":{"rendered":"<p>Databeheer op het gebied van grondgebied, de digitale transitie en slimme steden vormen grote uitdagingen voor lokale overheden in landen van de Europese Unie. Om deze uitdagingen het hoofd te bieden, is het essentieel dat deze overheden samenwerken om gezamenlijke projecten te ontwikkelen, zoals Interreg NWE, samenwerking op het gebied van slimme steden en de... <\/p>\n<div class=\"pmpro_content_message\">Artikel alleen beschikbaar voor abonnees.<br \/><a href=\"https:\/\/territorialchallenges.com\/wp-login.php\">Login<\/a><br \/><a href=\"https:\/\/territorialchallenges.com\/nl\/wp-login.php\/?action=register\">Register<\/a><\/div>","protected":false},"excerpt":{"rendered":"<p>La gestion des donn\u00e9es appliqu\u00e9es aux territoires, la transition num\u00e9rique et la ville intelligente sont des enjeux majeurs pour les collectivit\u00e9s locales des pays de l&rsquo;Union europ\u00e9enne. Pour r\u00e9pondre \u00e0 ces d\u00e9fis, il est essentiel que ces collectivit\u00e9s se f\u00e9d\u00e8rent pour monter des projets communs, \u00e0 l\u2019exemple de Interreg NWE, de coop\u00e9ration Smart City, du... <\/p>\n<div class=\"pmpro_content_message\">Artikel alleen beschikbaar voor abonnees.<br \/><a href=\"https:\/\/territorialchallenges.com\/wp-login.php\">Login<\/a><br \/><a href=\"https:\/\/territorialchallenges.com\/nl\/wp-login.php\/?action=register\">Register<\/a><\/div>","protected":false},"author":11,"featured_media":120274,"comment_status":"open","ping_status":"open","sticky":true,"template":"","format":"standard","meta":{"pmpro_default_level":0,"footnotes":""},"categories":[130,117],"tags":[],"blocksy_meta":"","yoast_head":"<!-- This site is optimized with the Yoast SEO plugin v21.5 - https:\/\/yoast.com\/wordpress\/plugins\/seo\/ -->\n<title>La mutualisation des projets num\u00e9riques, une solution pour les collectivit\u00e9s locales europ\u00e9ennes - Territorial Challenges<\/title>\n<meta name=\"robots\" content=\"index, follow, max-snippet:-1, max-image-preview:large, max-video-preview:-1\" \/>\n<link rel=\"canonical\" href=\"https:\/\/territorialchallenges.com\/nl\/2023\/05\/03\/la-mutualisation-des-projets-numeriques-une-solution-pour-les-collectivites-locales-europeennes\/120273\/\" \/>\n<meta property=\"og:locale\" content=\"nl_NL\" \/>\n<meta property=\"og:type\" content=\"article\" \/>\n<meta property=\"og:title\" content=\"La mutualisation des projets num\u00e9riques, une solution pour les collectivit\u00e9s locales europ\u00e9ennes - Territorial Challenges\" \/>\n<meta property=\"og:description\" content=\"La gestion des donn\u00e9es appliqu\u00e9es aux territoires, la transition num\u00e9rique et la ville intelligente sont des enjeux majeurs pour les collectivit\u00e9s locales des pays de l&rsquo;Union europ\u00e9enne. Pour r\u00e9pondre \u00e0 ces d\u00e9fis, il est essentiel que ces collectivit\u00e9s se f\u00e9d\u00e8rent pour monter des projets communs, \u00e0 l\u2019exemple de Interreg NWE, de coop\u00e9ration Smart City, du [&hellip;]\" \/>\n<meta property=\"og:url\" content=\"https:\/\/territorialchallenges.com\/nl\/2023\/05\/03\/la-mutualisation-des-projets-numeriques-une-solution-pour-les-collectivites-locales-europeennes\/120273\/\" \/>\n<meta property=\"og:site_name\" content=\"Territorial Challenges\" \/>\n<meta property=\"article:published_time\" content=\"2023-05-03T20:23:39+00:00\" \/>\n<meta property=\"og:image\" content=\"https:\/\/territorialchallenges.com\/wp-content\/uploads\/2023\/05\/vienne.jpg\" \/>\n\t<meta property=\"og:image:width\" content=\"1280\" \/>\n\t<meta property=\"og:image:height\" content=\"699\" \/>\n\t<meta property=\"og:image:type\" content=\"image\/jpeg\" \/>\n<meta name=\"author\" content=\"ni.abdi\" \/>\n<meta name=\"twitter:card\" content=\"summary_large_image\" \/>\n<meta name=\"twitter:creator\" content=\"@Ni.abdi\" \/>\n<meta name=\"twitter:label1\" content=\"Geschreven door\" \/>\n\t<meta name=\"twitter:data1\" content=\"ni.abdi\" \/>\n\t<meta name=\"twitter:label2\" content=\"Geschatte leestijd\" \/>\n\t<meta name=\"twitter:data2\" content=\"3 minuten\" \/>\n<script type=\"application\/ld+json\" class=\"yoast-schema-graph\">{\"@context\":\"https:\/\/schema.org\",\"@graph\":[{\"@type\":\"Article\",\"@id\":\"https:\/\/territorialchallenges.com\/2023\/05\/03\/la-mutualisation-des-projets-numeriques-une-solution-pour-les-collectivites-locales-europeennes\/120273\/#article\",\"isPartOf\":{\"@id\":\"https:\/\/territorialchallenges.com\/2023\/05\/03\/la-mutualisation-des-projets-numeriques-une-solution-pour-les-collectivites-locales-europeennes\/120273\/\"},\"author\":{\"name\":\"ni.abdi\",\"@id\":\"https:\/\/territorialchallenges.com\/#\/schema\/person\/098f145c7c61a021c425e010f840080f\"},\"headline\":\"La mutualisation des projets num\u00e9riques, une solution pour les collectivit\u00e9s locales europ\u00e9ennes\",\"datePublished\":\"2023-05-03T20:23:39+00:00\",\"dateModified\":\"2023-05-03T20:23:39+00:00\",\"mainEntityOfPage\":{\"@id\":\"https:\/\/territorialchallenges.com\/2023\/05\/03\/la-mutualisation-des-projets-numeriques-une-solution-pour-les-collectivites-locales-europeennes\/120273\/\"},\"wordCount\":703,\"commentCount\":0,\"publisher\":{\"@id\":\"https:\/\/territorialchallenges.com\/#organization\"},\"articleSection\":[\"R\u00e9flexion faite\",\"\u00c9cosyst\u00e8me\"],\"inLanguage\":\"nl-NL\"},{\"@type\":\"WebPage\",\"@id\":\"https:\/\/territorialchallenges.com\/2023\/05\/03\/la-mutualisation-des-projets-numeriques-une-solution-pour-les-collectivites-locales-europeennes\/120273\/\",\"url\":\"https:\/\/territorialchallenges.com\/2023\/05\/03\/la-mutualisation-des-projets-numeriques-une-solution-pour-les-collectivites-locales-europeennes\/120273\/\",\"name\":\"La mutualisation des projets num\u00e9riques, une solution pour les collectivit\u00e9s locales europ\u00e9ennes - Territorial Challenges\",\"isPartOf\":{\"@id\":\"https:\/\/territorialchallenges.com\/#website\"},\"datePublished\":\"2023-05-03T20:23:39+00:00\",\"dateModified\":\"2023-05-03T20:23:39+00:00\",\"breadcrumb\":{\"@id\":\"https:\/\/territorialchallenges.com\/2023\/05\/03\/la-mutualisation-des-projets-numeriques-une-solution-pour-les-collectivites-locales-europeennes\/120273\/#breadcrumb\"},\"inLanguage\":\"nl-NL\",\"potentialAction\":[{\"@type\":\"ReadAction\",\"target\":[\"https:\/\/territorialchallenges.com\/2023\/05\/03\/la-mutualisation-des-projets-numeriques-une-solution-pour-les-collectivites-locales-europeennes\/120273\/\"]}]},{\"@type\":\"BreadcrumbList\",\"@id\":\"https:\/\/territorialchallenges.com\/2023\/05\/03\/la-mutualisation-des-projets-numeriques-une-solution-pour-les-collectivites-locales-europeennes\/120273\/#breadcrumb\",\"itemListElement\":[{\"@type\":\"ListItem\",\"position\":1,\"name\":\"Home\",\"item\":\"https:\/\/territorialchallenges.com\/\"},{\"@type\":\"ListItem\",\"position\":2,\"name\":\"La mutualisation des projets num\u00e9riques, une solution pour les collectivit\u00e9s locales europ\u00e9ennes\"}]},{\"@type\":\"WebSite\",\"@id\":\"https:\/\/territorialchallenges.com\/#website\",\"url\":\"https:\/\/territorialchallenges.com\/\",\"name\":\"Territorial Challenges\",\"description\":\"Veille Internationale - Strat\u00e9gie Intelligentes - Bonnes pratiques\",\"publisher\":{\"@id\":\"https:\/\/territorialchallenges.com\/#organization\"},\"potentialAction\":[{\"@type\":\"SearchAction\",\"target\":{\"@type\":\"EntryPoint\",\"urlTemplate\":\"https:\/\/territorialchallenges.com\/?s={search_term_string}\"},\"query-input\":\"required name=search_term_string\"}],\"inLanguage\":\"nl-NL\"},{\"@type\":\"Organization\",\"@id\":\"https:\/\/territorialchallenges.com\/#organization\",\"name\":\"Territorial Challenges\",\"url\":\"https:\/\/territorialchallenges.com\/\",\"logo\":{\"@type\":\"ImageObject\",\"inLanguage\":\"nl-NL\",\"@id\":\"https:\/\/territorialchallenges.com\/#\/schema\/logo\/image\/\",\"url\":\"https:\/\/territorialchallenges.com\/wp-content\/uploads\/2023\/10\/logo-1.png\",\"contentUrl\":\"https:\/\/territorialchallenges.com\/wp-content\/uploads\/2023\/10\/logo-1.png\",\"width\":1832,\"height\":576,\"caption\":\"Territorial Challenges\"},\"image\":{\"@id\":\"https:\/\/territorialchallenges.com\/#\/schema\/logo\/image\/\"}},{\"@type\":\"Person\",\"@id\":\"https:\/\/territorialchallenges.com\/#\/schema\/person\/098f145c7c61a021c425e010f840080f\",\"name\":\"ni.abdi\",\"image\":{\"@type\":\"ImageObject\",\"inLanguage\":\"nl-NL\",\"@id\":\"https:\/\/territorialchallenges.com\/#\/schema\/person\/image\/\",\"url\":\"https:\/\/secure.gravatar.com\/avatar\/2a2f2491f3c80039986ba989b1e4b510?s=96&d=identicon&r=g\",\"contentUrl\":\"https:\/\/secure.gravatar.com\/avatar\/2a2f2491f3c80039986ba989b1e4b510?s=96&d=identicon&r=g\",\"caption\":\"ni.abdi\"},\"sameAs\":[\"https:\/\/twitter.com\/Ni.abdi\"],\"url\":\"https:\/\/territorialchallenges.com\/nl\/author\/ni-abdi\/\"}]}<\/script>\n<!-- \/ Yoast SEO plugin. -->","yoast_head_json":{"title":"La mutualisation des projets num\u00e9riques, une solution pour les collectivit\u00e9s locales europ\u00e9ennes - Territorial Challenges","robots":{"index":"index","follow":"follow","max-snippet":"max-snippet:-1","max-image-preview":"max-image-preview:large","max-video-preview":"max-video-preview:-1"},"canonical":"https:\/\/territorialchallenges.com\/nl\/2023\/05\/03\/la-mutualisation-des-projets-numeriques-une-solution-pour-les-collectivites-locales-europeennes\/120273\/","og_locale":"nl_NL","og_type":"article","og_title":"La mutualisation des projets num\u00e9riques, une solution pour les collectivit\u00e9s locales europ\u00e9ennes - Territorial Challenges","og_description":"La gestion des donn\u00e9es appliqu\u00e9es aux territoires, la transition num\u00e9rique et la ville intelligente sont des enjeux majeurs pour les collectivit\u00e9s locales des pays de l&rsquo;Union europ\u00e9enne. Pour r\u00e9pondre \u00e0 ces d\u00e9fis, il est essentiel que ces collectivit\u00e9s se f\u00e9d\u00e8rent pour monter des projets communs, \u00e0 l\u2019exemple de Interreg NWE, de coop\u00e9ration Smart City, du [&hellip;]","og_url":"https:\/\/territorialchallenges.com\/nl\/2023\/05\/03\/la-mutualisation-des-projets-numeriques-une-solution-pour-les-collectivites-locales-europeennes\/120273\/","og_site_name":"Territorial Challenges","article_published_time":"2023-05-03T20:23:39+00:00","og_image":[{"width":1280,"height":699,"url":"https:\/\/territorialchallenges.com\/wp-content\/uploads\/2023\/05\/vienne.jpg","type":"image\/jpeg"}],"author":"ni.abdi","twitter_card":"summary_large_image","twitter_creator":"@Ni.abdi","twitter_misc":{"Geschreven door":"ni.abdi","Geschatte leestijd":"3 minuten"},"schema":{"@context":"https:\/\/schema.org","@graph":[{"@type":"Article","@id":"https:\/\/territorialchallenges.com\/2023\/05\/03\/la-mutualisation-des-projets-numeriques-une-solution-pour-les-collectivites-locales-europeennes\/120273\/#article","isPartOf":{"@id":"https:\/\/territorialchallenges.com\/2023\/05\/03\/la-mutualisation-des-projets-numeriques-une-solution-pour-les-collectivites-locales-europeennes\/120273\/"},"author":{"name":"ni.abdi","@id":"https:\/\/territorialchallenges.com\/#\/schema\/person\/098f145c7c61a021c425e010f840080f"},"headline":"La mutualisation des projets num\u00e9riques, une solution pour les collectivit\u00e9s locales europ\u00e9ennes","datePublished":"2023-05-03T20:23:39+00:00","dateModified":"2023-05-03T20:23:39+00:00","mainEntityOfPage":{"@id":"https:\/\/territorialchallenges.com\/2023\/05\/03\/la-mutualisation-des-projets-numeriques-une-solution-pour-les-collectivites-locales-europeennes\/120273\/"},"wordCount":703,"commentCount":0,"publisher":{"@id":"https:\/\/territorialchallenges.com\/#organization"},"articleSection":["R\u00e9flexion faite","\u00c9cosyst\u00e8me"],"inLanguage":"nl-NL"},{"@type":"WebPage","@id":"https:\/\/territorialchallenges.com\/2023\/05\/03\/la-mutualisation-des-projets-numeriques-une-solution-pour-les-collectivites-locales-europeennes\/120273\/","url":"https:\/\/territorialchallenges.com\/2023\/05\/03\/la-mutualisation-des-projets-numeriques-une-solution-pour-les-collectivites-locales-europeennes\/120273\/","name":"La mutualisation des projets num\u00e9riques, une solution pour les collectivit\u00e9s locales europ\u00e9ennes - Territorial Challenges","isPartOf":{"@id":"https:\/\/territorialchallenges.com\/#website"},"datePublished":"2023-05-03T20:23:39+00:00","dateModified":"2023-05-03T20:23:39+00:00","breadcrumb":{"@id":"https:\/\/territorialchallenges.com\/2023\/05\/03\/la-mutualisation-des-projets-numeriques-une-solution-pour-les-collectivites-locales-europeennes\/120273\/#breadcrumb"},"inLanguage":"nl-NL","potentialAction":[{"@type":"ReadAction","target":["https:\/\/territorialchallenges.com\/2023\/05\/03\/la-mutualisation-des-projets-numeriques-une-solution-pour-les-collectivites-locales-europeennes\/120273\/"]}]},{"@type":"BreadcrumbList","@id":"https:\/\/territorialchallenges.com\/2023\/05\/03\/la-mutualisation-des-projets-numeriques-une-solution-pour-les-collectivites-locales-europeennes\/120273\/#breadcrumb","itemListElement":[{"@type":"ListItem","position":1,"name":"Home","item":"https:\/\/territorialchallenges.com\/"},{"@type":"ListItem","position":2,"name":"La mutualisation des projets num\u00e9riques, une solution pour les collectivit\u00e9s locales europ\u00e9ennes"}]},{"@type":"WebSite","@id":"https:\/\/territorialchallenges.com\/#website","url":"https:\/\/territorialchallenges.com\/","name":"Territoriale uitdagingen","description":"Internationale monitoring - Slimme strategie\u00ebn - Beste praktijken","publisher":{"@id":"https:\/\/territorialchallenges.com\/#organization"},"potentialAction":[{"@type":"SearchAction","target":{"@type":"EntryPoint","urlTemplate":"https:\/\/territorialchallenges.com\/?s={search_term_string}"},"query-input":"required name=search_term_string"}],"inLanguage":"nl-NL"},{"@type":"Organization","@id":"https:\/\/territorialchallenges.com\/#organization","name":"Territoriale uitdagingen","url":"https:\/\/territorialchallenges.com\/","logo":{"@type":"ImageObject","inLanguage":"nl-NL","@id":"https:\/\/territorialchallenges.com\/#\/schema\/logo\/image\/","url":"https:\/\/territorialchallenges.com\/wp-content\/uploads\/2023\/10\/logo-1.png","contentUrl":"https:\/\/territorialchallenges.com\/wp-content\/uploads\/2023\/10\/logo-1.png","width":1832,"height":576,"caption":"Territorial Challenges"},"image":{"@id":"https:\/\/territorialchallenges.com\/#\/schema\/logo\/image\/"}},{"@type":"Person","@id":"https:\/\/territorialchallenges.com\/#\/schema\/person\/098f145c7c61a021c425e010f840080f","name":"ni.abdi","image":{"@type":"ImageObject","inLanguage":"nl-NL","@id":"https:\/\/territorialchallenges.com\/#\/schema\/person\/image\/","url":"https:\/\/secure.gravatar.com\/avatar\/2a2f2491f3c80039986ba989b1e4b510?s=96&d=identicon&r=g","contentUrl":"https:\/\/secure.gravatar.com\/avatar\/2a2f2491f3c80039986ba989b1e4b510?s=96&d=identicon&r=g","caption":"ni.abdi"},"sameAs":["https:\/\/twitter.com\/Ni.abdi"],"url":"https:\/\/territorialchallenges.com\/nl\/author\/ni-abdi\/"}]}},"_links":{"self":[{"href":"https:\/\/territorialchallenges.com\/nl\/wp-json\/wp\/v2\/posts\/120273"}],"collection":[{"href":"https:\/\/territorialchallenges.com\/nl\/wp-json\/wp\/v2\/posts"}],"about":[{"href":"https:\/\/territorialchallenges.com\/nl\/wp-json\/wp\/v2\/types\/post"}],"author":[{"embeddable":true,"href":"https:\/\/territorialchallenges.com\/nl\/wp-json\/wp\/v2\/users\/11"}],"replies":[{"embeddable":true,"href":"https:\/\/territorialchallenges.com\/nl\/wp-json\/wp\/v2\/comments?post=120273"}],"version-history":[{"count":1,"href":"https:\/\/territorialchallenges.com\/nl\/wp-json\/wp\/v2\/posts\/120273\/revisions"}],"predecessor-version":[{"id":120278,"href":"https:\/\/territorialchallenges.com\/nl\/wp-json\/wp\/v2\/posts\/120273\/revisions\/120278"}],"wp:featuredmedia":[{"embeddable":true,"href":"https:\/\/territorialchallenges.com\/nl\/wp-json\/wp\/v2\/media\/120274"}],"wp:attachment":[{"href":"https:\/\/territorialchallenges.com\/nl\/wp-json\/wp\/v2\/media?parent=120273"}],"wp:term":[{"taxonomy":"category","embeddable":true,"href":"https:\/\/territorialchallenges.com\/nl\/wp-json\/wp\/v2\/categories?post=120273"},{"taxonomy":"post_tag","embeddable":true,"href":"https:\/\/territorialchallenges.com\/nl\/wp-json\/wp\/v2\/tags?post=120273"}],"curies":[{"name":"wp","href":"https:\/\/api.w.org\/{rel}","templated":true}]}}