{"id":119579,"date":"2023-04-11T17:49:22","date_gmt":"2023-04-11T15:49:22","guid":{"rendered":"https:\/\/territorialchallenges.com\/?p=119579"},"modified":"2023-04-11T17:49:22","modified_gmt":"2023-04-11T15:49:22","slug":"vladimir-marik-une-pensee-tcheque-de-lintelligence-artificielle","status":"publish","type":"post","link":"https:\/\/territorialchallenges.com\/nl\/2023\/04\/11\/vladimir-marik-une-pensee-tcheque-de-lintelligence-artificielle\/119579\/","title":{"rendered":"Vladimir Ma\u0159\u00edk, een Tsjechische gedachte over kunstmatige intelligentie"},"content":{"rendered":"<p>De Tsjechische professor Vladimir Ma\u0159\u00edk is een van de belangrijkste experts op het gebied van kunstmatige intelligentie in Europa. Hij werd geboren in 1947 in Praag en studeerde cybernetica en toegepaste wiskunde aan de faculteit Wiskunde en Natuurkunde van de Karelsuniversiteit in de Tsjechische hoofdstad. Later behaalde hij\u2026 <\/p>\n<div class=\"pmpro_content_message\">Artikel alleen beschikbaar voor abonnees.<br \/><a href=\"https:\/\/territorialchallenges.com\/wp-login.php\">Login<\/a><br \/><a href=\"https:\/\/territorialchallenges.com\/nl\/wp-login.php\/?action=register\">Register<\/a><\/div>","protected":false},"excerpt":{"rendered":"<p>Le professeur tch\u00e8que Vladimir Ma\u0159\u00edk, est l&rsquo;un des experts les plus importants dans le domaine de l&rsquo;intelligence artificielle en Europe. Il est n\u00e9 en 1947 \u00e0 Prague et a \u00e9tudi\u00e9 la cybern\u00e9tique et les math\u00e9matiques appliqu\u00e9es \u00e0 la Facult\u00e9 de math\u00e9matiques et de physique de l&rsquo;Universit\u00e9 Charles de la capitale tch\u00e8que. Il a ensuite obtenu... <\/p>\n<div class=\"pmpro_content_message\">Artikel alleen beschikbaar voor abonnees.<br \/><a href=\"https:\/\/territorialchallenges.com\/wp-login.php\">Login<\/a><br \/><a href=\"https:\/\/territorialchallenges.com\/nl\/wp-login.php\/?action=register\">Register<\/a><\/div>","protected":false},"author":11,"featured_media":119580,"comment_status":"open","ping_status":"open","sticky":true,"template":"","format":"standard","meta":{"pmpro_default_level":0,"footnotes":""},"categories":[126,117],"tags":[],"blocksy_meta":"","yoast_head":"<!-- This site is optimized with the Yoast SEO plugin v21.5 - https:\/\/yoast.com\/wordpress\/plugins\/seo\/ -->\n<title>Vladimir Ma\u0159\u00edk, une pens\u00e9e tch\u00e8que de l\u2019intelligence artificielle - Territorial Challenges<\/title>\n<meta name=\"robots\" content=\"index, follow, max-snippet:-1, max-image-preview:large, max-video-preview:-1\" \/>\n<link rel=\"canonical\" href=\"https:\/\/territorialchallenges.com\/nl\/2023\/04\/11\/vladimir-marik-une-pensee-tcheque-de-lintelligence-artificielle\/119579\/\" \/>\n<meta property=\"og:locale\" content=\"nl_NL\" \/>\n<meta property=\"og:type\" content=\"article\" \/>\n<meta property=\"og:title\" content=\"Vladimir Ma\u0159\u00edk, une pens\u00e9e tch\u00e8que de l\u2019intelligence artificielle - Territorial Challenges\" \/>\n<meta property=\"og:description\" content=\"Le professeur tch\u00e8que Vladimir Ma\u0159\u00edk, est l&rsquo;un des experts les plus importants dans le domaine de l&rsquo;intelligence artificielle en Europe. Il est n\u00e9 en 1947 \u00e0 Prague et a \u00e9tudi\u00e9 la cybern\u00e9tique et les math\u00e9matiques appliqu\u00e9es \u00e0 la Facult\u00e9 de math\u00e9matiques et de physique de l&rsquo;Universit\u00e9 Charles de la capitale tch\u00e8que. Il a ensuite obtenu [&hellip;]\" \/>\n<meta property=\"og:url\" content=\"https:\/\/territorialchallenges.com\/nl\/2023\/04\/11\/vladimir-marik-une-pensee-tcheque-de-lintelligence-artificielle\/119579\/\" \/>\n<meta property=\"og:site_name\" content=\"Territorial Challenges\" \/>\n<meta property=\"article:published_time\" content=\"2023-04-11T15:49:22+00:00\" \/>\n<meta property=\"og:image\" content=\"https:\/\/territorialchallenges.com\/wp-content\/uploads\/2023\/04\/vladimirmarik.jpg\" \/>\n\t<meta property=\"og:image:width\" content=\"696\" \/>\n\t<meta property=\"og:image:height\" content=\"491\" \/>\n\t<meta property=\"og:image:type\" content=\"image\/jpeg\" \/>\n<meta name=\"author\" content=\"ni.abdi\" \/>\n<meta name=\"twitter:card\" content=\"summary_large_image\" \/>\n<meta name=\"twitter:creator\" content=\"@Ni.abdi\" \/>\n<meta name=\"twitter:label1\" content=\"Geschreven door\" \/>\n\t<meta name=\"twitter:data1\" content=\"ni.abdi\" \/>\n\t<meta name=\"twitter:label2\" content=\"Geschatte leestijd\" \/>\n\t<meta name=\"twitter:data2\" content=\"2 minuten\" \/>\n<script type=\"application\/ld+json\" class=\"yoast-schema-graph\">{\"@context\":\"https:\/\/schema.org\",\"@graph\":[{\"@type\":\"Article\",\"@id\":\"https:\/\/territorialchallenges.com\/2023\/04\/11\/vladimir-marik-une-pensee-tcheque-de-lintelligence-artificielle\/119579\/#article\",\"isPartOf\":{\"@id\":\"https:\/\/territorialchallenges.com\/2023\/04\/11\/vladimir-marik-une-pensee-tcheque-de-lintelligence-artificielle\/119579\/\"},\"author\":{\"name\":\"ni.abdi\",\"@id\":\"https:\/\/territorialchallenges.com\/#\/schema\/person\/098f145c7c61a021c425e010f840080f\"},\"headline\":\"Vladimir Ma\u0159\u00edk, une pens\u00e9e tch\u00e8que de l\u2019intelligence artificielle\",\"datePublished\":\"2023-04-11T15:49:22+00:00\",\"dateModified\":\"2023-04-11T15:49:22+00:00\",\"mainEntityOfPage\":{\"@id\":\"https:\/\/territorialchallenges.com\/2023\/04\/11\/vladimir-marik-une-pensee-tcheque-de-lintelligence-artificielle\/119579\/\"},\"wordCount\":469,\"commentCount\":0,\"publisher\":{\"@id\":\"https:\/\/territorialchallenges.com\/#organization\"},\"articleSection\":[\"On parle d'eux\",\"\u00c9cosyst\u00e8me\"],\"inLanguage\":\"nl-NL\"},{\"@type\":\"WebPage\",\"@id\":\"https:\/\/territorialchallenges.com\/2023\/04\/11\/vladimir-marik-une-pensee-tcheque-de-lintelligence-artificielle\/119579\/\",\"url\":\"https:\/\/territorialchallenges.com\/2023\/04\/11\/vladimir-marik-une-pensee-tcheque-de-lintelligence-artificielle\/119579\/\",\"name\":\"Vladimir Ma\u0159\u00edk, une pens\u00e9e tch\u00e8que de l\u2019intelligence artificielle - Territorial Challenges\",\"isPartOf\":{\"@id\":\"https:\/\/territorialchallenges.com\/#website\"},\"datePublished\":\"2023-04-11T15:49:22+00:00\",\"dateModified\":\"2023-04-11T15:49:22+00:00\",\"breadcrumb\":{\"@id\":\"https:\/\/territorialchallenges.com\/2023\/04\/11\/vladimir-marik-une-pensee-tcheque-de-lintelligence-artificielle\/119579\/#breadcrumb\"},\"inLanguage\":\"nl-NL\",\"potentialAction\":[{\"@type\":\"ReadAction\",\"target\":[\"https:\/\/territorialchallenges.com\/2023\/04\/11\/vladimir-marik-une-pensee-tcheque-de-lintelligence-artificielle\/119579\/\"]}]},{\"@type\":\"BreadcrumbList\",\"@id\":\"https:\/\/territorialchallenges.com\/2023\/04\/11\/vladimir-marik-une-pensee-tcheque-de-lintelligence-artificielle\/119579\/#breadcrumb\",\"itemListElement\":[{\"@type\":\"ListItem\",\"position\":1,\"name\":\"Home\",\"item\":\"https:\/\/territorialchallenges.com\/\"},{\"@type\":\"ListItem\",\"position\":2,\"name\":\"Vladimir Ma\u0159\u00edk, une pens\u00e9e tch\u00e8que de l\u2019intelligence artificielle\"}]},{\"@type\":\"WebSite\",\"@id\":\"https:\/\/territorialchallenges.com\/#website\",\"url\":\"https:\/\/territorialchallenges.com\/\",\"name\":\"Territorial Challenges\",\"description\":\"Veille Internationale - Strat\u00e9gie Intelligentes - Bonnes pratiques\",\"publisher\":{\"@id\":\"https:\/\/territorialchallenges.com\/#organization\"},\"potentialAction\":[{\"@type\":\"SearchAction\",\"target\":{\"@type\":\"EntryPoint\",\"urlTemplate\":\"https:\/\/territorialchallenges.com\/?s={search_term_string}\"},\"query-input\":\"required name=search_term_string\"}],\"inLanguage\":\"nl-NL\"},{\"@type\":\"Organization\",\"@id\":\"https:\/\/territorialchallenges.com\/#organization\",\"name\":\"Territorial Challenges\",\"url\":\"https:\/\/territorialchallenges.com\/\",\"logo\":{\"@type\":\"ImageObject\",\"inLanguage\":\"nl-NL\",\"@id\":\"https:\/\/territorialchallenges.com\/#\/schema\/logo\/image\/\",\"url\":\"https:\/\/territorialchallenges.com\/wp-content\/uploads\/2023\/10\/logo-1.png\",\"contentUrl\":\"https:\/\/territorialchallenges.com\/wp-content\/uploads\/2023\/10\/logo-1.png\",\"width\":1832,\"height\":576,\"caption\":\"Territorial Challenges\"},\"image\":{\"@id\":\"https:\/\/territorialchallenges.com\/#\/schema\/logo\/image\/\"}},{\"@type\":\"Person\",\"@id\":\"https:\/\/territorialchallenges.com\/#\/schema\/person\/098f145c7c61a021c425e010f840080f\",\"name\":\"ni.abdi\",\"image\":{\"@type\":\"ImageObject\",\"inLanguage\":\"nl-NL\",\"@id\":\"https:\/\/territorialchallenges.com\/#\/schema\/person\/image\/\",\"url\":\"https:\/\/secure.gravatar.com\/avatar\/2a2f2491f3c80039986ba989b1e4b510?s=96&d=identicon&r=g\",\"contentUrl\":\"https:\/\/secure.gravatar.com\/avatar\/2a2f2491f3c80039986ba989b1e4b510?s=96&d=identicon&r=g\",\"caption\":\"ni.abdi\"},\"sameAs\":[\"https:\/\/twitter.com\/Ni.abdi\"],\"url\":\"https:\/\/territorialchallenges.com\/nl\/author\/ni-abdi\/\"}]}<\/script>\n<!-- \/ Yoast SEO plugin. -->","yoast_head_json":{"title":"Vladimir Ma\u0159\u00edk, une pens\u00e9e tch\u00e8que de l\u2019intelligence artificielle - Territorial Challenges","robots":{"index":"index","follow":"follow","max-snippet":"max-snippet:-1","max-image-preview":"max-image-preview:large","max-video-preview":"max-video-preview:-1"},"canonical":"https:\/\/territorialchallenges.com\/nl\/2023\/04\/11\/vladimir-marik-une-pensee-tcheque-de-lintelligence-artificielle\/119579\/","og_locale":"nl_NL","og_type":"article","og_title":"Vladimir Ma\u0159\u00edk, une pens\u00e9e tch\u00e8que de l\u2019intelligence artificielle - Territorial Challenges","og_description":"Le professeur tch\u00e8que Vladimir Ma\u0159\u00edk, est l&rsquo;un des experts les plus importants dans le domaine de l&rsquo;intelligence artificielle en Europe. Il est n\u00e9 en 1947 \u00e0 Prague et a \u00e9tudi\u00e9 la cybern\u00e9tique et les math\u00e9matiques appliqu\u00e9es \u00e0 la Facult\u00e9 de math\u00e9matiques et de physique de l&rsquo;Universit\u00e9 Charles de la capitale tch\u00e8que. Il a ensuite obtenu [&hellip;]","og_url":"https:\/\/territorialchallenges.com\/nl\/2023\/04\/11\/vladimir-marik-une-pensee-tcheque-de-lintelligence-artificielle\/119579\/","og_site_name":"Territorial Challenges","article_published_time":"2023-04-11T15:49:22+00:00","og_image":[{"width":696,"height":491,"url":"https:\/\/territorialchallenges.com\/wp-content\/uploads\/2023\/04\/vladimirmarik.jpg","type":"image\/jpeg"}],"author":"ni.abdi","twitter_card":"summary_large_image","twitter_creator":"@Ni.abdi","twitter_misc":{"Geschreven door":"ni.abdi","Geschatte leestijd":"2 minuten"},"schema":{"@context":"https:\/\/schema.org","@graph":[{"@type":"Article","@id":"https:\/\/territorialchallenges.com\/2023\/04\/11\/vladimir-marik-une-pensee-tcheque-de-lintelligence-artificielle\/119579\/#article","isPartOf":{"@id":"https:\/\/territorialchallenges.com\/2023\/04\/11\/vladimir-marik-une-pensee-tcheque-de-lintelligence-artificielle\/119579\/"},"author":{"name":"ni.abdi","@id":"https:\/\/territorialchallenges.com\/#\/schema\/person\/098f145c7c61a021c425e010f840080f"},"headline":"Vladimir Ma\u0159\u00edk, une pens\u00e9e tch\u00e8que de l\u2019intelligence artificielle","datePublished":"2023-04-11T15:49:22+00:00","dateModified":"2023-04-11T15:49:22+00:00","mainEntityOfPage":{"@id":"https:\/\/territorialchallenges.com\/2023\/04\/11\/vladimir-marik-une-pensee-tcheque-de-lintelligence-artificielle\/119579\/"},"wordCount":469,"commentCount":0,"publisher":{"@id":"https:\/\/territorialchallenges.com\/#organization"},"articleSection":["On parle d'eux","\u00c9cosyst\u00e8me"],"inLanguage":"nl-NL"},{"@type":"WebPage","@id":"https:\/\/territorialchallenges.com\/2023\/04\/11\/vladimir-marik-une-pensee-tcheque-de-lintelligence-artificielle\/119579\/","url":"https:\/\/territorialchallenges.com\/2023\/04\/11\/vladimir-marik-une-pensee-tcheque-de-lintelligence-artificielle\/119579\/","name":"Vladimir Ma\u0159\u00edk, une pens\u00e9e tch\u00e8que de l\u2019intelligence artificielle - Territorial Challenges","isPartOf":{"@id":"https:\/\/territorialchallenges.com\/#website"},"datePublished":"2023-04-11T15:49:22+00:00","dateModified":"2023-04-11T15:49:22+00:00","breadcrumb":{"@id":"https:\/\/territorialchallenges.com\/2023\/04\/11\/vladimir-marik-une-pensee-tcheque-de-lintelligence-artificielle\/119579\/#breadcrumb"},"inLanguage":"nl-NL","potentialAction":[{"@type":"ReadAction","target":["https:\/\/territorialchallenges.com\/2023\/04\/11\/vladimir-marik-une-pensee-tcheque-de-lintelligence-artificielle\/119579\/"]}]},{"@type":"BreadcrumbList","@id":"https:\/\/territorialchallenges.com\/2023\/04\/11\/vladimir-marik-une-pensee-tcheque-de-lintelligence-artificielle\/119579\/#breadcrumb","itemListElement":[{"@type":"ListItem","position":1,"name":"Home","item":"https:\/\/territorialchallenges.com\/"},{"@type":"ListItem","position":2,"name":"Vladimir Ma\u0159\u00edk, une pens\u00e9e tch\u00e8que de l\u2019intelligence artificielle"}]},{"@type":"WebSite","@id":"https:\/\/territorialchallenges.com\/#website","url":"https:\/\/territorialchallenges.com\/","name":"Territoriale uitdagingen","description":"Internationale monitoring - Slimme strategie\u00ebn - Beste praktijken","publisher":{"@id":"https:\/\/territorialchallenges.com\/#organization"},"potentialAction":[{"@type":"SearchAction","target":{"@type":"EntryPoint","urlTemplate":"https:\/\/territorialchallenges.com\/?s={search_term_string}"},"query-input":"required name=search_term_string"}],"inLanguage":"nl-NL"},{"@type":"Organization","@id":"https:\/\/territorialchallenges.com\/#organization","name":"Territoriale uitdagingen","url":"https:\/\/territorialchallenges.com\/","logo":{"@type":"ImageObject","inLanguage":"nl-NL","@id":"https:\/\/territorialchallenges.com\/#\/schema\/logo\/image\/","url":"https:\/\/territorialchallenges.com\/wp-content\/uploads\/2023\/10\/logo-1.png","contentUrl":"https:\/\/territorialchallenges.com\/wp-content\/uploads\/2023\/10\/logo-1.png","width":1832,"height":576,"caption":"Territorial Challenges"},"image":{"@id":"https:\/\/territorialchallenges.com\/#\/schema\/logo\/image\/"}},{"@type":"Person","@id":"https:\/\/territorialchallenges.com\/#\/schema\/person\/098f145c7c61a021c425e010f840080f","name":"ni.abdi","image":{"@type":"ImageObject","inLanguage":"nl-NL","@id":"https:\/\/territorialchallenges.com\/#\/schema\/person\/image\/","url":"https:\/\/secure.gravatar.com\/avatar\/2a2f2491f3c80039986ba989b1e4b510?s=96&d=identicon&r=g","contentUrl":"https:\/\/secure.gravatar.com\/avatar\/2a2f2491f3c80039986ba989b1e4b510?s=96&d=identicon&r=g","caption":"ni.abdi"},"sameAs":["https:\/\/twitter.com\/Ni.abdi"],"url":"https:\/\/territorialchallenges.com\/nl\/author\/ni-abdi\/"}]}},"_links":{"self":[{"href":"https:\/\/territorialchallenges.com\/nl\/wp-json\/wp\/v2\/posts\/119579"}],"collection":[{"href":"https:\/\/territorialchallenges.com\/nl\/wp-json\/wp\/v2\/posts"}],"about":[{"href":"https:\/\/territorialchallenges.com\/nl\/wp-json\/wp\/v2\/types\/post"}],"author":[{"embeddable":true,"href":"https:\/\/territorialchallenges.com\/nl\/wp-json\/wp\/v2\/users\/11"}],"replies":[{"embeddable":true,"href":"https:\/\/territorialchallenges.com\/nl\/wp-json\/wp\/v2\/comments?post=119579"}],"version-history":[{"count":1,"href":"https:\/\/territorialchallenges.com\/nl\/wp-json\/wp\/v2\/posts\/119579\/revisions"}],"predecessor-version":[{"id":119584,"href":"https:\/\/territorialchallenges.com\/nl\/wp-json\/wp\/v2\/posts\/119579\/revisions\/119584"}],"wp:featuredmedia":[{"embeddable":true,"href":"https:\/\/territorialchallenges.com\/nl\/wp-json\/wp\/v2\/media\/119580"}],"wp:attachment":[{"href":"https:\/\/territorialchallenges.com\/nl\/wp-json\/wp\/v2\/media?parent=119579"}],"wp:term":[{"taxonomy":"category","embeddable":true,"href":"https:\/\/territorialchallenges.com\/nl\/wp-json\/wp\/v2\/categories?post=119579"},{"taxonomy":"post_tag","embeddable":true,"href":"https:\/\/territorialchallenges.com\/nl\/wp-json\/wp\/v2\/tags?post=119579"}],"curies":[{"name":"wp","href":"https:\/\/api.w.org\/{rel}","templated":true}]}}