{"id":1184,"date":"2019-08-08T06:24:19","date_gmt":"2019-08-08T04:24:19","guid":{"rendered":"http:\/\/ecoinovatio.com\/?p=1184"},"modified":"2019-11-22T18:12:36","modified_gmt":"2019-11-22T17:12:36","slug":"aux-jeux-olympiques-les-smart-cities-veulent-aussi-leur-podium","status":"publish","type":"post","link":"https:\/\/territorialchallenges.com\/nl\/2019\/08\/08\/aux-jeux-olympiques-les-smart-cities-veulent-aussi-leur-podium\/1184\/","title":{"rendered":"Ook op de Olympische Spelen willen Smart Territories hun podium"},"content":{"rendered":"<p>Het is duidelijk. Je kunt geen bijeenkomst over slimme steden en sport organiseren zonder evenementen zoals de Olympische Spelen te bespreken. En om dit aan te pakken, maakte de tweede editie van de Smart Territories &amp; Sport Summit, die plaatsvond op 13 en 14 oktober 2016 in Lausanne, er een van de belangrijkste thema&#039;s van. Zo... <\/p>\n<div class=\"pmpro_content_message\">Artikel alleen beschikbaar voor abonnees.<br \/><a href=\"https:\/\/territorialchallenges.com\/wp-login.php\">Login<\/a><br \/><a href=\"https:\/\/territorialchallenges.com\/nl\/wp-login.php\/?action=register\">Register<\/a><\/div>","protected":false},"excerpt":{"rendered":"<p>C\u2019est une \u00e9vidence. On ne peut organiser une rencontre autour de la ville intelligente et le sport sans aborder des \u00e9v\u00e9nements tels que les Jeux Olympiques. Et pour y rem\u00e9dier, la deuxi\u00e8me \u00e9dition Territoires Intelligents &amp; Sport Summit des 13 et 14 octobre 2016 \u00e0 Lausanne en a fait un de ses th\u00e8mes forts. Ainsi,... <\/p>\n<div class=\"pmpro_content_message\">Artikel alleen beschikbaar voor abonnees.<br \/><a href=\"https:\/\/territorialchallenges.com\/wp-login.php\">Login<\/a><br \/><a href=\"https:\/\/territorialchallenges.com\/nl\/wp-login.php\/?action=register\">Register<\/a><\/div>","protected":false},"author":11,"featured_media":1185,"comment_status":"open","ping_status":"open","sticky":true,"template":"","format":"standard","meta":{"pmpro_default_level":0,"footnotes":""},"categories":[120,117],"tags":[],"blocksy_meta":"","yoast_head":"<!-- This site is optimized with the Yoast SEO plugin v21.5 - https:\/\/yoast.com\/wordpress\/plugins\/seo\/ -->\n<title>Aux Jeux Olympiques, les Territoires Intelligents veulent aussi leur podium - Territorial Challenges<\/title>\n<meta name=\"robots\" content=\"index, follow, max-snippet:-1, max-image-preview:large, max-video-preview:-1\" \/>\n<link rel=\"canonical\" href=\"https:\/\/territorialchallenges.com\/nl\/2019\/08\/08\/aux-jeux-olympiques-les-smart-cities-veulent-aussi-leur-podium\/1184\/\" \/>\n<meta property=\"og:locale\" content=\"nl_NL\" \/>\n<meta property=\"og:type\" content=\"article\" \/>\n<meta property=\"og:title\" content=\"Aux Jeux Olympiques, les Territoires Intelligents veulent aussi leur podium - Territorial Challenges\" \/>\n<meta property=\"og:description\" content=\"C\u2019est une \u00e9vidence. On ne peut organiser une rencontre autour de la ville intelligente et le sport sans aborder des \u00e9v\u00e9nements tels que les Jeux Olympiques. Et pour y rem\u00e9dier, la deuxi\u00e8me \u00e9dition Territoires Intelligents &amp; Sport Summit des 13 et 14 octobre 2016 \u00e0 Lausanne en a fait un de ses th\u00e8mes forts. Ainsi, [&hellip;]\" \/>\n<meta property=\"og:url\" content=\"https:\/\/territorialchallenges.com\/nl\/2019\/08\/08\/aux-jeux-olympiques-les-smart-cities-veulent-aussi-leur-podium\/1184\/\" \/>\n<meta property=\"og:site_name\" content=\"Territorial Challenges\" \/>\n<meta property=\"article:published_time\" content=\"2019-08-08T04:24:19+00:00\" \/>\n<meta property=\"article:modified_time\" content=\"2019-11-22T17:12:36+00:00\" \/>\n<meta name=\"author\" content=\"ni.abdi\" \/>\n<meta name=\"twitter:card\" content=\"summary_large_image\" \/>\n<meta name=\"twitter:creator\" content=\"@Ni.abdi\" \/>\n<meta name=\"twitter:label1\" content=\"Geschreven door\" \/>\n\t<meta name=\"twitter:data1\" content=\"ni.abdi\" \/>\n\t<meta name=\"twitter:label2\" content=\"Geschatte leestijd\" \/>\n\t<meta name=\"twitter:data2\" content=\"2 minuten\" \/>\n<script type=\"application\/ld+json\" class=\"yoast-schema-graph\">{\"@context\":\"https:\/\/schema.org\",\"@graph\":[{\"@type\":\"Article\",\"@id\":\"https:\/\/territorialchallenges.com\/2019\/08\/08\/aux-jeux-olympiques-les-smart-cities-veulent-aussi-leur-podium\/1184\/#article\",\"isPartOf\":{\"@id\":\"https:\/\/territorialchallenges.com\/2019\/08\/08\/aux-jeux-olympiques-les-smart-cities-veulent-aussi-leur-podium\/1184\/\"},\"author\":{\"name\":\"ni.abdi\",\"@id\":\"https:\/\/territorialchallenges.com\/#\/schema\/person\/098f145c7c61a021c425e010f840080f\"},\"headline\":\"Aux Jeux Olympiques, les Territoires Intelligents veulent aussi leur podium\",\"datePublished\":\"2019-08-08T04:24:19+00:00\",\"dateModified\":\"2019-11-22T17:12:36+00:00\",\"mainEntityOfPage\":{\"@id\":\"https:\/\/territorialchallenges.com\/2019\/08\/08\/aux-jeux-olympiques-les-smart-cities-veulent-aussi-leur-podium\/1184\/\"},\"wordCount\":395,\"commentCount\":0,\"publisher\":{\"@id\":\"https:\/\/territorialchallenges.com\/#organization\"},\"articleSection\":[\"Il s'est pass\u00e9 \u00e0\",\"\u00c9cosyst\u00e8me\"],\"inLanguage\":\"nl-NL\"},{\"@type\":\"WebPage\",\"@id\":\"https:\/\/territorialchallenges.com\/2019\/08\/08\/aux-jeux-olympiques-les-smart-cities-veulent-aussi-leur-podium\/1184\/\",\"url\":\"https:\/\/territorialchallenges.com\/2019\/08\/08\/aux-jeux-olympiques-les-smart-cities-veulent-aussi-leur-podium\/1184\/\",\"name\":\"Aux Jeux Olympiques, les Territoires Intelligents veulent aussi leur podium - Territorial Challenges\",\"isPartOf\":{\"@id\":\"https:\/\/territorialchallenges.com\/#website\"},\"datePublished\":\"2019-08-08T04:24:19+00:00\",\"dateModified\":\"2019-11-22T17:12:36+00:00\",\"breadcrumb\":{\"@id\":\"https:\/\/territorialchallenges.com\/2019\/08\/08\/aux-jeux-olympiques-les-smart-cities-veulent-aussi-leur-podium\/1184\/#breadcrumb\"},\"inLanguage\":\"nl-NL\",\"potentialAction\":[{\"@type\":\"ReadAction\",\"target\":[\"https:\/\/territorialchallenges.com\/2019\/08\/08\/aux-jeux-olympiques-les-smart-cities-veulent-aussi-leur-podium\/1184\/\"]}]},{\"@type\":\"BreadcrumbList\",\"@id\":\"https:\/\/territorialchallenges.com\/2019\/08\/08\/aux-jeux-olympiques-les-smart-cities-veulent-aussi-leur-podium\/1184\/#breadcrumb\",\"itemListElement\":[{\"@type\":\"ListItem\",\"position\":1,\"name\":\"Home\",\"item\":\"https:\/\/territorialchallenges.com\/\"},{\"@type\":\"ListItem\",\"position\":2,\"name\":\"Aux Jeux Olympiques, les Territoires Intelligents veulent aussi leur podium\"}]},{\"@type\":\"WebSite\",\"@id\":\"https:\/\/territorialchallenges.com\/#website\",\"url\":\"https:\/\/territorialchallenges.com\/\",\"name\":\"Territorial Challenges\",\"description\":\"Veille Internationale - Strat\u00e9gie Intelligentes - Bonnes pratiques\",\"publisher\":{\"@id\":\"https:\/\/territorialchallenges.com\/#organization\"},\"potentialAction\":[{\"@type\":\"SearchAction\",\"target\":{\"@type\":\"EntryPoint\",\"urlTemplate\":\"https:\/\/territorialchallenges.com\/?s={search_term_string}\"},\"query-input\":\"required name=search_term_string\"}],\"inLanguage\":\"nl-NL\"},{\"@type\":\"Organization\",\"@id\":\"https:\/\/territorialchallenges.com\/#organization\",\"name\":\"Territorial Challenges\",\"url\":\"https:\/\/territorialchallenges.com\/\",\"logo\":{\"@type\":\"ImageObject\",\"inLanguage\":\"nl-NL\",\"@id\":\"https:\/\/territorialchallenges.com\/#\/schema\/logo\/image\/\",\"url\":\"https:\/\/territorialchallenges.com\/wp-content\/uploads\/2023\/10\/logo-1.png\",\"contentUrl\":\"https:\/\/territorialchallenges.com\/wp-content\/uploads\/2023\/10\/logo-1.png\",\"width\":1832,\"height\":576,\"caption\":\"Territorial Challenges\"},\"image\":{\"@id\":\"https:\/\/territorialchallenges.com\/#\/schema\/logo\/image\/\"}},{\"@type\":\"Person\",\"@id\":\"https:\/\/territorialchallenges.com\/#\/schema\/person\/098f145c7c61a021c425e010f840080f\",\"name\":\"ni.abdi\",\"image\":{\"@type\":\"ImageObject\",\"inLanguage\":\"nl-NL\",\"@id\":\"https:\/\/territorialchallenges.com\/#\/schema\/person\/image\/\",\"url\":\"https:\/\/secure.gravatar.com\/avatar\/2a2f2491f3c80039986ba989b1e4b510?s=96&d=identicon&r=g\",\"contentUrl\":\"https:\/\/secure.gravatar.com\/avatar\/2a2f2491f3c80039986ba989b1e4b510?s=96&d=identicon&r=g\",\"caption\":\"ni.abdi\"},\"sameAs\":[\"https:\/\/twitter.com\/Ni.abdi\"],\"url\":\"https:\/\/territorialchallenges.com\/nl\/author\/ni-abdi\/\"}]}<\/script>\n<!-- \/ Yoast SEO plugin. -->","yoast_head_json":{"title":"Aux Jeux Olympiques, les Territoires Intelligents veulent aussi leur podium - Territorial Challenges","robots":{"index":"index","follow":"follow","max-snippet":"max-snippet:-1","max-image-preview":"max-image-preview:large","max-video-preview":"max-video-preview:-1"},"canonical":"https:\/\/territorialchallenges.com\/nl\/2019\/08\/08\/aux-jeux-olympiques-les-smart-cities-veulent-aussi-leur-podium\/1184\/","og_locale":"nl_NL","og_type":"article","og_title":"Aux Jeux Olympiques, les Territoires Intelligents veulent aussi leur podium - Territorial Challenges","og_description":"C\u2019est une \u00e9vidence. On ne peut organiser une rencontre autour de la ville intelligente et le sport sans aborder des \u00e9v\u00e9nements tels que les Jeux Olympiques. Et pour y rem\u00e9dier, la deuxi\u00e8me \u00e9dition Territoires Intelligents &amp; Sport Summit des 13 et 14 octobre 2016 \u00e0 Lausanne en a fait un de ses th\u00e8mes forts. Ainsi, [&hellip;]","og_url":"https:\/\/territorialchallenges.com\/nl\/2019\/08\/08\/aux-jeux-olympiques-les-smart-cities-veulent-aussi-leur-podium\/1184\/","og_site_name":"Territorial Challenges","article_published_time":"2019-08-08T04:24:19+00:00","article_modified_time":"2019-11-22T17:12:36+00:00","author":"ni.abdi","twitter_card":"summary_large_image","twitter_creator":"@Ni.abdi","twitter_misc":{"Geschreven door":"ni.abdi","Geschatte leestijd":"2 minuten"},"schema":{"@context":"https:\/\/schema.org","@graph":[{"@type":"Article","@id":"https:\/\/territorialchallenges.com\/2019\/08\/08\/aux-jeux-olympiques-les-smart-cities-veulent-aussi-leur-podium\/1184\/#article","isPartOf":{"@id":"https:\/\/territorialchallenges.com\/2019\/08\/08\/aux-jeux-olympiques-les-smart-cities-veulent-aussi-leur-podium\/1184\/"},"author":{"name":"ni.abdi","@id":"https:\/\/territorialchallenges.com\/#\/schema\/person\/098f145c7c61a021c425e010f840080f"},"headline":"Aux Jeux Olympiques, les Territoires Intelligents veulent aussi leur podium","datePublished":"2019-08-08T04:24:19+00:00","dateModified":"2019-11-22T17:12:36+00:00","mainEntityOfPage":{"@id":"https:\/\/territorialchallenges.com\/2019\/08\/08\/aux-jeux-olympiques-les-smart-cities-veulent-aussi-leur-podium\/1184\/"},"wordCount":395,"commentCount":0,"publisher":{"@id":"https:\/\/territorialchallenges.com\/#organization"},"articleSection":["Il s'est pass\u00e9 \u00e0","\u00c9cosyst\u00e8me"],"inLanguage":"nl-NL"},{"@type":"WebPage","@id":"https:\/\/territorialchallenges.com\/2019\/08\/08\/aux-jeux-olympiques-les-smart-cities-veulent-aussi-leur-podium\/1184\/","url":"https:\/\/territorialchallenges.com\/2019\/08\/08\/aux-jeux-olympiques-les-smart-cities-veulent-aussi-leur-podium\/1184\/","name":"Aux Jeux Olympiques, les Territoires Intelligents veulent aussi leur podium - Territorial Challenges","isPartOf":{"@id":"https:\/\/territorialchallenges.com\/#website"},"datePublished":"2019-08-08T04:24:19+00:00","dateModified":"2019-11-22T17:12:36+00:00","breadcrumb":{"@id":"https:\/\/territorialchallenges.com\/2019\/08\/08\/aux-jeux-olympiques-les-smart-cities-veulent-aussi-leur-podium\/1184\/#breadcrumb"},"inLanguage":"nl-NL","potentialAction":[{"@type":"ReadAction","target":["https:\/\/territorialchallenges.com\/2019\/08\/08\/aux-jeux-olympiques-les-smart-cities-veulent-aussi-leur-podium\/1184\/"]}]},{"@type":"BreadcrumbList","@id":"https:\/\/territorialchallenges.com\/2019\/08\/08\/aux-jeux-olympiques-les-smart-cities-veulent-aussi-leur-podium\/1184\/#breadcrumb","itemListElement":[{"@type":"ListItem","position":1,"name":"Home","item":"https:\/\/territorialchallenges.com\/"},{"@type":"ListItem","position":2,"name":"Aux Jeux Olympiques, les Territoires Intelligents veulent aussi leur podium"}]},{"@type":"WebSite","@id":"https:\/\/territorialchallenges.com\/#website","url":"https:\/\/territorialchallenges.com\/","name":"Territoriale uitdagingen","description":"Internationale monitoring - Slimme strategie\u00ebn - Beste praktijken","publisher":{"@id":"https:\/\/territorialchallenges.com\/#organization"},"potentialAction":[{"@type":"SearchAction","target":{"@type":"EntryPoint","urlTemplate":"https:\/\/territorialchallenges.com\/?s={search_term_string}"},"query-input":"required name=search_term_string"}],"inLanguage":"nl-NL"},{"@type":"Organization","@id":"https:\/\/territorialchallenges.com\/#organization","name":"Territoriale uitdagingen","url":"https:\/\/territorialchallenges.com\/","logo":{"@type":"ImageObject","inLanguage":"nl-NL","@id":"https:\/\/territorialchallenges.com\/#\/schema\/logo\/image\/","url":"https:\/\/territorialchallenges.com\/wp-content\/uploads\/2023\/10\/logo-1.png","contentUrl":"https:\/\/territorialchallenges.com\/wp-content\/uploads\/2023\/10\/logo-1.png","width":1832,"height":576,"caption":"Territorial Challenges"},"image":{"@id":"https:\/\/territorialchallenges.com\/#\/schema\/logo\/image\/"}},{"@type":"Person","@id":"https:\/\/territorialchallenges.com\/#\/schema\/person\/098f145c7c61a021c425e010f840080f","name":"ni.abdi","image":{"@type":"ImageObject","inLanguage":"nl-NL","@id":"https:\/\/territorialchallenges.com\/#\/schema\/person\/image\/","url":"https:\/\/secure.gravatar.com\/avatar\/2a2f2491f3c80039986ba989b1e4b510?s=96&d=identicon&r=g","contentUrl":"https:\/\/secure.gravatar.com\/avatar\/2a2f2491f3c80039986ba989b1e4b510?s=96&d=identicon&r=g","caption":"ni.abdi"},"sameAs":["https:\/\/twitter.com\/Ni.abdi"],"url":"https:\/\/territorialchallenges.com\/nl\/author\/ni-abdi\/"}]}},"_links":{"self":[{"href":"https:\/\/territorialchallenges.com\/nl\/wp-json\/wp\/v2\/posts\/1184"}],"collection":[{"href":"https:\/\/territorialchallenges.com\/nl\/wp-json\/wp\/v2\/posts"}],"about":[{"href":"https:\/\/territorialchallenges.com\/nl\/wp-json\/wp\/v2\/types\/post"}],"author":[{"embeddable":true,"href":"https:\/\/territorialchallenges.com\/nl\/wp-json\/wp\/v2\/users\/11"}],"replies":[{"embeddable":true,"href":"https:\/\/territorialchallenges.com\/nl\/wp-json\/wp\/v2\/comments?post=1184"}],"version-history":[{"count":1,"href":"https:\/\/territorialchallenges.com\/nl\/wp-json\/wp\/v2\/posts\/1184\/revisions"}],"predecessor-version":[{"id":84872,"href":"https:\/\/territorialchallenges.com\/nl\/wp-json\/wp\/v2\/posts\/1184\/revisions\/84872"}],"wp:featuredmedia":[{"embeddable":true,"href":"https:\/\/territorialchallenges.com\/nl\/wp-json\/"}],"wp:attachment":[{"href":"https:\/\/territorialchallenges.com\/nl\/wp-json\/wp\/v2\/media?parent=1184"}],"wp:term":[{"taxonomy":"category","embeddable":true,"href":"https:\/\/territorialchallenges.com\/nl\/wp-json\/wp\/v2\/categories?post=1184"},{"taxonomy":"post_tag","embeddable":true,"href":"https:\/\/territorialchallenges.com\/nl\/wp-json\/wp\/v2\/tags?post=1184"}],"curies":[{"name":"wp","href":"https:\/\/api.w.org\/{rel}","templated":true}]}}