{"id":1035,"date":"2018-06-05T12:37:22","date_gmt":"2018-06-05T10:37:22","guid":{"rendered":"http:\/\/e-novatio.com\/?p=1035"},"modified":"2018-06-05T12:37:22","modified_gmt":"2018-06-05T10:37:22","slug":"la-slovenie-a-du-mal-avec-la-smart-energy","status":"publish","type":"post","link":"https:\/\/territorialchallenges.com\/nl\/2018\/06\/05\/la-slovenie-a-du-mal-avec-la-smart-energy\/1035\/","title":{"rendered":"Sloveni\u00eb worstelt met energietransitie"},"content":{"rendered":"<p>Slimme energieconcepten bestaan al in Sloveni\u00eb, maar de implementatie ervan in het hele land lijkt nog steeds vertraging op te lopen. Dit concludeerde het Slowaakse ministerie van Economie tijdens de presentatie van een rapport over Industrie 4.0 op 30 augustus. Het ministerie uitte zijn bezorgdheid over de verschillende\u2026 <\/p>\n<div class=\"pmpro_content_message\">Artikel alleen beschikbaar voor abonnees.<br \/><a href=\"https:\/\/territorialchallenges.com\/wp-login.php\">Login<\/a><br \/><a href=\"https:\/\/territorialchallenges.com\/nl\/wp-login.php\/?action=register\">Register<\/a><\/div>","protected":false},"excerpt":{"rendered":"<p>Des concepts d\u2019\u00e9nergie intelligente existent en Slov\u00e9nie mais il semble que des retards persistent \u00e0 leur d\u00e9ploiement sur le territoire. C\u2019est la conclusion du minist\u00e8re slovaque de l\u2019Economie, lors de la pr\u00e9sentation d\u2019un rapport sur la Industrie 4.0 le 30 ao\u00fbt dernier. Le minist\u00e8re s\u2019est en effet inqui\u00e9t\u00e9 de ne pas voir dans les diff\u00e9rents... <\/p>\n<div class=\"pmpro_content_message\">Artikel alleen beschikbaar voor abonnees.<br \/><a href=\"https:\/\/territorialchallenges.com\/wp-login.php\">Login<\/a><br \/><a href=\"https:\/\/territorialchallenges.com\/nl\/wp-login.php\/?action=register\">Register<\/a><\/div>","protected":false},"author":11,"featured_media":1037,"comment_status":"open","ping_status":"open","sticky":true,"template":"","format":"standard","meta":{"pmpro_default_level":0,"footnotes":""},"categories":[18,127],"tags":[],"blocksy_meta":"","yoast_head":"<!-- This site is optimized with the Yoast SEO plugin v21.5 - https:\/\/yoast.com\/wordpress\/plugins\/seo\/ -->\n<title>La Slov\u00e9nie a du mal avec la Transition \u00c9nerg\u00e9tique - Territorial Challenges<\/title>\n<meta name=\"robots\" content=\"index, follow, max-snippet:-1, max-image-preview:large, max-video-preview:-1\" \/>\n<link rel=\"canonical\" href=\"https:\/\/territorialchallenges.com\/nl\/2018\/06\/05\/la-slovenie-a-du-mal-avec-la-smart-energy\/1035\/\" \/>\n<meta property=\"og:locale\" content=\"nl_NL\" \/>\n<meta property=\"og:type\" content=\"article\" \/>\n<meta property=\"og:title\" content=\"La Slov\u00e9nie a du mal avec la Transition \u00c9nerg\u00e9tique - Territorial Challenges\" \/>\n<meta property=\"og:description\" content=\"Des concepts d\u2019\u00e9nergie intelligente existent en Slov\u00e9nie mais il semble que des retards persistent \u00e0 leur d\u00e9ploiement sur le territoire. C\u2019est la conclusion du minist\u00e8re slovaque de l\u2019Economie, lors de la pr\u00e9sentation d\u2019un rapport sur la Industrie 4.0 le 30 ao\u00fbt dernier. Le minist\u00e8re s\u2019est en effet inqui\u00e9t\u00e9 de ne pas voir dans les diff\u00e9rents [&hellip;]\" \/>\n<meta property=\"og:url\" content=\"https:\/\/territorialchallenges.com\/nl\/2018\/06\/05\/la-slovenie-a-du-mal-avec-la-smart-energy\/1035\/\" \/>\n<meta property=\"og:site_name\" content=\"Territorial Challenges\" \/>\n<meta property=\"article:published_time\" content=\"2018-06-05T10:37:22+00:00\" \/>\n<meta name=\"author\" content=\"ni.abdi\" \/>\n<meta name=\"twitter:card\" content=\"summary_large_image\" \/>\n<meta name=\"twitter:creator\" content=\"@Ni.abdi\" \/>\n<meta name=\"twitter:label1\" content=\"Geschreven door\" \/>\n\t<meta name=\"twitter:data1\" content=\"ni.abdi\" \/>\n\t<meta name=\"twitter:label2\" content=\"Geschatte leestijd\" \/>\n\t<meta name=\"twitter:data2\" content=\"2 minuten\" \/>\n<script type=\"application\/ld+json\" class=\"yoast-schema-graph\">{\"@context\":\"https:\/\/schema.org\",\"@graph\":[{\"@type\":\"Article\",\"@id\":\"https:\/\/territorialchallenges.com\/2018\/06\/05\/la-slovenie-a-du-mal-avec-la-smart-energy\/1035\/#article\",\"isPartOf\":{\"@id\":\"https:\/\/territorialchallenges.com\/2018\/06\/05\/la-slovenie-a-du-mal-avec-la-smart-energy\/1035\/\"},\"author\":{\"name\":\"ni.abdi\",\"@id\":\"https:\/\/territorialchallenges.com\/#\/schema\/person\/098f145c7c61a021c425e010f840080f\"},\"headline\":\"La Slov\u00e9nie a du mal avec la Transition \u00c9nerg\u00e9tique\",\"datePublished\":\"2018-06-05T10:37:22+00:00\",\"dateModified\":\"2018-06-05T10:37:22+00:00\",\"mainEntityOfPage\":{\"@id\":\"https:\/\/territorialchallenges.com\/2018\/06\/05\/la-slovenie-a-du-mal-avec-la-smart-energy\/1035\/\"},\"wordCount\":357,\"commentCount\":0,\"publisher\":{\"@id\":\"https:\/\/territorialchallenges.com\/#organization\"},\"articleSection\":[\"Transition \u00c9nerg\u00e9tique\",\"Actualit\u00e9 Europe\"],\"inLanguage\":\"nl-NL\"},{\"@type\":\"WebPage\",\"@id\":\"https:\/\/territorialchallenges.com\/2018\/06\/05\/la-slovenie-a-du-mal-avec-la-smart-energy\/1035\/\",\"url\":\"https:\/\/territorialchallenges.com\/2018\/06\/05\/la-slovenie-a-du-mal-avec-la-smart-energy\/1035\/\",\"name\":\"La Slov\u00e9nie a du mal avec la Transition \u00c9nerg\u00e9tique - Territorial Challenges\",\"isPartOf\":{\"@id\":\"https:\/\/territorialchallenges.com\/#website\"},\"datePublished\":\"2018-06-05T10:37:22+00:00\",\"dateModified\":\"2018-06-05T10:37:22+00:00\",\"breadcrumb\":{\"@id\":\"https:\/\/territorialchallenges.com\/2018\/06\/05\/la-slovenie-a-du-mal-avec-la-smart-energy\/1035\/#breadcrumb\"},\"inLanguage\":\"nl-NL\",\"potentialAction\":[{\"@type\":\"ReadAction\",\"target\":[\"https:\/\/territorialchallenges.com\/2018\/06\/05\/la-slovenie-a-du-mal-avec-la-smart-energy\/1035\/\"]}]},{\"@type\":\"BreadcrumbList\",\"@id\":\"https:\/\/territorialchallenges.com\/2018\/06\/05\/la-slovenie-a-du-mal-avec-la-smart-energy\/1035\/#breadcrumb\",\"itemListElement\":[{\"@type\":\"ListItem\",\"position\":1,\"name\":\"Home\",\"item\":\"https:\/\/territorialchallenges.com\/\"},{\"@type\":\"ListItem\",\"position\":2,\"name\":\"La Slov\u00e9nie a du mal avec la Transition \u00c9nerg\u00e9tique\"}]},{\"@type\":\"WebSite\",\"@id\":\"https:\/\/territorialchallenges.com\/#website\",\"url\":\"https:\/\/territorialchallenges.com\/\",\"name\":\"Territorial Challenges\",\"description\":\"Veille Internationale - Strat\u00e9gie Intelligentes - Bonnes pratiques\",\"publisher\":{\"@id\":\"https:\/\/territorialchallenges.com\/#organization\"},\"potentialAction\":[{\"@type\":\"SearchAction\",\"target\":{\"@type\":\"EntryPoint\",\"urlTemplate\":\"https:\/\/territorialchallenges.com\/?s={search_term_string}\"},\"query-input\":\"required name=search_term_string\"}],\"inLanguage\":\"nl-NL\"},{\"@type\":\"Organization\",\"@id\":\"https:\/\/territorialchallenges.com\/#organization\",\"name\":\"Territorial Challenges\",\"url\":\"https:\/\/territorialchallenges.com\/\",\"logo\":{\"@type\":\"ImageObject\",\"inLanguage\":\"nl-NL\",\"@id\":\"https:\/\/territorialchallenges.com\/#\/schema\/logo\/image\/\",\"url\":\"https:\/\/territorialchallenges.com\/wp-content\/uploads\/2023\/10\/logo-1.png\",\"contentUrl\":\"https:\/\/territorialchallenges.com\/wp-content\/uploads\/2023\/10\/logo-1.png\",\"width\":1832,\"height\":576,\"caption\":\"Territorial Challenges\"},\"image\":{\"@id\":\"https:\/\/territorialchallenges.com\/#\/schema\/logo\/image\/\"}},{\"@type\":\"Person\",\"@id\":\"https:\/\/territorialchallenges.com\/#\/schema\/person\/098f145c7c61a021c425e010f840080f\",\"name\":\"ni.abdi\",\"image\":{\"@type\":\"ImageObject\",\"inLanguage\":\"nl-NL\",\"@id\":\"https:\/\/territorialchallenges.com\/#\/schema\/person\/image\/\",\"url\":\"https:\/\/secure.gravatar.com\/avatar\/2a2f2491f3c80039986ba989b1e4b510?s=96&d=identicon&r=g\",\"contentUrl\":\"https:\/\/secure.gravatar.com\/avatar\/2a2f2491f3c80039986ba989b1e4b510?s=96&d=identicon&r=g\",\"caption\":\"ni.abdi\"},\"sameAs\":[\"https:\/\/twitter.com\/Ni.abdi\"],\"url\":\"https:\/\/territorialchallenges.com\/nl\/author\/ni-abdi\/\"}]}<\/script>\n<!-- \/ Yoast SEO plugin. -->","yoast_head_json":{"title":"La Slov\u00e9nie a du mal avec la Transition \u00c9nerg\u00e9tique - Territorial Challenges","robots":{"index":"index","follow":"follow","max-snippet":"max-snippet:-1","max-image-preview":"max-image-preview:large","max-video-preview":"max-video-preview:-1"},"canonical":"https:\/\/territorialchallenges.com\/nl\/2018\/06\/05\/la-slovenie-a-du-mal-avec-la-smart-energy\/1035\/","og_locale":"nl_NL","og_type":"article","og_title":"La Slov\u00e9nie a du mal avec la Transition \u00c9nerg\u00e9tique - Territorial Challenges","og_description":"Des concepts d\u2019\u00e9nergie intelligente existent en Slov\u00e9nie mais il semble que des retards persistent \u00e0 leur d\u00e9ploiement sur le territoire. C\u2019est la conclusion du minist\u00e8re slovaque de l\u2019Economie, lors de la pr\u00e9sentation d\u2019un rapport sur la Industrie 4.0 le 30 ao\u00fbt dernier. Le minist\u00e8re s\u2019est en effet inqui\u00e9t\u00e9 de ne pas voir dans les diff\u00e9rents [&hellip;]","og_url":"https:\/\/territorialchallenges.com\/nl\/2018\/06\/05\/la-slovenie-a-du-mal-avec-la-smart-energy\/1035\/","og_site_name":"Territorial Challenges","article_published_time":"2018-06-05T10:37:22+00:00","author":"ni.abdi","twitter_card":"summary_large_image","twitter_creator":"@Ni.abdi","twitter_misc":{"Geschreven door":"ni.abdi","Geschatte leestijd":"2 minuten"},"schema":{"@context":"https:\/\/schema.org","@graph":[{"@type":"Article","@id":"https:\/\/territorialchallenges.com\/2018\/06\/05\/la-slovenie-a-du-mal-avec-la-smart-energy\/1035\/#article","isPartOf":{"@id":"https:\/\/territorialchallenges.com\/2018\/06\/05\/la-slovenie-a-du-mal-avec-la-smart-energy\/1035\/"},"author":{"name":"ni.abdi","@id":"https:\/\/territorialchallenges.com\/#\/schema\/person\/098f145c7c61a021c425e010f840080f"},"headline":"La Slov\u00e9nie a du mal avec la Transition \u00c9nerg\u00e9tique","datePublished":"2018-06-05T10:37:22+00:00","dateModified":"2018-06-05T10:37:22+00:00","mainEntityOfPage":{"@id":"https:\/\/territorialchallenges.com\/2018\/06\/05\/la-slovenie-a-du-mal-avec-la-smart-energy\/1035\/"},"wordCount":357,"commentCount":0,"publisher":{"@id":"https:\/\/territorialchallenges.com\/#organization"},"articleSection":["Transition \u00c9nerg\u00e9tique","Actualit\u00e9 Europe"],"inLanguage":"nl-NL"},{"@type":"WebPage","@id":"https:\/\/territorialchallenges.com\/2018\/06\/05\/la-slovenie-a-du-mal-avec-la-smart-energy\/1035\/","url":"https:\/\/territorialchallenges.com\/2018\/06\/05\/la-slovenie-a-du-mal-avec-la-smart-energy\/1035\/","name":"La Slov\u00e9nie a du mal avec la Transition \u00c9nerg\u00e9tique - Territorial Challenges","isPartOf":{"@id":"https:\/\/territorialchallenges.com\/#website"},"datePublished":"2018-06-05T10:37:22+00:00","dateModified":"2018-06-05T10:37:22+00:00","breadcrumb":{"@id":"https:\/\/territorialchallenges.com\/2018\/06\/05\/la-slovenie-a-du-mal-avec-la-smart-energy\/1035\/#breadcrumb"},"inLanguage":"nl-NL","potentialAction":[{"@type":"ReadAction","target":["https:\/\/territorialchallenges.com\/2018\/06\/05\/la-slovenie-a-du-mal-avec-la-smart-energy\/1035\/"]}]},{"@type":"BreadcrumbList","@id":"https:\/\/territorialchallenges.com\/2018\/06\/05\/la-slovenie-a-du-mal-avec-la-smart-energy\/1035\/#breadcrumb","itemListElement":[{"@type":"ListItem","position":1,"name":"Home","item":"https:\/\/territorialchallenges.com\/"},{"@type":"ListItem","position":2,"name":"La Slov\u00e9nie a du mal avec la Transition \u00c9nerg\u00e9tique"}]},{"@type":"WebSite","@id":"https:\/\/territorialchallenges.com\/#website","url":"https:\/\/territorialchallenges.com\/","name":"Territoriale uitdagingen","description":"Internationale monitoring - Slimme strategie\u00ebn - Beste praktijken","publisher":{"@id":"https:\/\/territorialchallenges.com\/#organization"},"potentialAction":[{"@type":"SearchAction","target":{"@type":"EntryPoint","urlTemplate":"https:\/\/territorialchallenges.com\/?s={search_term_string}"},"query-input":"required name=search_term_string"}],"inLanguage":"nl-NL"},{"@type":"Organization","@id":"https:\/\/territorialchallenges.com\/#organization","name":"Territoriale uitdagingen","url":"https:\/\/territorialchallenges.com\/","logo":{"@type":"ImageObject","inLanguage":"nl-NL","@id":"https:\/\/territorialchallenges.com\/#\/schema\/logo\/image\/","url":"https:\/\/territorialchallenges.com\/wp-content\/uploads\/2023\/10\/logo-1.png","contentUrl":"https:\/\/territorialchallenges.com\/wp-content\/uploads\/2023\/10\/logo-1.png","width":1832,"height":576,"caption":"Territorial Challenges"},"image":{"@id":"https:\/\/territorialchallenges.com\/#\/schema\/logo\/image\/"}},{"@type":"Person","@id":"https:\/\/territorialchallenges.com\/#\/schema\/person\/098f145c7c61a021c425e010f840080f","name":"ni.abdi","image":{"@type":"ImageObject","inLanguage":"nl-NL","@id":"https:\/\/territorialchallenges.com\/#\/schema\/person\/image\/","url":"https:\/\/secure.gravatar.com\/avatar\/2a2f2491f3c80039986ba989b1e4b510?s=96&d=identicon&r=g","contentUrl":"https:\/\/secure.gravatar.com\/avatar\/2a2f2491f3c80039986ba989b1e4b510?s=96&d=identicon&r=g","caption":"ni.abdi"},"sameAs":["https:\/\/twitter.com\/Ni.abdi"],"url":"https:\/\/territorialchallenges.com\/nl\/author\/ni-abdi\/"}]}},"_links":{"self":[{"href":"https:\/\/territorialchallenges.com\/nl\/wp-json\/wp\/v2\/posts\/1035"}],"collection":[{"href":"https:\/\/territorialchallenges.com\/nl\/wp-json\/wp\/v2\/posts"}],"about":[{"href":"https:\/\/territorialchallenges.com\/nl\/wp-json\/wp\/v2\/types\/post"}],"author":[{"embeddable":true,"href":"https:\/\/territorialchallenges.com\/nl\/wp-json\/wp\/v2\/users\/11"}],"replies":[{"embeddable":true,"href":"https:\/\/territorialchallenges.com\/nl\/wp-json\/wp\/v2\/comments?post=1035"}],"version-history":[{"count":0,"href":"https:\/\/territorialchallenges.com\/nl\/wp-json\/wp\/v2\/posts\/1035\/revisions"}],"wp:featuredmedia":[{"embeddable":true,"href":"https:\/\/territorialchallenges.com\/nl\/wp-json\/"}],"wp:attachment":[{"href":"https:\/\/territorialchallenges.com\/nl\/wp-json\/wp\/v2\/media?parent=1035"}],"wp:term":[{"taxonomy":"category","embeddable":true,"href":"https:\/\/territorialchallenges.com\/nl\/wp-json\/wp\/v2\/categories?post=1035"},{"taxonomy":"post_tag","embeddable":true,"href":"https:\/\/territorialchallenges.com\/nl\/wp-json\/wp\/v2\/tags?post=1035"}],"curies":[{"name":"wp","href":"https:\/\/api.w.org\/{rel}","templated":true}]}}