{"id":89959,"date":"2021-12-27T19:32:55","date_gmt":"2021-12-27T18:32:55","guid":{"rendered":"https:\/\/territorialchallenges.com\/?p=89959"},"modified":"2022-05-02T21:51:16","modified_gmt":"2022-05-02T19:51:16","slug":"de-la-fee-electricite-a-la-fee-numerique","status":"publish","type":"post","link":"https:\/\/territorialchallenges.com\/it\/2021\/12\/27\/de-la-fee-electricite-a-la-fee-numerique\/89959\/","title":{"rendered":"Dalla Fata dell&#039;Elettricit\u00e0 alla Fata Digitale"},"content":{"rendered":"<p>Cari sindaci di Francia, vi percepisco molto preoccupati, e a ragione. Negli ultimi tre anni, gli eventi si sono susseguiti a un ritmo rapido per voi e vi interrogate su una questione cruciale che riguarda i vostri territori. Lo Stato, le sue istituzioni e la sua amministrazione sono all&#039;altezza delle grandi sfide che, tra globalizzazione\u2026 <\/p>\n<div class=\"pmpro_content_message\">Articolo disponibile solo per gli abbonati.<br \/><a href=\"https:\/\/territorialchallenges.com\/wp-login.php\">Login<\/a><br \/><a href=\"https:\/\/territorialchallenges.com\/it\/wp-login.php\/?action=register\">Registro<\/a><\/div>","protected":false},"excerpt":{"rendered":"<p>Chers Maires de France, Je vous sens tr\u00e8s inquiets et \u00e0 juste raison. Ces trois derni\u00e8res ann\u00e9es, les \u00e9v\u00e8nements se sont enchain\u00e9s pour vous \u00e0 un rythme tr\u00e8s soutenu et vous vous interrogez sur un sujet essentiel concernant vos territoires. L\u2019Etat, ses institutions et son administration sont-ils \u00e0 la hauteur d\u2019enjeux majeurs qui, entre mondialisation... <\/p>\n<div class=\"pmpro_content_message\">Articolo disponibile solo per gli abbonati.<br \/><a href=\"https:\/\/territorialchallenges.com\/wp-login.php\">Login<\/a><br \/><a href=\"https:\/\/territorialchallenges.com\/it\/wp-login.php\/?action=register\">Registro<\/a><\/div>","protected":false},"author":11,"featured_media":89960,"comment_status":"open","ping_status":"open","sticky":true,"template":"","format":"standard","meta":{"pmpro_default_level":0,"footnotes":""},"categories":[130,117],"tags":[],"blocksy_meta":"","yoast_head":"<!-- This site is optimized with the Yoast SEO plugin v21.5 - https:\/\/yoast.com\/wordpress\/plugins\/seo\/ -->\n<title>De la F\u00e9e Electricit\u00e9 \u00e0 la F\u00e9e Num\u00e9rique - Territorial Challenges<\/title>\n<meta name=\"robots\" content=\"index, follow, max-snippet:-1, max-image-preview:large, max-video-preview:-1\" \/>\n<link rel=\"canonical\" href=\"https:\/\/territorialchallenges.com\/it\/2021\/12\/27\/de-la-fee-electricite-a-la-fee-numerique\/89959\/\" \/>\n<meta property=\"og:locale\" content=\"it_IT\" \/>\n<meta property=\"og:type\" content=\"article\" \/>\n<meta property=\"og:title\" content=\"De la F\u00e9e Electricit\u00e9 \u00e0 la F\u00e9e Num\u00e9rique - Territorial Challenges\" \/>\n<meta property=\"og:description\" content=\"Chers Maires de France, Je vous sens tr\u00e8s inquiets et \u00e0 juste raison. Ces trois derni\u00e8res ann\u00e9es, les \u00e9v\u00e8nements se sont enchain\u00e9s pour vous \u00e0 un rythme tr\u00e8s soutenu et vous vous interrogez sur un sujet essentiel concernant vos territoires. L\u2019Etat, ses institutions et son administration sont-ils \u00e0 la hauteur d\u2019enjeux majeurs qui, entre mondialisation [&hellip;]\" \/>\n<meta property=\"og:url\" content=\"https:\/\/territorialchallenges.com\/it\/2021\/12\/27\/de-la-fee-electricite-a-la-fee-numerique\/89959\/\" \/>\n<meta property=\"og:site_name\" content=\"Territorial Challenges\" \/>\n<meta property=\"article:published_time\" content=\"2021-12-27T18:32:55+00:00\" \/>\n<meta property=\"article:modified_time\" content=\"2022-05-02T19:51:16+00:00\" \/>\n<meta property=\"og:image\" content=\"https:\/\/territorialchallenges.com\/wp-content\/uploads\/2021\/03\/feeelectricte1.jpg\" \/>\n\t<meta property=\"og:image:width\" content=\"1024\" \/>\n\t<meta property=\"og:image:height\" content=\"380\" \/>\n\t<meta property=\"og:image:type\" content=\"image\/jpeg\" \/>\n<meta name=\"author\" content=\"ni.abdi\" \/>\n<meta name=\"twitter:card\" content=\"summary_large_image\" \/>\n<meta name=\"twitter:creator\" content=\"@Ni.abdi\" \/>\n<meta name=\"twitter:label1\" content=\"Scritto da\" \/>\n\t<meta name=\"twitter:data1\" content=\"ni.abdi\" \/>\n\t<meta name=\"twitter:label2\" content=\"Tempo di lettura stimato\" \/>\n\t<meta name=\"twitter:data2\" content=\"6 minuti\" \/>\n<script type=\"application\/ld+json\" class=\"yoast-schema-graph\">{\"@context\":\"https:\/\/schema.org\",\"@graph\":[{\"@type\":\"Article\",\"@id\":\"https:\/\/territorialchallenges.com\/2021\/12\/27\/de-la-fee-electricite-a-la-fee-numerique\/89959\/#article\",\"isPartOf\":{\"@id\":\"https:\/\/territorialchallenges.com\/2021\/12\/27\/de-la-fee-electricite-a-la-fee-numerique\/89959\/\"},\"author\":{\"name\":\"ni.abdi\",\"@id\":\"https:\/\/territorialchallenges.com\/#\/schema\/person\/098f145c7c61a021c425e010f840080f\"},\"headline\":\"De la F\u00e9e Electricit\u00e9 \u00e0 la F\u00e9e Num\u00e9rique\",\"datePublished\":\"2021-12-27T18:32:55+00:00\",\"dateModified\":\"2022-05-02T19:51:16+00:00\",\"mainEntityOfPage\":{\"@id\":\"https:\/\/territorialchallenges.com\/2021\/12\/27\/de-la-fee-electricite-a-la-fee-numerique\/89959\/\"},\"wordCount\":1243,\"commentCount\":0,\"publisher\":{\"@id\":\"https:\/\/territorialchallenges.com\/#organization\"},\"articleSection\":[\"R\u00e9flexion faite\",\"\u00c9cosyst\u00e8me\"],\"inLanguage\":\"it-IT\"},{\"@type\":\"WebPage\",\"@id\":\"https:\/\/territorialchallenges.com\/2021\/12\/27\/de-la-fee-electricite-a-la-fee-numerique\/89959\/\",\"url\":\"https:\/\/territorialchallenges.com\/2021\/12\/27\/de-la-fee-electricite-a-la-fee-numerique\/89959\/\",\"name\":\"De la F\u00e9e Electricit\u00e9 \u00e0 la F\u00e9e Num\u00e9rique - Territorial Challenges\",\"isPartOf\":{\"@id\":\"https:\/\/territorialchallenges.com\/#website\"},\"datePublished\":\"2021-12-27T18:32:55+00:00\",\"dateModified\":\"2022-05-02T19:51:16+00:00\",\"breadcrumb\":{\"@id\":\"https:\/\/territorialchallenges.com\/2021\/12\/27\/de-la-fee-electricite-a-la-fee-numerique\/89959\/#breadcrumb\"},\"inLanguage\":\"it-IT\",\"potentialAction\":[{\"@type\":\"ReadAction\",\"target\":[\"https:\/\/territorialchallenges.com\/2021\/12\/27\/de-la-fee-electricite-a-la-fee-numerique\/89959\/\"]}]},{\"@type\":\"BreadcrumbList\",\"@id\":\"https:\/\/territorialchallenges.com\/2021\/12\/27\/de-la-fee-electricite-a-la-fee-numerique\/89959\/#breadcrumb\",\"itemListElement\":[{\"@type\":\"ListItem\",\"position\":1,\"name\":\"Home\",\"item\":\"https:\/\/territorialchallenges.com\/\"},{\"@type\":\"ListItem\",\"position\":2,\"name\":\"De la F\u00e9e Electricit\u00e9 \u00e0 la F\u00e9e Num\u00e9rique\"}]},{\"@type\":\"WebSite\",\"@id\":\"https:\/\/territorialchallenges.com\/#website\",\"url\":\"https:\/\/territorialchallenges.com\/\",\"name\":\"Territorial Challenges\",\"description\":\"Veille Internationale - Strat\u00e9gie Intelligentes - Bonnes pratiques\",\"publisher\":{\"@id\":\"https:\/\/territorialchallenges.com\/#organization\"},\"potentialAction\":[{\"@type\":\"SearchAction\",\"target\":{\"@type\":\"EntryPoint\",\"urlTemplate\":\"https:\/\/territorialchallenges.com\/?s={search_term_string}\"},\"query-input\":\"required name=search_term_string\"}],\"inLanguage\":\"it-IT\"},{\"@type\":\"Organization\",\"@id\":\"https:\/\/territorialchallenges.com\/#organization\",\"name\":\"Territorial Challenges\",\"url\":\"https:\/\/territorialchallenges.com\/\",\"logo\":{\"@type\":\"ImageObject\",\"inLanguage\":\"it-IT\",\"@id\":\"https:\/\/territorialchallenges.com\/#\/schema\/logo\/image\/\",\"url\":\"https:\/\/territorialchallenges.com\/wp-content\/uploads\/2023\/10\/logo-1.png\",\"contentUrl\":\"https:\/\/territorialchallenges.com\/wp-content\/uploads\/2023\/10\/logo-1.png\",\"width\":1832,\"height\":576,\"caption\":\"Territorial Challenges\"},\"image\":{\"@id\":\"https:\/\/territorialchallenges.com\/#\/schema\/logo\/image\/\"}},{\"@type\":\"Person\",\"@id\":\"https:\/\/territorialchallenges.com\/#\/schema\/person\/098f145c7c61a021c425e010f840080f\",\"name\":\"ni.abdi\",\"image\":{\"@type\":\"ImageObject\",\"inLanguage\":\"it-IT\",\"@id\":\"https:\/\/territorialchallenges.com\/#\/schema\/person\/image\/\",\"url\":\"https:\/\/secure.gravatar.com\/avatar\/2a2f2491f3c80039986ba989b1e4b510?s=96&d=identicon&r=g\",\"contentUrl\":\"https:\/\/secure.gravatar.com\/avatar\/2a2f2491f3c80039986ba989b1e4b510?s=96&d=identicon&r=g\",\"caption\":\"ni.abdi\"},\"sameAs\":[\"https:\/\/twitter.com\/Ni.abdi\"],\"url\":\"https:\/\/territorialchallenges.com\/it\/author\/ni-abdi\/\"}]}<\/script>\n<!-- \/ Yoast SEO plugin. -->","yoast_head_json":{"title":"De la F\u00e9e Electricit\u00e9 \u00e0 la F\u00e9e Num\u00e9rique - Territorial Challenges","robots":{"index":"index","follow":"follow","max-snippet":"max-snippet:-1","max-image-preview":"max-image-preview:large","max-video-preview":"max-video-preview:-1"},"canonical":"https:\/\/territorialchallenges.com\/it\/2021\/12\/27\/de-la-fee-electricite-a-la-fee-numerique\/89959\/","og_locale":"it_IT","og_type":"article","og_title":"De la F\u00e9e Electricit\u00e9 \u00e0 la F\u00e9e Num\u00e9rique - Territorial Challenges","og_description":"Chers Maires de France, Je vous sens tr\u00e8s inquiets et \u00e0 juste raison. Ces trois derni\u00e8res ann\u00e9es, les \u00e9v\u00e8nements se sont enchain\u00e9s pour vous \u00e0 un rythme tr\u00e8s soutenu et vous vous interrogez sur un sujet essentiel concernant vos territoires. L\u2019Etat, ses institutions et son administration sont-ils \u00e0 la hauteur d\u2019enjeux majeurs qui, entre mondialisation [&hellip;]","og_url":"https:\/\/territorialchallenges.com\/it\/2021\/12\/27\/de-la-fee-electricite-a-la-fee-numerique\/89959\/","og_site_name":"Territorial Challenges","article_published_time":"2021-12-27T18:32:55+00:00","article_modified_time":"2022-05-02T19:51:16+00:00","og_image":[{"width":1024,"height":380,"url":"https:\/\/territorialchallenges.com\/wp-content\/uploads\/2021\/03\/feeelectricte1.jpg","type":"image\/jpeg"}],"author":"ni.abdi","twitter_card":"summary_large_image","twitter_creator":"@Ni.abdi","twitter_misc":{"Scritto da":"ni.abdi","Tempo di lettura stimato":"6 minuti"},"schema":{"@context":"https:\/\/schema.org","@graph":[{"@type":"Article","@id":"https:\/\/territorialchallenges.com\/2021\/12\/27\/de-la-fee-electricite-a-la-fee-numerique\/89959\/#article","isPartOf":{"@id":"https:\/\/territorialchallenges.com\/2021\/12\/27\/de-la-fee-electricite-a-la-fee-numerique\/89959\/"},"author":{"name":"ni.abdi","@id":"https:\/\/territorialchallenges.com\/#\/schema\/person\/098f145c7c61a021c425e010f840080f"},"headline":"De la F\u00e9e Electricit\u00e9 \u00e0 la F\u00e9e Num\u00e9rique","datePublished":"2021-12-27T18:32:55+00:00","dateModified":"2022-05-02T19:51:16+00:00","mainEntityOfPage":{"@id":"https:\/\/territorialchallenges.com\/2021\/12\/27\/de-la-fee-electricite-a-la-fee-numerique\/89959\/"},"wordCount":1243,"commentCount":0,"publisher":{"@id":"https:\/\/territorialchallenges.com\/#organization"},"articleSection":["R\u00e9flexion faite","\u00c9cosyst\u00e8me"],"inLanguage":"it-IT"},{"@type":"WebPage","@id":"https:\/\/territorialchallenges.com\/2021\/12\/27\/de-la-fee-electricite-a-la-fee-numerique\/89959\/","url":"https:\/\/territorialchallenges.com\/2021\/12\/27\/de-la-fee-electricite-a-la-fee-numerique\/89959\/","name":"De la F\u00e9e Electricit\u00e9 \u00e0 la F\u00e9e Num\u00e9rique - Territorial Challenges","isPartOf":{"@id":"https:\/\/territorialchallenges.com\/#website"},"datePublished":"2021-12-27T18:32:55+00:00","dateModified":"2022-05-02T19:51:16+00:00","breadcrumb":{"@id":"https:\/\/territorialchallenges.com\/2021\/12\/27\/de-la-fee-electricite-a-la-fee-numerique\/89959\/#breadcrumb"},"inLanguage":"it-IT","potentialAction":[{"@type":"ReadAction","target":["https:\/\/territorialchallenges.com\/2021\/12\/27\/de-la-fee-electricite-a-la-fee-numerique\/89959\/"]}]},{"@type":"BreadcrumbList","@id":"https:\/\/territorialchallenges.com\/2021\/12\/27\/de-la-fee-electricite-a-la-fee-numerique\/89959\/#breadcrumb","itemListElement":[{"@type":"ListItem","position":1,"name":"Home","item":"https:\/\/territorialchallenges.com\/"},{"@type":"ListItem","position":2,"name":"De la F\u00e9e Electricit\u00e9 \u00e0 la F\u00e9e Num\u00e9rique"}]},{"@type":"WebSite","@id":"https:\/\/territorialchallenges.com\/#website","url":"https:\/\/territorialchallenges.com\/","name":"Sfide territoriali","description":"Monitoraggio internazionale - Strategie intelligenti - Migliori pratiche","publisher":{"@id":"https:\/\/territorialchallenges.com\/#organization"},"potentialAction":[{"@type":"SearchAction","target":{"@type":"EntryPoint","urlTemplate":"https:\/\/territorialchallenges.com\/?s={search_term_string}"},"query-input":"required name=search_term_string"}],"inLanguage":"it-IT"},{"@type":"Organization","@id":"https:\/\/territorialchallenges.com\/#organization","name":"Sfide territoriali","url":"https:\/\/territorialchallenges.com\/","logo":{"@type":"ImageObject","inLanguage":"it-IT","@id":"https:\/\/territorialchallenges.com\/#\/schema\/logo\/image\/","url":"https:\/\/territorialchallenges.com\/wp-content\/uploads\/2023\/10\/logo-1.png","contentUrl":"https:\/\/territorialchallenges.com\/wp-content\/uploads\/2023\/10\/logo-1.png","width":1832,"height":576,"caption":"Territorial Challenges"},"image":{"@id":"https:\/\/territorialchallenges.com\/#\/schema\/logo\/image\/"}},{"@type":"Person","@id":"https:\/\/territorialchallenges.com\/#\/schema\/person\/098f145c7c61a021c425e010f840080f","name":"ni.abdi","image":{"@type":"ImageObject","inLanguage":"it-IT","@id":"https:\/\/territorialchallenges.com\/#\/schema\/person\/image\/","url":"https:\/\/secure.gravatar.com\/avatar\/2a2f2491f3c80039986ba989b1e4b510?s=96&d=identicon&r=g","contentUrl":"https:\/\/secure.gravatar.com\/avatar\/2a2f2491f3c80039986ba989b1e4b510?s=96&d=identicon&r=g","caption":"ni.abdi"},"sameAs":["https:\/\/twitter.com\/Ni.abdi"],"url":"https:\/\/territorialchallenges.com\/it\/author\/ni-abdi\/"}]}},"_links":{"self":[{"href":"https:\/\/territorialchallenges.com\/it\/wp-json\/wp\/v2\/posts\/89959"}],"collection":[{"href":"https:\/\/territorialchallenges.com\/it\/wp-json\/wp\/v2\/posts"}],"about":[{"href":"https:\/\/territorialchallenges.com\/it\/wp-json\/wp\/v2\/types\/post"}],"author":[{"embeddable":true,"href":"https:\/\/territorialchallenges.com\/it\/wp-json\/wp\/v2\/users\/11"}],"replies":[{"embeddable":true,"href":"https:\/\/territorialchallenges.com\/it\/wp-json\/wp\/v2\/comments?post=89959"}],"version-history":[{"count":1,"href":"https:\/\/territorialchallenges.com\/it\/wp-json\/wp\/v2\/posts\/89959\/revisions"}],"predecessor-version":[{"id":89964,"href":"https:\/\/territorialchallenges.com\/it\/wp-json\/wp\/v2\/posts\/89959\/revisions\/89964"}],"wp:featuredmedia":[{"embeddable":true,"href":"https:\/\/territorialchallenges.com\/it\/wp-json\/wp\/v2\/media\/89960"}],"wp:attachment":[{"href":"https:\/\/territorialchallenges.com\/it\/wp-json\/wp\/v2\/media?parent=89959"}],"wp:term":[{"taxonomy":"category","embeddable":true,"href":"https:\/\/territorialchallenges.com\/it\/wp-json\/wp\/v2\/categories?post=89959"},{"taxonomy":"post_tag","embeddable":true,"href":"https:\/\/territorialchallenges.com\/it\/wp-json\/wp\/v2\/tags?post=89959"}],"curies":[{"name":"parola chiave","href":"https:\/\/api.w.org\/{rel}","templated":true}]}}