{"id":89250,"date":"2021-11-16T00:21:21","date_gmt":"2021-11-15T23:21:21","guid":{"rendered":"https:\/\/territorialchallenges.com\/?p=89250"},"modified":"2022-05-02T22:00:44","modified_gmt":"2022-05-02T20:00:44","slug":"coree-du-sud-lambition-du-pays-dans-le-secteur-de-la-consommation-energetique-critiquee","status":"publish","type":"post","link":"https:\/\/territorialchallenges.com\/it\/2021\/11\/16\/coree-du-sud-lambition-du-pays-dans-le-secteur-de-la-consommation-energetique-critiquee\/89250\/","title":{"rendered":"Corea del Sud: criticata l&#039;ambizione del Paese nel consumo energetico"},"content":{"rendered":"<p>Negli ultimi anni, la Corea del Sud ha implementato diversi piani energetici. Il Piano di attuazione per le energie rinnovabili 3020 a dicembre 2017, il Terzo Piano Energetico di Base a giugno 2019, un piano completo per il New Deal coreano a luglio 2020 e, infine, il Nono Piano di Approvvigionamento Energetico e... <\/p>\n<div class=\"pmpro_content_message\">Articolo disponibile solo per gli abbonati.<br \/><a href=\"https:\/\/territorialchallenges.com\/wp-login.php\">Login<\/a><br \/><a href=\"https:\/\/territorialchallenges.com\/it\/wp-login.php\/?action=register\">Registro<\/a><\/div>","protected":false},"excerpt":{"rendered":"<p>Ces derni\u00e8res ann\u00e9es, la Cor\u00e9e du Sud a mis en place divers plans li\u00e9s \u00e0 l&rsquo;\u00e9nergie. Un plan de mise en \u0153uvre de l&rsquo;\u00e9nergie renouvelable 3020, en d\u00e9cembre 2017, Un 3e plan \u00e9nerg\u00e9tique de base en juin 2019. Un plan global du New Deal version cor\u00e9enne\u00a0 en juillet 2020. Enfin un 9e plan d&rsquo;approvisionnement et... <\/p>\n<div class=\"pmpro_content_message\">Articolo disponibile solo per gli abbonati.<br \/><a href=\"https:\/\/territorialchallenges.com\/wp-login.php\">Login<\/a><br \/><a href=\"https:\/\/territorialchallenges.com\/it\/wp-login.php\/?action=register\">Registro<\/a><\/div>","protected":false},"author":11,"featured_media":89251,"comment_status":"open","ping_status":"open","sticky":true,"template":"","format":"standard","meta":{"pmpro_default_level":0,"footnotes":""},"categories":[18,124],"tags":[],"blocksy_meta":"","yoast_head":"<!-- This site is optimized with the Yoast SEO plugin v21.5 - https:\/\/yoast.com\/wordpress\/plugins\/seo\/ -->\n<title>Cor\u00e9e du Sud : l\u2019ambition du pays dans le secteur de la consommation \u00e9nerg\u00e9tique critiqu\u00e9e - Territorial Challenges<\/title>\n<meta name=\"robots\" content=\"index, follow, max-snippet:-1, max-image-preview:large, max-video-preview:-1\" \/>\n<link rel=\"canonical\" href=\"https:\/\/territorialchallenges.com\/it\/2021\/11\/16\/coree-du-sud-lambition-du-pays-dans-le-secteur-de-la-consommation-energetique-critiquee\/89250\/\" \/>\n<meta property=\"og:locale\" content=\"it_IT\" \/>\n<meta property=\"og:type\" content=\"article\" \/>\n<meta property=\"og:title\" content=\"Cor\u00e9e du Sud : l\u2019ambition du pays dans le secteur de la consommation \u00e9nerg\u00e9tique critiqu\u00e9e - Territorial Challenges\" \/>\n<meta property=\"og:description\" content=\"Ces derni\u00e8res ann\u00e9es, la Cor\u00e9e du Sud a mis en place divers plans li\u00e9s \u00e0 l&rsquo;\u00e9nergie. Un plan de mise en \u0153uvre de l&rsquo;\u00e9nergie renouvelable 3020, en d\u00e9cembre 2017, Un 3e plan \u00e9nerg\u00e9tique de base en juin 2019. Un plan global du New Deal version cor\u00e9enne\u00a0 en juillet 2020. Enfin un 9e plan d&rsquo;approvisionnement et [&hellip;]\" \/>\n<meta property=\"og:url\" content=\"https:\/\/territorialchallenges.com\/it\/2021\/11\/16\/coree-du-sud-lambition-du-pays-dans-le-secteur-de-la-consommation-energetique-critiquee\/89250\/\" \/>\n<meta property=\"og:site_name\" content=\"Territorial Challenges\" \/>\n<meta property=\"article:published_time\" content=\"2021-11-15T23:21:21+00:00\" \/>\n<meta property=\"article:modified_time\" content=\"2022-05-02T20:00:44+00:00\" \/>\n<meta property=\"og:image\" content=\"https:\/\/territorialchallenges.com\/wp-content\/uploads\/2021\/02\/smartenergyimage150221.jpg\" \/>\n\t<meta property=\"og:image:width\" content=\"892\" \/>\n\t<meta property=\"og:image:height\" content=\"343\" \/>\n\t<meta property=\"og:image:type\" content=\"image\/jpeg\" \/>\n<meta name=\"author\" content=\"ni.abdi\" \/>\n<meta name=\"twitter:card\" content=\"summary_large_image\" \/>\n<meta name=\"twitter:creator\" content=\"@Ni.abdi\" \/>\n<meta name=\"twitter:label1\" content=\"Scritto da\" \/>\n\t<meta name=\"twitter:data1\" content=\"ni.abdi\" \/>\n\t<meta name=\"twitter:label2\" content=\"Tempo di lettura stimato\" \/>\n\t<meta name=\"twitter:data2\" content=\"4 minuti\" \/>\n<script type=\"application\/ld+json\" class=\"yoast-schema-graph\">{\"@context\":\"https:\/\/schema.org\",\"@graph\":[{\"@type\":\"Article\",\"@id\":\"https:\/\/territorialchallenges.com\/2021\/11\/16\/coree-du-sud-lambition-du-pays-dans-le-secteur-de-la-consommation-energetique-critiquee\/89250\/#article\",\"isPartOf\":{\"@id\":\"https:\/\/territorialchallenges.com\/2021\/11\/16\/coree-du-sud-lambition-du-pays-dans-le-secteur-de-la-consommation-energetique-critiquee\/89250\/\"},\"author\":{\"name\":\"ni.abdi\",\"@id\":\"https:\/\/territorialchallenges.com\/#\/schema\/person\/098f145c7c61a021c425e010f840080f\"},\"headline\":\"Cor\u00e9e du Sud : l\u2019ambition du pays dans le secteur de la consommation \u00e9nerg\u00e9tique critiqu\u00e9e\",\"datePublished\":\"2021-11-15T23:21:21+00:00\",\"dateModified\":\"2022-05-02T20:00:44+00:00\",\"mainEntityOfPage\":{\"@id\":\"https:\/\/territorialchallenges.com\/2021\/11\/16\/coree-du-sud-lambition-du-pays-dans-le-secteur-de-la-consommation-energetique-critiquee\/89250\/\"},\"wordCount\":933,\"commentCount\":0,\"publisher\":{\"@id\":\"https:\/\/territorialchallenges.com\/#organization\"},\"articleSection\":[\"Transition \u00c9nerg\u00e9tique\",\"Actualit\u00e9 internationale\"],\"inLanguage\":\"it-IT\"},{\"@type\":\"WebPage\",\"@id\":\"https:\/\/territorialchallenges.com\/2021\/11\/16\/coree-du-sud-lambition-du-pays-dans-le-secteur-de-la-consommation-energetique-critiquee\/89250\/\",\"url\":\"https:\/\/territorialchallenges.com\/2021\/11\/16\/coree-du-sud-lambition-du-pays-dans-le-secteur-de-la-consommation-energetique-critiquee\/89250\/\",\"name\":\"Cor\u00e9e du Sud : l\u2019ambition du pays dans le secteur de la consommation \u00e9nerg\u00e9tique critiqu\u00e9e - Territorial Challenges\",\"isPartOf\":{\"@id\":\"https:\/\/territorialchallenges.com\/#website\"},\"datePublished\":\"2021-11-15T23:21:21+00:00\",\"dateModified\":\"2022-05-02T20:00:44+00:00\",\"breadcrumb\":{\"@id\":\"https:\/\/territorialchallenges.com\/2021\/11\/16\/coree-du-sud-lambition-du-pays-dans-le-secteur-de-la-consommation-energetique-critiquee\/89250\/#breadcrumb\"},\"inLanguage\":\"it-IT\",\"potentialAction\":[{\"@type\":\"ReadAction\",\"target\":[\"https:\/\/territorialchallenges.com\/2021\/11\/16\/coree-du-sud-lambition-du-pays-dans-le-secteur-de-la-consommation-energetique-critiquee\/89250\/\"]}]},{\"@type\":\"BreadcrumbList\",\"@id\":\"https:\/\/territorialchallenges.com\/2021\/11\/16\/coree-du-sud-lambition-du-pays-dans-le-secteur-de-la-consommation-energetique-critiquee\/89250\/#breadcrumb\",\"itemListElement\":[{\"@type\":\"ListItem\",\"position\":1,\"name\":\"Home\",\"item\":\"https:\/\/territorialchallenges.com\/\"},{\"@type\":\"ListItem\",\"position\":2,\"name\":\"Cor\u00e9e du Sud : l\u2019ambition du pays dans le secteur de la consommation \u00e9nerg\u00e9tique critiqu\u00e9e\"}]},{\"@type\":\"WebSite\",\"@id\":\"https:\/\/territorialchallenges.com\/#website\",\"url\":\"https:\/\/territorialchallenges.com\/\",\"name\":\"Territorial Challenges\",\"description\":\"Veille Internationale - Strat\u00e9gie Intelligentes - Bonnes pratiques\",\"publisher\":{\"@id\":\"https:\/\/territorialchallenges.com\/#organization\"},\"potentialAction\":[{\"@type\":\"SearchAction\",\"target\":{\"@type\":\"EntryPoint\",\"urlTemplate\":\"https:\/\/territorialchallenges.com\/?s={search_term_string}\"},\"query-input\":\"required name=search_term_string\"}],\"inLanguage\":\"it-IT\"},{\"@type\":\"Organization\",\"@id\":\"https:\/\/territorialchallenges.com\/#organization\",\"name\":\"Territorial Challenges\",\"url\":\"https:\/\/territorialchallenges.com\/\",\"logo\":{\"@type\":\"ImageObject\",\"inLanguage\":\"it-IT\",\"@id\":\"https:\/\/territorialchallenges.com\/#\/schema\/logo\/image\/\",\"url\":\"https:\/\/territorialchallenges.com\/wp-content\/uploads\/2023\/10\/logo-1.png\",\"contentUrl\":\"https:\/\/territorialchallenges.com\/wp-content\/uploads\/2023\/10\/logo-1.png\",\"width\":1832,\"height\":576,\"caption\":\"Territorial Challenges\"},\"image\":{\"@id\":\"https:\/\/territorialchallenges.com\/#\/schema\/logo\/image\/\"}},{\"@type\":\"Person\",\"@id\":\"https:\/\/territorialchallenges.com\/#\/schema\/person\/098f145c7c61a021c425e010f840080f\",\"name\":\"ni.abdi\",\"image\":{\"@type\":\"ImageObject\",\"inLanguage\":\"it-IT\",\"@id\":\"https:\/\/territorialchallenges.com\/#\/schema\/person\/image\/\",\"url\":\"https:\/\/secure.gravatar.com\/avatar\/2a2f2491f3c80039986ba989b1e4b510?s=96&d=identicon&r=g\",\"contentUrl\":\"https:\/\/secure.gravatar.com\/avatar\/2a2f2491f3c80039986ba989b1e4b510?s=96&d=identicon&r=g\",\"caption\":\"ni.abdi\"},\"sameAs\":[\"https:\/\/twitter.com\/Ni.abdi\"],\"url\":\"https:\/\/territorialchallenges.com\/it\/author\/ni-abdi\/\"}]}<\/script>\n<!-- \/ Yoast SEO plugin. -->","yoast_head_json":{"title":"Cor\u00e9e du Sud : l\u2019ambition du pays dans le secteur de la consommation \u00e9nerg\u00e9tique critiqu\u00e9e - Territorial Challenges","robots":{"index":"index","follow":"follow","max-snippet":"max-snippet:-1","max-image-preview":"max-image-preview:large","max-video-preview":"max-video-preview:-1"},"canonical":"https:\/\/territorialchallenges.com\/it\/2021\/11\/16\/coree-du-sud-lambition-du-pays-dans-le-secteur-de-la-consommation-energetique-critiquee\/89250\/","og_locale":"it_IT","og_type":"article","og_title":"Cor\u00e9e du Sud : l\u2019ambition du pays dans le secteur de la consommation \u00e9nerg\u00e9tique critiqu\u00e9e - Territorial Challenges","og_description":"Ces derni\u00e8res ann\u00e9es, la Cor\u00e9e du Sud a mis en place divers plans li\u00e9s \u00e0 l&rsquo;\u00e9nergie. Un plan de mise en \u0153uvre de l&rsquo;\u00e9nergie renouvelable 3020, en d\u00e9cembre 2017, Un 3e plan \u00e9nerg\u00e9tique de base en juin 2019. Un plan global du New Deal version cor\u00e9enne\u00a0 en juillet 2020. Enfin un 9e plan d&rsquo;approvisionnement et [&hellip;]","og_url":"https:\/\/territorialchallenges.com\/it\/2021\/11\/16\/coree-du-sud-lambition-du-pays-dans-le-secteur-de-la-consommation-energetique-critiquee\/89250\/","og_site_name":"Territorial Challenges","article_published_time":"2021-11-15T23:21:21+00:00","article_modified_time":"2022-05-02T20:00:44+00:00","og_image":[{"width":892,"height":343,"url":"https:\/\/territorialchallenges.com\/wp-content\/uploads\/2021\/02\/smartenergyimage150221.jpg","type":"image\/jpeg"}],"author":"ni.abdi","twitter_card":"summary_large_image","twitter_creator":"@Ni.abdi","twitter_misc":{"Scritto da":"ni.abdi","Tempo di lettura stimato":"4 minuti"},"schema":{"@context":"https:\/\/schema.org","@graph":[{"@type":"Article","@id":"https:\/\/territorialchallenges.com\/2021\/11\/16\/coree-du-sud-lambition-du-pays-dans-le-secteur-de-la-consommation-energetique-critiquee\/89250\/#article","isPartOf":{"@id":"https:\/\/territorialchallenges.com\/2021\/11\/16\/coree-du-sud-lambition-du-pays-dans-le-secteur-de-la-consommation-energetique-critiquee\/89250\/"},"author":{"name":"ni.abdi","@id":"https:\/\/territorialchallenges.com\/#\/schema\/person\/098f145c7c61a021c425e010f840080f"},"headline":"Cor\u00e9e du Sud : l\u2019ambition du pays dans le secteur de la consommation \u00e9nerg\u00e9tique critiqu\u00e9e","datePublished":"2021-11-15T23:21:21+00:00","dateModified":"2022-05-02T20:00:44+00:00","mainEntityOfPage":{"@id":"https:\/\/territorialchallenges.com\/2021\/11\/16\/coree-du-sud-lambition-du-pays-dans-le-secteur-de-la-consommation-energetique-critiquee\/89250\/"},"wordCount":933,"commentCount":0,"publisher":{"@id":"https:\/\/territorialchallenges.com\/#organization"},"articleSection":["Transition \u00c9nerg\u00e9tique","Actualit\u00e9 internationale"],"inLanguage":"it-IT"},{"@type":"WebPage","@id":"https:\/\/territorialchallenges.com\/2021\/11\/16\/coree-du-sud-lambition-du-pays-dans-le-secteur-de-la-consommation-energetique-critiquee\/89250\/","url":"https:\/\/territorialchallenges.com\/2021\/11\/16\/coree-du-sud-lambition-du-pays-dans-le-secteur-de-la-consommation-energetique-critiquee\/89250\/","name":"Cor\u00e9e du Sud : l\u2019ambition du pays dans le secteur de la consommation \u00e9nerg\u00e9tique critiqu\u00e9e - Territorial Challenges","isPartOf":{"@id":"https:\/\/territorialchallenges.com\/#website"},"datePublished":"2021-11-15T23:21:21+00:00","dateModified":"2022-05-02T20:00:44+00:00","breadcrumb":{"@id":"https:\/\/territorialchallenges.com\/2021\/11\/16\/coree-du-sud-lambition-du-pays-dans-le-secteur-de-la-consommation-energetique-critiquee\/89250\/#breadcrumb"},"inLanguage":"it-IT","potentialAction":[{"@type":"ReadAction","target":["https:\/\/territorialchallenges.com\/2021\/11\/16\/coree-du-sud-lambition-du-pays-dans-le-secteur-de-la-consommation-energetique-critiquee\/89250\/"]}]},{"@type":"BreadcrumbList","@id":"https:\/\/territorialchallenges.com\/2021\/11\/16\/coree-du-sud-lambition-du-pays-dans-le-secteur-de-la-consommation-energetique-critiquee\/89250\/#breadcrumb","itemListElement":[{"@type":"ListItem","position":1,"name":"Home","item":"https:\/\/territorialchallenges.com\/"},{"@type":"ListItem","position":2,"name":"Cor\u00e9e du Sud : l\u2019ambition du pays dans le secteur de la consommation \u00e9nerg\u00e9tique critiqu\u00e9e"}]},{"@type":"WebSite","@id":"https:\/\/territorialchallenges.com\/#website","url":"https:\/\/territorialchallenges.com\/","name":"Sfide territoriali","description":"Monitoraggio internazionale - Strategie intelligenti - Migliori pratiche","publisher":{"@id":"https:\/\/territorialchallenges.com\/#organization"},"potentialAction":[{"@type":"SearchAction","target":{"@type":"EntryPoint","urlTemplate":"https:\/\/territorialchallenges.com\/?s={search_term_string}"},"query-input":"required name=search_term_string"}],"inLanguage":"it-IT"},{"@type":"Organization","@id":"https:\/\/territorialchallenges.com\/#organization","name":"Sfide territoriali","url":"https:\/\/territorialchallenges.com\/","logo":{"@type":"ImageObject","inLanguage":"it-IT","@id":"https:\/\/territorialchallenges.com\/#\/schema\/logo\/image\/","url":"https:\/\/territorialchallenges.com\/wp-content\/uploads\/2023\/10\/logo-1.png","contentUrl":"https:\/\/territorialchallenges.com\/wp-content\/uploads\/2023\/10\/logo-1.png","width":1832,"height":576,"caption":"Territorial Challenges"},"image":{"@id":"https:\/\/territorialchallenges.com\/#\/schema\/logo\/image\/"}},{"@type":"Person","@id":"https:\/\/territorialchallenges.com\/#\/schema\/person\/098f145c7c61a021c425e010f840080f","name":"ni.abdi","image":{"@type":"ImageObject","inLanguage":"it-IT","@id":"https:\/\/territorialchallenges.com\/#\/schema\/person\/image\/","url":"https:\/\/secure.gravatar.com\/avatar\/2a2f2491f3c80039986ba989b1e4b510?s=96&d=identicon&r=g","contentUrl":"https:\/\/secure.gravatar.com\/avatar\/2a2f2491f3c80039986ba989b1e4b510?s=96&d=identicon&r=g","caption":"ni.abdi"},"sameAs":["https:\/\/twitter.com\/Ni.abdi"],"url":"https:\/\/territorialchallenges.com\/it\/author\/ni-abdi\/"}]}},"_links":{"self":[{"href":"https:\/\/territorialchallenges.com\/it\/wp-json\/wp\/v2\/posts\/89250"}],"collection":[{"href":"https:\/\/territorialchallenges.com\/it\/wp-json\/wp\/v2\/posts"}],"about":[{"href":"https:\/\/territorialchallenges.com\/it\/wp-json\/wp\/v2\/types\/post"}],"author":[{"embeddable":true,"href":"https:\/\/territorialchallenges.com\/it\/wp-json\/wp\/v2\/users\/11"}],"replies":[{"embeddable":true,"href":"https:\/\/territorialchallenges.com\/it\/wp-json\/wp\/v2\/comments?post=89250"}],"version-history":[{"count":1,"href":"https:\/\/territorialchallenges.com\/it\/wp-json\/wp\/v2\/posts\/89250\/revisions"}],"predecessor-version":[{"id":89255,"href":"https:\/\/territorialchallenges.com\/it\/wp-json\/wp\/v2\/posts\/89250\/revisions\/89255"}],"wp:featuredmedia":[{"embeddable":true,"href":"https:\/\/territorialchallenges.com\/it\/wp-json\/wp\/v2\/media\/89251"}],"wp:attachment":[{"href":"https:\/\/territorialchallenges.com\/it\/wp-json\/wp\/v2\/media?parent=89250"}],"wp:term":[{"taxonomy":"category","embeddable":true,"href":"https:\/\/territorialchallenges.com\/it\/wp-json\/wp\/v2\/categories?post=89250"},{"taxonomy":"post_tag","embeddable":true,"href":"https:\/\/territorialchallenges.com\/it\/wp-json\/wp\/v2\/tags?post=89250"}],"curies":[{"name":"parola chiave","href":"https:\/\/api.w.org\/{rel}","templated":true}]}}