{"id":88807,"date":"2021-11-01T09:59:37","date_gmt":"2021-11-01T08:59:37","guid":{"rendered":"https:\/\/territorialchallenges.com\/?p=88807"},"modified":"2022-05-02T22:04:01","modified_gmt":"2022-05-02T20:04:01","slug":"en-region-centre-du-portugal-meme-les-cultures-locales-participent-au-concept-smart-city","status":"publish","type":"post","link":"https:\/\/territorialchallenges.com\/it\/2021\/11\/01\/en-region-centre-du-portugal-meme-les-cultures-locales-participent-au-concept-smart-city\/88807\/","title":{"rendered":"Nella regione centrale del Portogallo, anche le culture locali partecipano al concetto di Smart City"},"content":{"rendered":"<p>In Portogallo, i comuni sono sempre pi\u00f9 consapevoli delle innovazioni tecnologiche in grado di costruire citt\u00e0 intelligenti, promuovere stili di vita sani, un uso responsabile degli spazi pubblici, uno sviluppo sostenibile e una migliore qualit\u00e0 della vita. Tutto ci\u00f2 pone serie sfide alla gestione comunale, in particolare per quanto riguarda... <\/p>\n<div class=\"pmpro_content_message\">Articolo disponibile solo per gli abbonati.<br \/><a href=\"https:\/\/territorialchallenges.com\/wp-login.php\">Login<\/a><br \/><a href=\"https:\/\/territorialchallenges.com\/it\/wp-login.php\/?action=register\">Registro<\/a><\/div>","protected":false},"excerpt":{"rendered":"<p>Au Portugal, les municipalit\u00e9s sont de plus en plus conscientes des innovations technologiques capables de construire des villes intelligentes, de promouvoir un mode de vie sain, une utilisation responsable des espaces publics, le d\u00e9veloppement durable et une qualit\u00e9 de vie croissante. Tout cela entra\u00eene de s\u00e9rieux d\u00e9fis pour la gestion municipale, notamment en ce qui... <\/p>\n<div class=\"pmpro_content_message\">Articolo disponibile solo per gli abbonati.<br \/><a href=\"https:\/\/territorialchallenges.com\/wp-login.php\">Login<\/a><br \/><a href=\"https:\/\/territorialchallenges.com\/it\/wp-login.php\/?action=register\">Registro<\/a><\/div>","protected":false},"author":11,"featured_media":88808,"comment_status":"open","ping_status":"open","sticky":true,"template":"","format":"standard","meta":{"pmpro_default_level":0,"footnotes":""},"categories":[19,127],"tags":[],"blocksy_meta":"","yoast_head":"<!-- This site is optimized with the Yoast SEO plugin v21.5 - https:\/\/yoast.com\/wordpress\/plugins\/seo\/ -->\n<title>En r\u00e9gion centre du Portugal, m\u00eame les cultures locales participent au concept Smart City - Territorial Challenges<\/title>\n<meta name=\"robots\" content=\"index, follow, max-snippet:-1, max-image-preview:large, max-video-preview:-1\" \/>\n<link rel=\"canonical\" href=\"https:\/\/territorialchallenges.com\/it\/2021\/11\/01\/en-region-centre-du-portugal-meme-les-cultures-locales-participent-au-concept-smart-city\/88807\/\" \/>\n<meta property=\"og:locale\" content=\"it_IT\" \/>\n<meta property=\"og:type\" content=\"article\" \/>\n<meta property=\"og:title\" content=\"En r\u00e9gion centre du Portugal, m\u00eame les cultures locales participent au concept Smart City - Territorial Challenges\" \/>\n<meta property=\"og:description\" content=\"Au Portugal, les municipalit\u00e9s sont de plus en plus conscientes des innovations technologiques capables de construire des villes intelligentes, de promouvoir un mode de vie sain, une utilisation responsable des espaces publics, le d\u00e9veloppement durable et une qualit\u00e9 de vie croissante. Tout cela entra\u00eene de s\u00e9rieux d\u00e9fis pour la gestion municipale, notamment en ce qui [&hellip;]\" \/>\n<meta property=\"og:url\" content=\"https:\/\/territorialchallenges.com\/it\/2021\/11\/01\/en-region-centre-du-portugal-meme-les-cultures-locales-participent-au-concept-smart-city\/88807\/\" \/>\n<meta property=\"og:site_name\" content=\"Territorial Challenges\" \/>\n<meta property=\"article:published_time\" content=\"2021-11-01T08:59:37+00:00\" \/>\n<meta property=\"article:modified_time\" content=\"2022-05-02T20:04:01+00:00\" \/>\n<meta property=\"og:image\" content=\"https:\/\/territorialchallenges.com\/wp-content\/uploads\/2021\/02\/smartcitiesimageportugal.jpg\" \/>\n\t<meta property=\"og:image:width\" content=\"1920\" \/>\n\t<meta property=\"og:image:height\" content=\"1279\" \/>\n\t<meta property=\"og:image:type\" content=\"image\/jpeg\" \/>\n<meta name=\"author\" content=\"ni.abdi\" \/>\n<meta name=\"twitter:card\" content=\"summary_large_image\" \/>\n<meta name=\"twitter:creator\" content=\"@Ni.abdi\" \/>\n<meta name=\"twitter:label1\" content=\"Scritto da\" \/>\n\t<meta name=\"twitter:data1\" content=\"ni.abdi\" \/>\n\t<meta name=\"twitter:label2\" content=\"Tempo di lettura stimato\" \/>\n\t<meta name=\"twitter:data2\" content=\"9 minuti\" \/>\n<script type=\"application\/ld+json\" class=\"yoast-schema-graph\">{\"@context\":\"https:\/\/schema.org\",\"@graph\":[{\"@type\":\"Article\",\"@id\":\"https:\/\/territorialchallenges.com\/2021\/11\/01\/en-region-centre-du-portugal-meme-les-cultures-locales-participent-au-concept-smart-city\/88807\/#article\",\"isPartOf\":{\"@id\":\"https:\/\/territorialchallenges.com\/2021\/11\/01\/en-region-centre-du-portugal-meme-les-cultures-locales-participent-au-concept-smart-city\/88807\/\"},\"author\":{\"name\":\"ni.abdi\",\"@id\":\"https:\/\/territorialchallenges.com\/#\/schema\/person\/098f145c7c61a021c425e010f840080f\"},\"headline\":\"En r\u00e9gion centre du Portugal, m\u00eame les cultures locales participent au concept Smart City\",\"datePublished\":\"2021-11-01T08:59:37+00:00\",\"dateModified\":\"2022-05-02T20:04:01+00:00\",\"mainEntityOfPage\":{\"@id\":\"https:\/\/territorialchallenges.com\/2021\/11\/01\/en-region-centre-du-portugal-meme-les-cultures-locales-participent-au-concept-smart-city\/88807\/\"},\"wordCount\":1797,\"commentCount\":0,\"publisher\":{\"@id\":\"https:\/\/territorialchallenges.com\/#organization\"},\"articleSection\":[\"Territoires Intelligents\",\"Actualit\u00e9 Europe\"],\"inLanguage\":\"it-IT\"},{\"@type\":\"WebPage\",\"@id\":\"https:\/\/territorialchallenges.com\/2021\/11\/01\/en-region-centre-du-portugal-meme-les-cultures-locales-participent-au-concept-smart-city\/88807\/\",\"url\":\"https:\/\/territorialchallenges.com\/2021\/11\/01\/en-region-centre-du-portugal-meme-les-cultures-locales-participent-au-concept-smart-city\/88807\/\",\"name\":\"En r\u00e9gion centre du Portugal, m\u00eame les cultures locales participent au concept Smart City - Territorial Challenges\",\"isPartOf\":{\"@id\":\"https:\/\/territorialchallenges.com\/#website\"},\"datePublished\":\"2021-11-01T08:59:37+00:00\",\"dateModified\":\"2022-05-02T20:04:01+00:00\",\"breadcrumb\":{\"@id\":\"https:\/\/territorialchallenges.com\/2021\/11\/01\/en-region-centre-du-portugal-meme-les-cultures-locales-participent-au-concept-smart-city\/88807\/#breadcrumb\"},\"inLanguage\":\"it-IT\",\"potentialAction\":[{\"@type\":\"ReadAction\",\"target\":[\"https:\/\/territorialchallenges.com\/2021\/11\/01\/en-region-centre-du-portugal-meme-les-cultures-locales-participent-au-concept-smart-city\/88807\/\"]}]},{\"@type\":\"BreadcrumbList\",\"@id\":\"https:\/\/territorialchallenges.com\/2021\/11\/01\/en-region-centre-du-portugal-meme-les-cultures-locales-participent-au-concept-smart-city\/88807\/#breadcrumb\",\"itemListElement\":[{\"@type\":\"ListItem\",\"position\":1,\"name\":\"Home\",\"item\":\"https:\/\/territorialchallenges.com\/\"},{\"@type\":\"ListItem\",\"position\":2,\"name\":\"En r\u00e9gion centre du Portugal, m\u00eame les cultures locales participent au concept Smart City\"}]},{\"@type\":\"WebSite\",\"@id\":\"https:\/\/territorialchallenges.com\/#website\",\"url\":\"https:\/\/territorialchallenges.com\/\",\"name\":\"Territorial Challenges\",\"description\":\"Veille Internationale - Strat\u00e9gie Intelligentes - Bonnes pratiques\",\"publisher\":{\"@id\":\"https:\/\/territorialchallenges.com\/#organization\"},\"potentialAction\":[{\"@type\":\"SearchAction\",\"target\":{\"@type\":\"EntryPoint\",\"urlTemplate\":\"https:\/\/territorialchallenges.com\/?s={search_term_string}\"},\"query-input\":\"required name=search_term_string\"}],\"inLanguage\":\"it-IT\"},{\"@type\":\"Organization\",\"@id\":\"https:\/\/territorialchallenges.com\/#organization\",\"name\":\"Territorial Challenges\",\"url\":\"https:\/\/territorialchallenges.com\/\",\"logo\":{\"@type\":\"ImageObject\",\"inLanguage\":\"it-IT\",\"@id\":\"https:\/\/territorialchallenges.com\/#\/schema\/logo\/image\/\",\"url\":\"https:\/\/territorialchallenges.com\/wp-content\/uploads\/2023\/10\/logo-1.png\",\"contentUrl\":\"https:\/\/territorialchallenges.com\/wp-content\/uploads\/2023\/10\/logo-1.png\",\"width\":1832,\"height\":576,\"caption\":\"Territorial Challenges\"},\"image\":{\"@id\":\"https:\/\/territorialchallenges.com\/#\/schema\/logo\/image\/\"}},{\"@type\":\"Person\",\"@id\":\"https:\/\/territorialchallenges.com\/#\/schema\/person\/098f145c7c61a021c425e010f840080f\",\"name\":\"ni.abdi\",\"image\":{\"@type\":\"ImageObject\",\"inLanguage\":\"it-IT\",\"@id\":\"https:\/\/territorialchallenges.com\/#\/schema\/person\/image\/\",\"url\":\"https:\/\/secure.gravatar.com\/avatar\/2a2f2491f3c80039986ba989b1e4b510?s=96&d=identicon&r=g\",\"contentUrl\":\"https:\/\/secure.gravatar.com\/avatar\/2a2f2491f3c80039986ba989b1e4b510?s=96&d=identicon&r=g\",\"caption\":\"ni.abdi\"},\"sameAs\":[\"https:\/\/twitter.com\/Ni.abdi\"],\"url\":\"https:\/\/territorialchallenges.com\/it\/author\/ni-abdi\/\"}]}<\/script>\n<!-- \/ Yoast SEO plugin. -->","yoast_head_json":{"title":"En r\u00e9gion centre du Portugal, m\u00eame les cultures locales participent au concept Smart City - Territorial Challenges","robots":{"index":"index","follow":"follow","max-snippet":"max-snippet:-1","max-image-preview":"max-image-preview:large","max-video-preview":"max-video-preview:-1"},"canonical":"https:\/\/territorialchallenges.com\/it\/2021\/11\/01\/en-region-centre-du-portugal-meme-les-cultures-locales-participent-au-concept-smart-city\/88807\/","og_locale":"it_IT","og_type":"article","og_title":"En r\u00e9gion centre du Portugal, m\u00eame les cultures locales participent au concept Smart City - Territorial Challenges","og_description":"Au Portugal, les municipalit\u00e9s sont de plus en plus conscientes des innovations technologiques capables de construire des villes intelligentes, de promouvoir un mode de vie sain, une utilisation responsable des espaces publics, le d\u00e9veloppement durable et une qualit\u00e9 de vie croissante. Tout cela entra\u00eene de s\u00e9rieux d\u00e9fis pour la gestion municipale, notamment en ce qui [&hellip;]","og_url":"https:\/\/territorialchallenges.com\/it\/2021\/11\/01\/en-region-centre-du-portugal-meme-les-cultures-locales-participent-au-concept-smart-city\/88807\/","og_site_name":"Territorial Challenges","article_published_time":"2021-11-01T08:59:37+00:00","article_modified_time":"2022-05-02T20:04:01+00:00","og_image":[{"width":1920,"height":1279,"url":"https:\/\/territorialchallenges.com\/wp-content\/uploads\/2021\/02\/smartcitiesimageportugal.jpg","type":"image\/jpeg"}],"author":"ni.abdi","twitter_card":"summary_large_image","twitter_creator":"@Ni.abdi","twitter_misc":{"Scritto da":"ni.abdi","Tempo di lettura stimato":"9 minuti"},"schema":{"@context":"https:\/\/schema.org","@graph":[{"@type":"Article","@id":"https:\/\/territorialchallenges.com\/2021\/11\/01\/en-region-centre-du-portugal-meme-les-cultures-locales-participent-au-concept-smart-city\/88807\/#article","isPartOf":{"@id":"https:\/\/territorialchallenges.com\/2021\/11\/01\/en-region-centre-du-portugal-meme-les-cultures-locales-participent-au-concept-smart-city\/88807\/"},"author":{"name":"ni.abdi","@id":"https:\/\/territorialchallenges.com\/#\/schema\/person\/098f145c7c61a021c425e010f840080f"},"headline":"En r\u00e9gion centre du Portugal, m\u00eame les cultures locales participent au concept Smart City","datePublished":"2021-11-01T08:59:37+00:00","dateModified":"2022-05-02T20:04:01+00:00","mainEntityOfPage":{"@id":"https:\/\/territorialchallenges.com\/2021\/11\/01\/en-region-centre-du-portugal-meme-les-cultures-locales-participent-au-concept-smart-city\/88807\/"},"wordCount":1797,"commentCount":0,"publisher":{"@id":"https:\/\/territorialchallenges.com\/#organization"},"articleSection":["Territoires Intelligents","Actualit\u00e9 Europe"],"inLanguage":"it-IT"},{"@type":"WebPage","@id":"https:\/\/territorialchallenges.com\/2021\/11\/01\/en-region-centre-du-portugal-meme-les-cultures-locales-participent-au-concept-smart-city\/88807\/","url":"https:\/\/territorialchallenges.com\/2021\/11\/01\/en-region-centre-du-portugal-meme-les-cultures-locales-participent-au-concept-smart-city\/88807\/","name":"En r\u00e9gion centre du Portugal, m\u00eame les cultures locales participent au concept Smart City - Territorial Challenges","isPartOf":{"@id":"https:\/\/territorialchallenges.com\/#website"},"datePublished":"2021-11-01T08:59:37+00:00","dateModified":"2022-05-02T20:04:01+00:00","breadcrumb":{"@id":"https:\/\/territorialchallenges.com\/2021\/11\/01\/en-region-centre-du-portugal-meme-les-cultures-locales-participent-au-concept-smart-city\/88807\/#breadcrumb"},"inLanguage":"it-IT","potentialAction":[{"@type":"ReadAction","target":["https:\/\/territorialchallenges.com\/2021\/11\/01\/en-region-centre-du-portugal-meme-les-cultures-locales-participent-au-concept-smart-city\/88807\/"]}]},{"@type":"BreadcrumbList","@id":"https:\/\/territorialchallenges.com\/2021\/11\/01\/en-region-centre-du-portugal-meme-les-cultures-locales-participent-au-concept-smart-city\/88807\/#breadcrumb","itemListElement":[{"@type":"ListItem","position":1,"name":"Home","item":"https:\/\/territorialchallenges.com\/"},{"@type":"ListItem","position":2,"name":"En r\u00e9gion centre du Portugal, m\u00eame les cultures locales participent au concept Smart City"}]},{"@type":"WebSite","@id":"https:\/\/territorialchallenges.com\/#website","url":"https:\/\/territorialchallenges.com\/","name":"Sfide territoriali","description":"Monitoraggio internazionale - Strategie intelligenti - Migliori pratiche","publisher":{"@id":"https:\/\/territorialchallenges.com\/#organization"},"potentialAction":[{"@type":"SearchAction","target":{"@type":"EntryPoint","urlTemplate":"https:\/\/territorialchallenges.com\/?s={search_term_string}"},"query-input":"required name=search_term_string"}],"inLanguage":"it-IT"},{"@type":"Organization","@id":"https:\/\/territorialchallenges.com\/#organization","name":"Sfide territoriali","url":"https:\/\/territorialchallenges.com\/","logo":{"@type":"ImageObject","inLanguage":"it-IT","@id":"https:\/\/territorialchallenges.com\/#\/schema\/logo\/image\/","url":"https:\/\/territorialchallenges.com\/wp-content\/uploads\/2023\/10\/logo-1.png","contentUrl":"https:\/\/territorialchallenges.com\/wp-content\/uploads\/2023\/10\/logo-1.png","width":1832,"height":576,"caption":"Territorial Challenges"},"image":{"@id":"https:\/\/territorialchallenges.com\/#\/schema\/logo\/image\/"}},{"@type":"Person","@id":"https:\/\/territorialchallenges.com\/#\/schema\/person\/098f145c7c61a021c425e010f840080f","name":"ni.abdi","image":{"@type":"ImageObject","inLanguage":"it-IT","@id":"https:\/\/territorialchallenges.com\/#\/schema\/person\/image\/","url":"https:\/\/secure.gravatar.com\/avatar\/2a2f2491f3c80039986ba989b1e4b510?s=96&d=identicon&r=g","contentUrl":"https:\/\/secure.gravatar.com\/avatar\/2a2f2491f3c80039986ba989b1e4b510?s=96&d=identicon&r=g","caption":"ni.abdi"},"sameAs":["https:\/\/twitter.com\/Ni.abdi"],"url":"https:\/\/territorialchallenges.com\/it\/author\/ni-abdi\/"}]}},"_links":{"self":[{"href":"https:\/\/territorialchallenges.com\/it\/wp-json\/wp\/v2\/posts\/88807"}],"collection":[{"href":"https:\/\/territorialchallenges.com\/it\/wp-json\/wp\/v2\/posts"}],"about":[{"href":"https:\/\/territorialchallenges.com\/it\/wp-json\/wp\/v2\/types\/post"}],"author":[{"embeddable":true,"href":"https:\/\/territorialchallenges.com\/it\/wp-json\/wp\/v2\/users\/11"}],"replies":[{"embeddable":true,"href":"https:\/\/territorialchallenges.com\/it\/wp-json\/wp\/v2\/comments?post=88807"}],"version-history":[{"count":1,"href":"https:\/\/territorialchallenges.com\/it\/wp-json\/wp\/v2\/posts\/88807\/revisions"}],"predecessor-version":[{"id":88812,"href":"https:\/\/territorialchallenges.com\/it\/wp-json\/wp\/v2\/posts\/88807\/revisions\/88812"}],"wp:featuredmedia":[{"embeddable":true,"href":"https:\/\/territorialchallenges.com\/it\/wp-json\/wp\/v2\/media\/88808"}],"wp:attachment":[{"href":"https:\/\/territorialchallenges.com\/it\/wp-json\/wp\/v2\/media?parent=88807"}],"wp:term":[{"taxonomy":"category","embeddable":true,"href":"https:\/\/territorialchallenges.com\/it\/wp-json\/wp\/v2\/categories?post=88807"},{"taxonomy":"post_tag","embeddable":true,"href":"https:\/\/territorialchallenges.com\/it\/wp-json\/wp\/v2\/tags?post=88807"}],"curies":[{"name":"parola chiave","href":"https:\/\/api.w.org\/{rel}","templated":true}]}}