{"id":86899,"date":"2021-10-02T18:14:19","date_gmt":"2021-10-02T16:14:19","guid":{"rendered":"https:\/\/territorialchallenges.com\/?p=86899"},"modified":"2022-05-03T10:08:17","modified_gmt":"2022-05-03T08:08:17","slug":"2020-est-elle-lannee-de-lhydrogene-vert","status":"publish","type":"post","link":"https:\/\/territorialchallenges.com\/it\/2021\/10\/02\/2020-est-elle-lannee-de-lhydrogene-vert\/86899\/","title":{"rendered":"Il 2020 sar\u00e0 l\u2019anno dell\u2019idrogeno \u201cverde\u201d?"},"content":{"rendered":"<p>Poich\u00e9 il 2020 rimane l&#039;anno dei rischi per la salute, l&#039;ambizione di mitigare il cambiamento climatico si \u00e8 intensificata. La &quot;ripresa verde&quot; si \u00e8 affermata come approccio privilegiato per alimentare le economie in declino, affrontando la sfida senza precedenti del cambiamento climatico e investendo in settori che emergono da una prova economica senza precedenti. <\/p>\n<div class=\"pmpro_content_message\">Articolo disponibile solo per gli abbonati.<br \/><a href=\"https:\/\/territorialchallenges.com\/wp-login.php\">Login<\/a><br \/><a href=\"https:\/\/territorialchallenges.com\/it\/wp-login.php\/?action=register\">Registro<\/a><\/div>","protected":false},"excerpt":{"rendered":"<p>Alors que 2020 reste l&rsquo;ann\u00e9e de tous les dangers sanitaires, l&rsquo;ambition d&rsquo;att\u00e9nuation du changement climatique s&rsquo;est intensifi\u00e9e. La \u00ab reprise verte \u00bb est apparue comme une approche privil\u00e9gi\u00e9e pour alimenter les \u00e9conomies en d\u00e9clin &#8211; relever le d\u00e9fi sans pr\u00e9c\u00e9dent du changement climatique pour investir dans les secteurs pour sortir d&rsquo;un test \u00e9conomique sans \u00e9gal.... <\/p>\n<div class=\"pmpro_content_message\">Articolo disponibile solo per gli abbonati.<br \/><a href=\"https:\/\/territorialchallenges.com\/wp-login.php\">Login<\/a><br \/><a href=\"https:\/\/territorialchallenges.com\/it\/wp-login.php\/?action=register\">Registro<\/a><\/div>","protected":false},"author":11,"featured_media":86900,"comment_status":"open","ping_status":"open","sticky":true,"template":"","format":"standard","meta":{"pmpro_default_level":0,"footnotes":""},"categories":[18,127],"tags":[],"blocksy_meta":"","yoast_head":"<!-- This site is optimized with the Yoast SEO plugin v21.5 - https:\/\/yoast.com\/wordpress\/plugins\/seo\/ -->\n<title>2020 est-elle l&#039;ann\u00e9e de l&#039;hydrog\u00e8ne \u00ab vert \u00bb - Territorial Challenges<\/title>\n<meta name=\"robots\" content=\"index, follow, max-snippet:-1, max-image-preview:large, max-video-preview:-1\" \/>\n<link rel=\"canonical\" href=\"https:\/\/territorialchallenges.com\/it\/2021\/10\/02\/2020-est-elle-lannee-de-lhydrogene-vert\/86899\/\" \/>\n<meta property=\"og:locale\" content=\"it_IT\" \/>\n<meta property=\"og:type\" content=\"article\" \/>\n<meta property=\"og:title\" content=\"2020 est-elle l&#039;ann\u00e9e de l&#039;hydrog\u00e8ne \u00ab vert \u00bb - Territorial Challenges\" \/>\n<meta property=\"og:description\" content=\"Alors que 2020 reste l&rsquo;ann\u00e9e de tous les dangers sanitaires, l&rsquo;ambition d&rsquo;att\u00e9nuation du changement climatique s&rsquo;est intensifi\u00e9e. La \u00ab reprise verte \u00bb est apparue comme une approche privil\u00e9gi\u00e9e pour alimenter les \u00e9conomies en d\u00e9clin &#8211; relever le d\u00e9fi sans pr\u00e9c\u00e9dent du changement climatique pour investir dans les secteurs pour sortir d&rsquo;un test \u00e9conomique sans \u00e9gal. [&hellip;]\" \/>\n<meta property=\"og:url\" content=\"https:\/\/territorialchallenges.com\/it\/2021\/10\/02\/2020-est-elle-lannee-de-lhydrogene-vert\/86899\/\" \/>\n<meta property=\"og:site_name\" content=\"Territorial Challenges\" \/>\n<meta property=\"article:published_time\" content=\"2021-10-02T16:14:19+00:00\" \/>\n<meta property=\"article:modified_time\" content=\"2022-05-03T08:08:17+00:00\" \/>\n<meta property=\"og:image\" content=\"https:\/\/territorialchallenges.com\/wp-content\/uploads\/2021\/01\/smartenergyimage311220.jpg\" \/>\n\t<meta property=\"og:image:width\" content=\"1920\" \/>\n\t<meta property=\"og:image:height\" content=\"1556\" \/>\n\t<meta property=\"og:image:type\" content=\"image\/jpeg\" \/>\n<meta name=\"author\" content=\"ni.abdi\" \/>\n<meta name=\"twitter:card\" content=\"summary_large_image\" \/>\n<meta name=\"twitter:creator\" content=\"@Ni.abdi\" \/>\n<meta name=\"twitter:label1\" content=\"Scritto da\" \/>\n\t<meta name=\"twitter:data1\" content=\"ni.abdi\" \/>\n\t<meta name=\"twitter:label2\" content=\"Tempo di lettura stimato\" \/>\n\t<meta name=\"twitter:data2\" content=\"3 minuti\" \/>\n<script type=\"application\/ld+json\" class=\"yoast-schema-graph\">{\"@context\":\"https:\/\/schema.org\",\"@graph\":[{\"@type\":\"Article\",\"@id\":\"https:\/\/territorialchallenges.com\/2021\/10\/02\/2020-est-elle-lannee-de-lhydrogene-vert\/86899\/#article\",\"isPartOf\":{\"@id\":\"https:\/\/territorialchallenges.com\/2021\/10\/02\/2020-est-elle-lannee-de-lhydrogene-vert\/86899\/\"},\"author\":{\"name\":\"ni.abdi\",\"@id\":\"https:\/\/territorialchallenges.com\/#\/schema\/person\/098f145c7c61a021c425e010f840080f\"},\"headline\":\"2020 est-elle l&rsquo;ann\u00e9e de l&rsquo;hydrog\u00e8ne \u00ab vert \u00bb\",\"datePublished\":\"2021-10-02T16:14:19+00:00\",\"dateModified\":\"2022-05-03T08:08:17+00:00\",\"mainEntityOfPage\":{\"@id\":\"https:\/\/territorialchallenges.com\/2021\/10\/02\/2020-est-elle-lannee-de-lhydrogene-vert\/86899\/\"},\"wordCount\":627,\"commentCount\":0,\"publisher\":{\"@id\":\"https:\/\/territorialchallenges.com\/#organization\"},\"articleSection\":[\"Transition \u00c9nerg\u00e9tique\",\"Actualit\u00e9 Europe\"],\"inLanguage\":\"it-IT\"},{\"@type\":\"WebPage\",\"@id\":\"https:\/\/territorialchallenges.com\/2021\/10\/02\/2020-est-elle-lannee-de-lhydrogene-vert\/86899\/\",\"url\":\"https:\/\/territorialchallenges.com\/2021\/10\/02\/2020-est-elle-lannee-de-lhydrogene-vert\/86899\/\",\"name\":\"2020 est-elle l'ann\u00e9e de l'hydrog\u00e8ne \u00ab vert \u00bb - Territorial Challenges\",\"isPartOf\":{\"@id\":\"https:\/\/territorialchallenges.com\/#website\"},\"datePublished\":\"2021-10-02T16:14:19+00:00\",\"dateModified\":\"2022-05-03T08:08:17+00:00\",\"breadcrumb\":{\"@id\":\"https:\/\/territorialchallenges.com\/2021\/10\/02\/2020-est-elle-lannee-de-lhydrogene-vert\/86899\/#breadcrumb\"},\"inLanguage\":\"it-IT\",\"potentialAction\":[{\"@type\":\"ReadAction\",\"target\":[\"https:\/\/territorialchallenges.com\/2021\/10\/02\/2020-est-elle-lannee-de-lhydrogene-vert\/86899\/\"]}]},{\"@type\":\"BreadcrumbList\",\"@id\":\"https:\/\/territorialchallenges.com\/2021\/10\/02\/2020-est-elle-lannee-de-lhydrogene-vert\/86899\/#breadcrumb\",\"itemListElement\":[{\"@type\":\"ListItem\",\"position\":1,\"name\":\"Home\",\"item\":\"https:\/\/territorialchallenges.com\/\"},{\"@type\":\"ListItem\",\"position\":2,\"name\":\"2020 est-elle l&rsquo;ann\u00e9e de l&rsquo;hydrog\u00e8ne \u00ab vert \u00bb\"}]},{\"@type\":\"WebSite\",\"@id\":\"https:\/\/territorialchallenges.com\/#website\",\"url\":\"https:\/\/territorialchallenges.com\/\",\"name\":\"Territorial Challenges\",\"description\":\"Veille Internationale - Strat\u00e9gie Intelligentes - Bonnes pratiques\",\"publisher\":{\"@id\":\"https:\/\/territorialchallenges.com\/#organization\"},\"potentialAction\":[{\"@type\":\"SearchAction\",\"target\":{\"@type\":\"EntryPoint\",\"urlTemplate\":\"https:\/\/territorialchallenges.com\/?s={search_term_string}\"},\"query-input\":\"required name=search_term_string\"}],\"inLanguage\":\"it-IT\"},{\"@type\":\"Organization\",\"@id\":\"https:\/\/territorialchallenges.com\/#organization\",\"name\":\"Territorial Challenges\",\"url\":\"https:\/\/territorialchallenges.com\/\",\"logo\":{\"@type\":\"ImageObject\",\"inLanguage\":\"it-IT\",\"@id\":\"https:\/\/territorialchallenges.com\/#\/schema\/logo\/image\/\",\"url\":\"https:\/\/territorialchallenges.com\/wp-content\/uploads\/2023\/10\/logo-1.png\",\"contentUrl\":\"https:\/\/territorialchallenges.com\/wp-content\/uploads\/2023\/10\/logo-1.png\",\"width\":1832,\"height\":576,\"caption\":\"Territorial Challenges\"},\"image\":{\"@id\":\"https:\/\/territorialchallenges.com\/#\/schema\/logo\/image\/\"}},{\"@type\":\"Person\",\"@id\":\"https:\/\/territorialchallenges.com\/#\/schema\/person\/098f145c7c61a021c425e010f840080f\",\"name\":\"ni.abdi\",\"image\":{\"@type\":\"ImageObject\",\"inLanguage\":\"it-IT\",\"@id\":\"https:\/\/territorialchallenges.com\/#\/schema\/person\/image\/\",\"url\":\"https:\/\/secure.gravatar.com\/avatar\/2a2f2491f3c80039986ba989b1e4b510?s=96&d=identicon&r=g\",\"contentUrl\":\"https:\/\/secure.gravatar.com\/avatar\/2a2f2491f3c80039986ba989b1e4b510?s=96&d=identicon&r=g\",\"caption\":\"ni.abdi\"},\"sameAs\":[\"https:\/\/twitter.com\/Ni.abdi\"],\"url\":\"https:\/\/territorialchallenges.com\/it\/author\/ni-abdi\/\"}]}<\/script>\n<!-- \/ Yoast SEO plugin. -->","yoast_head_json":{"title":"2020 est-elle l'ann\u00e9e de l'hydrog\u00e8ne \u00ab vert \u00bb - Territorial Challenges","robots":{"index":"index","follow":"follow","max-snippet":"max-snippet:-1","max-image-preview":"max-image-preview:large","max-video-preview":"max-video-preview:-1"},"canonical":"https:\/\/territorialchallenges.com\/it\/2021\/10\/02\/2020-est-elle-lannee-de-lhydrogene-vert\/86899\/","og_locale":"it_IT","og_type":"article","og_title":"2020 est-elle l'ann\u00e9e de l'hydrog\u00e8ne \u00ab vert \u00bb - Territorial Challenges","og_description":"Alors que 2020 reste l&rsquo;ann\u00e9e de tous les dangers sanitaires, l&rsquo;ambition d&rsquo;att\u00e9nuation du changement climatique s&rsquo;est intensifi\u00e9e. La \u00ab reprise verte \u00bb est apparue comme une approche privil\u00e9gi\u00e9e pour alimenter les \u00e9conomies en d\u00e9clin &#8211; relever le d\u00e9fi sans pr\u00e9c\u00e9dent du changement climatique pour investir dans les secteurs pour sortir d&rsquo;un test \u00e9conomique sans \u00e9gal. [&hellip;]","og_url":"https:\/\/territorialchallenges.com\/it\/2021\/10\/02\/2020-est-elle-lannee-de-lhydrogene-vert\/86899\/","og_site_name":"Territorial Challenges","article_published_time":"2021-10-02T16:14:19+00:00","article_modified_time":"2022-05-03T08:08:17+00:00","og_image":[{"width":1920,"height":1556,"url":"https:\/\/territorialchallenges.com\/wp-content\/uploads\/2021\/01\/smartenergyimage311220.jpg","type":"image\/jpeg"}],"author":"ni.abdi","twitter_card":"summary_large_image","twitter_creator":"@Ni.abdi","twitter_misc":{"Scritto da":"ni.abdi","Tempo di lettura stimato":"3 minuti"},"schema":{"@context":"https:\/\/schema.org","@graph":[{"@type":"Article","@id":"https:\/\/territorialchallenges.com\/2021\/10\/02\/2020-est-elle-lannee-de-lhydrogene-vert\/86899\/#article","isPartOf":{"@id":"https:\/\/territorialchallenges.com\/2021\/10\/02\/2020-est-elle-lannee-de-lhydrogene-vert\/86899\/"},"author":{"name":"ni.abdi","@id":"https:\/\/territorialchallenges.com\/#\/schema\/person\/098f145c7c61a021c425e010f840080f"},"headline":"2020 est-elle l&rsquo;ann\u00e9e de l&rsquo;hydrog\u00e8ne \u00ab vert \u00bb","datePublished":"2021-10-02T16:14:19+00:00","dateModified":"2022-05-03T08:08:17+00:00","mainEntityOfPage":{"@id":"https:\/\/territorialchallenges.com\/2021\/10\/02\/2020-est-elle-lannee-de-lhydrogene-vert\/86899\/"},"wordCount":627,"commentCount":0,"publisher":{"@id":"https:\/\/territorialchallenges.com\/#organization"},"articleSection":["Transition \u00c9nerg\u00e9tique","Actualit\u00e9 Europe"],"inLanguage":"it-IT"},{"@type":"WebPage","@id":"https:\/\/territorialchallenges.com\/2021\/10\/02\/2020-est-elle-lannee-de-lhydrogene-vert\/86899\/","url":"https:\/\/territorialchallenges.com\/2021\/10\/02\/2020-est-elle-lannee-de-lhydrogene-vert\/86899\/","name":"2020 est-elle l'ann\u00e9e de l'hydrog\u00e8ne \u00ab vert \u00bb - Territorial Challenges","isPartOf":{"@id":"https:\/\/territorialchallenges.com\/#website"},"datePublished":"2021-10-02T16:14:19+00:00","dateModified":"2022-05-03T08:08:17+00:00","breadcrumb":{"@id":"https:\/\/territorialchallenges.com\/2021\/10\/02\/2020-est-elle-lannee-de-lhydrogene-vert\/86899\/#breadcrumb"},"inLanguage":"it-IT","potentialAction":[{"@type":"ReadAction","target":["https:\/\/territorialchallenges.com\/2021\/10\/02\/2020-est-elle-lannee-de-lhydrogene-vert\/86899\/"]}]},{"@type":"BreadcrumbList","@id":"https:\/\/territorialchallenges.com\/2021\/10\/02\/2020-est-elle-lannee-de-lhydrogene-vert\/86899\/#breadcrumb","itemListElement":[{"@type":"ListItem","position":1,"name":"Home","item":"https:\/\/territorialchallenges.com\/"},{"@type":"ListItem","position":2,"name":"2020 est-elle l&rsquo;ann\u00e9e de l&rsquo;hydrog\u00e8ne \u00ab vert \u00bb"}]},{"@type":"WebSite","@id":"https:\/\/territorialchallenges.com\/#website","url":"https:\/\/territorialchallenges.com\/","name":"Sfide territoriali","description":"Monitoraggio internazionale - Strategie intelligenti - Migliori pratiche","publisher":{"@id":"https:\/\/territorialchallenges.com\/#organization"},"potentialAction":[{"@type":"SearchAction","target":{"@type":"EntryPoint","urlTemplate":"https:\/\/territorialchallenges.com\/?s={search_term_string}"},"query-input":"required name=search_term_string"}],"inLanguage":"it-IT"},{"@type":"Organization","@id":"https:\/\/territorialchallenges.com\/#organization","name":"Sfide territoriali","url":"https:\/\/territorialchallenges.com\/","logo":{"@type":"ImageObject","inLanguage":"it-IT","@id":"https:\/\/territorialchallenges.com\/#\/schema\/logo\/image\/","url":"https:\/\/territorialchallenges.com\/wp-content\/uploads\/2023\/10\/logo-1.png","contentUrl":"https:\/\/territorialchallenges.com\/wp-content\/uploads\/2023\/10\/logo-1.png","width":1832,"height":576,"caption":"Territorial Challenges"},"image":{"@id":"https:\/\/territorialchallenges.com\/#\/schema\/logo\/image\/"}},{"@type":"Person","@id":"https:\/\/territorialchallenges.com\/#\/schema\/person\/098f145c7c61a021c425e010f840080f","name":"ni.abdi","image":{"@type":"ImageObject","inLanguage":"it-IT","@id":"https:\/\/territorialchallenges.com\/#\/schema\/person\/image\/","url":"https:\/\/secure.gravatar.com\/avatar\/2a2f2491f3c80039986ba989b1e4b510?s=96&d=identicon&r=g","contentUrl":"https:\/\/secure.gravatar.com\/avatar\/2a2f2491f3c80039986ba989b1e4b510?s=96&d=identicon&r=g","caption":"ni.abdi"},"sameAs":["https:\/\/twitter.com\/Ni.abdi"],"url":"https:\/\/territorialchallenges.com\/it\/author\/ni-abdi\/"}]}},"_links":{"self":[{"href":"https:\/\/territorialchallenges.com\/it\/wp-json\/wp\/v2\/posts\/86899"}],"collection":[{"href":"https:\/\/territorialchallenges.com\/it\/wp-json\/wp\/v2\/posts"}],"about":[{"href":"https:\/\/territorialchallenges.com\/it\/wp-json\/wp\/v2\/types\/post"}],"author":[{"embeddable":true,"href":"https:\/\/territorialchallenges.com\/it\/wp-json\/wp\/v2\/users\/11"}],"replies":[{"embeddable":true,"href":"https:\/\/territorialchallenges.com\/it\/wp-json\/wp\/v2\/comments?post=86899"}],"version-history":[{"count":1,"href":"https:\/\/territorialchallenges.com\/it\/wp-json\/wp\/v2\/posts\/86899\/revisions"}],"predecessor-version":[{"id":86904,"href":"https:\/\/territorialchallenges.com\/it\/wp-json\/wp\/v2\/posts\/86899\/revisions\/86904"}],"wp:featuredmedia":[{"embeddable":true,"href":"https:\/\/territorialchallenges.com\/it\/wp-json\/wp\/v2\/media\/86900"}],"wp:attachment":[{"href":"https:\/\/territorialchallenges.com\/it\/wp-json\/wp\/v2\/media?parent=86899"}],"wp:term":[{"taxonomy":"category","embeddable":true,"href":"https:\/\/territorialchallenges.com\/it\/wp-json\/wp\/v2\/categories?post=86899"},{"taxonomy":"post_tag","embeddable":true,"href":"https:\/\/territorialchallenges.com\/it\/wp-json\/wp\/v2\/tags?post=86899"}],"curies":[{"name":"parola chiave","href":"https:\/\/api.w.org\/{rel}","templated":true}]}}