{"id":86777,"date":"2021-09-13T22:51:58","date_gmt":"2021-09-13T20:51:58","guid":{"rendered":"https:\/\/territorialchallenges.com\/?p=86777"},"modified":"2022-05-03T10:12:50","modified_gmt":"2022-05-03T08:12:50","slug":"les-villes-deviennent-de-plus-en-plus-intelligentes-et-lisbonne-veut-suivre-la-tendance","status":"publish","type":"post","link":"https:\/\/territorialchallenges.com\/it\/2021\/09\/13\/les-villes-deviennent-de-plus-en-plus-intelligentes-et-lisbonne-veut-suivre-la-tendance\/86777\/","title":{"rendered":"Le citt\u00e0 stanno diventando pi\u00f9 intelligenti e Lisbona vuole seguire la tendenza"},"content":{"rendered":"<p>Mentre l&#039;intelligenza artificiale diventa sempre pi\u00f9 presente nella vita dei cittadini, a Lisbona l&#039;adattamento alla pandemia \u00e8 stato uno dei punti chiave e il comune promette di rivoluzionare il concetto di citt\u00e0 cos\u00ec come lo conosciamo. Durante la sessione &quot;Lisbona: una citt\u00e0 intelligente&quot; sul canale\u2026 <\/p>\n<div class=\"pmpro_content_message\">Articolo disponibile solo per gli abbonati.<br \/><a href=\"https:\/\/territorialchallenges.com\/wp-login.php\">Login<\/a><br \/><a href=\"https:\/\/territorialchallenges.com\/it\/wp-login.php\/?action=register\">Registro<\/a><\/div>","protected":false},"excerpt":{"rendered":"<p>Alors que l&rsquo;intelligence artificielle devient de plus en plus pr\u00e9sente dans les vies des citoyens, \u00e0 Lisbonne, l&rsquo;adaptation \u00e0 la pand\u00e9mie a \u00e9t\u00e9 l&rsquo;un des points cl\u00e9s, et la municipalit\u00e9 promet de r\u00e9volutionner le concept de la ville tel que nous la connaissons. Lors de la session \u00ab\u00a0Lisbonne : A Smart City\u00a0\u00bb sur la cha\u00eene... <\/p>\n<div class=\"pmpro_content_message\">Articolo disponibile solo per gli abbonati.<br \/><a href=\"https:\/\/territorialchallenges.com\/wp-login.php\">Login<\/a><br \/><a href=\"https:\/\/territorialchallenges.com\/it\/wp-login.php\/?action=register\">Registro<\/a><\/div>","protected":false},"author":11,"featured_media":86778,"comment_status":"open","ping_status":"open","sticky":true,"template":"","format":"standard","meta":{"pmpro_default_level":0,"footnotes":""},"categories":[120,117],"tags":[],"blocksy_meta":"","yoast_head":"<!-- This site is optimized with the Yoast SEO plugin v21.5 - https:\/\/yoast.com\/wordpress\/plugins\/seo\/ -->\n<title>Les villes deviennent de plus en plus intelligentes et Lisbonne veut suivre la tendance - Territorial Challenges<\/title>\n<meta name=\"robots\" content=\"index, follow, max-snippet:-1, max-image-preview:large, max-video-preview:-1\" \/>\n<link rel=\"canonical\" href=\"https:\/\/territorialchallenges.com\/it\/2021\/09\/13\/les-villes-deviennent-de-plus-en-plus-intelligentes-et-lisbonne-veut-suivre-la-tendance\/86777\/\" \/>\n<meta property=\"og:locale\" content=\"it_IT\" \/>\n<meta property=\"og:type\" content=\"article\" \/>\n<meta property=\"og:title\" content=\"Les villes deviennent de plus en plus intelligentes et Lisbonne veut suivre la tendance - Territorial Challenges\" \/>\n<meta property=\"og:description\" content=\"Alors que l&rsquo;intelligence artificielle devient de plus en plus pr\u00e9sente dans les vies des citoyens, \u00e0 Lisbonne, l&rsquo;adaptation \u00e0 la pand\u00e9mie a \u00e9t\u00e9 l&rsquo;un des points cl\u00e9s, et la municipalit\u00e9 promet de r\u00e9volutionner le concept de la ville tel que nous la connaissons. Lors de la session \u00ab\u00a0Lisbonne : A Smart City\u00a0\u00bb sur la cha\u00eene [&hellip;]\" \/>\n<meta property=\"og:url\" content=\"https:\/\/territorialchallenges.com\/it\/2021\/09\/13\/les-villes-deviennent-de-plus-en-plus-intelligentes-et-lisbonne-veut-suivre-la-tendance\/86777\/\" \/>\n<meta property=\"og:site_name\" content=\"Territorial Challenges\" \/>\n<meta property=\"article:published_time\" content=\"2021-09-13T20:51:58+00:00\" \/>\n<meta property=\"article:modified_time\" content=\"2022-05-03T08:12:50+00:00\" \/>\n<meta property=\"og:image\" content=\"https:\/\/territorialchallenges.com\/wp-content\/uploads\/2020\/12\/ilsestpassealisbon.jpg\" \/>\n\t<meta property=\"og:image:width\" content=\"1920\" \/>\n\t<meta property=\"og:image:height\" content=\"1277\" \/>\n\t<meta property=\"og:image:type\" content=\"image\/jpeg\" \/>\n<meta name=\"author\" content=\"ni.abdi\" \/>\n<meta name=\"twitter:card\" content=\"summary_large_image\" \/>\n<meta name=\"twitter:creator\" content=\"@Ni.abdi\" \/>\n<meta name=\"twitter:label1\" content=\"Scritto da\" \/>\n\t<meta name=\"twitter:data1\" content=\"ni.abdi\" \/>\n\t<meta name=\"twitter:label2\" content=\"Tempo di lettura stimato\" \/>\n\t<meta name=\"twitter:data2\" content=\"2 minuti\" \/>\n<script type=\"application\/ld+json\" class=\"yoast-schema-graph\">{\"@context\":\"https:\/\/schema.org\",\"@graph\":[{\"@type\":\"Article\",\"@id\":\"https:\/\/territorialchallenges.com\/2021\/09\/13\/les-villes-deviennent-de-plus-en-plus-intelligentes-et-lisbonne-veut-suivre-la-tendance\/86777\/#article\",\"isPartOf\":{\"@id\":\"https:\/\/territorialchallenges.com\/2021\/09\/13\/les-villes-deviennent-de-plus-en-plus-intelligentes-et-lisbonne-veut-suivre-la-tendance\/86777\/\"},\"author\":{\"name\":\"ni.abdi\",\"@id\":\"https:\/\/territorialchallenges.com\/#\/schema\/person\/098f145c7c61a021c425e010f840080f\"},\"headline\":\"Les villes deviennent de plus en plus intelligentes et Lisbonne veut suivre la tendance\",\"datePublished\":\"2021-09-13T20:51:58+00:00\",\"dateModified\":\"2022-05-03T08:12:50+00:00\",\"mainEntityOfPage\":{\"@id\":\"https:\/\/territorialchallenges.com\/2021\/09\/13\/les-villes-deviennent-de-plus-en-plus-intelligentes-et-lisbonne-veut-suivre-la-tendance\/86777\/\"},\"wordCount\":435,\"commentCount\":0,\"publisher\":{\"@id\":\"https:\/\/territorialchallenges.com\/#organization\"},\"articleSection\":[\"Il s'est pass\u00e9 \u00e0\",\"\u00c9cosyst\u00e8me\"],\"inLanguage\":\"it-IT\"},{\"@type\":\"WebPage\",\"@id\":\"https:\/\/territorialchallenges.com\/2021\/09\/13\/les-villes-deviennent-de-plus-en-plus-intelligentes-et-lisbonne-veut-suivre-la-tendance\/86777\/\",\"url\":\"https:\/\/territorialchallenges.com\/2021\/09\/13\/les-villes-deviennent-de-plus-en-plus-intelligentes-et-lisbonne-veut-suivre-la-tendance\/86777\/\",\"name\":\"Les villes deviennent de plus en plus intelligentes et Lisbonne veut suivre la tendance - Territorial Challenges\",\"isPartOf\":{\"@id\":\"https:\/\/territorialchallenges.com\/#website\"},\"datePublished\":\"2021-09-13T20:51:58+00:00\",\"dateModified\":\"2022-05-03T08:12:50+00:00\",\"breadcrumb\":{\"@id\":\"https:\/\/territorialchallenges.com\/2021\/09\/13\/les-villes-deviennent-de-plus-en-plus-intelligentes-et-lisbonne-veut-suivre-la-tendance\/86777\/#breadcrumb\"},\"inLanguage\":\"it-IT\",\"potentialAction\":[{\"@type\":\"ReadAction\",\"target\":[\"https:\/\/territorialchallenges.com\/2021\/09\/13\/les-villes-deviennent-de-plus-en-plus-intelligentes-et-lisbonne-veut-suivre-la-tendance\/86777\/\"]}]},{\"@type\":\"BreadcrumbList\",\"@id\":\"https:\/\/territorialchallenges.com\/2021\/09\/13\/les-villes-deviennent-de-plus-en-plus-intelligentes-et-lisbonne-veut-suivre-la-tendance\/86777\/#breadcrumb\",\"itemListElement\":[{\"@type\":\"ListItem\",\"position\":1,\"name\":\"Home\",\"item\":\"https:\/\/territorialchallenges.com\/\"},{\"@type\":\"ListItem\",\"position\":2,\"name\":\"Les villes deviennent de plus en plus intelligentes et Lisbonne veut suivre la tendance\"}]},{\"@type\":\"WebSite\",\"@id\":\"https:\/\/territorialchallenges.com\/#website\",\"url\":\"https:\/\/territorialchallenges.com\/\",\"name\":\"Territorial Challenges\",\"description\":\"Veille Internationale - Strat\u00e9gie Intelligentes - Bonnes pratiques\",\"publisher\":{\"@id\":\"https:\/\/territorialchallenges.com\/#organization\"},\"potentialAction\":[{\"@type\":\"SearchAction\",\"target\":{\"@type\":\"EntryPoint\",\"urlTemplate\":\"https:\/\/territorialchallenges.com\/?s={search_term_string}\"},\"query-input\":\"required name=search_term_string\"}],\"inLanguage\":\"it-IT\"},{\"@type\":\"Organization\",\"@id\":\"https:\/\/territorialchallenges.com\/#organization\",\"name\":\"Territorial Challenges\",\"url\":\"https:\/\/territorialchallenges.com\/\",\"logo\":{\"@type\":\"ImageObject\",\"inLanguage\":\"it-IT\",\"@id\":\"https:\/\/territorialchallenges.com\/#\/schema\/logo\/image\/\",\"url\":\"https:\/\/territorialchallenges.com\/wp-content\/uploads\/2023\/10\/logo-1.png\",\"contentUrl\":\"https:\/\/territorialchallenges.com\/wp-content\/uploads\/2023\/10\/logo-1.png\",\"width\":1832,\"height\":576,\"caption\":\"Territorial Challenges\"},\"image\":{\"@id\":\"https:\/\/territorialchallenges.com\/#\/schema\/logo\/image\/\"}},{\"@type\":\"Person\",\"@id\":\"https:\/\/territorialchallenges.com\/#\/schema\/person\/098f145c7c61a021c425e010f840080f\",\"name\":\"ni.abdi\",\"image\":{\"@type\":\"ImageObject\",\"inLanguage\":\"it-IT\",\"@id\":\"https:\/\/territorialchallenges.com\/#\/schema\/person\/image\/\",\"url\":\"https:\/\/secure.gravatar.com\/avatar\/2a2f2491f3c80039986ba989b1e4b510?s=96&d=identicon&r=g\",\"contentUrl\":\"https:\/\/secure.gravatar.com\/avatar\/2a2f2491f3c80039986ba989b1e4b510?s=96&d=identicon&r=g\",\"caption\":\"ni.abdi\"},\"sameAs\":[\"https:\/\/twitter.com\/Ni.abdi\"],\"url\":\"https:\/\/territorialchallenges.com\/it\/author\/ni-abdi\/\"}]}<\/script>\n<!-- \/ Yoast SEO plugin. -->","yoast_head_json":{"title":"Les villes deviennent de plus en plus intelligentes et Lisbonne veut suivre la tendance - Territorial Challenges","robots":{"index":"index","follow":"follow","max-snippet":"max-snippet:-1","max-image-preview":"max-image-preview:large","max-video-preview":"max-video-preview:-1"},"canonical":"https:\/\/territorialchallenges.com\/it\/2021\/09\/13\/les-villes-deviennent-de-plus-en-plus-intelligentes-et-lisbonne-veut-suivre-la-tendance\/86777\/","og_locale":"it_IT","og_type":"article","og_title":"Les villes deviennent de plus en plus intelligentes et Lisbonne veut suivre la tendance - Territorial Challenges","og_description":"Alors que l&rsquo;intelligence artificielle devient de plus en plus pr\u00e9sente dans les vies des citoyens, \u00e0 Lisbonne, l&rsquo;adaptation \u00e0 la pand\u00e9mie a \u00e9t\u00e9 l&rsquo;un des points cl\u00e9s, et la municipalit\u00e9 promet de r\u00e9volutionner le concept de la ville tel que nous la connaissons. Lors de la session \u00ab\u00a0Lisbonne : A Smart City\u00a0\u00bb sur la cha\u00eene [&hellip;]","og_url":"https:\/\/territorialchallenges.com\/it\/2021\/09\/13\/les-villes-deviennent-de-plus-en-plus-intelligentes-et-lisbonne-veut-suivre-la-tendance\/86777\/","og_site_name":"Territorial Challenges","article_published_time":"2021-09-13T20:51:58+00:00","article_modified_time":"2022-05-03T08:12:50+00:00","og_image":[{"width":1920,"height":1277,"url":"https:\/\/territorialchallenges.com\/wp-content\/uploads\/2020\/12\/ilsestpassealisbon.jpg","type":"image\/jpeg"}],"author":"ni.abdi","twitter_card":"summary_large_image","twitter_creator":"@Ni.abdi","twitter_misc":{"Scritto da":"ni.abdi","Tempo di lettura stimato":"2 minuti"},"schema":{"@context":"https:\/\/schema.org","@graph":[{"@type":"Article","@id":"https:\/\/territorialchallenges.com\/2021\/09\/13\/les-villes-deviennent-de-plus-en-plus-intelligentes-et-lisbonne-veut-suivre-la-tendance\/86777\/#article","isPartOf":{"@id":"https:\/\/territorialchallenges.com\/2021\/09\/13\/les-villes-deviennent-de-plus-en-plus-intelligentes-et-lisbonne-veut-suivre-la-tendance\/86777\/"},"author":{"name":"ni.abdi","@id":"https:\/\/territorialchallenges.com\/#\/schema\/person\/098f145c7c61a021c425e010f840080f"},"headline":"Les villes deviennent de plus en plus intelligentes et Lisbonne veut suivre la tendance","datePublished":"2021-09-13T20:51:58+00:00","dateModified":"2022-05-03T08:12:50+00:00","mainEntityOfPage":{"@id":"https:\/\/territorialchallenges.com\/2021\/09\/13\/les-villes-deviennent-de-plus-en-plus-intelligentes-et-lisbonne-veut-suivre-la-tendance\/86777\/"},"wordCount":435,"commentCount":0,"publisher":{"@id":"https:\/\/territorialchallenges.com\/#organization"},"articleSection":["Il s'est pass\u00e9 \u00e0","\u00c9cosyst\u00e8me"],"inLanguage":"it-IT"},{"@type":"WebPage","@id":"https:\/\/territorialchallenges.com\/2021\/09\/13\/les-villes-deviennent-de-plus-en-plus-intelligentes-et-lisbonne-veut-suivre-la-tendance\/86777\/","url":"https:\/\/territorialchallenges.com\/2021\/09\/13\/les-villes-deviennent-de-plus-en-plus-intelligentes-et-lisbonne-veut-suivre-la-tendance\/86777\/","name":"Les villes deviennent de plus en plus intelligentes et Lisbonne veut suivre la tendance - Territorial Challenges","isPartOf":{"@id":"https:\/\/territorialchallenges.com\/#website"},"datePublished":"2021-09-13T20:51:58+00:00","dateModified":"2022-05-03T08:12:50+00:00","breadcrumb":{"@id":"https:\/\/territorialchallenges.com\/2021\/09\/13\/les-villes-deviennent-de-plus-en-plus-intelligentes-et-lisbonne-veut-suivre-la-tendance\/86777\/#breadcrumb"},"inLanguage":"it-IT","potentialAction":[{"@type":"ReadAction","target":["https:\/\/territorialchallenges.com\/2021\/09\/13\/les-villes-deviennent-de-plus-en-plus-intelligentes-et-lisbonne-veut-suivre-la-tendance\/86777\/"]}]},{"@type":"BreadcrumbList","@id":"https:\/\/territorialchallenges.com\/2021\/09\/13\/les-villes-deviennent-de-plus-en-plus-intelligentes-et-lisbonne-veut-suivre-la-tendance\/86777\/#breadcrumb","itemListElement":[{"@type":"ListItem","position":1,"name":"Home","item":"https:\/\/territorialchallenges.com\/"},{"@type":"ListItem","position":2,"name":"Les villes deviennent de plus en plus intelligentes et Lisbonne veut suivre la tendance"}]},{"@type":"WebSite","@id":"https:\/\/territorialchallenges.com\/#website","url":"https:\/\/territorialchallenges.com\/","name":"Sfide territoriali","description":"Monitoraggio internazionale - Strategie intelligenti - Migliori pratiche","publisher":{"@id":"https:\/\/territorialchallenges.com\/#organization"},"potentialAction":[{"@type":"SearchAction","target":{"@type":"EntryPoint","urlTemplate":"https:\/\/territorialchallenges.com\/?s={search_term_string}"},"query-input":"required name=search_term_string"}],"inLanguage":"it-IT"},{"@type":"Organization","@id":"https:\/\/territorialchallenges.com\/#organization","name":"Sfide territoriali","url":"https:\/\/territorialchallenges.com\/","logo":{"@type":"ImageObject","inLanguage":"it-IT","@id":"https:\/\/territorialchallenges.com\/#\/schema\/logo\/image\/","url":"https:\/\/territorialchallenges.com\/wp-content\/uploads\/2023\/10\/logo-1.png","contentUrl":"https:\/\/territorialchallenges.com\/wp-content\/uploads\/2023\/10\/logo-1.png","width":1832,"height":576,"caption":"Territorial Challenges"},"image":{"@id":"https:\/\/territorialchallenges.com\/#\/schema\/logo\/image\/"}},{"@type":"Person","@id":"https:\/\/territorialchallenges.com\/#\/schema\/person\/098f145c7c61a021c425e010f840080f","name":"ni.abdi","image":{"@type":"ImageObject","inLanguage":"it-IT","@id":"https:\/\/territorialchallenges.com\/#\/schema\/person\/image\/","url":"https:\/\/secure.gravatar.com\/avatar\/2a2f2491f3c80039986ba989b1e4b510?s=96&d=identicon&r=g","contentUrl":"https:\/\/secure.gravatar.com\/avatar\/2a2f2491f3c80039986ba989b1e4b510?s=96&d=identicon&r=g","caption":"ni.abdi"},"sameAs":["https:\/\/twitter.com\/Ni.abdi"],"url":"https:\/\/territorialchallenges.com\/it\/author\/ni-abdi\/"}]}},"_links":{"self":[{"href":"https:\/\/territorialchallenges.com\/it\/wp-json\/wp\/v2\/posts\/86777"}],"collection":[{"href":"https:\/\/territorialchallenges.com\/it\/wp-json\/wp\/v2\/posts"}],"about":[{"href":"https:\/\/territorialchallenges.com\/it\/wp-json\/wp\/v2\/types\/post"}],"author":[{"embeddable":true,"href":"https:\/\/territorialchallenges.com\/it\/wp-json\/wp\/v2\/users\/11"}],"replies":[{"embeddable":true,"href":"https:\/\/territorialchallenges.com\/it\/wp-json\/wp\/v2\/comments?post=86777"}],"version-history":[{"count":1,"href":"https:\/\/territorialchallenges.com\/it\/wp-json\/wp\/v2\/posts\/86777\/revisions"}],"predecessor-version":[{"id":86782,"href":"https:\/\/territorialchallenges.com\/it\/wp-json\/wp\/v2\/posts\/86777\/revisions\/86782"}],"wp:featuredmedia":[{"embeddable":true,"href":"https:\/\/territorialchallenges.com\/it\/wp-json\/wp\/v2\/media\/86778"}],"wp:attachment":[{"href":"https:\/\/territorialchallenges.com\/it\/wp-json\/wp\/v2\/media?parent=86777"}],"wp:term":[{"taxonomy":"category","embeddable":true,"href":"https:\/\/territorialchallenges.com\/it\/wp-json\/wp\/v2\/categories?post=86777"},{"taxonomy":"post_tag","embeddable":true,"href":"https:\/\/territorialchallenges.com\/it\/wp-json\/wp\/v2\/tags?post=86777"}],"curies":[{"name":"parola chiave","href":"https:\/\/api.w.org\/{rel}","templated":true}]}}