{"id":86370,"date":"2020-10-12T21:36:53","date_gmt":"2020-10-12T19:36:53","guid":{"rendered":"https:\/\/territorialchallenges.com\/?p=86370"},"modified":"2026-02-19T11:37:43","modified_gmt":"2026-02-19T10:37:43","slug":"belgrade-et-son-futur-systeme-dalerte-pour-controler-les-inondations","status":"publish","type":"post","link":"https:\/\/territorialchallenges.com\/it\/2020\/10\/12\/belgrade-et-son-futur-systeme-dalerte-pour-controler-les-inondations\/86370\/","title":{"rendered":"Belgrado e il suo futuro sistema di allerta per le inondazioni"},"content":{"rendered":"<p>Il 6 ottobre, il Municipio e l&#039;Istituto Idrometeorologico Serbo (RHMZ) hanno firmato un accordo di cooperazione tra Belgrado e l&#039;istituto per trovare una soluzione all&#039;inevitabilit\u00e0 delle inondazioni che ogni anno sommerge la capitale. Il Comune ha presentato il progetto come &quot;l&#039;istituzione di un sistema di allerta precoce per\u2026 <\/p>\n<div class=\"pmpro_content_message\">Articolo disponibile solo per gli abbonati.<br \/><a href=\"https:\/\/territorialchallenges.com\/wp-login.php\">Login<\/a><br \/><a href=\"https:\/\/territorialchallenges.com\/it\/wp-login.php\/?action=register\">Registro<\/a><\/div>","protected":false},"excerpt":{"rendered":"<p>Le 6 octobre, la mairie et l&rsquo;Institut hydro-m\u00e9t\u00e9orologique de Serbie (RHMZ), ont sign\u00e9 un accord de coop\u00e9ration entre Belgrade et cette institution afin de trouver un rem\u00e8de \u00e0 la fatalit\u00e9 des inondations qui chaque ann\u00e9e submergent la capitale. La municipalit\u00e9 a pr\u00e9sent\u00e9 le projet comme \u00e9tant \u00ab\u00a0la mise en place d&rsquo;un syst\u00e8me d&rsquo;alerte pr\u00e9coce pour... <\/p>\n<div class=\"pmpro_content_message\">Articolo disponibile solo per gli abbonati.<br \/><a href=\"https:\/\/territorialchallenges.com\/wp-login.php\">Login<\/a><br \/><a href=\"https:\/\/territorialchallenges.com\/it\/wp-login.php\/?action=register\">Registro<\/a><\/div>","protected":false},"author":11,"featured_media":86371,"comment_status":"open","ping_status":"open","sticky":true,"template":"","format":"standard","meta":{"pmpro_default_level":0,"footnotes":""},"categories":[120,117],"tags":[],"blocksy_meta":"","yoast_head":"<!-- This site is optimized with the Yoast SEO plugin v21.5 - https:\/\/yoast.com\/wordpress\/plugins\/seo\/ -->\n<title>Belgrade et son futur syst\u00e8me d&#039;alerte pour contr\u00f4ler les inondations - Territorial Challenges<\/title>\n<meta name=\"robots\" content=\"index, follow, max-snippet:-1, max-image-preview:large, max-video-preview:-1\" \/>\n<link rel=\"canonical\" href=\"https:\/\/territorialchallenges.com\/it\/2020\/10\/12\/belgrade-et-son-futur-systeme-dalerte-pour-controler-les-inondations\/86370\/\" \/>\n<meta property=\"og:locale\" content=\"it_IT\" \/>\n<meta property=\"og:type\" content=\"article\" \/>\n<meta property=\"og:title\" content=\"Belgrade et son futur syst\u00e8me d&#039;alerte pour contr\u00f4ler les inondations - Territorial Challenges\" \/>\n<meta property=\"og:description\" content=\"Le 6 octobre, la mairie et l&rsquo;Institut hydro-m\u00e9t\u00e9orologique de Serbie (RHMZ), ont sign\u00e9 un accord de coop\u00e9ration entre Belgrade et cette institution afin de trouver un rem\u00e8de \u00e0 la fatalit\u00e9 des inondations qui chaque ann\u00e9e submergent la capitale. La municipalit\u00e9 a pr\u00e9sent\u00e9 le projet comme \u00e9tant \u00ab\u00a0la mise en place d&rsquo;un syst\u00e8me d&rsquo;alerte pr\u00e9coce pour [&hellip;]\" \/>\n<meta property=\"og:url\" content=\"https:\/\/territorialchallenges.com\/it\/2020\/10\/12\/belgrade-et-son-futur-systeme-dalerte-pour-controler-les-inondations\/86370\/\" \/>\n<meta property=\"og:site_name\" content=\"Territorial Challenges\" \/>\n<meta property=\"article:published_time\" content=\"2020-10-12T19:36:53+00:00\" \/>\n<meta property=\"article:modified_time\" content=\"2026-02-19T10:37:43+00:00\" \/>\n<meta property=\"og:image\" content=\"https:\/\/territorialchallenges.com\/wp-content\/uploads\/2020\/10\/belgradephoto.jpg\" \/>\n\t<meta property=\"og:image:width\" content=\"1920\" \/>\n\t<meta property=\"og:image:height\" content=\"746\" \/>\n\t<meta property=\"og:image:type\" content=\"image\/jpeg\" \/>\n<meta name=\"author\" content=\"ni.abdi\" \/>\n<meta name=\"twitter:card\" content=\"summary_large_image\" \/>\n<meta name=\"twitter:creator\" content=\"@Ni.abdi\" \/>\n<meta name=\"twitter:label1\" content=\"Scritto da\" \/>\n\t<meta name=\"twitter:data1\" content=\"ni.abdi\" \/>\n\t<meta name=\"twitter:label2\" content=\"Tempo di lettura stimato\" \/>\n\t<meta name=\"twitter:data2\" content=\"4 minuti\" \/>\n<script type=\"application\/ld+json\" class=\"yoast-schema-graph\">{\"@context\":\"https:\/\/schema.org\",\"@graph\":[{\"@type\":\"Article\",\"@id\":\"https:\/\/territorialchallenges.com\/2020\/10\/12\/belgrade-et-son-futur-systeme-dalerte-pour-controler-les-inondations\/86370\/#article\",\"isPartOf\":{\"@id\":\"https:\/\/territorialchallenges.com\/2020\/10\/12\/belgrade-et-son-futur-systeme-dalerte-pour-controler-les-inondations\/86370\/\"},\"author\":{\"name\":\"ni.abdi\",\"@id\":\"https:\/\/territorialchallenges.com\/#\/schema\/person\/098f145c7c61a021c425e010f840080f\"},\"headline\":\"Belgrade et son futur syst\u00e8me d&rsquo;alerte pour contr\u00f4ler les inondations\",\"datePublished\":\"2020-10-12T19:36:53+00:00\",\"dateModified\":\"2026-02-19T10:37:43+00:00\",\"mainEntityOfPage\":{\"@id\":\"https:\/\/territorialchallenges.com\/2020\/10\/12\/belgrade-et-son-futur-systeme-dalerte-pour-controler-les-inondations\/86370\/\"},\"wordCount\":699,\"commentCount\":0,\"publisher\":{\"@id\":\"https:\/\/territorialchallenges.com\/#organization\"},\"articleSection\":[\"Il s'est pass\u00e9 \u00e0\",\"\u00c9cosyst\u00e8me\"],\"inLanguage\":\"it-IT\"},{\"@type\":\"WebPage\",\"@id\":\"https:\/\/territorialchallenges.com\/2020\/10\/12\/belgrade-et-son-futur-systeme-dalerte-pour-controler-les-inondations\/86370\/\",\"url\":\"https:\/\/territorialchallenges.com\/2020\/10\/12\/belgrade-et-son-futur-systeme-dalerte-pour-controler-les-inondations\/86370\/\",\"name\":\"Belgrade et son futur syst\u00e8me d'alerte pour contr\u00f4ler les inondations - Territorial Challenges\",\"isPartOf\":{\"@id\":\"https:\/\/territorialchallenges.com\/#website\"},\"datePublished\":\"2020-10-12T19:36:53+00:00\",\"dateModified\":\"2026-02-19T10:37:43+00:00\",\"breadcrumb\":{\"@id\":\"https:\/\/territorialchallenges.com\/2020\/10\/12\/belgrade-et-son-futur-systeme-dalerte-pour-controler-les-inondations\/86370\/#breadcrumb\"},\"inLanguage\":\"it-IT\",\"potentialAction\":[{\"@type\":\"ReadAction\",\"target\":[\"https:\/\/territorialchallenges.com\/2020\/10\/12\/belgrade-et-son-futur-systeme-dalerte-pour-controler-les-inondations\/86370\/\"]}]},{\"@type\":\"BreadcrumbList\",\"@id\":\"https:\/\/territorialchallenges.com\/2020\/10\/12\/belgrade-et-son-futur-systeme-dalerte-pour-controler-les-inondations\/86370\/#breadcrumb\",\"itemListElement\":[{\"@type\":\"ListItem\",\"position\":1,\"name\":\"Home\",\"item\":\"https:\/\/territorialchallenges.com\/\"},{\"@type\":\"ListItem\",\"position\":2,\"name\":\"Belgrade et son futur syst\u00e8me d&rsquo;alerte pour contr\u00f4ler les inondations\"}]},{\"@type\":\"WebSite\",\"@id\":\"https:\/\/territorialchallenges.com\/#website\",\"url\":\"https:\/\/territorialchallenges.com\/\",\"name\":\"Territorial Challenges\",\"description\":\"Veille Internationale - Strat\u00e9gie Intelligentes - Bonnes pratiques\",\"publisher\":{\"@id\":\"https:\/\/territorialchallenges.com\/#organization\"},\"potentialAction\":[{\"@type\":\"SearchAction\",\"target\":{\"@type\":\"EntryPoint\",\"urlTemplate\":\"https:\/\/territorialchallenges.com\/?s={search_term_string}\"},\"query-input\":\"required name=search_term_string\"}],\"inLanguage\":\"it-IT\"},{\"@type\":\"Organization\",\"@id\":\"https:\/\/territorialchallenges.com\/#organization\",\"name\":\"Territorial Challenges\",\"url\":\"https:\/\/territorialchallenges.com\/\",\"logo\":{\"@type\":\"ImageObject\",\"inLanguage\":\"it-IT\",\"@id\":\"https:\/\/territorialchallenges.com\/#\/schema\/logo\/image\/\",\"url\":\"https:\/\/territorialchallenges.com\/wp-content\/uploads\/2023\/10\/logo-1.png\",\"contentUrl\":\"https:\/\/territorialchallenges.com\/wp-content\/uploads\/2023\/10\/logo-1.png\",\"width\":1832,\"height\":576,\"caption\":\"Territorial Challenges\"},\"image\":{\"@id\":\"https:\/\/territorialchallenges.com\/#\/schema\/logo\/image\/\"}},{\"@type\":\"Person\",\"@id\":\"https:\/\/territorialchallenges.com\/#\/schema\/person\/098f145c7c61a021c425e010f840080f\",\"name\":\"ni.abdi\",\"image\":{\"@type\":\"ImageObject\",\"inLanguage\":\"it-IT\",\"@id\":\"https:\/\/territorialchallenges.com\/#\/schema\/person\/image\/\",\"url\":\"https:\/\/secure.gravatar.com\/avatar\/2a2f2491f3c80039986ba989b1e4b510?s=96&d=identicon&r=g\",\"contentUrl\":\"https:\/\/secure.gravatar.com\/avatar\/2a2f2491f3c80039986ba989b1e4b510?s=96&d=identicon&r=g\",\"caption\":\"ni.abdi\"},\"sameAs\":[\"https:\/\/twitter.com\/Ni.abdi\"],\"url\":\"https:\/\/territorialchallenges.com\/it\/author\/ni-abdi\/\"}]}<\/script>\n<!-- \/ Yoast SEO plugin. -->","yoast_head_json":{"title":"Belgrade et son futur syst\u00e8me d'alerte pour contr\u00f4ler les inondations - Territorial Challenges","robots":{"index":"index","follow":"follow","max-snippet":"max-snippet:-1","max-image-preview":"max-image-preview:large","max-video-preview":"max-video-preview:-1"},"canonical":"https:\/\/territorialchallenges.com\/it\/2020\/10\/12\/belgrade-et-son-futur-systeme-dalerte-pour-controler-les-inondations\/86370\/","og_locale":"it_IT","og_type":"article","og_title":"Belgrade et son futur syst\u00e8me d'alerte pour contr\u00f4ler les inondations - Territorial Challenges","og_description":"Le 6 octobre, la mairie et l&rsquo;Institut hydro-m\u00e9t\u00e9orologique de Serbie (RHMZ), ont sign\u00e9 un accord de coop\u00e9ration entre Belgrade et cette institution afin de trouver un rem\u00e8de \u00e0 la fatalit\u00e9 des inondations qui chaque ann\u00e9e submergent la capitale. La municipalit\u00e9 a pr\u00e9sent\u00e9 le projet comme \u00e9tant \u00ab\u00a0la mise en place d&rsquo;un syst\u00e8me d&rsquo;alerte pr\u00e9coce pour [&hellip;]","og_url":"https:\/\/territorialchallenges.com\/it\/2020\/10\/12\/belgrade-et-son-futur-systeme-dalerte-pour-controler-les-inondations\/86370\/","og_site_name":"Territorial Challenges","article_published_time":"2020-10-12T19:36:53+00:00","article_modified_time":"2026-02-19T10:37:43+00:00","og_image":[{"width":1920,"height":746,"url":"https:\/\/territorialchallenges.com\/wp-content\/uploads\/2020\/10\/belgradephoto.jpg","type":"image\/jpeg"}],"author":"ni.abdi","twitter_card":"summary_large_image","twitter_creator":"@Ni.abdi","twitter_misc":{"Scritto da":"ni.abdi","Tempo di lettura stimato":"4 minuti"},"schema":{"@context":"https:\/\/schema.org","@graph":[{"@type":"Article","@id":"https:\/\/territorialchallenges.com\/2020\/10\/12\/belgrade-et-son-futur-systeme-dalerte-pour-controler-les-inondations\/86370\/#article","isPartOf":{"@id":"https:\/\/territorialchallenges.com\/2020\/10\/12\/belgrade-et-son-futur-systeme-dalerte-pour-controler-les-inondations\/86370\/"},"author":{"name":"ni.abdi","@id":"https:\/\/territorialchallenges.com\/#\/schema\/person\/098f145c7c61a021c425e010f840080f"},"headline":"Belgrade et son futur syst\u00e8me d&rsquo;alerte pour contr\u00f4ler les inondations","datePublished":"2020-10-12T19:36:53+00:00","dateModified":"2026-02-19T10:37:43+00:00","mainEntityOfPage":{"@id":"https:\/\/territorialchallenges.com\/2020\/10\/12\/belgrade-et-son-futur-systeme-dalerte-pour-controler-les-inondations\/86370\/"},"wordCount":699,"commentCount":0,"publisher":{"@id":"https:\/\/territorialchallenges.com\/#organization"},"articleSection":["Il s'est pass\u00e9 \u00e0","\u00c9cosyst\u00e8me"],"inLanguage":"it-IT"},{"@type":"WebPage","@id":"https:\/\/territorialchallenges.com\/2020\/10\/12\/belgrade-et-son-futur-systeme-dalerte-pour-controler-les-inondations\/86370\/","url":"https:\/\/territorialchallenges.com\/2020\/10\/12\/belgrade-et-son-futur-systeme-dalerte-pour-controler-les-inondations\/86370\/","name":"Belgrade et son futur syst\u00e8me d'alerte pour contr\u00f4ler les inondations - Territorial Challenges","isPartOf":{"@id":"https:\/\/territorialchallenges.com\/#website"},"datePublished":"2020-10-12T19:36:53+00:00","dateModified":"2026-02-19T10:37:43+00:00","breadcrumb":{"@id":"https:\/\/territorialchallenges.com\/2020\/10\/12\/belgrade-et-son-futur-systeme-dalerte-pour-controler-les-inondations\/86370\/#breadcrumb"},"inLanguage":"it-IT","potentialAction":[{"@type":"ReadAction","target":["https:\/\/territorialchallenges.com\/2020\/10\/12\/belgrade-et-son-futur-systeme-dalerte-pour-controler-les-inondations\/86370\/"]}]},{"@type":"BreadcrumbList","@id":"https:\/\/territorialchallenges.com\/2020\/10\/12\/belgrade-et-son-futur-systeme-dalerte-pour-controler-les-inondations\/86370\/#breadcrumb","itemListElement":[{"@type":"ListItem","position":1,"name":"Home","item":"https:\/\/territorialchallenges.com\/"},{"@type":"ListItem","position":2,"name":"Belgrade et son futur syst\u00e8me d&rsquo;alerte pour contr\u00f4ler les inondations"}]},{"@type":"WebSite","@id":"https:\/\/territorialchallenges.com\/#website","url":"https:\/\/territorialchallenges.com\/","name":"Sfide territoriali","description":"Monitoraggio internazionale - Strategie intelligenti - Migliori pratiche","publisher":{"@id":"https:\/\/territorialchallenges.com\/#organization"},"potentialAction":[{"@type":"SearchAction","target":{"@type":"EntryPoint","urlTemplate":"https:\/\/territorialchallenges.com\/?s={search_term_string}"},"query-input":"required name=search_term_string"}],"inLanguage":"it-IT"},{"@type":"Organization","@id":"https:\/\/territorialchallenges.com\/#organization","name":"Sfide territoriali","url":"https:\/\/territorialchallenges.com\/","logo":{"@type":"ImageObject","inLanguage":"it-IT","@id":"https:\/\/territorialchallenges.com\/#\/schema\/logo\/image\/","url":"https:\/\/territorialchallenges.com\/wp-content\/uploads\/2023\/10\/logo-1.png","contentUrl":"https:\/\/territorialchallenges.com\/wp-content\/uploads\/2023\/10\/logo-1.png","width":1832,"height":576,"caption":"Territorial Challenges"},"image":{"@id":"https:\/\/territorialchallenges.com\/#\/schema\/logo\/image\/"}},{"@type":"Person","@id":"https:\/\/territorialchallenges.com\/#\/schema\/person\/098f145c7c61a021c425e010f840080f","name":"ni.abdi","image":{"@type":"ImageObject","inLanguage":"it-IT","@id":"https:\/\/territorialchallenges.com\/#\/schema\/person\/image\/","url":"https:\/\/secure.gravatar.com\/avatar\/2a2f2491f3c80039986ba989b1e4b510?s=96&d=identicon&r=g","contentUrl":"https:\/\/secure.gravatar.com\/avatar\/2a2f2491f3c80039986ba989b1e4b510?s=96&d=identicon&r=g","caption":"ni.abdi"},"sameAs":["https:\/\/twitter.com\/Ni.abdi"],"url":"https:\/\/territorialchallenges.com\/it\/author\/ni-abdi\/"}]}},"_links":{"self":[{"href":"https:\/\/territorialchallenges.com\/it\/wp-json\/wp\/v2\/posts\/86370"}],"collection":[{"href":"https:\/\/territorialchallenges.com\/it\/wp-json\/wp\/v2\/posts"}],"about":[{"href":"https:\/\/territorialchallenges.com\/it\/wp-json\/wp\/v2\/types\/post"}],"author":[{"embeddable":true,"href":"https:\/\/territorialchallenges.com\/it\/wp-json\/wp\/v2\/users\/11"}],"replies":[{"embeddable":true,"href":"https:\/\/territorialchallenges.com\/it\/wp-json\/wp\/v2\/comments?post=86370"}],"version-history":[{"count":2,"href":"https:\/\/territorialchallenges.com\/it\/wp-json\/wp\/v2\/posts\/86370\/revisions"}],"predecessor-version":[{"id":125555,"href":"https:\/\/territorialchallenges.com\/it\/wp-json\/wp\/v2\/posts\/86370\/revisions\/125555"}],"wp:featuredmedia":[{"embeddable":true,"href":"https:\/\/territorialchallenges.com\/it\/wp-json\/wp\/v2\/media\/86371"}],"wp:attachment":[{"href":"https:\/\/territorialchallenges.com\/it\/wp-json\/wp\/v2\/media?parent=86370"}],"wp:term":[{"taxonomy":"category","embeddable":true,"href":"https:\/\/territorialchallenges.com\/it\/wp-json\/wp\/v2\/categories?post=86370"},{"taxonomy":"post_tag","embeddable":true,"href":"https:\/\/territorialchallenges.com\/it\/wp-json\/wp\/v2\/tags?post=86370"}],"curies":[{"name":"parola chiave","href":"https:\/\/api.w.org\/{rel}","templated":true}]}}