{"id":86143,"date":"2020-09-13T22:19:34","date_gmt":"2020-09-13T20:19:34","guid":{"rendered":"https:\/\/territorialchallenges.com\/?p=86143"},"modified":"2020-09-13T22:19:34","modified_gmt":"2020-09-13T20:19:34","slug":"pragmatisme-hollandais-pour-la-ville-intelligente-a-lheure-de-la-crise-du-covid-19","status":"publish","type":"post","link":"https:\/\/territorialchallenges.com\/it\/2020\/09\/13\/pragmatisme-hollandais-pour-la-ville-intelligente-a-lheure-de-la-crise-du-covid-19\/86143\/","title":{"rendered":"Il pragmatismo olandese per la citt\u00e0 intelligente ai tempi della crisi COVID-19"},"content":{"rendered":"<p>Nei Paesi Bassi, la crisi ha notevolmente potenziato le connessioni internet, con oltre cinque milioni di famiglie ancora prive di fibra ottica. Anche in Germania, questo numero \u00e8 molto pi\u00f9 alto. Primevest Capital Partners \u00e8 un fondo paneuropeo specializzato in strategie di investimento innovative in asset reali. \u00c8... <\/p>\n<div class=\"pmpro_content_message\">Articolo disponibile solo per gli abbonati.<br \/><a href=\"https:\/\/territorialchallenges.com\/wp-login.php\">Login<\/a><br \/><a href=\"https:\/\/territorialchallenges.com\/it\/wp-login.php\/?action=register\">Registro<\/a><\/div>","protected":false},"excerpt":{"rendered":"<p>Au Pays-Bas, les connexions \u00e0 Internet ont \u00e9t\u00e9 fortement stimul\u00e9es par la crise, alors que plus de cinq millions de foyers ne disposent pas encore de fibre optique. En Allemagne aussi ce nombre est beaucoup plus \u00e9lev\u00e9. Primevest Capital Partners est un fond paneurop\u00e9en, sp\u00e9cialis\u00e9e dans les strat\u00e9gies d&rsquo;investissement innovantes dans les actifs r\u00e9els. Il... <\/p>\n<div class=\"pmpro_content_message\">Articolo disponibile solo per gli abbonati.<br \/><a href=\"https:\/\/territorialchallenges.com\/wp-login.php\">Login<\/a><br \/><a href=\"https:\/\/territorialchallenges.com\/it\/wp-login.php\/?action=register\">Registro<\/a><\/div>","protected":false},"author":11,"featured_media":86144,"comment_status":"open","ping_status":"open","sticky":true,"template":"","format":"standard","meta":{"pmpro_default_level":0,"footnotes":""},"categories":[19,127],"tags":[],"blocksy_meta":"","yoast_head":"<!-- This site is optimized with the Yoast SEO plugin v21.5 - https:\/\/yoast.com\/wordpress\/plugins\/seo\/ -->\n<title>Pragmatisme hollandais pour la ville intelligente \u00e0 l&#039;heure de la crise du COVID 19 - Territorial Challenges<\/title>\n<meta name=\"robots\" content=\"index, follow, max-snippet:-1, max-image-preview:large, max-video-preview:-1\" \/>\n<link rel=\"canonical\" href=\"https:\/\/territorialchallenges.com\/it\/2020\/09\/13\/pragmatisme-hollandais-pour-la-ville-intelligente-a-lheure-de-la-crise-du-covid-19\/86143\/\" \/>\n<meta property=\"og:locale\" content=\"it_IT\" \/>\n<meta property=\"og:type\" content=\"article\" \/>\n<meta property=\"og:title\" content=\"Pragmatisme hollandais pour la ville intelligente \u00e0 l&#039;heure de la crise du COVID 19 - Territorial Challenges\" \/>\n<meta property=\"og:description\" content=\"Au Pays-Bas, les connexions \u00e0 Internet ont \u00e9t\u00e9 fortement stimul\u00e9es par la crise, alors que plus de cinq millions de foyers ne disposent pas encore de fibre optique. En Allemagne aussi ce nombre est beaucoup plus \u00e9lev\u00e9. Primevest Capital Partners est un fond paneurop\u00e9en, sp\u00e9cialis\u00e9e dans les strat\u00e9gies d&rsquo;investissement innovantes dans les actifs r\u00e9els. Il [&hellip;]\" \/>\n<meta property=\"og:url\" content=\"https:\/\/territorialchallenges.com\/it\/2020\/09\/13\/pragmatisme-hollandais-pour-la-ville-intelligente-a-lheure-de-la-crise-du-covid-19\/86143\/\" \/>\n<meta property=\"og:site_name\" content=\"Territorial Challenges\" \/>\n<meta property=\"article:published_time\" content=\"2020-09-13T20:19:34+00:00\" \/>\n<meta property=\"og:image\" content=\"https:\/\/territorialchallenges.com\/wp-content\/uploads\/2020\/09\/rotterdam-548660_1920.jpg\" \/>\n\t<meta property=\"og:image:width\" content=\"1920\" \/>\n\t<meta property=\"og:image:height\" content=\"766\" \/>\n\t<meta property=\"og:image:type\" content=\"image\/jpeg\" \/>\n<meta name=\"author\" content=\"ni.abdi\" \/>\n<meta name=\"twitter:card\" content=\"summary_large_image\" \/>\n<meta name=\"twitter:creator\" content=\"@Ni.abdi\" \/>\n<meta name=\"twitter:label1\" content=\"Scritto da\" \/>\n\t<meta name=\"twitter:data1\" content=\"ni.abdi\" \/>\n\t<meta name=\"twitter:label2\" content=\"Tempo di lettura stimato\" \/>\n\t<meta name=\"twitter:data2\" content=\"3 minuti\" \/>\n<script type=\"application\/ld+json\" class=\"yoast-schema-graph\">{\"@context\":\"https:\/\/schema.org\",\"@graph\":[{\"@type\":\"Article\",\"@id\":\"https:\/\/territorialchallenges.com\/2020\/09\/13\/pragmatisme-hollandais-pour-la-ville-intelligente-a-lheure-de-la-crise-du-covid-19\/86143\/#article\",\"isPartOf\":{\"@id\":\"https:\/\/territorialchallenges.com\/2020\/09\/13\/pragmatisme-hollandais-pour-la-ville-intelligente-a-lheure-de-la-crise-du-covid-19\/86143\/\"},\"author\":{\"name\":\"ni.abdi\",\"@id\":\"https:\/\/territorialchallenges.com\/#\/schema\/person\/098f145c7c61a021c425e010f840080f\"},\"headline\":\"Pragmatisme hollandais pour la ville intelligente \u00e0 l&rsquo;heure de la crise du COVID 19\",\"datePublished\":\"2020-09-13T20:19:34+00:00\",\"dateModified\":\"2020-09-13T20:19:34+00:00\",\"mainEntityOfPage\":{\"@id\":\"https:\/\/territorialchallenges.com\/2020\/09\/13\/pragmatisme-hollandais-pour-la-ville-intelligente-a-lheure-de-la-crise-du-covid-19\/86143\/\"},\"wordCount\":624,\"commentCount\":0,\"publisher\":{\"@id\":\"https:\/\/territorialchallenges.com\/#organization\"},\"articleSection\":[\"Territoires Intelligents\",\"Actualit\u00e9 Europe\"],\"inLanguage\":\"it-IT\"},{\"@type\":\"WebPage\",\"@id\":\"https:\/\/territorialchallenges.com\/2020\/09\/13\/pragmatisme-hollandais-pour-la-ville-intelligente-a-lheure-de-la-crise-du-covid-19\/86143\/\",\"url\":\"https:\/\/territorialchallenges.com\/2020\/09\/13\/pragmatisme-hollandais-pour-la-ville-intelligente-a-lheure-de-la-crise-du-covid-19\/86143\/\",\"name\":\"Pragmatisme hollandais pour la ville intelligente \u00e0 l'heure de la crise du COVID 19 - Territorial Challenges\",\"isPartOf\":{\"@id\":\"https:\/\/territorialchallenges.com\/#website\"},\"datePublished\":\"2020-09-13T20:19:34+00:00\",\"dateModified\":\"2020-09-13T20:19:34+00:00\",\"breadcrumb\":{\"@id\":\"https:\/\/territorialchallenges.com\/2020\/09\/13\/pragmatisme-hollandais-pour-la-ville-intelligente-a-lheure-de-la-crise-du-covid-19\/86143\/#breadcrumb\"},\"inLanguage\":\"it-IT\",\"potentialAction\":[{\"@type\":\"ReadAction\",\"target\":[\"https:\/\/territorialchallenges.com\/2020\/09\/13\/pragmatisme-hollandais-pour-la-ville-intelligente-a-lheure-de-la-crise-du-covid-19\/86143\/\"]}]},{\"@type\":\"BreadcrumbList\",\"@id\":\"https:\/\/territorialchallenges.com\/2020\/09\/13\/pragmatisme-hollandais-pour-la-ville-intelligente-a-lheure-de-la-crise-du-covid-19\/86143\/#breadcrumb\",\"itemListElement\":[{\"@type\":\"ListItem\",\"position\":1,\"name\":\"Home\",\"item\":\"https:\/\/territorialchallenges.com\/\"},{\"@type\":\"ListItem\",\"position\":2,\"name\":\"Pragmatisme hollandais pour la ville intelligente \u00e0 l&rsquo;heure de la crise du COVID 19\"}]},{\"@type\":\"WebSite\",\"@id\":\"https:\/\/territorialchallenges.com\/#website\",\"url\":\"https:\/\/territorialchallenges.com\/\",\"name\":\"Territorial Challenges\",\"description\":\"Veille Internationale - Strat\u00e9gie Intelligentes - Bonnes pratiques\",\"publisher\":{\"@id\":\"https:\/\/territorialchallenges.com\/#organization\"},\"potentialAction\":[{\"@type\":\"SearchAction\",\"target\":{\"@type\":\"EntryPoint\",\"urlTemplate\":\"https:\/\/territorialchallenges.com\/?s={search_term_string}\"},\"query-input\":\"required name=search_term_string\"}],\"inLanguage\":\"it-IT\"},{\"@type\":\"Organization\",\"@id\":\"https:\/\/territorialchallenges.com\/#organization\",\"name\":\"Territorial Challenges\",\"url\":\"https:\/\/territorialchallenges.com\/\",\"logo\":{\"@type\":\"ImageObject\",\"inLanguage\":\"it-IT\",\"@id\":\"https:\/\/territorialchallenges.com\/#\/schema\/logo\/image\/\",\"url\":\"https:\/\/territorialchallenges.com\/wp-content\/uploads\/2023\/10\/logo-1.png\",\"contentUrl\":\"https:\/\/territorialchallenges.com\/wp-content\/uploads\/2023\/10\/logo-1.png\",\"width\":1832,\"height\":576,\"caption\":\"Territorial Challenges\"},\"image\":{\"@id\":\"https:\/\/territorialchallenges.com\/#\/schema\/logo\/image\/\"}},{\"@type\":\"Person\",\"@id\":\"https:\/\/territorialchallenges.com\/#\/schema\/person\/098f145c7c61a021c425e010f840080f\",\"name\":\"ni.abdi\",\"image\":{\"@type\":\"ImageObject\",\"inLanguage\":\"it-IT\",\"@id\":\"https:\/\/territorialchallenges.com\/#\/schema\/person\/image\/\",\"url\":\"https:\/\/secure.gravatar.com\/avatar\/2a2f2491f3c80039986ba989b1e4b510?s=96&d=identicon&r=g\",\"contentUrl\":\"https:\/\/secure.gravatar.com\/avatar\/2a2f2491f3c80039986ba989b1e4b510?s=96&d=identicon&r=g\",\"caption\":\"ni.abdi\"},\"sameAs\":[\"https:\/\/twitter.com\/Ni.abdi\"],\"url\":\"https:\/\/territorialchallenges.com\/it\/author\/ni-abdi\/\"}]}<\/script>\n<!-- \/ Yoast SEO plugin. -->","yoast_head_json":{"title":"Pragmatisme hollandais pour la ville intelligente \u00e0 l'heure de la crise du COVID 19 - Territorial Challenges","robots":{"index":"index","follow":"follow","max-snippet":"max-snippet:-1","max-image-preview":"max-image-preview:large","max-video-preview":"max-video-preview:-1"},"canonical":"https:\/\/territorialchallenges.com\/it\/2020\/09\/13\/pragmatisme-hollandais-pour-la-ville-intelligente-a-lheure-de-la-crise-du-covid-19\/86143\/","og_locale":"it_IT","og_type":"article","og_title":"Pragmatisme hollandais pour la ville intelligente \u00e0 l'heure de la crise du COVID 19 - Territorial Challenges","og_description":"Au Pays-Bas, les connexions \u00e0 Internet ont \u00e9t\u00e9 fortement stimul\u00e9es par la crise, alors que plus de cinq millions de foyers ne disposent pas encore de fibre optique. En Allemagne aussi ce nombre est beaucoup plus \u00e9lev\u00e9. Primevest Capital Partners est un fond paneurop\u00e9en, sp\u00e9cialis\u00e9e dans les strat\u00e9gies d&rsquo;investissement innovantes dans les actifs r\u00e9els. Il [&hellip;]","og_url":"https:\/\/territorialchallenges.com\/it\/2020\/09\/13\/pragmatisme-hollandais-pour-la-ville-intelligente-a-lheure-de-la-crise-du-covid-19\/86143\/","og_site_name":"Territorial Challenges","article_published_time":"2020-09-13T20:19:34+00:00","og_image":[{"width":1920,"height":766,"url":"https:\/\/territorialchallenges.com\/wp-content\/uploads\/2020\/09\/rotterdam-548660_1920.jpg","type":"image\/jpeg"}],"author":"ni.abdi","twitter_card":"summary_large_image","twitter_creator":"@Ni.abdi","twitter_misc":{"Scritto da":"ni.abdi","Tempo di lettura stimato":"3 minuti"},"schema":{"@context":"https:\/\/schema.org","@graph":[{"@type":"Article","@id":"https:\/\/territorialchallenges.com\/2020\/09\/13\/pragmatisme-hollandais-pour-la-ville-intelligente-a-lheure-de-la-crise-du-covid-19\/86143\/#article","isPartOf":{"@id":"https:\/\/territorialchallenges.com\/2020\/09\/13\/pragmatisme-hollandais-pour-la-ville-intelligente-a-lheure-de-la-crise-du-covid-19\/86143\/"},"author":{"name":"ni.abdi","@id":"https:\/\/territorialchallenges.com\/#\/schema\/person\/098f145c7c61a021c425e010f840080f"},"headline":"Pragmatisme hollandais pour la ville intelligente \u00e0 l&rsquo;heure de la crise du COVID 19","datePublished":"2020-09-13T20:19:34+00:00","dateModified":"2020-09-13T20:19:34+00:00","mainEntityOfPage":{"@id":"https:\/\/territorialchallenges.com\/2020\/09\/13\/pragmatisme-hollandais-pour-la-ville-intelligente-a-lheure-de-la-crise-du-covid-19\/86143\/"},"wordCount":624,"commentCount":0,"publisher":{"@id":"https:\/\/territorialchallenges.com\/#organization"},"articleSection":["Territoires Intelligents","Actualit\u00e9 Europe"],"inLanguage":"it-IT"},{"@type":"WebPage","@id":"https:\/\/territorialchallenges.com\/2020\/09\/13\/pragmatisme-hollandais-pour-la-ville-intelligente-a-lheure-de-la-crise-du-covid-19\/86143\/","url":"https:\/\/territorialchallenges.com\/2020\/09\/13\/pragmatisme-hollandais-pour-la-ville-intelligente-a-lheure-de-la-crise-du-covid-19\/86143\/","name":"Pragmatisme hollandais pour la ville intelligente \u00e0 l'heure de la crise du COVID 19 - Territorial Challenges","isPartOf":{"@id":"https:\/\/territorialchallenges.com\/#website"},"datePublished":"2020-09-13T20:19:34+00:00","dateModified":"2020-09-13T20:19:34+00:00","breadcrumb":{"@id":"https:\/\/territorialchallenges.com\/2020\/09\/13\/pragmatisme-hollandais-pour-la-ville-intelligente-a-lheure-de-la-crise-du-covid-19\/86143\/#breadcrumb"},"inLanguage":"it-IT","potentialAction":[{"@type":"ReadAction","target":["https:\/\/territorialchallenges.com\/2020\/09\/13\/pragmatisme-hollandais-pour-la-ville-intelligente-a-lheure-de-la-crise-du-covid-19\/86143\/"]}]},{"@type":"BreadcrumbList","@id":"https:\/\/territorialchallenges.com\/2020\/09\/13\/pragmatisme-hollandais-pour-la-ville-intelligente-a-lheure-de-la-crise-du-covid-19\/86143\/#breadcrumb","itemListElement":[{"@type":"ListItem","position":1,"name":"Home","item":"https:\/\/territorialchallenges.com\/"},{"@type":"ListItem","position":2,"name":"Pragmatisme hollandais pour la ville intelligente \u00e0 l&rsquo;heure de la crise du COVID 19"}]},{"@type":"WebSite","@id":"https:\/\/territorialchallenges.com\/#website","url":"https:\/\/territorialchallenges.com\/","name":"Sfide territoriali","description":"Monitoraggio internazionale - Strategie intelligenti - Migliori pratiche","publisher":{"@id":"https:\/\/territorialchallenges.com\/#organization"},"potentialAction":[{"@type":"SearchAction","target":{"@type":"EntryPoint","urlTemplate":"https:\/\/territorialchallenges.com\/?s={search_term_string}"},"query-input":"required name=search_term_string"}],"inLanguage":"it-IT"},{"@type":"Organization","@id":"https:\/\/territorialchallenges.com\/#organization","name":"Sfide territoriali","url":"https:\/\/territorialchallenges.com\/","logo":{"@type":"ImageObject","inLanguage":"it-IT","@id":"https:\/\/territorialchallenges.com\/#\/schema\/logo\/image\/","url":"https:\/\/territorialchallenges.com\/wp-content\/uploads\/2023\/10\/logo-1.png","contentUrl":"https:\/\/territorialchallenges.com\/wp-content\/uploads\/2023\/10\/logo-1.png","width":1832,"height":576,"caption":"Territorial Challenges"},"image":{"@id":"https:\/\/territorialchallenges.com\/#\/schema\/logo\/image\/"}},{"@type":"Person","@id":"https:\/\/territorialchallenges.com\/#\/schema\/person\/098f145c7c61a021c425e010f840080f","name":"ni.abdi","image":{"@type":"ImageObject","inLanguage":"it-IT","@id":"https:\/\/territorialchallenges.com\/#\/schema\/person\/image\/","url":"https:\/\/secure.gravatar.com\/avatar\/2a2f2491f3c80039986ba989b1e4b510?s=96&d=identicon&r=g","contentUrl":"https:\/\/secure.gravatar.com\/avatar\/2a2f2491f3c80039986ba989b1e4b510?s=96&d=identicon&r=g","caption":"ni.abdi"},"sameAs":["https:\/\/twitter.com\/Ni.abdi"],"url":"https:\/\/territorialchallenges.com\/it\/author\/ni-abdi\/"}]}},"_links":{"self":[{"href":"https:\/\/territorialchallenges.com\/it\/wp-json\/wp\/v2\/posts\/86143"}],"collection":[{"href":"https:\/\/territorialchallenges.com\/it\/wp-json\/wp\/v2\/posts"}],"about":[{"href":"https:\/\/territorialchallenges.com\/it\/wp-json\/wp\/v2\/types\/post"}],"author":[{"embeddable":true,"href":"https:\/\/territorialchallenges.com\/it\/wp-json\/wp\/v2\/users\/11"}],"replies":[{"embeddable":true,"href":"https:\/\/territorialchallenges.com\/it\/wp-json\/wp\/v2\/comments?post=86143"}],"version-history":[{"count":1,"href":"https:\/\/territorialchallenges.com\/it\/wp-json\/wp\/v2\/posts\/86143\/revisions"}],"predecessor-version":[{"id":86148,"href":"https:\/\/territorialchallenges.com\/it\/wp-json\/wp\/v2\/posts\/86143\/revisions\/86148"}],"wp:featuredmedia":[{"embeddable":true,"href":"https:\/\/territorialchallenges.com\/it\/wp-json\/wp\/v2\/media\/86144"}],"wp:attachment":[{"href":"https:\/\/territorialchallenges.com\/it\/wp-json\/wp\/v2\/media?parent=86143"}],"wp:term":[{"taxonomy":"category","embeddable":true,"href":"https:\/\/territorialchallenges.com\/it\/wp-json\/wp\/v2\/categories?post=86143"},{"taxonomy":"post_tag","embeddable":true,"href":"https:\/\/territorialchallenges.com\/it\/wp-json\/wp\/v2\/tags?post=86143"}],"curies":[{"name":"parola chiave","href":"https:\/\/api.w.org\/{rel}","templated":true}]}}