{"id":86015,"date":"2020-08-26T19:06:07","date_gmt":"2020-08-26T17:06:07","guid":{"rendered":"https:\/\/territorialchallenges.com\/?p=86015"},"modified":"2020-08-26T19:06:07","modified_gmt":"2020-08-26T17:06:07","slug":"hector-lopez-santillana-le-maire-qui-veut-faire-de-leon-une-ville-mexicaine-connectee","status":"publish","type":"post","link":"https:\/\/territorialchallenges.com\/it\/2020\/08\/26\/hector-lopez-santillana-le-maire-qui-veut-faire-de-leon-une-ville-mexicaine-connectee\/86015\/","title":{"rendered":"H\u00e9ctor L\u00f3pez Santillana: il sindaco che vuole fare di Le\u00f3n una citt\u00e0 messicana connessa"},"content":{"rendered":"<p>H\u00e9ctor L\u00f3pez Santillana passer\u00e0 alla storia di Le\u00f3n, capitale dell&#039;istruzione universitaria in Messico, non solo per essere stato il primo sindaco rieletto della citt\u00e0, ma anche per aver dovuto affrontare una crisi sanitaria ed economica. H\u00e9ctor L\u00f3pez Santillana presenter\u00e0 per la prima volta il suo secondo rapporto sui risultati a settembre. <\/p>\n<div class=\"pmpro_content_message\">Articolo disponibile solo per gli abbonati.<br \/><a href=\"https:\/\/territorialchallenges.com\/wp-login.php\">Login<\/a><br \/><a href=\"https:\/\/territorialchallenges.com\/it\/wp-login.php\/?action=register\">Registro<\/a><\/div>","protected":false},"excerpt":{"rendered":"<p>H\u00e9ctor L\u00f3pez Santillana, restera dans l&rsquo;histoire de L\u00e9on, capitale de l&rsquo;enseignement universitaire au Mexique, non seulement pour avoir \u00e9t\u00e9 le premier maire r\u00e9\u00e9lu de la ville, mais aussi pour avoir d\u00fb faire face \u00e0 une crise sanitaire et \u00e9conomique. H\u00e9ctor L\u00f3pez Santillana, pr\u00e9sentera durant les premiers jours de septembre son deuxi\u00e8me rapport de r\u00e9sultats pour... <\/p>\n<div class=\"pmpro_content_message\">Articolo disponibile solo per gli abbonati.<br \/><a href=\"https:\/\/territorialchallenges.com\/wp-login.php\">Login<\/a><br \/><a href=\"https:\/\/territorialchallenges.com\/it\/wp-login.php\/?action=register\">Registro<\/a><\/div>","protected":false},"author":11,"featured_media":86016,"comment_status":"open","ping_status":"open","sticky":true,"template":"","format":"standard","meta":{"pmpro_default_level":0,"footnotes":""},"categories":[126,117],"tags":[],"blocksy_meta":"","yoast_head":"<!-- This site is optimized with the Yoast SEO plugin v21.5 - https:\/\/yoast.com\/wordpress\/plugins\/seo\/ -->\n<title>H\u00e9ctor L\u00f3pez Santillana : le maire qui veut faire de L\u00e9on, une ville mexicaine connect\u00e9e - Territorial Challenges<\/title>\n<meta name=\"robots\" content=\"index, follow, max-snippet:-1, max-image-preview:large, max-video-preview:-1\" \/>\n<link rel=\"canonical\" href=\"https:\/\/territorialchallenges.com\/it\/2020\/08\/26\/hector-lopez-santillana-le-maire-qui-veut-faire-de-leon-une-ville-mexicaine-connectee\/86015\/\" \/>\n<meta property=\"og:locale\" content=\"it_IT\" \/>\n<meta property=\"og:type\" content=\"article\" \/>\n<meta property=\"og:title\" content=\"H\u00e9ctor L\u00f3pez Santillana : le maire qui veut faire de L\u00e9on, une ville mexicaine connect\u00e9e - Territorial Challenges\" \/>\n<meta property=\"og:description\" content=\"H\u00e9ctor L\u00f3pez Santillana, restera dans l&rsquo;histoire de L\u00e9on, capitale de l&rsquo;enseignement universitaire au Mexique, non seulement pour avoir \u00e9t\u00e9 le premier maire r\u00e9\u00e9lu de la ville, mais aussi pour avoir d\u00fb faire face \u00e0 une crise sanitaire et \u00e9conomique. H\u00e9ctor L\u00f3pez Santillana, pr\u00e9sentera durant les premiers jours de septembre son deuxi\u00e8me rapport de r\u00e9sultats pour [&hellip;]\" \/>\n<meta property=\"og:url\" content=\"https:\/\/territorialchallenges.com\/it\/2020\/08\/26\/hector-lopez-santillana-le-maire-qui-veut-faire-de-leon-une-ville-mexicaine-connectee\/86015\/\" \/>\n<meta property=\"og:site_name\" content=\"Territorial Challenges\" \/>\n<meta property=\"article:published_time\" content=\"2020-08-26T17:06:07+00:00\" \/>\n<meta property=\"og:image\" content=\"https:\/\/territorialchallenges.com\/wp-content\/uploads\/2020\/08\/leon.jpg\" \/>\n\t<meta property=\"og:image:width\" content=\"958\" \/>\n\t<meta property=\"og:image:height\" content=\"596\" \/>\n\t<meta property=\"og:image:type\" content=\"image\/jpeg\" \/>\n<meta name=\"author\" content=\"ni.abdi\" \/>\n<meta name=\"twitter:card\" content=\"summary_large_image\" \/>\n<meta name=\"twitter:creator\" content=\"@Ni.abdi\" \/>\n<meta name=\"twitter:label1\" content=\"Scritto da\" \/>\n\t<meta name=\"twitter:data1\" content=\"ni.abdi\" \/>\n\t<meta name=\"twitter:label2\" content=\"Tempo di lettura stimato\" \/>\n\t<meta name=\"twitter:data2\" content=\"4 minuti\" \/>\n<script type=\"application\/ld+json\" class=\"yoast-schema-graph\">{\"@context\":\"https:\/\/schema.org\",\"@graph\":[{\"@type\":\"Article\",\"@id\":\"https:\/\/territorialchallenges.com\/2020\/08\/26\/hector-lopez-santillana-le-maire-qui-veut-faire-de-leon-une-ville-mexicaine-connectee\/86015\/#article\",\"isPartOf\":{\"@id\":\"https:\/\/territorialchallenges.com\/2020\/08\/26\/hector-lopez-santillana-le-maire-qui-veut-faire-de-leon-une-ville-mexicaine-connectee\/86015\/\"},\"author\":{\"name\":\"ni.abdi\",\"@id\":\"https:\/\/territorialchallenges.com\/#\/schema\/person\/098f145c7c61a021c425e010f840080f\"},\"headline\":\"H\u00e9ctor L\u00f3pez Santillana : le maire qui veut faire de L\u00e9on, une ville mexicaine connect\u00e9e\",\"datePublished\":\"2020-08-26T17:06:07+00:00\",\"dateModified\":\"2020-08-26T17:06:07+00:00\",\"mainEntityOfPage\":{\"@id\":\"https:\/\/territorialchallenges.com\/2020\/08\/26\/hector-lopez-santillana-le-maire-qui-veut-faire-de-leon-une-ville-mexicaine-connectee\/86015\/\"},\"wordCount\":766,\"commentCount\":0,\"publisher\":{\"@id\":\"https:\/\/territorialchallenges.com\/#organization\"},\"articleSection\":[\"On parle d'eux\",\"\u00c9cosyst\u00e8me\"],\"inLanguage\":\"it-IT\"},{\"@type\":\"WebPage\",\"@id\":\"https:\/\/territorialchallenges.com\/2020\/08\/26\/hector-lopez-santillana-le-maire-qui-veut-faire-de-leon-une-ville-mexicaine-connectee\/86015\/\",\"url\":\"https:\/\/territorialchallenges.com\/2020\/08\/26\/hector-lopez-santillana-le-maire-qui-veut-faire-de-leon-une-ville-mexicaine-connectee\/86015\/\",\"name\":\"H\u00e9ctor L\u00f3pez Santillana : le maire qui veut faire de L\u00e9on, une ville mexicaine connect\u00e9e - Territorial Challenges\",\"isPartOf\":{\"@id\":\"https:\/\/territorialchallenges.com\/#website\"},\"datePublished\":\"2020-08-26T17:06:07+00:00\",\"dateModified\":\"2020-08-26T17:06:07+00:00\",\"breadcrumb\":{\"@id\":\"https:\/\/territorialchallenges.com\/2020\/08\/26\/hector-lopez-santillana-le-maire-qui-veut-faire-de-leon-une-ville-mexicaine-connectee\/86015\/#breadcrumb\"},\"inLanguage\":\"it-IT\",\"potentialAction\":[{\"@type\":\"ReadAction\",\"target\":[\"https:\/\/territorialchallenges.com\/2020\/08\/26\/hector-lopez-santillana-le-maire-qui-veut-faire-de-leon-une-ville-mexicaine-connectee\/86015\/\"]}]},{\"@type\":\"BreadcrumbList\",\"@id\":\"https:\/\/territorialchallenges.com\/2020\/08\/26\/hector-lopez-santillana-le-maire-qui-veut-faire-de-leon-une-ville-mexicaine-connectee\/86015\/#breadcrumb\",\"itemListElement\":[{\"@type\":\"ListItem\",\"position\":1,\"name\":\"Home\",\"item\":\"https:\/\/territorialchallenges.com\/\"},{\"@type\":\"ListItem\",\"position\":2,\"name\":\"H\u00e9ctor L\u00f3pez Santillana : le maire qui veut faire de L\u00e9on, une ville mexicaine connect\u00e9e\"}]},{\"@type\":\"WebSite\",\"@id\":\"https:\/\/territorialchallenges.com\/#website\",\"url\":\"https:\/\/territorialchallenges.com\/\",\"name\":\"Territorial Challenges\",\"description\":\"Veille Internationale - Strat\u00e9gie Intelligentes - Bonnes pratiques\",\"publisher\":{\"@id\":\"https:\/\/territorialchallenges.com\/#organization\"},\"potentialAction\":[{\"@type\":\"SearchAction\",\"target\":{\"@type\":\"EntryPoint\",\"urlTemplate\":\"https:\/\/territorialchallenges.com\/?s={search_term_string}\"},\"query-input\":\"required name=search_term_string\"}],\"inLanguage\":\"it-IT\"},{\"@type\":\"Organization\",\"@id\":\"https:\/\/territorialchallenges.com\/#organization\",\"name\":\"Territorial Challenges\",\"url\":\"https:\/\/territorialchallenges.com\/\",\"logo\":{\"@type\":\"ImageObject\",\"inLanguage\":\"it-IT\",\"@id\":\"https:\/\/territorialchallenges.com\/#\/schema\/logo\/image\/\",\"url\":\"https:\/\/territorialchallenges.com\/wp-content\/uploads\/2023\/10\/logo-1.png\",\"contentUrl\":\"https:\/\/territorialchallenges.com\/wp-content\/uploads\/2023\/10\/logo-1.png\",\"width\":1832,\"height\":576,\"caption\":\"Territorial Challenges\"},\"image\":{\"@id\":\"https:\/\/territorialchallenges.com\/#\/schema\/logo\/image\/\"}},{\"@type\":\"Person\",\"@id\":\"https:\/\/territorialchallenges.com\/#\/schema\/person\/098f145c7c61a021c425e010f840080f\",\"name\":\"ni.abdi\",\"image\":{\"@type\":\"ImageObject\",\"inLanguage\":\"it-IT\",\"@id\":\"https:\/\/territorialchallenges.com\/#\/schema\/person\/image\/\",\"url\":\"https:\/\/secure.gravatar.com\/avatar\/2a2f2491f3c80039986ba989b1e4b510?s=96&d=identicon&r=g\",\"contentUrl\":\"https:\/\/secure.gravatar.com\/avatar\/2a2f2491f3c80039986ba989b1e4b510?s=96&d=identicon&r=g\",\"caption\":\"ni.abdi\"},\"sameAs\":[\"https:\/\/twitter.com\/Ni.abdi\"],\"url\":\"https:\/\/territorialchallenges.com\/it\/author\/ni-abdi\/\"}]}<\/script>\n<!-- \/ Yoast SEO plugin. -->","yoast_head_json":{"title":"H\u00e9ctor L\u00f3pez Santillana : le maire qui veut faire de L\u00e9on, une ville mexicaine connect\u00e9e - Territorial Challenges","robots":{"index":"index","follow":"follow","max-snippet":"max-snippet:-1","max-image-preview":"max-image-preview:large","max-video-preview":"max-video-preview:-1"},"canonical":"https:\/\/territorialchallenges.com\/it\/2020\/08\/26\/hector-lopez-santillana-le-maire-qui-veut-faire-de-leon-une-ville-mexicaine-connectee\/86015\/","og_locale":"it_IT","og_type":"article","og_title":"H\u00e9ctor L\u00f3pez Santillana : le maire qui veut faire de L\u00e9on, une ville mexicaine connect\u00e9e - Territorial Challenges","og_description":"H\u00e9ctor L\u00f3pez Santillana, restera dans l&rsquo;histoire de L\u00e9on, capitale de l&rsquo;enseignement universitaire au Mexique, non seulement pour avoir \u00e9t\u00e9 le premier maire r\u00e9\u00e9lu de la ville, mais aussi pour avoir d\u00fb faire face \u00e0 une crise sanitaire et \u00e9conomique. H\u00e9ctor L\u00f3pez Santillana, pr\u00e9sentera durant les premiers jours de septembre son deuxi\u00e8me rapport de r\u00e9sultats pour [&hellip;]","og_url":"https:\/\/territorialchallenges.com\/it\/2020\/08\/26\/hector-lopez-santillana-le-maire-qui-veut-faire-de-leon-une-ville-mexicaine-connectee\/86015\/","og_site_name":"Territorial Challenges","article_published_time":"2020-08-26T17:06:07+00:00","og_image":[{"width":958,"height":596,"url":"https:\/\/territorialchallenges.com\/wp-content\/uploads\/2020\/08\/leon.jpg","type":"image\/jpeg"}],"author":"ni.abdi","twitter_card":"summary_large_image","twitter_creator":"@Ni.abdi","twitter_misc":{"Scritto da":"ni.abdi","Tempo di lettura stimato":"4 minuti"},"schema":{"@context":"https:\/\/schema.org","@graph":[{"@type":"Article","@id":"https:\/\/territorialchallenges.com\/2020\/08\/26\/hector-lopez-santillana-le-maire-qui-veut-faire-de-leon-une-ville-mexicaine-connectee\/86015\/#article","isPartOf":{"@id":"https:\/\/territorialchallenges.com\/2020\/08\/26\/hector-lopez-santillana-le-maire-qui-veut-faire-de-leon-une-ville-mexicaine-connectee\/86015\/"},"author":{"name":"ni.abdi","@id":"https:\/\/territorialchallenges.com\/#\/schema\/person\/098f145c7c61a021c425e010f840080f"},"headline":"H\u00e9ctor L\u00f3pez Santillana : le maire qui veut faire de L\u00e9on, une ville mexicaine connect\u00e9e","datePublished":"2020-08-26T17:06:07+00:00","dateModified":"2020-08-26T17:06:07+00:00","mainEntityOfPage":{"@id":"https:\/\/territorialchallenges.com\/2020\/08\/26\/hector-lopez-santillana-le-maire-qui-veut-faire-de-leon-une-ville-mexicaine-connectee\/86015\/"},"wordCount":766,"commentCount":0,"publisher":{"@id":"https:\/\/territorialchallenges.com\/#organization"},"articleSection":["On parle d'eux","\u00c9cosyst\u00e8me"],"inLanguage":"it-IT"},{"@type":"WebPage","@id":"https:\/\/territorialchallenges.com\/2020\/08\/26\/hector-lopez-santillana-le-maire-qui-veut-faire-de-leon-une-ville-mexicaine-connectee\/86015\/","url":"https:\/\/territorialchallenges.com\/2020\/08\/26\/hector-lopez-santillana-le-maire-qui-veut-faire-de-leon-une-ville-mexicaine-connectee\/86015\/","name":"H\u00e9ctor L\u00f3pez Santillana : le maire qui veut faire de L\u00e9on, une ville mexicaine connect\u00e9e - Territorial Challenges","isPartOf":{"@id":"https:\/\/territorialchallenges.com\/#website"},"datePublished":"2020-08-26T17:06:07+00:00","dateModified":"2020-08-26T17:06:07+00:00","breadcrumb":{"@id":"https:\/\/territorialchallenges.com\/2020\/08\/26\/hector-lopez-santillana-le-maire-qui-veut-faire-de-leon-une-ville-mexicaine-connectee\/86015\/#breadcrumb"},"inLanguage":"it-IT","potentialAction":[{"@type":"ReadAction","target":["https:\/\/territorialchallenges.com\/2020\/08\/26\/hector-lopez-santillana-le-maire-qui-veut-faire-de-leon-une-ville-mexicaine-connectee\/86015\/"]}]},{"@type":"BreadcrumbList","@id":"https:\/\/territorialchallenges.com\/2020\/08\/26\/hector-lopez-santillana-le-maire-qui-veut-faire-de-leon-une-ville-mexicaine-connectee\/86015\/#breadcrumb","itemListElement":[{"@type":"ListItem","position":1,"name":"Home","item":"https:\/\/territorialchallenges.com\/"},{"@type":"ListItem","position":2,"name":"H\u00e9ctor L\u00f3pez Santillana : le maire qui veut faire de L\u00e9on, une ville mexicaine connect\u00e9e"}]},{"@type":"WebSite","@id":"https:\/\/territorialchallenges.com\/#website","url":"https:\/\/territorialchallenges.com\/","name":"Sfide territoriali","description":"Monitoraggio internazionale - Strategie intelligenti - Migliori pratiche","publisher":{"@id":"https:\/\/territorialchallenges.com\/#organization"},"potentialAction":[{"@type":"SearchAction","target":{"@type":"EntryPoint","urlTemplate":"https:\/\/territorialchallenges.com\/?s={search_term_string}"},"query-input":"required name=search_term_string"}],"inLanguage":"it-IT"},{"@type":"Organization","@id":"https:\/\/territorialchallenges.com\/#organization","name":"Sfide territoriali","url":"https:\/\/territorialchallenges.com\/","logo":{"@type":"ImageObject","inLanguage":"it-IT","@id":"https:\/\/territorialchallenges.com\/#\/schema\/logo\/image\/","url":"https:\/\/territorialchallenges.com\/wp-content\/uploads\/2023\/10\/logo-1.png","contentUrl":"https:\/\/territorialchallenges.com\/wp-content\/uploads\/2023\/10\/logo-1.png","width":1832,"height":576,"caption":"Territorial Challenges"},"image":{"@id":"https:\/\/territorialchallenges.com\/#\/schema\/logo\/image\/"}},{"@type":"Person","@id":"https:\/\/territorialchallenges.com\/#\/schema\/person\/098f145c7c61a021c425e010f840080f","name":"ni.abdi","image":{"@type":"ImageObject","inLanguage":"it-IT","@id":"https:\/\/territorialchallenges.com\/#\/schema\/person\/image\/","url":"https:\/\/secure.gravatar.com\/avatar\/2a2f2491f3c80039986ba989b1e4b510?s=96&d=identicon&r=g","contentUrl":"https:\/\/secure.gravatar.com\/avatar\/2a2f2491f3c80039986ba989b1e4b510?s=96&d=identicon&r=g","caption":"ni.abdi"},"sameAs":["https:\/\/twitter.com\/Ni.abdi"],"url":"https:\/\/territorialchallenges.com\/it\/author\/ni-abdi\/"}]}},"_links":{"self":[{"href":"https:\/\/territorialchallenges.com\/it\/wp-json\/wp\/v2\/posts\/86015"}],"collection":[{"href":"https:\/\/territorialchallenges.com\/it\/wp-json\/wp\/v2\/posts"}],"about":[{"href":"https:\/\/territorialchallenges.com\/it\/wp-json\/wp\/v2\/types\/post"}],"author":[{"embeddable":true,"href":"https:\/\/territorialchallenges.com\/it\/wp-json\/wp\/v2\/users\/11"}],"replies":[{"embeddable":true,"href":"https:\/\/territorialchallenges.com\/it\/wp-json\/wp\/v2\/comments?post=86015"}],"version-history":[{"count":1,"href":"https:\/\/territorialchallenges.com\/it\/wp-json\/wp\/v2\/posts\/86015\/revisions"}],"predecessor-version":[{"id":86020,"href":"https:\/\/territorialchallenges.com\/it\/wp-json\/wp\/v2\/posts\/86015\/revisions\/86020"}],"wp:featuredmedia":[{"embeddable":true,"href":"https:\/\/territorialchallenges.com\/it\/wp-json\/wp\/v2\/media\/86016"}],"wp:attachment":[{"href":"https:\/\/territorialchallenges.com\/it\/wp-json\/wp\/v2\/media?parent=86015"}],"wp:term":[{"taxonomy":"category","embeddable":true,"href":"https:\/\/territorialchallenges.com\/it\/wp-json\/wp\/v2\/categories?post=86015"},{"taxonomy":"post_tag","embeddable":true,"href":"https:\/\/territorialchallenges.com\/it\/wp-json\/wp\/v2\/tags?post=86015"}],"curies":[{"name":"parola chiave","href":"https:\/\/api.w.org\/{rel}","templated":true}]}}