{"id":85780,"date":"2020-07-14T17:40:10","date_gmt":"2020-07-14T15:40:10","guid":{"rendered":"https:\/\/territorialchallenges.com\/?p=85780"},"modified":"2020-07-14T17:40:10","modified_gmt":"2020-07-14T15:40:10","slug":"on-parle-deux-jacek-jaskowiak-le-maire-de-poznan-en-pologne","status":"publish","type":"post","link":"https:\/\/territorialchallenges.com\/it\/2020\/07\/14\/on-parle-deux-jacek-jaskowiak-le-maire-de-poznan-en-pologne\/85780\/","title":{"rendered":"Ne parliamo: Jacek Ja\u015bkowiak, sindaco di Poznan in Polonia"},"content":{"rendered":"<p>Nel mezzo di una crisi sanitaria e davanti al suo computer, a met\u00e0 giugno il sindaco di Pozna\u0144 ha vinto lo Smart City Award 2019 per la sua citt\u00e0 nella parte occidentale del Paese. Questo evento annuale, che premia anche le citt\u00e0 polacche con pi\u00f9 di 500.000 abitanti per le loro politiche digitali, si \u00e8 svolto su una piattaforma digitale il 15\u2026 <\/p>\n<div class=\"pmpro_content_message\">Articolo disponibile solo per gli abbonati.<br \/><a href=\"https:\/\/territorialchallenges.com\/wp-login.php\">Login<\/a><br \/><a href=\"https:\/\/territorialchallenges.com\/it\/wp-login.php\/?action=register\">Registro<\/a><\/div>","protected":false},"excerpt":{"rendered":"<p>En pleine crise sanitaire et devant son ordinateur, le maire de Poznan a obtenu mi-juin pour sa cit\u00e9 de l&rsquo;ouest du pays, le prix Smart City Award 2019. Cet \u00e9v\u00e8nement annuel qui r\u00e9compense aussi, les villes polonaises de plus de 500.000 habitants pour leur politique num\u00e9rique, a eu lieu sur une plateforme digital, le 15... <\/p>\n<div class=\"pmpro_content_message\">Articolo disponibile solo per gli abbonati.<br \/><a href=\"https:\/\/territorialchallenges.com\/wp-login.php\">Login<\/a><br \/><a href=\"https:\/\/territorialchallenges.com\/it\/wp-login.php\/?action=register\">Registro<\/a><\/div>","protected":false},"author":11,"featured_media":85781,"comment_status":"open","ping_status":"open","sticky":true,"template":"","format":"standard","meta":{"pmpro_default_level":0,"footnotes":""},"categories":[126,117],"tags":[],"blocksy_meta":"","yoast_head":"<!-- This site is optimized with the Yoast SEO plugin v21.5 - https:\/\/yoast.com\/wordpress\/plugins\/seo\/ -->\n<title>On parle d&#039;eux: Jacek Ja\u015bkowiak, le maire de Poznan en Pologne - Territorial Challenges<\/title>\n<meta name=\"robots\" content=\"index, follow, max-snippet:-1, max-image-preview:large, max-video-preview:-1\" \/>\n<link rel=\"canonical\" href=\"https:\/\/territorialchallenges.com\/it\/2020\/07\/14\/on-parle-deux-jacek-jaskowiak-le-maire-de-poznan-en-pologne\/85780\/\" \/>\n<meta property=\"og:locale\" content=\"it_IT\" \/>\n<meta property=\"og:type\" content=\"article\" \/>\n<meta property=\"og:title\" content=\"On parle d&#039;eux: Jacek Ja\u015bkowiak, le maire de Poznan en Pologne - Territorial Challenges\" \/>\n<meta property=\"og:description\" content=\"En pleine crise sanitaire et devant son ordinateur, le maire de Poznan a obtenu mi-juin pour sa cit\u00e9 de l&rsquo;ouest du pays, le prix Smart City Award 2019. Cet \u00e9v\u00e8nement annuel qui r\u00e9compense aussi, les villes polonaises de plus de 500.000 habitants pour leur politique num\u00e9rique, a eu lieu sur une plateforme digital, le 15 [&hellip;]\" \/>\n<meta property=\"og:url\" content=\"https:\/\/territorialchallenges.com\/it\/2020\/07\/14\/on-parle-deux-jacek-jaskowiak-le-maire-de-poznan-en-pologne\/85780\/\" \/>\n<meta property=\"og:site_name\" content=\"Territorial Challenges\" \/>\n<meta property=\"article:published_time\" content=\"2020-07-14T15:40:10+00:00\" \/>\n<meta property=\"og:image\" content=\"https:\/\/territorialchallenges.com\/wp-content\/uploads\/2020\/07\/jacek-jaskowiak-nowym-prezydentem-poznaniapic1120275997102362with-ratio16_9.jpg\" \/>\n\t<meta property=\"og:image:width\" content=\"742\" \/>\n\t<meta property=\"og:image:height\" content=\"417\" \/>\n\t<meta property=\"og:image:type\" content=\"image\/jpeg\" \/>\n<meta name=\"author\" content=\"ni.abdi\" \/>\n<meta name=\"twitter:card\" content=\"summary_large_image\" \/>\n<meta name=\"twitter:creator\" content=\"@Ni.abdi\" \/>\n<meta name=\"twitter:label1\" content=\"Scritto da\" \/>\n\t<meta name=\"twitter:data1\" content=\"ni.abdi\" \/>\n\t<meta name=\"twitter:label2\" content=\"Tempo di lettura stimato\" \/>\n\t<meta name=\"twitter:data2\" content=\"4 minuti\" \/>\n<script type=\"application\/ld+json\" class=\"yoast-schema-graph\">{\"@context\":\"https:\/\/schema.org\",\"@graph\":[{\"@type\":\"Article\",\"@id\":\"https:\/\/territorialchallenges.com\/2020\/07\/14\/on-parle-deux-jacek-jaskowiak-le-maire-de-poznan-en-pologne\/85780\/#article\",\"isPartOf\":{\"@id\":\"https:\/\/territorialchallenges.com\/2020\/07\/14\/on-parle-deux-jacek-jaskowiak-le-maire-de-poznan-en-pologne\/85780\/\"},\"author\":{\"name\":\"ni.abdi\",\"@id\":\"https:\/\/territorialchallenges.com\/#\/schema\/person\/098f145c7c61a021c425e010f840080f\"},\"headline\":\"On parle d&rsquo;eux: Jacek Ja\u015bkowiak, le maire de Poznan en Pologne\",\"datePublished\":\"2020-07-14T15:40:10+00:00\",\"dateModified\":\"2020-07-14T15:40:10+00:00\",\"mainEntityOfPage\":{\"@id\":\"https:\/\/territorialchallenges.com\/2020\/07\/14\/on-parle-deux-jacek-jaskowiak-le-maire-de-poznan-en-pologne\/85780\/\"},\"wordCount\":797,\"commentCount\":0,\"publisher\":{\"@id\":\"https:\/\/territorialchallenges.com\/#organization\"},\"articleSection\":[\"On parle d'eux\",\"\u00c9cosyst\u00e8me\"],\"inLanguage\":\"it-IT\"},{\"@type\":\"WebPage\",\"@id\":\"https:\/\/territorialchallenges.com\/2020\/07\/14\/on-parle-deux-jacek-jaskowiak-le-maire-de-poznan-en-pologne\/85780\/\",\"url\":\"https:\/\/territorialchallenges.com\/2020\/07\/14\/on-parle-deux-jacek-jaskowiak-le-maire-de-poznan-en-pologne\/85780\/\",\"name\":\"On parle d'eux: Jacek Ja\u015bkowiak, le maire de Poznan en Pologne - Territorial Challenges\",\"isPartOf\":{\"@id\":\"https:\/\/territorialchallenges.com\/#website\"},\"datePublished\":\"2020-07-14T15:40:10+00:00\",\"dateModified\":\"2020-07-14T15:40:10+00:00\",\"breadcrumb\":{\"@id\":\"https:\/\/territorialchallenges.com\/2020\/07\/14\/on-parle-deux-jacek-jaskowiak-le-maire-de-poznan-en-pologne\/85780\/#breadcrumb\"},\"inLanguage\":\"it-IT\",\"potentialAction\":[{\"@type\":\"ReadAction\",\"target\":[\"https:\/\/territorialchallenges.com\/2020\/07\/14\/on-parle-deux-jacek-jaskowiak-le-maire-de-poznan-en-pologne\/85780\/\"]}]},{\"@type\":\"BreadcrumbList\",\"@id\":\"https:\/\/territorialchallenges.com\/2020\/07\/14\/on-parle-deux-jacek-jaskowiak-le-maire-de-poznan-en-pologne\/85780\/#breadcrumb\",\"itemListElement\":[{\"@type\":\"ListItem\",\"position\":1,\"name\":\"Home\",\"item\":\"https:\/\/territorialchallenges.com\/\"},{\"@type\":\"ListItem\",\"position\":2,\"name\":\"On parle d&rsquo;eux: Jacek Ja\u015bkowiak, le maire de Poznan en Pologne\"}]},{\"@type\":\"WebSite\",\"@id\":\"https:\/\/territorialchallenges.com\/#website\",\"url\":\"https:\/\/territorialchallenges.com\/\",\"name\":\"Territorial Challenges\",\"description\":\"Veille Internationale - Strat\u00e9gie Intelligentes - Bonnes pratiques\",\"publisher\":{\"@id\":\"https:\/\/territorialchallenges.com\/#organization\"},\"potentialAction\":[{\"@type\":\"SearchAction\",\"target\":{\"@type\":\"EntryPoint\",\"urlTemplate\":\"https:\/\/territorialchallenges.com\/?s={search_term_string}\"},\"query-input\":\"required name=search_term_string\"}],\"inLanguage\":\"it-IT\"},{\"@type\":\"Organization\",\"@id\":\"https:\/\/territorialchallenges.com\/#organization\",\"name\":\"Territorial Challenges\",\"url\":\"https:\/\/territorialchallenges.com\/\",\"logo\":{\"@type\":\"ImageObject\",\"inLanguage\":\"it-IT\",\"@id\":\"https:\/\/territorialchallenges.com\/#\/schema\/logo\/image\/\",\"url\":\"https:\/\/territorialchallenges.com\/wp-content\/uploads\/2023\/10\/logo-1.png\",\"contentUrl\":\"https:\/\/territorialchallenges.com\/wp-content\/uploads\/2023\/10\/logo-1.png\",\"width\":1832,\"height\":576,\"caption\":\"Territorial Challenges\"},\"image\":{\"@id\":\"https:\/\/territorialchallenges.com\/#\/schema\/logo\/image\/\"}},{\"@type\":\"Person\",\"@id\":\"https:\/\/territorialchallenges.com\/#\/schema\/person\/098f145c7c61a021c425e010f840080f\",\"name\":\"ni.abdi\",\"image\":{\"@type\":\"ImageObject\",\"inLanguage\":\"it-IT\",\"@id\":\"https:\/\/territorialchallenges.com\/#\/schema\/person\/image\/\",\"url\":\"https:\/\/secure.gravatar.com\/avatar\/2a2f2491f3c80039986ba989b1e4b510?s=96&d=identicon&r=g\",\"contentUrl\":\"https:\/\/secure.gravatar.com\/avatar\/2a2f2491f3c80039986ba989b1e4b510?s=96&d=identicon&r=g\",\"caption\":\"ni.abdi\"},\"sameAs\":[\"https:\/\/twitter.com\/Ni.abdi\"],\"url\":\"https:\/\/territorialchallenges.com\/it\/author\/ni-abdi\/\"}]}<\/script>\n<!-- \/ Yoast SEO plugin. -->","yoast_head_json":{"title":"On parle d'eux: Jacek Ja\u015bkowiak, le maire de Poznan en Pologne - Territorial Challenges","robots":{"index":"index","follow":"follow","max-snippet":"max-snippet:-1","max-image-preview":"max-image-preview:large","max-video-preview":"max-video-preview:-1"},"canonical":"https:\/\/territorialchallenges.com\/it\/2020\/07\/14\/on-parle-deux-jacek-jaskowiak-le-maire-de-poznan-en-pologne\/85780\/","og_locale":"it_IT","og_type":"article","og_title":"On parle d'eux: Jacek Ja\u015bkowiak, le maire de Poznan en Pologne - Territorial Challenges","og_description":"En pleine crise sanitaire et devant son ordinateur, le maire de Poznan a obtenu mi-juin pour sa cit\u00e9 de l&rsquo;ouest du pays, le prix Smart City Award 2019. Cet \u00e9v\u00e8nement annuel qui r\u00e9compense aussi, les villes polonaises de plus de 500.000 habitants pour leur politique num\u00e9rique, a eu lieu sur une plateforme digital, le 15 [&hellip;]","og_url":"https:\/\/territorialchallenges.com\/it\/2020\/07\/14\/on-parle-deux-jacek-jaskowiak-le-maire-de-poznan-en-pologne\/85780\/","og_site_name":"Territorial Challenges","article_published_time":"2020-07-14T15:40:10+00:00","og_image":[{"width":742,"height":417,"url":"https:\/\/territorialchallenges.com\/wp-content\/uploads\/2020\/07\/jacek-jaskowiak-nowym-prezydentem-poznaniapic1120275997102362with-ratio16_9.jpg","type":"image\/jpeg"}],"author":"ni.abdi","twitter_card":"summary_large_image","twitter_creator":"@Ni.abdi","twitter_misc":{"Scritto da":"ni.abdi","Tempo di lettura stimato":"4 minuti"},"schema":{"@context":"https:\/\/schema.org","@graph":[{"@type":"Article","@id":"https:\/\/territorialchallenges.com\/2020\/07\/14\/on-parle-deux-jacek-jaskowiak-le-maire-de-poznan-en-pologne\/85780\/#article","isPartOf":{"@id":"https:\/\/territorialchallenges.com\/2020\/07\/14\/on-parle-deux-jacek-jaskowiak-le-maire-de-poznan-en-pologne\/85780\/"},"author":{"name":"ni.abdi","@id":"https:\/\/territorialchallenges.com\/#\/schema\/person\/098f145c7c61a021c425e010f840080f"},"headline":"On parle d&rsquo;eux: Jacek Ja\u015bkowiak, le maire de Poznan en Pologne","datePublished":"2020-07-14T15:40:10+00:00","dateModified":"2020-07-14T15:40:10+00:00","mainEntityOfPage":{"@id":"https:\/\/territorialchallenges.com\/2020\/07\/14\/on-parle-deux-jacek-jaskowiak-le-maire-de-poznan-en-pologne\/85780\/"},"wordCount":797,"commentCount":0,"publisher":{"@id":"https:\/\/territorialchallenges.com\/#organization"},"articleSection":["On parle d'eux","\u00c9cosyst\u00e8me"],"inLanguage":"it-IT"},{"@type":"WebPage","@id":"https:\/\/territorialchallenges.com\/2020\/07\/14\/on-parle-deux-jacek-jaskowiak-le-maire-de-poznan-en-pologne\/85780\/","url":"https:\/\/territorialchallenges.com\/2020\/07\/14\/on-parle-deux-jacek-jaskowiak-le-maire-de-poznan-en-pologne\/85780\/","name":"On parle d'eux: Jacek Ja\u015bkowiak, le maire de Poznan en Pologne - Territorial Challenges","isPartOf":{"@id":"https:\/\/territorialchallenges.com\/#website"},"datePublished":"2020-07-14T15:40:10+00:00","dateModified":"2020-07-14T15:40:10+00:00","breadcrumb":{"@id":"https:\/\/territorialchallenges.com\/2020\/07\/14\/on-parle-deux-jacek-jaskowiak-le-maire-de-poznan-en-pologne\/85780\/#breadcrumb"},"inLanguage":"it-IT","potentialAction":[{"@type":"ReadAction","target":["https:\/\/territorialchallenges.com\/2020\/07\/14\/on-parle-deux-jacek-jaskowiak-le-maire-de-poznan-en-pologne\/85780\/"]}]},{"@type":"BreadcrumbList","@id":"https:\/\/territorialchallenges.com\/2020\/07\/14\/on-parle-deux-jacek-jaskowiak-le-maire-de-poznan-en-pologne\/85780\/#breadcrumb","itemListElement":[{"@type":"ListItem","position":1,"name":"Home","item":"https:\/\/territorialchallenges.com\/"},{"@type":"ListItem","position":2,"name":"On parle d&rsquo;eux: Jacek Ja\u015bkowiak, le maire de Poznan en Pologne"}]},{"@type":"WebSite","@id":"https:\/\/territorialchallenges.com\/#website","url":"https:\/\/territorialchallenges.com\/","name":"Sfide territoriali","description":"Monitoraggio internazionale - Strategie intelligenti - Migliori pratiche","publisher":{"@id":"https:\/\/territorialchallenges.com\/#organization"},"potentialAction":[{"@type":"SearchAction","target":{"@type":"EntryPoint","urlTemplate":"https:\/\/territorialchallenges.com\/?s={search_term_string}"},"query-input":"required name=search_term_string"}],"inLanguage":"it-IT"},{"@type":"Organization","@id":"https:\/\/territorialchallenges.com\/#organization","name":"Sfide territoriali","url":"https:\/\/territorialchallenges.com\/","logo":{"@type":"ImageObject","inLanguage":"it-IT","@id":"https:\/\/territorialchallenges.com\/#\/schema\/logo\/image\/","url":"https:\/\/territorialchallenges.com\/wp-content\/uploads\/2023\/10\/logo-1.png","contentUrl":"https:\/\/territorialchallenges.com\/wp-content\/uploads\/2023\/10\/logo-1.png","width":1832,"height":576,"caption":"Territorial Challenges"},"image":{"@id":"https:\/\/territorialchallenges.com\/#\/schema\/logo\/image\/"}},{"@type":"Person","@id":"https:\/\/territorialchallenges.com\/#\/schema\/person\/098f145c7c61a021c425e010f840080f","name":"ni.abdi","image":{"@type":"ImageObject","inLanguage":"it-IT","@id":"https:\/\/territorialchallenges.com\/#\/schema\/person\/image\/","url":"https:\/\/secure.gravatar.com\/avatar\/2a2f2491f3c80039986ba989b1e4b510?s=96&d=identicon&r=g","contentUrl":"https:\/\/secure.gravatar.com\/avatar\/2a2f2491f3c80039986ba989b1e4b510?s=96&d=identicon&r=g","caption":"ni.abdi"},"sameAs":["https:\/\/twitter.com\/Ni.abdi"],"url":"https:\/\/territorialchallenges.com\/it\/author\/ni-abdi\/"}]}},"_links":{"self":[{"href":"https:\/\/territorialchallenges.com\/it\/wp-json\/wp\/v2\/posts\/85780"}],"collection":[{"href":"https:\/\/territorialchallenges.com\/it\/wp-json\/wp\/v2\/posts"}],"about":[{"href":"https:\/\/territorialchallenges.com\/it\/wp-json\/wp\/v2\/types\/post"}],"author":[{"embeddable":true,"href":"https:\/\/territorialchallenges.com\/it\/wp-json\/wp\/v2\/users\/11"}],"replies":[{"embeddable":true,"href":"https:\/\/territorialchallenges.com\/it\/wp-json\/wp\/v2\/comments?post=85780"}],"version-history":[{"count":1,"href":"https:\/\/territorialchallenges.com\/it\/wp-json\/wp\/v2\/posts\/85780\/revisions"}],"predecessor-version":[{"id":85785,"href":"https:\/\/territorialchallenges.com\/it\/wp-json\/wp\/v2\/posts\/85780\/revisions\/85785"}],"wp:featuredmedia":[{"embeddable":true,"href":"https:\/\/territorialchallenges.com\/it\/wp-json\/wp\/v2\/media\/85781"}],"wp:attachment":[{"href":"https:\/\/territorialchallenges.com\/it\/wp-json\/wp\/v2\/media?parent=85780"}],"wp:term":[{"taxonomy":"category","embeddable":true,"href":"https:\/\/territorialchallenges.com\/it\/wp-json\/wp\/v2\/categories?post=85780"},{"taxonomy":"post_tag","embeddable":true,"href":"https:\/\/territorialchallenges.com\/it\/wp-json\/wp\/v2\/tags?post=85780"}],"curies":[{"name":"parola chiave","href":"https:\/\/api.w.org\/{rel}","templated":true}]}}