{"id":85719,"date":"2020-07-01T00:39:37","date_gmt":"2020-06-30T22:39:37","guid":{"rendered":"https:\/\/territorialchallenges.com\/?p=85719"},"modified":"2020-07-01T00:39:37","modified_gmt":"2020-06-30T22:39:37","slug":"les-smart-intercommunalities-ou-la-reconfiguration-verte-francaise-de-lapres-covid-19","status":"publish","type":"post","link":"https:\/\/territorialchallenges.com\/it\/2020\/07\/01\/les-smart-intercommunalities-ou-la-reconfiguration-verte-francaise-de-lapres-covid-19\/85719\/","title":{"rendered":"\u201cIntercomunalit\u00e0 intelligenti\u201d o la riconfigurazione verde francese dopo il COVID-19"},"content":{"rendered":"<p>In queste improbabili elezioni comunali durante la pandemia, l&#039;intercomunalit\u00e0 \u00e8 al centro della questione riguardante l&#039;incerto futuro dei territori del Paese lontani dalle metropoli. Tutti i piccoli comuni francesi sono indebitati e sperano, grazie all&#039;accesso a una nuova territorialit\u00e0, l&#039;intercomunalit\u00e0, in un&#039;aria di ossigeno salutare in termini di bilancio. Ma alcuni sindaci devono svegliarsi... <\/p>\n<div class=\"pmpro_content_message\">Articolo disponibile solo per gli abbonati.<br \/><a href=\"https:\/\/territorialchallenges.com\/wp-login.php\">Login<\/a><br \/><a href=\"https:\/\/territorialchallenges.com\/it\/wp-login.php\/?action=register\">Registro<\/a><\/div>","protected":false},"excerpt":{"rendered":"<p>Lors de ces \u00e9lections municipales improbables durant cette pand\u00e9mie, l&rsquo;intercommunalit\u00e9 est au centre de l&rsquo;enjeu concernant l&rsquo;avenir incertain des territoires du pays loin des m\u00e9tropoles. Toutes les petites communes de France sont endett\u00e9es et esp\u00e8rent gr\u00e2ce \u00e0 l\u2019acc\u00e8s \u00e0 une nouvelle territorialit\u00e9, l\u2019intercommunalit\u00e9, un oxyg\u00e8ne salutaire en terme budg\u00e9taire. Mais certains maires doivent prendre conscience... <\/p>\n<div class=\"pmpro_content_message\">Articolo disponibile solo per gli abbonati.<br \/><a href=\"https:\/\/territorialchallenges.com\/wp-login.php\">Login<\/a><br \/><a href=\"https:\/\/territorialchallenges.com\/it\/wp-login.php\/?action=register\">Registro<\/a><\/div>","protected":false},"author":11,"featured_media":85720,"comment_status":"open","ping_status":"open","sticky":true,"template":"","format":"standard","meta":{"pmpro_default_level":0,"footnotes":""},"categories":[130,117],"tags":[],"blocksy_meta":"","yoast_head":"<!-- This site is optimized with the Yoast SEO plugin v21.5 - https:\/\/yoast.com\/wordpress\/plugins\/seo\/ -->\n<title>Les &quot;Smart Intercommunalities&quot; ou la reconfiguration verte fran\u00e7aise de l&#039;apr\u00e8s COVID 19 - Territorial Challenges<\/title>\n<meta name=\"robots\" content=\"index, follow, max-snippet:-1, max-image-preview:large, max-video-preview:-1\" \/>\n<link rel=\"canonical\" href=\"https:\/\/territorialchallenges.com\/it\/2020\/07\/01\/les-smart-intercommunalities-ou-la-reconfiguration-verte-francaise-de-lapres-covid-19\/85719\/\" \/>\n<meta property=\"og:locale\" content=\"it_IT\" \/>\n<meta property=\"og:type\" content=\"article\" \/>\n<meta property=\"og:title\" content=\"Les &quot;Smart Intercommunalities&quot; ou la reconfiguration verte fran\u00e7aise de l&#039;apr\u00e8s COVID 19 - Territorial Challenges\" \/>\n<meta property=\"og:description\" content=\"Lors de ces \u00e9lections municipales improbables durant cette pand\u00e9mie, l&rsquo;intercommunalit\u00e9 est au centre de l&rsquo;enjeu concernant l&rsquo;avenir incertain des territoires du pays loin des m\u00e9tropoles. Toutes les petites communes de France sont endett\u00e9es et esp\u00e8rent gr\u00e2ce \u00e0 l\u2019acc\u00e8s \u00e0 une nouvelle territorialit\u00e9, l\u2019intercommunalit\u00e9, un oxyg\u00e8ne salutaire en terme budg\u00e9taire. Mais certains maires doivent prendre conscience [&hellip;]\" \/>\n<meta property=\"og:url\" content=\"https:\/\/territorialchallenges.com\/it\/2020\/07\/01\/les-smart-intercommunalities-ou-la-reconfiguration-verte-francaise-de-lapres-covid-19\/85719\/\" \/>\n<meta property=\"og:site_name\" content=\"Territorial Challenges\" \/>\n<meta property=\"article:published_time\" content=\"2020-06-30T22:39:37+00:00\" \/>\n<meta property=\"og:image\" content=\"https:\/\/territorialchallenges.com\/wp-content\/uploads\/2020\/07\/intercommunalites.jpg\" \/>\n\t<meta property=\"og:image:width\" content=\"1920\" \/>\n\t<meta property=\"og:image:height\" content=\"1280\" \/>\n\t<meta property=\"og:image:type\" content=\"image\/jpeg\" \/>\n<meta name=\"author\" content=\"ni.abdi\" \/>\n<meta name=\"twitter:card\" content=\"summary_large_image\" \/>\n<meta name=\"twitter:creator\" content=\"@Ni.abdi\" \/>\n<meta name=\"twitter:label1\" content=\"Scritto da\" \/>\n\t<meta name=\"twitter:data1\" content=\"ni.abdi\" \/>\n\t<meta name=\"twitter:label2\" content=\"Tempo di lettura stimato\" \/>\n\t<meta name=\"twitter:data2\" content=\"4 minuti\" \/>\n<script type=\"application\/ld+json\" class=\"yoast-schema-graph\">{\"@context\":\"https:\/\/schema.org\",\"@graph\":[{\"@type\":\"Article\",\"@id\":\"https:\/\/territorialchallenges.com\/2020\/07\/01\/les-smart-intercommunalities-ou-la-reconfiguration-verte-francaise-de-lapres-covid-19\/85719\/#article\",\"isPartOf\":{\"@id\":\"https:\/\/territorialchallenges.com\/2020\/07\/01\/les-smart-intercommunalities-ou-la-reconfiguration-verte-francaise-de-lapres-covid-19\/85719\/\"},\"author\":{\"name\":\"ni.abdi\",\"@id\":\"https:\/\/territorialchallenges.com\/#\/schema\/person\/098f145c7c61a021c425e010f840080f\"},\"headline\":\"Les \u00ab\u00a0Smart Intercommunalities\u00a0\u00bb ou la reconfiguration verte fran\u00e7aise de l&rsquo;apr\u00e8s COVID 19\",\"datePublished\":\"2020-06-30T22:39:37+00:00\",\"dateModified\":\"2020-06-30T22:39:37+00:00\",\"mainEntityOfPage\":{\"@id\":\"https:\/\/territorialchallenges.com\/2020\/07\/01\/les-smart-intercommunalities-ou-la-reconfiguration-verte-francaise-de-lapres-covid-19\/85719\/\"},\"wordCount\":792,\"commentCount\":0,\"publisher\":{\"@id\":\"https:\/\/territorialchallenges.com\/#organization\"},\"articleSection\":[\"R\u00e9flexion faite\",\"\u00c9cosyst\u00e8me\"],\"inLanguage\":\"it-IT\"},{\"@type\":\"WebPage\",\"@id\":\"https:\/\/territorialchallenges.com\/2020\/07\/01\/les-smart-intercommunalities-ou-la-reconfiguration-verte-francaise-de-lapres-covid-19\/85719\/\",\"url\":\"https:\/\/territorialchallenges.com\/2020\/07\/01\/les-smart-intercommunalities-ou-la-reconfiguration-verte-francaise-de-lapres-covid-19\/85719\/\",\"name\":\"Les \\\"Smart Intercommunalities\\\" ou la reconfiguration verte fran\u00e7aise de l'apr\u00e8s COVID 19 - Territorial Challenges\",\"isPartOf\":{\"@id\":\"https:\/\/territorialchallenges.com\/#website\"},\"datePublished\":\"2020-06-30T22:39:37+00:00\",\"dateModified\":\"2020-06-30T22:39:37+00:00\",\"breadcrumb\":{\"@id\":\"https:\/\/territorialchallenges.com\/2020\/07\/01\/les-smart-intercommunalities-ou-la-reconfiguration-verte-francaise-de-lapres-covid-19\/85719\/#breadcrumb\"},\"inLanguage\":\"it-IT\",\"potentialAction\":[{\"@type\":\"ReadAction\",\"target\":[\"https:\/\/territorialchallenges.com\/2020\/07\/01\/les-smart-intercommunalities-ou-la-reconfiguration-verte-francaise-de-lapres-covid-19\/85719\/\"]}]},{\"@type\":\"BreadcrumbList\",\"@id\":\"https:\/\/territorialchallenges.com\/2020\/07\/01\/les-smart-intercommunalities-ou-la-reconfiguration-verte-francaise-de-lapres-covid-19\/85719\/#breadcrumb\",\"itemListElement\":[{\"@type\":\"ListItem\",\"position\":1,\"name\":\"Home\",\"item\":\"https:\/\/territorialchallenges.com\/\"},{\"@type\":\"ListItem\",\"position\":2,\"name\":\"Les \u00ab\u00a0Smart Intercommunalities\u00a0\u00bb ou la reconfiguration verte fran\u00e7aise de l&rsquo;apr\u00e8s COVID 19\"}]},{\"@type\":\"WebSite\",\"@id\":\"https:\/\/territorialchallenges.com\/#website\",\"url\":\"https:\/\/territorialchallenges.com\/\",\"name\":\"Territorial Challenges\",\"description\":\"Veille Internationale - Strat\u00e9gie Intelligentes - Bonnes pratiques\",\"publisher\":{\"@id\":\"https:\/\/territorialchallenges.com\/#organization\"},\"potentialAction\":[{\"@type\":\"SearchAction\",\"target\":{\"@type\":\"EntryPoint\",\"urlTemplate\":\"https:\/\/territorialchallenges.com\/?s={search_term_string}\"},\"query-input\":\"required name=search_term_string\"}],\"inLanguage\":\"it-IT\"},{\"@type\":\"Organization\",\"@id\":\"https:\/\/territorialchallenges.com\/#organization\",\"name\":\"Territorial Challenges\",\"url\":\"https:\/\/territorialchallenges.com\/\",\"logo\":{\"@type\":\"ImageObject\",\"inLanguage\":\"it-IT\",\"@id\":\"https:\/\/territorialchallenges.com\/#\/schema\/logo\/image\/\",\"url\":\"https:\/\/territorialchallenges.com\/wp-content\/uploads\/2023\/10\/logo-1.png\",\"contentUrl\":\"https:\/\/territorialchallenges.com\/wp-content\/uploads\/2023\/10\/logo-1.png\",\"width\":1832,\"height\":576,\"caption\":\"Territorial Challenges\"},\"image\":{\"@id\":\"https:\/\/territorialchallenges.com\/#\/schema\/logo\/image\/\"}},{\"@type\":\"Person\",\"@id\":\"https:\/\/territorialchallenges.com\/#\/schema\/person\/098f145c7c61a021c425e010f840080f\",\"name\":\"ni.abdi\",\"image\":{\"@type\":\"ImageObject\",\"inLanguage\":\"it-IT\",\"@id\":\"https:\/\/territorialchallenges.com\/#\/schema\/person\/image\/\",\"url\":\"https:\/\/secure.gravatar.com\/avatar\/2a2f2491f3c80039986ba989b1e4b510?s=96&d=identicon&r=g\",\"contentUrl\":\"https:\/\/secure.gravatar.com\/avatar\/2a2f2491f3c80039986ba989b1e4b510?s=96&d=identicon&r=g\",\"caption\":\"ni.abdi\"},\"sameAs\":[\"https:\/\/twitter.com\/Ni.abdi\"],\"url\":\"https:\/\/territorialchallenges.com\/it\/author\/ni-abdi\/\"}]}<\/script>\n<!-- \/ Yoast SEO plugin. -->","yoast_head_json":{"title":"Les \"Smart Intercommunalities\" ou la reconfiguration verte fran\u00e7aise de l'apr\u00e8s COVID 19 - Territorial Challenges","robots":{"index":"index","follow":"follow","max-snippet":"max-snippet:-1","max-image-preview":"max-image-preview:large","max-video-preview":"max-video-preview:-1"},"canonical":"https:\/\/territorialchallenges.com\/it\/2020\/07\/01\/les-smart-intercommunalities-ou-la-reconfiguration-verte-francaise-de-lapres-covid-19\/85719\/","og_locale":"it_IT","og_type":"article","og_title":"Les \"Smart Intercommunalities\" ou la reconfiguration verte fran\u00e7aise de l'apr\u00e8s COVID 19 - Territorial Challenges","og_description":"Lors de ces \u00e9lections municipales improbables durant cette pand\u00e9mie, l&rsquo;intercommunalit\u00e9 est au centre de l&rsquo;enjeu concernant l&rsquo;avenir incertain des territoires du pays loin des m\u00e9tropoles. Toutes les petites communes de France sont endett\u00e9es et esp\u00e8rent gr\u00e2ce \u00e0 l\u2019acc\u00e8s \u00e0 une nouvelle territorialit\u00e9, l\u2019intercommunalit\u00e9, un oxyg\u00e8ne salutaire en terme budg\u00e9taire. Mais certains maires doivent prendre conscience [&hellip;]","og_url":"https:\/\/territorialchallenges.com\/it\/2020\/07\/01\/les-smart-intercommunalities-ou-la-reconfiguration-verte-francaise-de-lapres-covid-19\/85719\/","og_site_name":"Territorial Challenges","article_published_time":"2020-06-30T22:39:37+00:00","og_image":[{"width":1920,"height":1280,"url":"https:\/\/territorialchallenges.com\/wp-content\/uploads\/2020\/07\/intercommunalites.jpg","type":"image\/jpeg"}],"author":"ni.abdi","twitter_card":"summary_large_image","twitter_creator":"@Ni.abdi","twitter_misc":{"Scritto da":"ni.abdi","Tempo di lettura stimato":"4 minuti"},"schema":{"@context":"https:\/\/schema.org","@graph":[{"@type":"Article","@id":"https:\/\/territorialchallenges.com\/2020\/07\/01\/les-smart-intercommunalities-ou-la-reconfiguration-verte-francaise-de-lapres-covid-19\/85719\/#article","isPartOf":{"@id":"https:\/\/territorialchallenges.com\/2020\/07\/01\/les-smart-intercommunalities-ou-la-reconfiguration-verte-francaise-de-lapres-covid-19\/85719\/"},"author":{"name":"ni.abdi","@id":"https:\/\/territorialchallenges.com\/#\/schema\/person\/098f145c7c61a021c425e010f840080f"},"headline":"Les \u00ab\u00a0Smart Intercommunalities\u00a0\u00bb ou la reconfiguration verte fran\u00e7aise de l&rsquo;apr\u00e8s COVID 19","datePublished":"2020-06-30T22:39:37+00:00","dateModified":"2020-06-30T22:39:37+00:00","mainEntityOfPage":{"@id":"https:\/\/territorialchallenges.com\/2020\/07\/01\/les-smart-intercommunalities-ou-la-reconfiguration-verte-francaise-de-lapres-covid-19\/85719\/"},"wordCount":792,"commentCount":0,"publisher":{"@id":"https:\/\/territorialchallenges.com\/#organization"},"articleSection":["R\u00e9flexion faite","\u00c9cosyst\u00e8me"],"inLanguage":"it-IT"},{"@type":"WebPage","@id":"https:\/\/territorialchallenges.com\/2020\/07\/01\/les-smart-intercommunalities-ou-la-reconfiguration-verte-francaise-de-lapres-covid-19\/85719\/","url":"https:\/\/territorialchallenges.com\/2020\/07\/01\/les-smart-intercommunalities-ou-la-reconfiguration-verte-francaise-de-lapres-covid-19\/85719\/","name":"Les \"Smart Intercommunalities\" ou la reconfiguration verte fran\u00e7aise de l'apr\u00e8s COVID 19 - Territorial Challenges","isPartOf":{"@id":"https:\/\/territorialchallenges.com\/#website"},"datePublished":"2020-06-30T22:39:37+00:00","dateModified":"2020-06-30T22:39:37+00:00","breadcrumb":{"@id":"https:\/\/territorialchallenges.com\/2020\/07\/01\/les-smart-intercommunalities-ou-la-reconfiguration-verte-francaise-de-lapres-covid-19\/85719\/#breadcrumb"},"inLanguage":"it-IT","potentialAction":[{"@type":"ReadAction","target":["https:\/\/territorialchallenges.com\/2020\/07\/01\/les-smart-intercommunalities-ou-la-reconfiguration-verte-francaise-de-lapres-covid-19\/85719\/"]}]},{"@type":"BreadcrumbList","@id":"https:\/\/territorialchallenges.com\/2020\/07\/01\/les-smart-intercommunalities-ou-la-reconfiguration-verte-francaise-de-lapres-covid-19\/85719\/#breadcrumb","itemListElement":[{"@type":"ListItem","position":1,"name":"Home","item":"https:\/\/territorialchallenges.com\/"},{"@type":"ListItem","position":2,"name":"Les \u00ab\u00a0Smart Intercommunalities\u00a0\u00bb ou la reconfiguration verte fran\u00e7aise de l&rsquo;apr\u00e8s COVID 19"}]},{"@type":"WebSite","@id":"https:\/\/territorialchallenges.com\/#website","url":"https:\/\/territorialchallenges.com\/","name":"Sfide territoriali","description":"Monitoraggio internazionale - Strategie intelligenti - Migliori pratiche","publisher":{"@id":"https:\/\/territorialchallenges.com\/#organization"},"potentialAction":[{"@type":"SearchAction","target":{"@type":"EntryPoint","urlTemplate":"https:\/\/territorialchallenges.com\/?s={search_term_string}"},"query-input":"required name=search_term_string"}],"inLanguage":"it-IT"},{"@type":"Organization","@id":"https:\/\/territorialchallenges.com\/#organization","name":"Sfide territoriali","url":"https:\/\/territorialchallenges.com\/","logo":{"@type":"ImageObject","inLanguage":"it-IT","@id":"https:\/\/territorialchallenges.com\/#\/schema\/logo\/image\/","url":"https:\/\/territorialchallenges.com\/wp-content\/uploads\/2023\/10\/logo-1.png","contentUrl":"https:\/\/territorialchallenges.com\/wp-content\/uploads\/2023\/10\/logo-1.png","width":1832,"height":576,"caption":"Territorial Challenges"},"image":{"@id":"https:\/\/territorialchallenges.com\/#\/schema\/logo\/image\/"}},{"@type":"Person","@id":"https:\/\/territorialchallenges.com\/#\/schema\/person\/098f145c7c61a021c425e010f840080f","name":"ni.abdi","image":{"@type":"ImageObject","inLanguage":"it-IT","@id":"https:\/\/territorialchallenges.com\/#\/schema\/person\/image\/","url":"https:\/\/secure.gravatar.com\/avatar\/2a2f2491f3c80039986ba989b1e4b510?s=96&d=identicon&r=g","contentUrl":"https:\/\/secure.gravatar.com\/avatar\/2a2f2491f3c80039986ba989b1e4b510?s=96&d=identicon&r=g","caption":"ni.abdi"},"sameAs":["https:\/\/twitter.com\/Ni.abdi"],"url":"https:\/\/territorialchallenges.com\/it\/author\/ni-abdi\/"}]}},"_links":{"self":[{"href":"https:\/\/territorialchallenges.com\/it\/wp-json\/wp\/v2\/posts\/85719"}],"collection":[{"href":"https:\/\/territorialchallenges.com\/it\/wp-json\/wp\/v2\/posts"}],"about":[{"href":"https:\/\/territorialchallenges.com\/it\/wp-json\/wp\/v2\/types\/post"}],"author":[{"embeddable":true,"href":"https:\/\/territorialchallenges.com\/it\/wp-json\/wp\/v2\/users\/11"}],"replies":[{"embeddable":true,"href":"https:\/\/territorialchallenges.com\/it\/wp-json\/wp\/v2\/comments?post=85719"}],"version-history":[{"count":1,"href":"https:\/\/territorialchallenges.com\/it\/wp-json\/wp\/v2\/posts\/85719\/revisions"}],"predecessor-version":[{"id":85724,"href":"https:\/\/territorialchallenges.com\/it\/wp-json\/wp\/v2\/posts\/85719\/revisions\/85724"}],"wp:featuredmedia":[{"embeddable":true,"href":"https:\/\/territorialchallenges.com\/it\/wp-json\/wp\/v2\/media\/85720"}],"wp:attachment":[{"href":"https:\/\/territorialchallenges.com\/it\/wp-json\/wp\/v2\/media?parent=85719"}],"wp:term":[{"taxonomy":"category","embeddable":true,"href":"https:\/\/territorialchallenges.com\/it\/wp-json\/wp\/v2\/categories?post=85719"},{"taxonomy":"post_tag","embeddable":true,"href":"https:\/\/territorialchallenges.com\/it\/wp-json\/wp\/v2\/tags?post=85719"}],"curies":[{"name":"parola chiave","href":"https:\/\/api.w.org\/{rel}","templated":true}]}}