{"id":85515,"date":"2020-05-11T19:11:25","date_gmt":"2020-05-11T17:11:25","guid":{"rendered":"https:\/\/territorialchallenges.com\/?p=85515"},"modified":"2020-05-11T21:57:41","modified_gmt":"2020-05-11T19:57:41","slug":"lavenir-de-limmobilier-de-bureaux-apres-la-pandemie","status":"publish","type":"post","link":"https:\/\/territorialchallenges.com\/it\/2020\/05\/11\/lavenir-de-limmobilier-de-bureaux-apres-la-pandemie\/85515\/","title":{"rendered":"Il futuro degli immobili per uffici dopo la pandemia"},"content":{"rendered":"<p>Il COVID-19 ha costretto i datori di lavoro ad adattare le proprie attivit\u00e0 per eliminare le critiche al lavoro da remoto. Se questa tendenza dovesse continuare anche dopo la pandemia, le citt\u00e0 potrebbero trarne notevoli benefici. Le nostre routine quotidiane sono state sconvolte dalla pandemia di COVID-19, con un radicale allontanamento dagli spazi condivisi come... <\/p>\n<div class=\"pmpro_content_message\">Articolo disponibile solo per gli abbonati.<br \/><a href=\"https:\/\/territorialchallenges.com\/wp-login.php\">Login<\/a><br \/><a href=\"https:\/\/territorialchallenges.com\/it\/wp-login.php\/?action=register\">Registro<\/a><\/div>","protected":false},"excerpt":{"rendered":"<p>Le COVID-19 a forc\u00e9 les employeurs \u00e0 ajuster leurs op\u00e9rations de mani\u00e8re \u00e0 \u00e9liminer les critiques du travail \u00e0 distance. Si cela se poursuit apr\u00e8s la pand\u00e9mie, les villes pourraient voir des avantages majeurs. Notre routine quotidienne a disparu par la pand\u00e9mie de COVID-19, y compris un changement cosmique loin des espaces partag\u00e9s comme le... <\/p>\n<div class=\"pmpro_content_message\">Articolo disponibile solo per gli abbonati.<br \/><a href=\"https:\/\/territorialchallenges.com\/wp-login.php\">Login<\/a><br \/><a href=\"https:\/\/territorialchallenges.com\/it\/wp-login.php\/?action=register\">Registro<\/a><\/div>","protected":false},"author":11,"featured_media":85516,"comment_status":"open","ping_status":"open","sticky":true,"template":"","format":"standard","meta":{"pmpro_default_level":0,"footnotes":""},"categories":[19,124],"tags":[],"blocksy_meta":"","yoast_head":"<!-- This site is optimized with the Yoast SEO plugin v21.5 - https:\/\/yoast.com\/wordpress\/plugins\/seo\/ -->\n<title>L&#039;avenir de l&#039;immobilier de bureau apr\u00e8s la pand\u00e9mie - Territorial Challenges<\/title>\n<meta name=\"robots\" content=\"index, follow, max-snippet:-1, max-image-preview:large, max-video-preview:-1\" \/>\n<link rel=\"canonical\" href=\"https:\/\/territorialchallenges.com\/it\/2020\/05\/11\/lavenir-de-limmobilier-de-bureaux-apres-la-pandemie\/85515\/\" \/>\n<meta property=\"og:locale\" content=\"it_IT\" \/>\n<meta property=\"og:type\" content=\"article\" \/>\n<meta property=\"og:title\" content=\"L&#039;avenir de l&#039;immobilier de bureau apr\u00e8s la pand\u00e9mie - Territorial Challenges\" \/>\n<meta property=\"og:description\" content=\"Le COVID-19 a forc\u00e9 les employeurs \u00e0 ajuster leurs op\u00e9rations de mani\u00e8re \u00e0 \u00e9liminer les critiques du travail \u00e0 distance. Si cela se poursuit apr\u00e8s la pand\u00e9mie, les villes pourraient voir des avantages majeurs. Notre routine quotidienne a disparu par la pand\u00e9mie de COVID-19, y compris un changement cosmique loin des espaces partag\u00e9s comme le [&hellip;]\" \/>\n<meta property=\"og:url\" content=\"https:\/\/territorialchallenges.com\/it\/2020\/05\/11\/lavenir-de-limmobilier-de-bureaux-apres-la-pandemie\/85515\/\" \/>\n<meta property=\"og:site_name\" content=\"Territorial Challenges\" \/>\n<meta property=\"article:published_time\" content=\"2020-05-11T17:11:25+00:00\" \/>\n<meta property=\"article:modified_time\" content=\"2020-05-11T19:57:41+00:00\" \/>\n<meta property=\"og:image\" content=\"https:\/\/territorialchallenges.com\/wp-content\/uploads\/2020\/05\/bureau1.jpg\" \/>\n\t<meta property=\"og:image:width\" content=\"1920\" \/>\n\t<meta property=\"og:image:height\" content=\"1206\" \/>\n\t<meta property=\"og:image:type\" content=\"image\/jpeg\" \/>\n<meta name=\"author\" content=\"ni.abdi\" \/>\n<meta name=\"twitter:card\" content=\"summary_large_image\" \/>\n<meta name=\"twitter:creator\" content=\"@Ni.abdi\" \/>\n<meta name=\"twitter:label1\" content=\"Scritto da\" \/>\n\t<meta name=\"twitter:data1\" content=\"ni.abdi\" \/>\n\t<meta name=\"twitter:label2\" content=\"Tempo di lettura stimato\" \/>\n\t<meta name=\"twitter:data2\" content=\"4 minuti\" \/>\n<script type=\"application\/ld+json\" class=\"yoast-schema-graph\">{\"@context\":\"https:\/\/schema.org\",\"@graph\":[{\"@type\":\"Article\",\"@id\":\"https:\/\/territorialchallenges.com\/2020\/05\/11\/lavenir-de-limmobilier-de-bureaux-apres-la-pandemie\/85515\/#article\",\"isPartOf\":{\"@id\":\"https:\/\/territorialchallenges.com\/2020\/05\/11\/lavenir-de-limmobilier-de-bureaux-apres-la-pandemie\/85515\/\"},\"author\":{\"name\":\"ni.abdi\",\"@id\":\"https:\/\/territorialchallenges.com\/#\/schema\/person\/098f145c7c61a021c425e010f840080f\"},\"headline\":\"L&rsquo;avenir de l&rsquo;immobilier de bureau apr\u00e8s la pand\u00e9mie\",\"datePublished\":\"2020-05-11T17:11:25+00:00\",\"dateModified\":\"2020-05-11T19:57:41+00:00\",\"mainEntityOfPage\":{\"@id\":\"https:\/\/territorialchallenges.com\/2020\/05\/11\/lavenir-de-limmobilier-de-bureaux-apres-la-pandemie\/85515\/\"},\"wordCount\":899,\"commentCount\":0,\"publisher\":{\"@id\":\"https:\/\/territorialchallenges.com\/#organization\"},\"articleSection\":[\"Territoires Intelligents\",\"Actualit\u00e9 internationale\"],\"inLanguage\":\"it-IT\"},{\"@type\":\"WebPage\",\"@id\":\"https:\/\/territorialchallenges.com\/2020\/05\/11\/lavenir-de-limmobilier-de-bureaux-apres-la-pandemie\/85515\/\",\"url\":\"https:\/\/territorialchallenges.com\/2020\/05\/11\/lavenir-de-limmobilier-de-bureaux-apres-la-pandemie\/85515\/\",\"name\":\"L'avenir de l'immobilier de bureau apr\u00e8s la pand\u00e9mie - Territorial Challenges\",\"isPartOf\":{\"@id\":\"https:\/\/territorialchallenges.com\/#website\"},\"datePublished\":\"2020-05-11T17:11:25+00:00\",\"dateModified\":\"2020-05-11T19:57:41+00:00\",\"breadcrumb\":{\"@id\":\"https:\/\/territorialchallenges.com\/2020\/05\/11\/lavenir-de-limmobilier-de-bureaux-apres-la-pandemie\/85515\/#breadcrumb\"},\"inLanguage\":\"it-IT\",\"potentialAction\":[{\"@type\":\"ReadAction\",\"target\":[\"https:\/\/territorialchallenges.com\/2020\/05\/11\/lavenir-de-limmobilier-de-bureaux-apres-la-pandemie\/85515\/\"]}]},{\"@type\":\"BreadcrumbList\",\"@id\":\"https:\/\/territorialchallenges.com\/2020\/05\/11\/lavenir-de-limmobilier-de-bureaux-apres-la-pandemie\/85515\/#breadcrumb\",\"itemListElement\":[{\"@type\":\"ListItem\",\"position\":1,\"name\":\"Home\",\"item\":\"https:\/\/territorialchallenges.com\/\"},{\"@type\":\"ListItem\",\"position\":2,\"name\":\"L&rsquo;avenir de l&rsquo;immobilier de bureau apr\u00e8s la pand\u00e9mie\"}]},{\"@type\":\"WebSite\",\"@id\":\"https:\/\/territorialchallenges.com\/#website\",\"url\":\"https:\/\/territorialchallenges.com\/\",\"name\":\"Territorial Challenges\",\"description\":\"Veille Internationale - Strat\u00e9gie Intelligentes - Bonnes pratiques\",\"publisher\":{\"@id\":\"https:\/\/territorialchallenges.com\/#organization\"},\"potentialAction\":[{\"@type\":\"SearchAction\",\"target\":{\"@type\":\"EntryPoint\",\"urlTemplate\":\"https:\/\/territorialchallenges.com\/?s={search_term_string}\"},\"query-input\":\"required name=search_term_string\"}],\"inLanguage\":\"it-IT\"},{\"@type\":\"Organization\",\"@id\":\"https:\/\/territorialchallenges.com\/#organization\",\"name\":\"Territorial Challenges\",\"url\":\"https:\/\/territorialchallenges.com\/\",\"logo\":{\"@type\":\"ImageObject\",\"inLanguage\":\"it-IT\",\"@id\":\"https:\/\/territorialchallenges.com\/#\/schema\/logo\/image\/\",\"url\":\"https:\/\/territorialchallenges.com\/wp-content\/uploads\/2023\/10\/logo-1.png\",\"contentUrl\":\"https:\/\/territorialchallenges.com\/wp-content\/uploads\/2023\/10\/logo-1.png\",\"width\":1832,\"height\":576,\"caption\":\"Territorial Challenges\"},\"image\":{\"@id\":\"https:\/\/territorialchallenges.com\/#\/schema\/logo\/image\/\"}},{\"@type\":\"Person\",\"@id\":\"https:\/\/territorialchallenges.com\/#\/schema\/person\/098f145c7c61a021c425e010f840080f\",\"name\":\"ni.abdi\",\"image\":{\"@type\":\"ImageObject\",\"inLanguage\":\"it-IT\",\"@id\":\"https:\/\/territorialchallenges.com\/#\/schema\/person\/image\/\",\"url\":\"https:\/\/secure.gravatar.com\/avatar\/2a2f2491f3c80039986ba989b1e4b510?s=96&d=identicon&r=g\",\"contentUrl\":\"https:\/\/secure.gravatar.com\/avatar\/2a2f2491f3c80039986ba989b1e4b510?s=96&d=identicon&r=g\",\"caption\":\"ni.abdi\"},\"sameAs\":[\"https:\/\/twitter.com\/Ni.abdi\"],\"url\":\"https:\/\/territorialchallenges.com\/it\/author\/ni-abdi\/\"}]}<\/script>\n<!-- \/ Yoast SEO plugin. -->","yoast_head_json":{"title":"L'avenir de l'immobilier de bureau apr\u00e8s la pand\u00e9mie - Territorial Challenges","robots":{"index":"index","follow":"follow","max-snippet":"max-snippet:-1","max-image-preview":"max-image-preview:large","max-video-preview":"max-video-preview:-1"},"canonical":"https:\/\/territorialchallenges.com\/it\/2020\/05\/11\/lavenir-de-limmobilier-de-bureaux-apres-la-pandemie\/85515\/","og_locale":"it_IT","og_type":"article","og_title":"L'avenir de l'immobilier de bureau apr\u00e8s la pand\u00e9mie - Territorial Challenges","og_description":"Le COVID-19 a forc\u00e9 les employeurs \u00e0 ajuster leurs op\u00e9rations de mani\u00e8re \u00e0 \u00e9liminer les critiques du travail \u00e0 distance. Si cela se poursuit apr\u00e8s la pand\u00e9mie, les villes pourraient voir des avantages majeurs. Notre routine quotidienne a disparu par la pand\u00e9mie de COVID-19, y compris un changement cosmique loin des espaces partag\u00e9s comme le [&hellip;]","og_url":"https:\/\/territorialchallenges.com\/it\/2020\/05\/11\/lavenir-de-limmobilier-de-bureaux-apres-la-pandemie\/85515\/","og_site_name":"Territorial Challenges","article_published_time":"2020-05-11T17:11:25+00:00","article_modified_time":"2020-05-11T19:57:41+00:00","og_image":[{"width":1920,"height":1206,"url":"https:\/\/territorialchallenges.com\/wp-content\/uploads\/2020\/05\/bureau1.jpg","type":"image\/jpeg"}],"author":"ni.abdi","twitter_card":"summary_large_image","twitter_creator":"@Ni.abdi","twitter_misc":{"Scritto da":"ni.abdi","Tempo di lettura stimato":"4 minuti"},"schema":{"@context":"https:\/\/schema.org","@graph":[{"@type":"Article","@id":"https:\/\/territorialchallenges.com\/2020\/05\/11\/lavenir-de-limmobilier-de-bureaux-apres-la-pandemie\/85515\/#article","isPartOf":{"@id":"https:\/\/territorialchallenges.com\/2020\/05\/11\/lavenir-de-limmobilier-de-bureaux-apres-la-pandemie\/85515\/"},"author":{"name":"ni.abdi","@id":"https:\/\/territorialchallenges.com\/#\/schema\/person\/098f145c7c61a021c425e010f840080f"},"headline":"L&rsquo;avenir de l&rsquo;immobilier de bureau apr\u00e8s la pand\u00e9mie","datePublished":"2020-05-11T17:11:25+00:00","dateModified":"2020-05-11T19:57:41+00:00","mainEntityOfPage":{"@id":"https:\/\/territorialchallenges.com\/2020\/05\/11\/lavenir-de-limmobilier-de-bureaux-apres-la-pandemie\/85515\/"},"wordCount":899,"commentCount":0,"publisher":{"@id":"https:\/\/territorialchallenges.com\/#organization"},"articleSection":["Territoires Intelligents","Actualit\u00e9 internationale"],"inLanguage":"it-IT"},{"@type":"WebPage","@id":"https:\/\/territorialchallenges.com\/2020\/05\/11\/lavenir-de-limmobilier-de-bureaux-apres-la-pandemie\/85515\/","url":"https:\/\/territorialchallenges.com\/2020\/05\/11\/lavenir-de-limmobilier-de-bureaux-apres-la-pandemie\/85515\/","name":"L'avenir de l'immobilier de bureau apr\u00e8s la pand\u00e9mie - Territorial Challenges","isPartOf":{"@id":"https:\/\/territorialchallenges.com\/#website"},"datePublished":"2020-05-11T17:11:25+00:00","dateModified":"2020-05-11T19:57:41+00:00","breadcrumb":{"@id":"https:\/\/territorialchallenges.com\/2020\/05\/11\/lavenir-de-limmobilier-de-bureaux-apres-la-pandemie\/85515\/#breadcrumb"},"inLanguage":"it-IT","potentialAction":[{"@type":"ReadAction","target":["https:\/\/territorialchallenges.com\/2020\/05\/11\/lavenir-de-limmobilier-de-bureaux-apres-la-pandemie\/85515\/"]}]},{"@type":"BreadcrumbList","@id":"https:\/\/territorialchallenges.com\/2020\/05\/11\/lavenir-de-limmobilier-de-bureaux-apres-la-pandemie\/85515\/#breadcrumb","itemListElement":[{"@type":"ListItem","position":1,"name":"Home","item":"https:\/\/territorialchallenges.com\/"},{"@type":"ListItem","position":2,"name":"L&rsquo;avenir de l&rsquo;immobilier de bureau apr\u00e8s la pand\u00e9mie"}]},{"@type":"WebSite","@id":"https:\/\/territorialchallenges.com\/#website","url":"https:\/\/territorialchallenges.com\/","name":"Sfide territoriali","description":"Monitoraggio internazionale - Strategie intelligenti - Migliori pratiche","publisher":{"@id":"https:\/\/territorialchallenges.com\/#organization"},"potentialAction":[{"@type":"SearchAction","target":{"@type":"EntryPoint","urlTemplate":"https:\/\/territorialchallenges.com\/?s={search_term_string}"},"query-input":"required name=search_term_string"}],"inLanguage":"it-IT"},{"@type":"Organization","@id":"https:\/\/territorialchallenges.com\/#organization","name":"Sfide territoriali","url":"https:\/\/territorialchallenges.com\/","logo":{"@type":"ImageObject","inLanguage":"it-IT","@id":"https:\/\/territorialchallenges.com\/#\/schema\/logo\/image\/","url":"https:\/\/territorialchallenges.com\/wp-content\/uploads\/2023\/10\/logo-1.png","contentUrl":"https:\/\/territorialchallenges.com\/wp-content\/uploads\/2023\/10\/logo-1.png","width":1832,"height":576,"caption":"Territorial Challenges"},"image":{"@id":"https:\/\/territorialchallenges.com\/#\/schema\/logo\/image\/"}},{"@type":"Person","@id":"https:\/\/territorialchallenges.com\/#\/schema\/person\/098f145c7c61a021c425e010f840080f","name":"ni.abdi","image":{"@type":"ImageObject","inLanguage":"it-IT","@id":"https:\/\/territorialchallenges.com\/#\/schema\/person\/image\/","url":"https:\/\/secure.gravatar.com\/avatar\/2a2f2491f3c80039986ba989b1e4b510?s=96&d=identicon&r=g","contentUrl":"https:\/\/secure.gravatar.com\/avatar\/2a2f2491f3c80039986ba989b1e4b510?s=96&d=identicon&r=g","caption":"ni.abdi"},"sameAs":["https:\/\/twitter.com\/Ni.abdi"],"url":"https:\/\/territorialchallenges.com\/it\/author\/ni-abdi\/"}]}},"_links":{"self":[{"href":"https:\/\/territorialchallenges.com\/it\/wp-json\/wp\/v2\/posts\/85515"}],"collection":[{"href":"https:\/\/territorialchallenges.com\/it\/wp-json\/wp\/v2\/posts"}],"about":[{"href":"https:\/\/territorialchallenges.com\/it\/wp-json\/wp\/v2\/types\/post"}],"author":[{"embeddable":true,"href":"https:\/\/territorialchallenges.com\/it\/wp-json\/wp\/v2\/users\/11"}],"replies":[{"embeddable":true,"href":"https:\/\/territorialchallenges.com\/it\/wp-json\/wp\/v2\/comments?post=85515"}],"version-history":[{"count":3,"href":"https:\/\/territorialchallenges.com\/it\/wp-json\/wp\/v2\/posts\/85515\/revisions"}],"predecessor-version":[{"id":85522,"href":"https:\/\/territorialchallenges.com\/it\/wp-json\/wp\/v2\/posts\/85515\/revisions\/85522"}],"wp:featuredmedia":[{"embeddable":true,"href":"https:\/\/territorialchallenges.com\/it\/wp-json\/wp\/v2\/media\/85516"}],"wp:attachment":[{"href":"https:\/\/territorialchallenges.com\/it\/wp-json\/wp\/v2\/media?parent=85515"}],"wp:term":[{"taxonomy":"category","embeddable":true,"href":"https:\/\/territorialchallenges.com\/it\/wp-json\/wp\/v2\/categories?post=85515"},{"taxonomy":"post_tag","embeddable":true,"href":"https:\/\/territorialchallenges.com\/it\/wp-json\/wp\/v2\/tags?post=85515"}],"curies":[{"name":"parola chiave","href":"https:\/\/api.w.org\/{rel}","templated":true}]}}