{"id":85117,"date":"2020-01-20T23:20:38","date_gmt":"2020-01-20T22:20:38","guid":{"rendered":"https:\/\/territorialchallenges.com\/?p=85117"},"modified":"2020-01-20T23:20:38","modified_gmt":"2020-01-20T22:20:38","slug":"reflexion-italienne-sur-la-voiture-autonome-dans-une-smart-city","status":"publish","type":"post","link":"https:\/\/territorialchallenges.com\/it\/2020\/01\/20\/reflexion-italienne-sur-la-voiture-autonome-dans-une-smart-city\/85117\/","title":{"rendered":"Riflessione italiana sull&#039;auto autonoma in una smart city"},"content":{"rendered":"<p>Il rapporto tra gli italiani e la tecnologia \u00e8 complicato. Da un lato, si ha l&#039;impressione di un Paese sempre un po&#039; indietro. Di essere rimasto indietro rispetto ai passi da gigante che l&#039;innovazione ha compiuto negli ultimi anni, ma allo stesso tempo, di un&#039;Italia che insegue costantemente questo salto tecnologico che pu\u00f2... <\/p>\n<div class=\"pmpro_content_message\">Articolo disponibile solo per gli abbonati.<br \/><a href=\"https:\/\/territorialchallenges.com\/wp-login.php\">Login<\/a><br \/><a href=\"https:\/\/territorialchallenges.com\/it\/wp-login.php\/?action=register\">Registro<\/a><\/div>","protected":false},"excerpt":{"rendered":"<p>La relation entre les Italiens et la technologie est une relation compliqu\u00e9e. D&rsquo;une part, on a l&rsquo;impression d&rsquo;un pays toujours un peu en retard. D&rsquo;avoir pris du retard sur les pas de g\u00e9ant que l&rsquo;innovation a faits ces derni\u00e8res ann\u00e9es, mais en m\u00eame temps d&rsquo;une Italie qui poursuit sans cesse ce saut technologique qui peut... <\/p>\n<div class=\"pmpro_content_message\">Articolo disponibile solo per gli abbonati.<br \/><a href=\"https:\/\/territorialchallenges.com\/wp-login.php\">Login<\/a><br \/><a href=\"https:\/\/territorialchallenges.com\/it\/wp-login.php\/?action=register\">Registro<\/a><\/div>","protected":false},"author":11,"featured_media":85118,"comment_status":"open","ping_status":"open","sticky":true,"template":"","format":"standard","meta":{"pmpro_default_level":0,"footnotes":""},"categories":[19,127],"tags":[],"blocksy_meta":"","yoast_head":"<!-- This site is optimized with the Yoast SEO plugin v21.5 - https:\/\/yoast.com\/wordpress\/plugins\/seo\/ -->\n<title>R\u00e9flexion italienne sur la voiture autonome dans une smart city - Territorial Challenges<\/title>\n<meta name=\"robots\" content=\"index, follow, max-snippet:-1, max-image-preview:large, max-video-preview:-1\" \/>\n<link rel=\"canonical\" href=\"https:\/\/territorialchallenges.com\/it\/2020\/01\/20\/reflexion-italienne-sur-la-voiture-autonome-dans-une-smart-city\/85117\/\" \/>\n<meta property=\"og:locale\" content=\"it_IT\" \/>\n<meta property=\"og:type\" content=\"article\" \/>\n<meta property=\"og:title\" content=\"R\u00e9flexion italienne sur la voiture autonome dans une smart city - Territorial Challenges\" \/>\n<meta property=\"og:description\" content=\"La relation entre les Italiens et la technologie est une relation compliqu\u00e9e. D&rsquo;une part, on a l&rsquo;impression d&rsquo;un pays toujours un peu en retard. D&rsquo;avoir pris du retard sur les pas de g\u00e9ant que l&rsquo;innovation a faits ces derni\u00e8res ann\u00e9es, mais en m\u00eame temps d&rsquo;une Italie qui poursuit sans cesse ce saut technologique qui peut [&hellip;]\" \/>\n<meta property=\"og:url\" content=\"https:\/\/territorialchallenges.com\/it\/2020\/01\/20\/reflexion-italienne-sur-la-voiture-autonome-dans-une-smart-city\/85117\/\" \/>\n<meta property=\"og:site_name\" content=\"Territorial Challenges\" \/>\n<meta property=\"article:published_time\" content=\"2020-01-20T22:20:38+00:00\" \/>\n<meta property=\"og:image\" content=\"https:\/\/territorialchallenges.com\/wp-content\/uploads\/2020\/01\/italia.jpg\" \/>\n\t<meta property=\"og:image:width\" content=\"1920\" \/>\n\t<meta property=\"og:image:height\" content=\"1543\" \/>\n\t<meta property=\"og:image:type\" content=\"image\/jpeg\" \/>\n<meta name=\"author\" content=\"ni.abdi\" \/>\n<meta name=\"twitter:card\" content=\"summary_large_image\" \/>\n<meta name=\"twitter:creator\" content=\"@Ni.abdi\" \/>\n<meta name=\"twitter:label1\" content=\"Scritto da\" \/>\n\t<meta name=\"twitter:data1\" content=\"ni.abdi\" \/>\n\t<meta name=\"twitter:label2\" content=\"Tempo di lettura stimato\" \/>\n\t<meta name=\"twitter:data2\" content=\"3 minuti\" \/>\n<script type=\"application\/ld+json\" class=\"yoast-schema-graph\">{\"@context\":\"https:\/\/schema.org\",\"@graph\":[{\"@type\":\"Article\",\"@id\":\"https:\/\/territorialchallenges.com\/2020\/01\/20\/reflexion-italienne-sur-la-voiture-autonome-dans-une-smart-city\/85117\/#article\",\"isPartOf\":{\"@id\":\"https:\/\/territorialchallenges.com\/2020\/01\/20\/reflexion-italienne-sur-la-voiture-autonome-dans-une-smart-city\/85117\/\"},\"author\":{\"name\":\"ni.abdi\",\"@id\":\"https:\/\/territorialchallenges.com\/#\/schema\/person\/098f145c7c61a021c425e010f840080f\"},\"headline\":\"R\u00e9flexion italienne sur la voiture autonome dans une smart city\",\"datePublished\":\"2020-01-20T22:20:38+00:00\",\"dateModified\":\"2020-01-20T22:20:38+00:00\",\"mainEntityOfPage\":{\"@id\":\"https:\/\/territorialchallenges.com\/2020\/01\/20\/reflexion-italienne-sur-la-voiture-autonome-dans-une-smart-city\/85117\/\"},\"wordCount\":692,\"commentCount\":0,\"publisher\":{\"@id\":\"https:\/\/territorialchallenges.com\/#organization\"},\"articleSection\":[\"Territoires Intelligents\",\"Actualit\u00e9 Europe\"],\"inLanguage\":\"it-IT\"},{\"@type\":\"WebPage\",\"@id\":\"https:\/\/territorialchallenges.com\/2020\/01\/20\/reflexion-italienne-sur-la-voiture-autonome-dans-une-smart-city\/85117\/\",\"url\":\"https:\/\/territorialchallenges.com\/2020\/01\/20\/reflexion-italienne-sur-la-voiture-autonome-dans-une-smart-city\/85117\/\",\"name\":\"R\u00e9flexion italienne sur la voiture autonome dans une smart city - Territorial Challenges\",\"isPartOf\":{\"@id\":\"https:\/\/territorialchallenges.com\/#website\"},\"datePublished\":\"2020-01-20T22:20:38+00:00\",\"dateModified\":\"2020-01-20T22:20:38+00:00\",\"breadcrumb\":{\"@id\":\"https:\/\/territorialchallenges.com\/2020\/01\/20\/reflexion-italienne-sur-la-voiture-autonome-dans-une-smart-city\/85117\/#breadcrumb\"},\"inLanguage\":\"it-IT\",\"potentialAction\":[{\"@type\":\"ReadAction\",\"target\":[\"https:\/\/territorialchallenges.com\/2020\/01\/20\/reflexion-italienne-sur-la-voiture-autonome-dans-une-smart-city\/85117\/\"]}]},{\"@type\":\"BreadcrumbList\",\"@id\":\"https:\/\/territorialchallenges.com\/2020\/01\/20\/reflexion-italienne-sur-la-voiture-autonome-dans-une-smart-city\/85117\/#breadcrumb\",\"itemListElement\":[{\"@type\":\"ListItem\",\"position\":1,\"name\":\"Home\",\"item\":\"https:\/\/territorialchallenges.com\/\"},{\"@type\":\"ListItem\",\"position\":2,\"name\":\"R\u00e9flexion italienne sur la voiture autonome dans une smart city\"}]},{\"@type\":\"WebSite\",\"@id\":\"https:\/\/territorialchallenges.com\/#website\",\"url\":\"https:\/\/territorialchallenges.com\/\",\"name\":\"Territorial Challenges\",\"description\":\"Veille Internationale - Strat\u00e9gie Intelligentes - Bonnes pratiques\",\"publisher\":{\"@id\":\"https:\/\/territorialchallenges.com\/#organization\"},\"potentialAction\":[{\"@type\":\"SearchAction\",\"target\":{\"@type\":\"EntryPoint\",\"urlTemplate\":\"https:\/\/territorialchallenges.com\/?s={search_term_string}\"},\"query-input\":\"required name=search_term_string\"}],\"inLanguage\":\"it-IT\"},{\"@type\":\"Organization\",\"@id\":\"https:\/\/territorialchallenges.com\/#organization\",\"name\":\"Territorial Challenges\",\"url\":\"https:\/\/territorialchallenges.com\/\",\"logo\":{\"@type\":\"ImageObject\",\"inLanguage\":\"it-IT\",\"@id\":\"https:\/\/territorialchallenges.com\/#\/schema\/logo\/image\/\",\"url\":\"https:\/\/territorialchallenges.com\/wp-content\/uploads\/2023\/10\/logo-1.png\",\"contentUrl\":\"https:\/\/territorialchallenges.com\/wp-content\/uploads\/2023\/10\/logo-1.png\",\"width\":1832,\"height\":576,\"caption\":\"Territorial Challenges\"},\"image\":{\"@id\":\"https:\/\/territorialchallenges.com\/#\/schema\/logo\/image\/\"}},{\"@type\":\"Person\",\"@id\":\"https:\/\/territorialchallenges.com\/#\/schema\/person\/098f145c7c61a021c425e010f840080f\",\"name\":\"ni.abdi\",\"image\":{\"@type\":\"ImageObject\",\"inLanguage\":\"it-IT\",\"@id\":\"https:\/\/territorialchallenges.com\/#\/schema\/person\/image\/\",\"url\":\"https:\/\/secure.gravatar.com\/avatar\/2a2f2491f3c80039986ba989b1e4b510?s=96&d=identicon&r=g\",\"contentUrl\":\"https:\/\/secure.gravatar.com\/avatar\/2a2f2491f3c80039986ba989b1e4b510?s=96&d=identicon&r=g\",\"caption\":\"ni.abdi\"},\"sameAs\":[\"https:\/\/twitter.com\/Ni.abdi\"],\"url\":\"https:\/\/territorialchallenges.com\/it\/author\/ni-abdi\/\"}]}<\/script>\n<!-- \/ Yoast SEO plugin. -->","yoast_head_json":{"title":"R\u00e9flexion italienne sur la voiture autonome dans une smart city - Territorial Challenges","robots":{"index":"index","follow":"follow","max-snippet":"max-snippet:-1","max-image-preview":"max-image-preview:large","max-video-preview":"max-video-preview:-1"},"canonical":"https:\/\/territorialchallenges.com\/it\/2020\/01\/20\/reflexion-italienne-sur-la-voiture-autonome-dans-une-smart-city\/85117\/","og_locale":"it_IT","og_type":"article","og_title":"R\u00e9flexion italienne sur la voiture autonome dans une smart city - Territorial Challenges","og_description":"La relation entre les Italiens et la technologie est une relation compliqu\u00e9e. D&rsquo;une part, on a l&rsquo;impression d&rsquo;un pays toujours un peu en retard. D&rsquo;avoir pris du retard sur les pas de g\u00e9ant que l&rsquo;innovation a faits ces derni\u00e8res ann\u00e9es, mais en m\u00eame temps d&rsquo;une Italie qui poursuit sans cesse ce saut technologique qui peut [&hellip;]","og_url":"https:\/\/territorialchallenges.com\/it\/2020\/01\/20\/reflexion-italienne-sur-la-voiture-autonome-dans-une-smart-city\/85117\/","og_site_name":"Territorial Challenges","article_published_time":"2020-01-20T22:20:38+00:00","og_image":[{"width":1920,"height":1543,"url":"https:\/\/territorialchallenges.com\/wp-content\/uploads\/2020\/01\/italia.jpg","type":"image\/jpeg"}],"author":"ni.abdi","twitter_card":"summary_large_image","twitter_creator":"@Ni.abdi","twitter_misc":{"Scritto da":"ni.abdi","Tempo di lettura stimato":"3 minuti"},"schema":{"@context":"https:\/\/schema.org","@graph":[{"@type":"Article","@id":"https:\/\/territorialchallenges.com\/2020\/01\/20\/reflexion-italienne-sur-la-voiture-autonome-dans-une-smart-city\/85117\/#article","isPartOf":{"@id":"https:\/\/territorialchallenges.com\/2020\/01\/20\/reflexion-italienne-sur-la-voiture-autonome-dans-une-smart-city\/85117\/"},"author":{"name":"ni.abdi","@id":"https:\/\/territorialchallenges.com\/#\/schema\/person\/098f145c7c61a021c425e010f840080f"},"headline":"R\u00e9flexion italienne sur la voiture autonome dans une smart city","datePublished":"2020-01-20T22:20:38+00:00","dateModified":"2020-01-20T22:20:38+00:00","mainEntityOfPage":{"@id":"https:\/\/territorialchallenges.com\/2020\/01\/20\/reflexion-italienne-sur-la-voiture-autonome-dans-une-smart-city\/85117\/"},"wordCount":692,"commentCount":0,"publisher":{"@id":"https:\/\/territorialchallenges.com\/#organization"},"articleSection":["Territoires Intelligents","Actualit\u00e9 Europe"],"inLanguage":"it-IT"},{"@type":"WebPage","@id":"https:\/\/territorialchallenges.com\/2020\/01\/20\/reflexion-italienne-sur-la-voiture-autonome-dans-une-smart-city\/85117\/","url":"https:\/\/territorialchallenges.com\/2020\/01\/20\/reflexion-italienne-sur-la-voiture-autonome-dans-une-smart-city\/85117\/","name":"R\u00e9flexion italienne sur la voiture autonome dans une smart city - Territorial Challenges","isPartOf":{"@id":"https:\/\/territorialchallenges.com\/#website"},"datePublished":"2020-01-20T22:20:38+00:00","dateModified":"2020-01-20T22:20:38+00:00","breadcrumb":{"@id":"https:\/\/territorialchallenges.com\/2020\/01\/20\/reflexion-italienne-sur-la-voiture-autonome-dans-une-smart-city\/85117\/#breadcrumb"},"inLanguage":"it-IT","potentialAction":[{"@type":"ReadAction","target":["https:\/\/territorialchallenges.com\/2020\/01\/20\/reflexion-italienne-sur-la-voiture-autonome-dans-une-smart-city\/85117\/"]}]},{"@type":"BreadcrumbList","@id":"https:\/\/territorialchallenges.com\/2020\/01\/20\/reflexion-italienne-sur-la-voiture-autonome-dans-une-smart-city\/85117\/#breadcrumb","itemListElement":[{"@type":"ListItem","position":1,"name":"Home","item":"https:\/\/territorialchallenges.com\/"},{"@type":"ListItem","position":2,"name":"R\u00e9flexion italienne sur la voiture autonome dans une smart city"}]},{"@type":"WebSite","@id":"https:\/\/territorialchallenges.com\/#website","url":"https:\/\/territorialchallenges.com\/","name":"Sfide territoriali","description":"Monitoraggio internazionale - Strategie intelligenti - Migliori pratiche","publisher":{"@id":"https:\/\/territorialchallenges.com\/#organization"},"potentialAction":[{"@type":"SearchAction","target":{"@type":"EntryPoint","urlTemplate":"https:\/\/territorialchallenges.com\/?s={search_term_string}"},"query-input":"required name=search_term_string"}],"inLanguage":"it-IT"},{"@type":"Organization","@id":"https:\/\/territorialchallenges.com\/#organization","name":"Sfide territoriali","url":"https:\/\/territorialchallenges.com\/","logo":{"@type":"ImageObject","inLanguage":"it-IT","@id":"https:\/\/territorialchallenges.com\/#\/schema\/logo\/image\/","url":"https:\/\/territorialchallenges.com\/wp-content\/uploads\/2023\/10\/logo-1.png","contentUrl":"https:\/\/territorialchallenges.com\/wp-content\/uploads\/2023\/10\/logo-1.png","width":1832,"height":576,"caption":"Territorial Challenges"},"image":{"@id":"https:\/\/territorialchallenges.com\/#\/schema\/logo\/image\/"}},{"@type":"Person","@id":"https:\/\/territorialchallenges.com\/#\/schema\/person\/098f145c7c61a021c425e010f840080f","name":"ni.abdi","image":{"@type":"ImageObject","inLanguage":"it-IT","@id":"https:\/\/territorialchallenges.com\/#\/schema\/person\/image\/","url":"https:\/\/secure.gravatar.com\/avatar\/2a2f2491f3c80039986ba989b1e4b510?s=96&d=identicon&r=g","contentUrl":"https:\/\/secure.gravatar.com\/avatar\/2a2f2491f3c80039986ba989b1e4b510?s=96&d=identicon&r=g","caption":"ni.abdi"},"sameAs":["https:\/\/twitter.com\/Ni.abdi"],"url":"https:\/\/territorialchallenges.com\/it\/author\/ni-abdi\/"}]}},"_links":{"self":[{"href":"https:\/\/territorialchallenges.com\/it\/wp-json\/wp\/v2\/posts\/85117"}],"collection":[{"href":"https:\/\/territorialchallenges.com\/it\/wp-json\/wp\/v2\/posts"}],"about":[{"href":"https:\/\/territorialchallenges.com\/it\/wp-json\/wp\/v2\/types\/post"}],"author":[{"embeddable":true,"href":"https:\/\/territorialchallenges.com\/it\/wp-json\/wp\/v2\/users\/11"}],"replies":[{"embeddable":true,"href":"https:\/\/territorialchallenges.com\/it\/wp-json\/wp\/v2\/comments?post=85117"}],"version-history":[{"count":1,"href":"https:\/\/territorialchallenges.com\/it\/wp-json\/wp\/v2\/posts\/85117\/revisions"}],"predecessor-version":[{"id":85122,"href":"https:\/\/territorialchallenges.com\/it\/wp-json\/wp\/v2\/posts\/85117\/revisions\/85122"}],"wp:featuredmedia":[{"embeddable":true,"href":"https:\/\/territorialchallenges.com\/it\/wp-json\/wp\/v2\/media\/85118"}],"wp:attachment":[{"href":"https:\/\/territorialchallenges.com\/it\/wp-json\/wp\/v2\/media?parent=85117"}],"wp:term":[{"taxonomy":"category","embeddable":true,"href":"https:\/\/territorialchallenges.com\/it\/wp-json\/wp\/v2\/categories?post=85117"},{"taxonomy":"post_tag","embeddable":true,"href":"https:\/\/territorialchallenges.com\/it\/wp-json\/wp\/v2\/tags?post=85117"}],"curies":[{"name":"parola chiave","href":"https:\/\/api.w.org\/{rel}","templated":true}]}}