{"id":84148,"date":"2019-11-08T10:52:57","date_gmt":"2019-11-08T09:52:57","guid":{"rendered":"https:\/\/territorialchallenges.com\/?p=84148"},"modified":"2019-11-21T23:43:42","modified_gmt":"2019-11-21T22:43:42","slug":"santiago-de-chili-ville-la-plus-intelligente-damerique-latine","status":"publish","type":"post","link":"https:\/\/territorialchallenges.com\/it\/2019\/11\/08\/santiago-de-chili-ville-la-plus-intelligente-damerique-latine\/84148\/","title":{"rendered":"Santiago del Cile, la citt\u00e0 pi\u00f9 intelligente dell&#039;America Latina"},"content":{"rendered":"<p>Santiago \u00e8 stata classificata come la citt\u00e0 pi\u00f9 intelligente dell&#039;America Latina, secondo una classifica stilata dalla business school spagnola IESE Business School. \u00c8 la prima volta che la capitale cilena si classifica al primo posto in questa classifica, che tiene conto di nove dimensioni: capitale umano, coesione sociale, economia, governance, ambiente, mobilit\u00e0 e trasporti, pianificazione urbana, ecc. <\/p>\n<div class=\"pmpro_content_message\">Articolo disponibile solo per gli abbonati.<br \/><a href=\"https:\/\/territorialchallenges.com\/wp-login.php\">Login<\/a><br \/><a href=\"https:\/\/territorialchallenges.com\/it\/wp-login.php\/?action=register\">Registro<\/a><\/div>","protected":false},"excerpt":{"rendered":"<p>Selon un classement de l&rsquo;\u00e9cole de commerce espagnole, IESE Business School, Santiago, a \u00e9t\u00e9 class\u00e9e comme la ville la plus intelligente d&rsquo;Am\u00e9rique latine. C&rsquo;est la premi\u00e8re fois que la capitale chilienne est en t\u00eate de ce classement, qui prend en compte neuf dimensions: capital humain, coh\u00e9sion sociale, \u00e9conomie, gouvernance, environnement, mobilit\u00e9 et transports, planification urbaine,... <\/p>\n<div class=\"pmpro_content_message\">Articolo disponibile solo per gli abbonati.<br \/><a href=\"https:\/\/territorialchallenges.com\/wp-login.php\">Login<\/a><br \/><a href=\"https:\/\/territorialchallenges.com\/it\/wp-login.php\/?action=register\">Registro<\/a><\/div>","protected":false},"author":11,"featured_media":84149,"comment_status":"open","ping_status":"open","sticky":false,"template":"","format":"standard","meta":{"pmpro_default_level":0,"footnotes":""},"categories":[120,117],"tags":[],"blocksy_meta":"","yoast_head":"<!-- This site is optimized with the Yoast SEO plugin v21.5 - https:\/\/yoast.com\/wordpress\/plugins\/seo\/ -->\n<title>Santiago de Chili, ville la plus intelligente d\u2019Am\u00e9rique latine - Territorial Challenges<\/title>\n<meta name=\"robots\" content=\"index, follow, max-snippet:-1, max-image-preview:large, max-video-preview:-1\" \/>\n<link rel=\"canonical\" href=\"https:\/\/territorialchallenges.com\/it\/2019\/11\/08\/santiago-de-chili-ville-la-plus-intelligente-damerique-latine\/84148\/\" \/>\n<meta property=\"og:locale\" content=\"it_IT\" \/>\n<meta property=\"og:type\" content=\"article\" \/>\n<meta property=\"og:title\" content=\"Santiago de Chili, ville la plus intelligente d\u2019Am\u00e9rique latine - Territorial Challenges\" \/>\n<meta property=\"og:description\" content=\"Selon un classement de l&rsquo;\u00e9cole de commerce espagnole, IESE Business School, Santiago, a \u00e9t\u00e9 class\u00e9e comme la ville la plus intelligente d&rsquo;Am\u00e9rique latine. C&rsquo;est la premi\u00e8re fois que la capitale chilienne est en t\u00eate de ce classement, qui prend en compte neuf dimensions: capital humain, coh\u00e9sion sociale, \u00e9conomie, gouvernance, environnement, mobilit\u00e9 et transports, planification urbaine, [&hellip;]\" \/>\n<meta property=\"og:url\" content=\"https:\/\/territorialchallenges.com\/it\/2019\/11\/08\/santiago-de-chili-ville-la-plus-intelligente-damerique-latine\/84148\/\" \/>\n<meta property=\"og:site_name\" content=\"Territorial Challenges\" \/>\n<meta property=\"article:published_time\" content=\"2019-11-08T09:52:57+00:00\" \/>\n<meta property=\"article:modified_time\" content=\"2019-11-21T22:43:42+00:00\" \/>\n<meta property=\"og:image\" content=\"https:\/\/territorialchallenges.com\/wp-content\/uploads\/2019\/06\/santiago-743_1280-1.jpg\" \/>\n\t<meta property=\"og:image:width\" content=\"1280\" \/>\n\t<meta property=\"og:image:height\" content=\"960\" \/>\n\t<meta property=\"og:image:type\" content=\"image\/jpeg\" \/>\n<meta name=\"author\" content=\"ni.abdi\" \/>\n<meta name=\"twitter:card\" content=\"summary_large_image\" \/>\n<meta name=\"twitter:creator\" content=\"@Ni.abdi\" \/>\n<meta name=\"twitter:label1\" content=\"Scritto da\" \/>\n\t<meta name=\"twitter:data1\" content=\"ni.abdi\" \/>\n\t<meta name=\"twitter:label2\" content=\"Tempo di lettura stimato\" \/>\n\t<meta name=\"twitter:data2\" content=\"3 minuti\" \/>\n<script type=\"application\/ld+json\" class=\"yoast-schema-graph\">{\"@context\":\"https:\/\/schema.org\",\"@graph\":[{\"@type\":\"Article\",\"@id\":\"https:\/\/territorialchallenges.com\/2019\/11\/08\/santiago-de-chili-ville-la-plus-intelligente-damerique-latine\/84148\/#article\",\"isPartOf\":{\"@id\":\"https:\/\/territorialchallenges.com\/2019\/11\/08\/santiago-de-chili-ville-la-plus-intelligente-damerique-latine\/84148\/\"},\"author\":{\"name\":\"ni.abdi\",\"@id\":\"https:\/\/territorialchallenges.com\/#\/schema\/person\/098f145c7c61a021c425e010f840080f\"},\"headline\":\"Santiago de Chili, ville la plus intelligente d\u2019Am\u00e9rique latine\",\"datePublished\":\"2019-11-08T09:52:57+00:00\",\"dateModified\":\"2019-11-21T22:43:42+00:00\",\"mainEntityOfPage\":{\"@id\":\"https:\/\/territorialchallenges.com\/2019\/11\/08\/santiago-de-chili-ville-la-plus-intelligente-damerique-latine\/84148\/\"},\"wordCount\":528,\"commentCount\":0,\"publisher\":{\"@id\":\"https:\/\/territorialchallenges.com\/#organization\"},\"articleSection\":[\"Il s'est pass\u00e9 \u00e0\",\"\u00c9cosyst\u00e8me\"],\"inLanguage\":\"it-IT\"},{\"@type\":\"WebPage\",\"@id\":\"https:\/\/territorialchallenges.com\/2019\/11\/08\/santiago-de-chili-ville-la-plus-intelligente-damerique-latine\/84148\/\",\"url\":\"https:\/\/territorialchallenges.com\/2019\/11\/08\/santiago-de-chili-ville-la-plus-intelligente-damerique-latine\/84148\/\",\"name\":\"Santiago de Chili, ville la plus intelligente d\u2019Am\u00e9rique latine - Territorial Challenges\",\"isPartOf\":{\"@id\":\"https:\/\/territorialchallenges.com\/#website\"},\"datePublished\":\"2019-11-08T09:52:57+00:00\",\"dateModified\":\"2019-11-21T22:43:42+00:00\",\"breadcrumb\":{\"@id\":\"https:\/\/territorialchallenges.com\/2019\/11\/08\/santiago-de-chili-ville-la-plus-intelligente-damerique-latine\/84148\/#breadcrumb\"},\"inLanguage\":\"it-IT\",\"potentialAction\":[{\"@type\":\"ReadAction\",\"target\":[\"https:\/\/territorialchallenges.com\/2019\/11\/08\/santiago-de-chili-ville-la-plus-intelligente-damerique-latine\/84148\/\"]}]},{\"@type\":\"BreadcrumbList\",\"@id\":\"https:\/\/territorialchallenges.com\/2019\/11\/08\/santiago-de-chili-ville-la-plus-intelligente-damerique-latine\/84148\/#breadcrumb\",\"itemListElement\":[{\"@type\":\"ListItem\",\"position\":1,\"name\":\"Home\",\"item\":\"https:\/\/territorialchallenges.com\/\"},{\"@type\":\"ListItem\",\"position\":2,\"name\":\"Santiago de Chili, ville la plus intelligente d\u2019Am\u00e9rique latine\"}]},{\"@type\":\"WebSite\",\"@id\":\"https:\/\/territorialchallenges.com\/#website\",\"url\":\"https:\/\/territorialchallenges.com\/\",\"name\":\"Territorial Challenges\",\"description\":\"Veille Internationale - Strat\u00e9gie Intelligentes - Bonnes pratiques\",\"publisher\":{\"@id\":\"https:\/\/territorialchallenges.com\/#organization\"},\"potentialAction\":[{\"@type\":\"SearchAction\",\"target\":{\"@type\":\"EntryPoint\",\"urlTemplate\":\"https:\/\/territorialchallenges.com\/?s={search_term_string}\"},\"query-input\":\"required name=search_term_string\"}],\"inLanguage\":\"it-IT\"},{\"@type\":\"Organization\",\"@id\":\"https:\/\/territorialchallenges.com\/#organization\",\"name\":\"Territorial Challenges\",\"url\":\"https:\/\/territorialchallenges.com\/\",\"logo\":{\"@type\":\"ImageObject\",\"inLanguage\":\"it-IT\",\"@id\":\"https:\/\/territorialchallenges.com\/#\/schema\/logo\/image\/\",\"url\":\"https:\/\/territorialchallenges.com\/wp-content\/uploads\/2023\/10\/logo-1.png\",\"contentUrl\":\"https:\/\/territorialchallenges.com\/wp-content\/uploads\/2023\/10\/logo-1.png\",\"width\":1832,\"height\":576,\"caption\":\"Territorial Challenges\"},\"image\":{\"@id\":\"https:\/\/territorialchallenges.com\/#\/schema\/logo\/image\/\"}},{\"@type\":\"Person\",\"@id\":\"https:\/\/territorialchallenges.com\/#\/schema\/person\/098f145c7c61a021c425e010f840080f\",\"name\":\"ni.abdi\",\"image\":{\"@type\":\"ImageObject\",\"inLanguage\":\"it-IT\",\"@id\":\"https:\/\/territorialchallenges.com\/#\/schema\/person\/image\/\",\"url\":\"https:\/\/secure.gravatar.com\/avatar\/2a2f2491f3c80039986ba989b1e4b510?s=96&d=identicon&r=g\",\"contentUrl\":\"https:\/\/secure.gravatar.com\/avatar\/2a2f2491f3c80039986ba989b1e4b510?s=96&d=identicon&r=g\",\"caption\":\"ni.abdi\"},\"sameAs\":[\"https:\/\/twitter.com\/Ni.abdi\"],\"url\":\"https:\/\/territorialchallenges.com\/it\/author\/ni-abdi\/\"}]}<\/script>\n<!-- \/ Yoast SEO plugin. -->","yoast_head_json":{"title":"Santiago de Chili, ville la plus intelligente d\u2019Am\u00e9rique latine - Territorial Challenges","robots":{"index":"index","follow":"follow","max-snippet":"max-snippet:-1","max-image-preview":"max-image-preview:large","max-video-preview":"max-video-preview:-1"},"canonical":"https:\/\/territorialchallenges.com\/it\/2019\/11\/08\/santiago-de-chili-ville-la-plus-intelligente-damerique-latine\/84148\/","og_locale":"it_IT","og_type":"article","og_title":"Santiago de Chili, ville la plus intelligente d\u2019Am\u00e9rique latine - Territorial Challenges","og_description":"Selon un classement de l&rsquo;\u00e9cole de commerce espagnole, IESE Business School, Santiago, a \u00e9t\u00e9 class\u00e9e comme la ville la plus intelligente d&rsquo;Am\u00e9rique latine. C&rsquo;est la premi\u00e8re fois que la capitale chilienne est en t\u00eate de ce classement, qui prend en compte neuf dimensions: capital humain, coh\u00e9sion sociale, \u00e9conomie, gouvernance, environnement, mobilit\u00e9 et transports, planification urbaine, [&hellip;]","og_url":"https:\/\/territorialchallenges.com\/it\/2019\/11\/08\/santiago-de-chili-ville-la-plus-intelligente-damerique-latine\/84148\/","og_site_name":"Territorial Challenges","article_published_time":"2019-11-08T09:52:57+00:00","article_modified_time":"2019-11-21T22:43:42+00:00","og_image":[{"width":1280,"height":960,"url":"https:\/\/territorialchallenges.com\/wp-content\/uploads\/2019\/06\/santiago-743_1280-1.jpg","type":"image\/jpeg"}],"author":"ni.abdi","twitter_card":"summary_large_image","twitter_creator":"@Ni.abdi","twitter_misc":{"Scritto da":"ni.abdi","Tempo di lettura stimato":"3 minuti"},"schema":{"@context":"https:\/\/schema.org","@graph":[{"@type":"Article","@id":"https:\/\/territorialchallenges.com\/2019\/11\/08\/santiago-de-chili-ville-la-plus-intelligente-damerique-latine\/84148\/#article","isPartOf":{"@id":"https:\/\/territorialchallenges.com\/2019\/11\/08\/santiago-de-chili-ville-la-plus-intelligente-damerique-latine\/84148\/"},"author":{"name":"ni.abdi","@id":"https:\/\/territorialchallenges.com\/#\/schema\/person\/098f145c7c61a021c425e010f840080f"},"headline":"Santiago de Chili, ville la plus intelligente d\u2019Am\u00e9rique latine","datePublished":"2019-11-08T09:52:57+00:00","dateModified":"2019-11-21T22:43:42+00:00","mainEntityOfPage":{"@id":"https:\/\/territorialchallenges.com\/2019\/11\/08\/santiago-de-chili-ville-la-plus-intelligente-damerique-latine\/84148\/"},"wordCount":528,"commentCount":0,"publisher":{"@id":"https:\/\/territorialchallenges.com\/#organization"},"articleSection":["Il s'est pass\u00e9 \u00e0","\u00c9cosyst\u00e8me"],"inLanguage":"it-IT"},{"@type":"WebPage","@id":"https:\/\/territorialchallenges.com\/2019\/11\/08\/santiago-de-chili-ville-la-plus-intelligente-damerique-latine\/84148\/","url":"https:\/\/territorialchallenges.com\/2019\/11\/08\/santiago-de-chili-ville-la-plus-intelligente-damerique-latine\/84148\/","name":"Santiago de Chili, ville la plus intelligente d\u2019Am\u00e9rique latine - Territorial Challenges","isPartOf":{"@id":"https:\/\/territorialchallenges.com\/#website"},"datePublished":"2019-11-08T09:52:57+00:00","dateModified":"2019-11-21T22:43:42+00:00","breadcrumb":{"@id":"https:\/\/territorialchallenges.com\/2019\/11\/08\/santiago-de-chili-ville-la-plus-intelligente-damerique-latine\/84148\/#breadcrumb"},"inLanguage":"it-IT","potentialAction":[{"@type":"ReadAction","target":["https:\/\/territorialchallenges.com\/2019\/11\/08\/santiago-de-chili-ville-la-plus-intelligente-damerique-latine\/84148\/"]}]},{"@type":"BreadcrumbList","@id":"https:\/\/territorialchallenges.com\/2019\/11\/08\/santiago-de-chili-ville-la-plus-intelligente-damerique-latine\/84148\/#breadcrumb","itemListElement":[{"@type":"ListItem","position":1,"name":"Home","item":"https:\/\/territorialchallenges.com\/"},{"@type":"ListItem","position":2,"name":"Santiago de Chili, ville la plus intelligente d\u2019Am\u00e9rique latine"}]},{"@type":"WebSite","@id":"https:\/\/territorialchallenges.com\/#website","url":"https:\/\/territorialchallenges.com\/","name":"Sfide territoriali","description":"Monitoraggio internazionale - Strategie intelligenti - Migliori pratiche","publisher":{"@id":"https:\/\/territorialchallenges.com\/#organization"},"potentialAction":[{"@type":"SearchAction","target":{"@type":"EntryPoint","urlTemplate":"https:\/\/territorialchallenges.com\/?s={search_term_string}"},"query-input":"required name=search_term_string"}],"inLanguage":"it-IT"},{"@type":"Organization","@id":"https:\/\/territorialchallenges.com\/#organization","name":"Sfide territoriali","url":"https:\/\/territorialchallenges.com\/","logo":{"@type":"ImageObject","inLanguage":"it-IT","@id":"https:\/\/territorialchallenges.com\/#\/schema\/logo\/image\/","url":"https:\/\/territorialchallenges.com\/wp-content\/uploads\/2023\/10\/logo-1.png","contentUrl":"https:\/\/territorialchallenges.com\/wp-content\/uploads\/2023\/10\/logo-1.png","width":1832,"height":576,"caption":"Territorial Challenges"},"image":{"@id":"https:\/\/territorialchallenges.com\/#\/schema\/logo\/image\/"}},{"@type":"Person","@id":"https:\/\/territorialchallenges.com\/#\/schema\/person\/098f145c7c61a021c425e010f840080f","name":"ni.abdi","image":{"@type":"ImageObject","inLanguage":"it-IT","@id":"https:\/\/territorialchallenges.com\/#\/schema\/person\/image\/","url":"https:\/\/secure.gravatar.com\/avatar\/2a2f2491f3c80039986ba989b1e4b510?s=96&d=identicon&r=g","contentUrl":"https:\/\/secure.gravatar.com\/avatar\/2a2f2491f3c80039986ba989b1e4b510?s=96&d=identicon&r=g","caption":"ni.abdi"},"sameAs":["https:\/\/twitter.com\/Ni.abdi"],"url":"https:\/\/territorialchallenges.com\/it\/author\/ni-abdi\/"}]}},"_links":{"self":[{"href":"https:\/\/territorialchallenges.com\/it\/wp-json\/wp\/v2\/posts\/84148"}],"collection":[{"href":"https:\/\/territorialchallenges.com\/it\/wp-json\/wp\/v2\/posts"}],"about":[{"href":"https:\/\/territorialchallenges.com\/it\/wp-json\/wp\/v2\/types\/post"}],"author":[{"embeddable":true,"href":"https:\/\/territorialchallenges.com\/it\/wp-json\/wp\/v2\/users\/11"}],"replies":[{"embeddable":true,"href":"https:\/\/territorialchallenges.com\/it\/wp-json\/wp\/v2\/comments?post=84148"}],"version-history":[{"count":1,"href":"https:\/\/territorialchallenges.com\/it\/wp-json\/wp\/v2\/posts\/84148\/revisions"}],"predecessor-version":[{"id":84153,"href":"https:\/\/territorialchallenges.com\/it\/wp-json\/wp\/v2\/posts\/84148\/revisions\/84153"}],"wp:featuredmedia":[{"embeddable":true,"href":"https:\/\/territorialchallenges.com\/it\/wp-json\/wp\/v2\/media\/84149"}],"wp:attachment":[{"href":"https:\/\/territorialchallenges.com\/it\/wp-json\/wp\/v2\/media?parent=84148"}],"wp:term":[{"taxonomy":"category","embeddable":true,"href":"https:\/\/territorialchallenges.com\/it\/wp-json\/wp\/v2\/categories?post=84148"},{"taxonomy":"post_tag","embeddable":true,"href":"https:\/\/territorialchallenges.com\/it\/wp-json\/wp\/v2\/tags?post=84148"}],"curies":[{"name":"parola chiave","href":"https:\/\/api.w.org\/{rel}","templated":true}]}}