{"id":788,"date":"2016-08-13T21:55:15","date_gmt":"2016-08-13T19:55:15","guid":{"rendered":"http:\/\/e-novatio.com\/?p=788"},"modified":"2016-08-13T21:55:15","modified_gmt":"2016-08-13T19:55:15","slug":"convergence-energie-numerique-le-concepteur-lumiere-doit-il-etre-oublie","status":"publish","type":"post","link":"https:\/\/territorialchallenges.com\/it\/2016\/08\/13\/convergence-energie-numerique-le-concepteur-lumiere-doit-il-etre-oublie\/788\/","title":{"rendered":"Convergenza energia\/digitale: bisogna dimenticare il progettista dell&#039;illuminazione?"},"content":{"rendered":"<p>(20 marzo 2014) Lo scorso dicembre, l&#039;ONU e l&#039;UNESCO hanno proclamato il 2015 Anno Internazionale della Luce. I Paesi che si stanno preparando a questo evento, attraverso i loro scienziati e professionisti del settore, dovrebbero chiedersi: hanno ambizioni innovative nell&#039;illuminazione delle loro citt\u00e0, quando la professione di lighting designer non \u00e8 associata all&#039;evento? <\/p>\n<div class=\"pmpro_content_message\">Articolo disponibile solo per gli abbonati.<br \/><a href=\"https:\/\/territorialchallenges.com\/wp-login.php\">Login<\/a><br \/><a href=\"https:\/\/territorialchallenges.com\/it\/wp-login.php\/?action=register\">Registro<\/a><\/div>","protected":false},"excerpt":{"rendered":"<p>(20 mars 2014) L\u2019ONU et l\u2019UNESCO ont proclam\u00e9 en d\u00e9cembre dernier, 2015 comme ann\u00e9e internationale de la Lumi\u00e8re. Les pays qui se pr\u00e9parent \u00e0 cet \u00e9v\u00e8nement via leurs scientifiques et professionnels du domaine, devraient s\u2019interroger. Ont-ils une ambition novatrice dans l\u2019\u00e9clairage de leurs villes, lorsque le m\u00e9tier de concepteur lumi\u00e8re n\u2019est pas associ\u00e9 \u00e0 l\u2019\u00e9v\u00e8nement.... <\/p>\n<div class=\"pmpro_content_message\">Articolo disponibile solo per gli abbonati.<br \/><a href=\"https:\/\/territorialchallenges.com\/wp-login.php\">Login<\/a><br \/><a href=\"https:\/\/territorialchallenges.com\/it\/wp-login.php\/?action=register\">Registro<\/a><\/div>","protected":false},"author":11,"featured_media":0,"comment_status":"open","ping_status":"open","sticky":true,"template":"","format":"standard","meta":{"pmpro_default_level":0,"footnotes":""},"categories":[123],"tags":[],"blocksy_meta":"","yoast_head":"<!-- This site is optimized with the Yoast SEO plugin v21.5 - https:\/\/yoast.com\/wordpress\/plugins\/seo\/ -->\n<title>Convergence \u00e9nergie \/ num\u00e9rique, le concepteur lumi\u00e8re doit-il \u00eatre oubli\u00e9 ? - Territorial Challenges<\/title>\n<meta name=\"robots\" content=\"index, follow, max-snippet:-1, max-image-preview:large, max-video-preview:-1\" \/>\n<link rel=\"canonical\" href=\"https:\/\/territorialchallenges.com\/it\/2016\/08\/13\/convergence-energie-numerique-le-concepteur-lumiere-doit-il-etre-oublie\/788\/\" \/>\n<meta property=\"og:locale\" content=\"it_IT\" \/>\n<meta property=\"og:type\" content=\"article\" \/>\n<meta property=\"og:title\" content=\"Convergence \u00e9nergie \/ num\u00e9rique, le concepteur lumi\u00e8re doit-il \u00eatre oubli\u00e9 ? - Territorial Challenges\" \/>\n<meta property=\"og:description\" content=\"(20 mars 2014) L\u2019ONU et l\u2019UNESCO ont proclam\u00e9 en d\u00e9cembre dernier, 2015 comme ann\u00e9e internationale de la Lumi\u00e8re. Les pays qui se pr\u00e9parent \u00e0 cet \u00e9v\u00e8nement via leurs scientifiques et professionnels du domaine, devraient s\u2019interroger. Ont-ils une ambition novatrice dans l\u2019\u00e9clairage de leurs villes, lorsque le m\u00e9tier de concepteur lumi\u00e8re n\u2019est pas associ\u00e9 \u00e0 l\u2019\u00e9v\u00e8nement. [&hellip;]\" \/>\n<meta property=\"og:url\" content=\"https:\/\/territorialchallenges.com\/it\/2016\/08\/13\/convergence-energie-numerique-le-concepteur-lumiere-doit-il-etre-oublie\/788\/\" \/>\n<meta property=\"og:site_name\" content=\"Territorial Challenges\" \/>\n<meta property=\"article:published_time\" content=\"2016-08-13T19:55:15+00:00\" \/>\n<meta name=\"author\" content=\"ni.abdi\" \/>\n<meta name=\"twitter:card\" content=\"summary_large_image\" \/>\n<meta name=\"twitter:creator\" content=\"@Ni.abdi\" \/>\n<meta name=\"twitter:label1\" content=\"Scritto da\" \/>\n\t<meta name=\"twitter:data1\" content=\"ni.abdi\" \/>\n\t<meta name=\"twitter:label2\" content=\"Tempo di lettura stimato\" \/>\n\t<meta name=\"twitter:data2\" content=\"3 minuti\" \/>\n<script type=\"application\/ld+json\" class=\"yoast-schema-graph\">{\"@context\":\"https:\/\/schema.org\",\"@graph\":[{\"@type\":\"Article\",\"@id\":\"https:\/\/territorialchallenges.com\/2016\/08\/13\/convergence-energie-numerique-le-concepteur-lumiere-doit-il-etre-oublie\/788\/#article\",\"isPartOf\":{\"@id\":\"https:\/\/territorialchallenges.com\/2016\/08\/13\/convergence-energie-numerique-le-concepteur-lumiere-doit-il-etre-oublie\/788\/\"},\"author\":{\"name\":\"ni.abdi\",\"@id\":\"https:\/\/territorialchallenges.com\/#\/schema\/person\/098f145c7c61a021c425e010f840080f\"},\"headline\":\"Convergence \u00e9nergie \/ num\u00e9rique, le concepteur lumi\u00e8re doit-il \u00eatre oubli\u00e9 ?\",\"datePublished\":\"2016-08-13T19:55:15+00:00\",\"dateModified\":\"2016-08-13T19:55:15+00:00\",\"mainEntityOfPage\":{\"@id\":\"https:\/\/territorialchallenges.com\/2016\/08\/13\/convergence-energie-numerique-le-concepteur-lumiere-doit-il-etre-oublie\/788\/\"},\"wordCount\":622,\"commentCount\":0,\"publisher\":{\"@id\":\"https:\/\/territorialchallenges.com\/#organization\"},\"articleSection\":[\"Archives - Editos\"],\"inLanguage\":\"it-IT\"},{\"@type\":\"WebPage\",\"@id\":\"https:\/\/territorialchallenges.com\/2016\/08\/13\/convergence-energie-numerique-le-concepteur-lumiere-doit-il-etre-oublie\/788\/\",\"url\":\"https:\/\/territorialchallenges.com\/2016\/08\/13\/convergence-energie-numerique-le-concepteur-lumiere-doit-il-etre-oublie\/788\/\",\"name\":\"Convergence \u00e9nergie \/ num\u00e9rique, le concepteur lumi\u00e8re doit-il \u00eatre oubli\u00e9 ? - Territorial Challenges\",\"isPartOf\":{\"@id\":\"https:\/\/territorialchallenges.com\/#website\"},\"datePublished\":\"2016-08-13T19:55:15+00:00\",\"dateModified\":\"2016-08-13T19:55:15+00:00\",\"breadcrumb\":{\"@id\":\"https:\/\/territorialchallenges.com\/2016\/08\/13\/convergence-energie-numerique-le-concepteur-lumiere-doit-il-etre-oublie\/788\/#breadcrumb\"},\"inLanguage\":\"it-IT\",\"potentialAction\":[{\"@type\":\"ReadAction\",\"target\":[\"https:\/\/territorialchallenges.com\/2016\/08\/13\/convergence-energie-numerique-le-concepteur-lumiere-doit-il-etre-oublie\/788\/\"]}]},{\"@type\":\"BreadcrumbList\",\"@id\":\"https:\/\/territorialchallenges.com\/2016\/08\/13\/convergence-energie-numerique-le-concepteur-lumiere-doit-il-etre-oublie\/788\/#breadcrumb\",\"itemListElement\":[{\"@type\":\"ListItem\",\"position\":1,\"name\":\"Home\",\"item\":\"https:\/\/territorialchallenges.com\/\"},{\"@type\":\"ListItem\",\"position\":2,\"name\":\"Convergence \u00e9nergie \/ num\u00e9rique, le concepteur lumi\u00e8re doit-il \u00eatre oubli\u00e9 ?\"}]},{\"@type\":\"WebSite\",\"@id\":\"https:\/\/territorialchallenges.com\/#website\",\"url\":\"https:\/\/territorialchallenges.com\/\",\"name\":\"Territorial Challenges\",\"description\":\"Veille Internationale - Strat\u00e9gie Intelligentes - Bonnes pratiques\",\"publisher\":{\"@id\":\"https:\/\/territorialchallenges.com\/#organization\"},\"potentialAction\":[{\"@type\":\"SearchAction\",\"target\":{\"@type\":\"EntryPoint\",\"urlTemplate\":\"https:\/\/territorialchallenges.com\/?s={search_term_string}\"},\"query-input\":\"required name=search_term_string\"}],\"inLanguage\":\"it-IT\"},{\"@type\":\"Organization\",\"@id\":\"https:\/\/territorialchallenges.com\/#organization\",\"name\":\"Territorial Challenges\",\"url\":\"https:\/\/territorialchallenges.com\/\",\"logo\":{\"@type\":\"ImageObject\",\"inLanguage\":\"it-IT\",\"@id\":\"https:\/\/territorialchallenges.com\/#\/schema\/logo\/image\/\",\"url\":\"https:\/\/territorialchallenges.com\/wp-content\/uploads\/2023\/10\/logo-1.png\",\"contentUrl\":\"https:\/\/territorialchallenges.com\/wp-content\/uploads\/2023\/10\/logo-1.png\",\"width\":1832,\"height\":576,\"caption\":\"Territorial Challenges\"},\"image\":{\"@id\":\"https:\/\/territorialchallenges.com\/#\/schema\/logo\/image\/\"}},{\"@type\":\"Person\",\"@id\":\"https:\/\/territorialchallenges.com\/#\/schema\/person\/098f145c7c61a021c425e010f840080f\",\"name\":\"ni.abdi\",\"image\":{\"@type\":\"ImageObject\",\"inLanguage\":\"it-IT\",\"@id\":\"https:\/\/territorialchallenges.com\/#\/schema\/person\/image\/\",\"url\":\"https:\/\/secure.gravatar.com\/avatar\/2a2f2491f3c80039986ba989b1e4b510?s=96&d=identicon&r=g\",\"contentUrl\":\"https:\/\/secure.gravatar.com\/avatar\/2a2f2491f3c80039986ba989b1e4b510?s=96&d=identicon&r=g\",\"caption\":\"ni.abdi\"},\"sameAs\":[\"https:\/\/twitter.com\/Ni.abdi\"],\"url\":\"https:\/\/territorialchallenges.com\/it\/author\/ni-abdi\/\"}]}<\/script>\n<!-- \/ Yoast SEO plugin. -->","yoast_head_json":{"title":"Convergence \u00e9nergie \/ num\u00e9rique, le concepteur lumi\u00e8re doit-il \u00eatre oubli\u00e9 ? - Territorial Challenges","robots":{"index":"index","follow":"follow","max-snippet":"max-snippet:-1","max-image-preview":"max-image-preview:large","max-video-preview":"max-video-preview:-1"},"canonical":"https:\/\/territorialchallenges.com\/it\/2016\/08\/13\/convergence-energie-numerique-le-concepteur-lumiere-doit-il-etre-oublie\/788\/","og_locale":"it_IT","og_type":"article","og_title":"Convergence \u00e9nergie \/ num\u00e9rique, le concepteur lumi\u00e8re doit-il \u00eatre oubli\u00e9 ? - Territorial Challenges","og_description":"(20 mars 2014) L\u2019ONU et l\u2019UNESCO ont proclam\u00e9 en d\u00e9cembre dernier, 2015 comme ann\u00e9e internationale de la Lumi\u00e8re. Les pays qui se pr\u00e9parent \u00e0 cet \u00e9v\u00e8nement via leurs scientifiques et professionnels du domaine, devraient s\u2019interroger. Ont-ils une ambition novatrice dans l\u2019\u00e9clairage de leurs villes, lorsque le m\u00e9tier de concepteur lumi\u00e8re n\u2019est pas associ\u00e9 \u00e0 l\u2019\u00e9v\u00e8nement. [&hellip;]","og_url":"https:\/\/territorialchallenges.com\/it\/2016\/08\/13\/convergence-energie-numerique-le-concepteur-lumiere-doit-il-etre-oublie\/788\/","og_site_name":"Territorial Challenges","article_published_time":"2016-08-13T19:55:15+00:00","author":"ni.abdi","twitter_card":"summary_large_image","twitter_creator":"@Ni.abdi","twitter_misc":{"Scritto da":"ni.abdi","Tempo di lettura stimato":"3 minuti"},"schema":{"@context":"https:\/\/schema.org","@graph":[{"@type":"Article","@id":"https:\/\/territorialchallenges.com\/2016\/08\/13\/convergence-energie-numerique-le-concepteur-lumiere-doit-il-etre-oublie\/788\/#article","isPartOf":{"@id":"https:\/\/territorialchallenges.com\/2016\/08\/13\/convergence-energie-numerique-le-concepteur-lumiere-doit-il-etre-oublie\/788\/"},"author":{"name":"ni.abdi","@id":"https:\/\/territorialchallenges.com\/#\/schema\/person\/098f145c7c61a021c425e010f840080f"},"headline":"Convergence \u00e9nergie \/ num\u00e9rique, le concepteur lumi\u00e8re doit-il \u00eatre oubli\u00e9 ?","datePublished":"2016-08-13T19:55:15+00:00","dateModified":"2016-08-13T19:55:15+00:00","mainEntityOfPage":{"@id":"https:\/\/territorialchallenges.com\/2016\/08\/13\/convergence-energie-numerique-le-concepteur-lumiere-doit-il-etre-oublie\/788\/"},"wordCount":622,"commentCount":0,"publisher":{"@id":"https:\/\/territorialchallenges.com\/#organization"},"articleSection":["Archives - Editos"],"inLanguage":"it-IT"},{"@type":"WebPage","@id":"https:\/\/territorialchallenges.com\/2016\/08\/13\/convergence-energie-numerique-le-concepteur-lumiere-doit-il-etre-oublie\/788\/","url":"https:\/\/territorialchallenges.com\/2016\/08\/13\/convergence-energie-numerique-le-concepteur-lumiere-doit-il-etre-oublie\/788\/","name":"Convergence \u00e9nergie \/ num\u00e9rique, le concepteur lumi\u00e8re doit-il \u00eatre oubli\u00e9 ? - Territorial Challenges","isPartOf":{"@id":"https:\/\/territorialchallenges.com\/#website"},"datePublished":"2016-08-13T19:55:15+00:00","dateModified":"2016-08-13T19:55:15+00:00","breadcrumb":{"@id":"https:\/\/territorialchallenges.com\/2016\/08\/13\/convergence-energie-numerique-le-concepteur-lumiere-doit-il-etre-oublie\/788\/#breadcrumb"},"inLanguage":"it-IT","potentialAction":[{"@type":"ReadAction","target":["https:\/\/territorialchallenges.com\/2016\/08\/13\/convergence-energie-numerique-le-concepteur-lumiere-doit-il-etre-oublie\/788\/"]}]},{"@type":"BreadcrumbList","@id":"https:\/\/territorialchallenges.com\/2016\/08\/13\/convergence-energie-numerique-le-concepteur-lumiere-doit-il-etre-oublie\/788\/#breadcrumb","itemListElement":[{"@type":"ListItem","position":1,"name":"Home","item":"https:\/\/territorialchallenges.com\/"},{"@type":"ListItem","position":2,"name":"Convergence \u00e9nergie \/ num\u00e9rique, le concepteur lumi\u00e8re doit-il \u00eatre oubli\u00e9 ?"}]},{"@type":"WebSite","@id":"https:\/\/territorialchallenges.com\/#website","url":"https:\/\/territorialchallenges.com\/","name":"Sfide territoriali","description":"Monitoraggio internazionale - Strategie intelligenti - Migliori pratiche","publisher":{"@id":"https:\/\/territorialchallenges.com\/#organization"},"potentialAction":[{"@type":"SearchAction","target":{"@type":"EntryPoint","urlTemplate":"https:\/\/territorialchallenges.com\/?s={search_term_string}"},"query-input":"required name=search_term_string"}],"inLanguage":"it-IT"},{"@type":"Organization","@id":"https:\/\/territorialchallenges.com\/#organization","name":"Sfide territoriali","url":"https:\/\/territorialchallenges.com\/","logo":{"@type":"ImageObject","inLanguage":"it-IT","@id":"https:\/\/territorialchallenges.com\/#\/schema\/logo\/image\/","url":"https:\/\/territorialchallenges.com\/wp-content\/uploads\/2023\/10\/logo-1.png","contentUrl":"https:\/\/territorialchallenges.com\/wp-content\/uploads\/2023\/10\/logo-1.png","width":1832,"height":576,"caption":"Territorial Challenges"},"image":{"@id":"https:\/\/territorialchallenges.com\/#\/schema\/logo\/image\/"}},{"@type":"Person","@id":"https:\/\/territorialchallenges.com\/#\/schema\/person\/098f145c7c61a021c425e010f840080f","name":"ni.abdi","image":{"@type":"ImageObject","inLanguage":"it-IT","@id":"https:\/\/territorialchallenges.com\/#\/schema\/person\/image\/","url":"https:\/\/secure.gravatar.com\/avatar\/2a2f2491f3c80039986ba989b1e4b510?s=96&d=identicon&r=g","contentUrl":"https:\/\/secure.gravatar.com\/avatar\/2a2f2491f3c80039986ba989b1e4b510?s=96&d=identicon&r=g","caption":"ni.abdi"},"sameAs":["https:\/\/twitter.com\/Ni.abdi"],"url":"https:\/\/territorialchallenges.com\/it\/author\/ni-abdi\/"}]}},"_links":{"self":[{"href":"https:\/\/territorialchallenges.com\/it\/wp-json\/wp\/v2\/posts\/788"}],"collection":[{"href":"https:\/\/territorialchallenges.com\/it\/wp-json\/wp\/v2\/posts"}],"about":[{"href":"https:\/\/territorialchallenges.com\/it\/wp-json\/wp\/v2\/types\/post"}],"author":[{"embeddable":true,"href":"https:\/\/territorialchallenges.com\/it\/wp-json\/wp\/v2\/users\/11"}],"replies":[{"embeddable":true,"href":"https:\/\/territorialchallenges.com\/it\/wp-json\/wp\/v2\/comments?post=788"}],"version-history":[{"count":0,"href":"https:\/\/territorialchallenges.com\/it\/wp-json\/wp\/v2\/posts\/788\/revisions"}],"wp:attachment":[{"href":"https:\/\/territorialchallenges.com\/it\/wp-json\/wp\/v2\/media?parent=788"}],"wp:term":[{"taxonomy":"category","embeddable":true,"href":"https:\/\/territorialchallenges.com\/it\/wp-json\/wp\/v2\/categories?post=788"},{"taxonomy":"post_tag","embeddable":true,"href":"https:\/\/territorialchallenges.com\/it\/wp-json\/wp\/v2\/tags?post=788"}],"curies":[{"name":"parola chiave","href":"https:\/\/api.w.org\/{rel}","templated":true}]}}