{"id":772,"date":"2016-08-13T19:28:52","date_gmt":"2016-08-13T17:28:52","guid":{"rendered":"http:\/\/e-novatio.com\/?p=772"},"modified":"2016-08-13T19:28:52","modified_gmt":"2016-08-13T17:28:52","slug":"francois-hollande-et-le-stockage-de-lenergie","status":"publish","type":"post","link":"https:\/\/territorialchallenges.com\/it\/2016\/08\/13\/francois-hollande-et-le-stockage-de-lenergie\/772\/","title":{"rendered":"Fran\u00e7ois Hollande e l&#039;accumulo di energia"},"content":{"rendered":"<p>(20 gennaio 2014) Citando l&#039;accumulo di energia come priorit\u00e0 per un progetto &quot;Airbus dell&#039;energia&quot; in collaborazione con la Germania, il presidente francese dimentica l&#039;essenziale. L&#039;accumulo di energia \u00e8 un campo che \u00e8 ancora sostanzialmente in fase di ricerca scientifica e innovazione, e una scoperta potrebbe emergere da qualsiasi universit\u00e0 europea, americana o persino... universitaria. <\/p>\n<div class=\"pmpro_content_message\">Articolo disponibile solo per gli abbonati.<br \/><a href=\"https:\/\/territorialchallenges.com\/wp-login.php\">Login<\/a><br \/><a href=\"https:\/\/territorialchallenges.com\/it\/wp-login.php\/?action=register\">Registro<\/a><\/div>","protected":false},"excerpt":{"rendered":"<p>(20 janvier 2014) En citant le stockage comme une priorit\u00e9 d\u2019un projet \u00ab d\u2019Airbus de l\u2019\u00e9nergie \u00bb en partenariat avec l\u2019Allemagne, le pr\u00e9sident fran\u00e7ais oublie l\u2019essentiel. Le stockage de l\u2019\u00e9nergie est un domaine encore au stade essentiellement de la recherche scientifique, de l\u2019innovation et qu\u2019une d\u00e9couverte peut surgir d\u2019une quelconque universit\u00e9 europ\u00e9enne, am\u00e9ricaine et m\u00eame... <\/p>\n<div class=\"pmpro_content_message\">Articolo disponibile solo per gli abbonati.<br \/><a href=\"https:\/\/territorialchallenges.com\/wp-login.php\">Login<\/a><br \/><a href=\"https:\/\/territorialchallenges.com\/it\/wp-login.php\/?action=register\">Registro<\/a><\/div>","protected":false},"author":11,"featured_media":0,"comment_status":"open","ping_status":"open","sticky":true,"template":"","format":"standard","meta":{"pmpro_default_level":0,"footnotes":""},"categories":[123],"tags":[],"blocksy_meta":"","yoast_head":"<!-- This site is optimized with the Yoast SEO plugin v21.5 - https:\/\/yoast.com\/wordpress\/plugins\/seo\/ -->\n<title>Fran\u00e7ois Hollande et le stockage de l\u2019\u00e9nergie - Territorial Challenges<\/title>\n<meta name=\"robots\" content=\"index, follow, max-snippet:-1, max-image-preview:large, max-video-preview:-1\" \/>\n<link rel=\"canonical\" href=\"https:\/\/territorialchallenges.com\/it\/2016\/08\/13\/francois-hollande-et-le-stockage-de-lenergie\/772\/\" \/>\n<meta property=\"og:locale\" content=\"it_IT\" \/>\n<meta property=\"og:type\" content=\"article\" \/>\n<meta property=\"og:title\" content=\"Fran\u00e7ois Hollande et le stockage de l\u2019\u00e9nergie - Territorial Challenges\" \/>\n<meta property=\"og:description\" content=\"(20 janvier 2014) En citant le stockage comme une priorit\u00e9 d\u2019un projet \u00ab d\u2019Airbus de l\u2019\u00e9nergie \u00bb en partenariat avec l\u2019Allemagne, le pr\u00e9sident fran\u00e7ais oublie l\u2019essentiel. Le stockage de l\u2019\u00e9nergie est un domaine encore au stade essentiellement de la recherche scientifique, de l\u2019innovation et qu\u2019une d\u00e9couverte peut surgir d\u2019une quelconque universit\u00e9 europ\u00e9enne, am\u00e9ricaine et m\u00eame [&hellip;]\" \/>\n<meta property=\"og:url\" content=\"https:\/\/territorialchallenges.com\/it\/2016\/08\/13\/francois-hollande-et-le-stockage-de-lenergie\/772\/\" \/>\n<meta property=\"og:site_name\" content=\"Territorial Challenges\" \/>\n<meta property=\"article:published_time\" content=\"2016-08-13T17:28:52+00:00\" \/>\n<meta name=\"author\" content=\"ni.abdi\" \/>\n<meta name=\"twitter:card\" content=\"summary_large_image\" \/>\n<meta name=\"twitter:creator\" content=\"@Ni.abdi\" \/>\n<meta name=\"twitter:label1\" content=\"Scritto da\" \/>\n\t<meta name=\"twitter:data1\" content=\"ni.abdi\" \/>\n\t<meta name=\"twitter:label2\" content=\"Tempo di lettura stimato\" \/>\n\t<meta name=\"twitter:data2\" content=\"2 minuti\" \/>\n<script type=\"application\/ld+json\" class=\"yoast-schema-graph\">{\"@context\":\"https:\/\/schema.org\",\"@graph\":[{\"@type\":\"Article\",\"@id\":\"https:\/\/territorialchallenges.com\/2016\/08\/13\/francois-hollande-et-le-stockage-de-lenergie\/772\/#article\",\"isPartOf\":{\"@id\":\"https:\/\/territorialchallenges.com\/2016\/08\/13\/francois-hollande-et-le-stockage-de-lenergie\/772\/\"},\"author\":{\"name\":\"ni.abdi\",\"@id\":\"https:\/\/territorialchallenges.com\/#\/schema\/person\/098f145c7c61a021c425e010f840080f\"},\"headline\":\"Fran\u00e7ois Hollande et le stockage de l\u2019\u00e9nergie\",\"datePublished\":\"2016-08-13T17:28:52+00:00\",\"dateModified\":\"2016-08-13T17:28:52+00:00\",\"mainEntityOfPage\":{\"@id\":\"https:\/\/territorialchallenges.com\/2016\/08\/13\/francois-hollande-et-le-stockage-de-lenergie\/772\/\"},\"wordCount\":472,\"commentCount\":0,\"publisher\":{\"@id\":\"https:\/\/territorialchallenges.com\/#organization\"},\"articleSection\":[\"Archives - Editos\"],\"inLanguage\":\"it-IT\"},{\"@type\":\"WebPage\",\"@id\":\"https:\/\/territorialchallenges.com\/2016\/08\/13\/francois-hollande-et-le-stockage-de-lenergie\/772\/\",\"url\":\"https:\/\/territorialchallenges.com\/2016\/08\/13\/francois-hollande-et-le-stockage-de-lenergie\/772\/\",\"name\":\"Fran\u00e7ois Hollande et le stockage de l\u2019\u00e9nergie - Territorial Challenges\",\"isPartOf\":{\"@id\":\"https:\/\/territorialchallenges.com\/#website\"},\"datePublished\":\"2016-08-13T17:28:52+00:00\",\"dateModified\":\"2016-08-13T17:28:52+00:00\",\"breadcrumb\":{\"@id\":\"https:\/\/territorialchallenges.com\/2016\/08\/13\/francois-hollande-et-le-stockage-de-lenergie\/772\/#breadcrumb\"},\"inLanguage\":\"it-IT\",\"potentialAction\":[{\"@type\":\"ReadAction\",\"target\":[\"https:\/\/territorialchallenges.com\/2016\/08\/13\/francois-hollande-et-le-stockage-de-lenergie\/772\/\"]}]},{\"@type\":\"BreadcrumbList\",\"@id\":\"https:\/\/territorialchallenges.com\/2016\/08\/13\/francois-hollande-et-le-stockage-de-lenergie\/772\/#breadcrumb\",\"itemListElement\":[{\"@type\":\"ListItem\",\"position\":1,\"name\":\"Home\",\"item\":\"https:\/\/territorialchallenges.com\/\"},{\"@type\":\"ListItem\",\"position\":2,\"name\":\"Fran\u00e7ois Hollande et le stockage de l\u2019\u00e9nergie\"}]},{\"@type\":\"WebSite\",\"@id\":\"https:\/\/territorialchallenges.com\/#website\",\"url\":\"https:\/\/territorialchallenges.com\/\",\"name\":\"Territorial Challenges\",\"description\":\"Veille Internationale - Strat\u00e9gie Intelligentes - Bonnes pratiques\",\"publisher\":{\"@id\":\"https:\/\/territorialchallenges.com\/#organization\"},\"potentialAction\":[{\"@type\":\"SearchAction\",\"target\":{\"@type\":\"EntryPoint\",\"urlTemplate\":\"https:\/\/territorialchallenges.com\/?s={search_term_string}\"},\"query-input\":\"required name=search_term_string\"}],\"inLanguage\":\"it-IT\"},{\"@type\":\"Organization\",\"@id\":\"https:\/\/territorialchallenges.com\/#organization\",\"name\":\"Territorial Challenges\",\"url\":\"https:\/\/territorialchallenges.com\/\",\"logo\":{\"@type\":\"ImageObject\",\"inLanguage\":\"it-IT\",\"@id\":\"https:\/\/territorialchallenges.com\/#\/schema\/logo\/image\/\",\"url\":\"https:\/\/territorialchallenges.com\/wp-content\/uploads\/2023\/10\/logo-1.png\",\"contentUrl\":\"https:\/\/territorialchallenges.com\/wp-content\/uploads\/2023\/10\/logo-1.png\",\"width\":1832,\"height\":576,\"caption\":\"Territorial Challenges\"},\"image\":{\"@id\":\"https:\/\/territorialchallenges.com\/#\/schema\/logo\/image\/\"}},{\"@type\":\"Person\",\"@id\":\"https:\/\/territorialchallenges.com\/#\/schema\/person\/098f145c7c61a021c425e010f840080f\",\"name\":\"ni.abdi\",\"image\":{\"@type\":\"ImageObject\",\"inLanguage\":\"it-IT\",\"@id\":\"https:\/\/territorialchallenges.com\/#\/schema\/person\/image\/\",\"url\":\"https:\/\/secure.gravatar.com\/avatar\/2a2f2491f3c80039986ba989b1e4b510?s=96&d=identicon&r=g\",\"contentUrl\":\"https:\/\/secure.gravatar.com\/avatar\/2a2f2491f3c80039986ba989b1e4b510?s=96&d=identicon&r=g\",\"caption\":\"ni.abdi\"},\"sameAs\":[\"https:\/\/twitter.com\/Ni.abdi\"],\"url\":\"https:\/\/territorialchallenges.com\/it\/author\/ni-abdi\/\"}]}<\/script>\n<!-- \/ Yoast SEO plugin. -->","yoast_head_json":{"title":"Fran\u00e7ois Hollande et le stockage de l\u2019\u00e9nergie - Territorial Challenges","robots":{"index":"index","follow":"follow","max-snippet":"max-snippet:-1","max-image-preview":"max-image-preview:large","max-video-preview":"max-video-preview:-1"},"canonical":"https:\/\/territorialchallenges.com\/it\/2016\/08\/13\/francois-hollande-et-le-stockage-de-lenergie\/772\/","og_locale":"it_IT","og_type":"article","og_title":"Fran\u00e7ois Hollande et le stockage de l\u2019\u00e9nergie - Territorial Challenges","og_description":"(20 janvier 2014) En citant le stockage comme une priorit\u00e9 d\u2019un projet \u00ab d\u2019Airbus de l\u2019\u00e9nergie \u00bb en partenariat avec l\u2019Allemagne, le pr\u00e9sident fran\u00e7ais oublie l\u2019essentiel. Le stockage de l\u2019\u00e9nergie est un domaine encore au stade essentiellement de la recherche scientifique, de l\u2019innovation et qu\u2019une d\u00e9couverte peut surgir d\u2019une quelconque universit\u00e9 europ\u00e9enne, am\u00e9ricaine et m\u00eame [&hellip;]","og_url":"https:\/\/territorialchallenges.com\/it\/2016\/08\/13\/francois-hollande-et-le-stockage-de-lenergie\/772\/","og_site_name":"Territorial Challenges","article_published_time":"2016-08-13T17:28:52+00:00","author":"ni.abdi","twitter_card":"summary_large_image","twitter_creator":"@Ni.abdi","twitter_misc":{"Scritto da":"ni.abdi","Tempo di lettura stimato":"2 minuti"},"schema":{"@context":"https:\/\/schema.org","@graph":[{"@type":"Article","@id":"https:\/\/territorialchallenges.com\/2016\/08\/13\/francois-hollande-et-le-stockage-de-lenergie\/772\/#article","isPartOf":{"@id":"https:\/\/territorialchallenges.com\/2016\/08\/13\/francois-hollande-et-le-stockage-de-lenergie\/772\/"},"author":{"name":"ni.abdi","@id":"https:\/\/territorialchallenges.com\/#\/schema\/person\/098f145c7c61a021c425e010f840080f"},"headline":"Fran\u00e7ois Hollande et le stockage de l\u2019\u00e9nergie","datePublished":"2016-08-13T17:28:52+00:00","dateModified":"2016-08-13T17:28:52+00:00","mainEntityOfPage":{"@id":"https:\/\/territorialchallenges.com\/2016\/08\/13\/francois-hollande-et-le-stockage-de-lenergie\/772\/"},"wordCount":472,"commentCount":0,"publisher":{"@id":"https:\/\/territorialchallenges.com\/#organization"},"articleSection":["Archives - Editos"],"inLanguage":"it-IT"},{"@type":"WebPage","@id":"https:\/\/territorialchallenges.com\/2016\/08\/13\/francois-hollande-et-le-stockage-de-lenergie\/772\/","url":"https:\/\/territorialchallenges.com\/2016\/08\/13\/francois-hollande-et-le-stockage-de-lenergie\/772\/","name":"Fran\u00e7ois Hollande et le stockage de l\u2019\u00e9nergie - Territorial Challenges","isPartOf":{"@id":"https:\/\/territorialchallenges.com\/#website"},"datePublished":"2016-08-13T17:28:52+00:00","dateModified":"2016-08-13T17:28:52+00:00","breadcrumb":{"@id":"https:\/\/territorialchallenges.com\/2016\/08\/13\/francois-hollande-et-le-stockage-de-lenergie\/772\/#breadcrumb"},"inLanguage":"it-IT","potentialAction":[{"@type":"ReadAction","target":["https:\/\/territorialchallenges.com\/2016\/08\/13\/francois-hollande-et-le-stockage-de-lenergie\/772\/"]}]},{"@type":"BreadcrumbList","@id":"https:\/\/territorialchallenges.com\/2016\/08\/13\/francois-hollande-et-le-stockage-de-lenergie\/772\/#breadcrumb","itemListElement":[{"@type":"ListItem","position":1,"name":"Home","item":"https:\/\/territorialchallenges.com\/"},{"@type":"ListItem","position":2,"name":"Fran\u00e7ois Hollande et le stockage de l\u2019\u00e9nergie"}]},{"@type":"WebSite","@id":"https:\/\/territorialchallenges.com\/#website","url":"https:\/\/territorialchallenges.com\/","name":"Sfide territoriali","description":"Monitoraggio internazionale - Strategie intelligenti - Migliori pratiche","publisher":{"@id":"https:\/\/territorialchallenges.com\/#organization"},"potentialAction":[{"@type":"SearchAction","target":{"@type":"EntryPoint","urlTemplate":"https:\/\/territorialchallenges.com\/?s={search_term_string}"},"query-input":"required name=search_term_string"}],"inLanguage":"it-IT"},{"@type":"Organization","@id":"https:\/\/territorialchallenges.com\/#organization","name":"Sfide territoriali","url":"https:\/\/territorialchallenges.com\/","logo":{"@type":"ImageObject","inLanguage":"it-IT","@id":"https:\/\/territorialchallenges.com\/#\/schema\/logo\/image\/","url":"https:\/\/territorialchallenges.com\/wp-content\/uploads\/2023\/10\/logo-1.png","contentUrl":"https:\/\/territorialchallenges.com\/wp-content\/uploads\/2023\/10\/logo-1.png","width":1832,"height":576,"caption":"Territorial Challenges"},"image":{"@id":"https:\/\/territorialchallenges.com\/#\/schema\/logo\/image\/"}},{"@type":"Person","@id":"https:\/\/territorialchallenges.com\/#\/schema\/person\/098f145c7c61a021c425e010f840080f","name":"ni.abdi","image":{"@type":"ImageObject","inLanguage":"it-IT","@id":"https:\/\/territorialchallenges.com\/#\/schema\/person\/image\/","url":"https:\/\/secure.gravatar.com\/avatar\/2a2f2491f3c80039986ba989b1e4b510?s=96&d=identicon&r=g","contentUrl":"https:\/\/secure.gravatar.com\/avatar\/2a2f2491f3c80039986ba989b1e4b510?s=96&d=identicon&r=g","caption":"ni.abdi"},"sameAs":["https:\/\/twitter.com\/Ni.abdi"],"url":"https:\/\/territorialchallenges.com\/it\/author\/ni-abdi\/"}]}},"_links":{"self":[{"href":"https:\/\/territorialchallenges.com\/it\/wp-json\/wp\/v2\/posts\/772"}],"collection":[{"href":"https:\/\/territorialchallenges.com\/it\/wp-json\/wp\/v2\/posts"}],"about":[{"href":"https:\/\/territorialchallenges.com\/it\/wp-json\/wp\/v2\/types\/post"}],"author":[{"embeddable":true,"href":"https:\/\/territorialchallenges.com\/it\/wp-json\/wp\/v2\/users\/11"}],"replies":[{"embeddable":true,"href":"https:\/\/territorialchallenges.com\/it\/wp-json\/wp\/v2\/comments?post=772"}],"version-history":[{"count":0,"href":"https:\/\/territorialchallenges.com\/it\/wp-json\/wp\/v2\/posts\/772\/revisions"}],"wp:attachment":[{"href":"https:\/\/territorialchallenges.com\/it\/wp-json\/wp\/v2\/media?parent=772"}],"wp:term":[{"taxonomy":"category","embeddable":true,"href":"https:\/\/territorialchallenges.com\/it\/wp-json\/wp\/v2\/categories?post=772"},{"taxonomy":"post_tag","embeddable":true,"href":"https:\/\/territorialchallenges.com\/it\/wp-json\/wp\/v2\/tags?post=772"}],"curies":[{"name":"parola chiave","href":"https:\/\/api.w.org\/{rel}","templated":true}]}}