{"id":549,"date":"2016-08-06T00:21:40","date_gmt":"2016-08-05T22:21:40","guid":{"rendered":"http:\/\/e-novatio.com\/?p=549"},"modified":"2016-08-06T00:21:40","modified_gmt":"2016-08-05T22:21:40","slug":"gerard-robert-jean-yves-et-les-autres-ou-les-electriciens-humanistes-a-la-francaise","status":"publish","type":"post","link":"https:\/\/territorialchallenges.com\/it\/2016\/08\/06\/gerard-robert-jean-yves-et-les-autres-ou-les-electriciens-humanistes-a-la-francaise\/549\/","title":{"rendered":"G\u00e9rard, Robert, Jean-Yves e gli altri, ovvero gli elettricisti umanisti francesi"},"content":{"rendered":"<p>(7 gennaio 2013) La sera del 29 dicembre, France 5 (1) ha trasmesso un documentario inaspettato dal titolo romantico: &quot;La fata dell&#039;elettricit\u00e0&quot;. Uno sguardo retrospettivo a un&#039;eccezione tipicamente francese nell&#039;azione umanitaria. Dopo un anno, il 2012, in cui i professionisti dell&#039;elettricit\u00e0 hanno vissuto una transizione energetica molto politica, ovvero una staffetta... <\/p>\n<div class=\"pmpro_content_message\">Articolo disponibile solo per gli abbonati.<br \/><a href=\"https:\/\/territorialchallenges.com\/wp-login.php\">Login<\/a><br \/><a href=\"https:\/\/territorialchallenges.com\/it\/wp-login.php\/?action=register\">Registro<\/a><\/div>","protected":false},"excerpt":{"rendered":"<p>(07 janvier 2013) Le 29 d\u00e9cembre au soir, France 5 (1) a diffus\u00e9 un documentaire inattendu et un titre au parfum romantique: \u00ab La f\u00e9e \u00e9lectricit\u00e9 \u00bb. Retour sur une exception bien fran\u00e7aise de l&rsquo;action humanitaire. Apr\u00e8s une ann\u00e9e 2012 o\u00f9 les professionnels de l&rsquo;\u00e9lectricit\u00e9 ont connu une transition \u00e9nerg\u00e9tique tr\u00e8s politique, c&rsquo;est-\u00e0-dire un relais... <\/p>\n<div class=\"pmpro_content_message\">Articolo disponibile solo per gli abbonati.<br \/><a href=\"https:\/\/territorialchallenges.com\/wp-login.php\">Login<\/a><br \/><a href=\"https:\/\/territorialchallenges.com\/it\/wp-login.php\/?action=register\">Registro<\/a><\/div>","protected":false},"author":11,"featured_media":0,"comment_status":"open","ping_status":"open","sticky":true,"template":"","format":"standard","meta":{"pmpro_default_level":0,"footnotes":""},"categories":[123],"tags":[],"blocksy_meta":"","yoast_head":"<!-- This site is optimized with the Yoast SEO plugin v21.5 - https:\/\/yoast.com\/wordpress\/plugins\/seo\/ -->\n<title>G\u00e9rard, Robert, Jean-Yves et les autres, ou les \u00e9lectriciens humanistes \u00e0 la fran\u00e7aise - Territorial Challenges<\/title>\n<meta name=\"robots\" content=\"index, follow, max-snippet:-1, max-image-preview:large, max-video-preview:-1\" \/>\n<link rel=\"canonical\" href=\"https:\/\/territorialchallenges.com\/it\/2016\/08\/06\/gerard-robert-jean-yves-et-les-autres-ou-les-electriciens-humanistes-a-la-francaise\/549\/\" \/>\n<meta property=\"og:locale\" content=\"it_IT\" \/>\n<meta property=\"og:type\" content=\"article\" \/>\n<meta property=\"og:title\" content=\"G\u00e9rard, Robert, Jean-Yves et les autres, ou les \u00e9lectriciens humanistes \u00e0 la fran\u00e7aise - Territorial Challenges\" \/>\n<meta property=\"og:description\" content=\"(07 janvier 2013) Le 29 d\u00e9cembre au soir, France 5 (1) a diffus\u00e9 un documentaire inattendu et un titre au parfum romantique: \u00ab La f\u00e9e \u00e9lectricit\u00e9 \u00bb. Retour sur une exception bien fran\u00e7aise de l&rsquo;action humanitaire. Apr\u00e8s une ann\u00e9e 2012 o\u00f9 les professionnels de l&rsquo;\u00e9lectricit\u00e9 ont connu une transition \u00e9nerg\u00e9tique tr\u00e8s politique, c&rsquo;est-\u00e0-dire un relais [&hellip;]\" \/>\n<meta property=\"og:url\" content=\"https:\/\/territorialchallenges.com\/it\/2016\/08\/06\/gerard-robert-jean-yves-et-les-autres-ou-les-electriciens-humanistes-a-la-francaise\/549\/\" \/>\n<meta property=\"og:site_name\" content=\"Territorial Challenges\" \/>\n<meta property=\"article:published_time\" content=\"2016-08-05T22:21:40+00:00\" \/>\n<meta name=\"author\" content=\"ni.abdi\" \/>\n<meta name=\"twitter:card\" content=\"summary_large_image\" \/>\n<meta name=\"twitter:creator\" content=\"@Ni.abdi\" \/>\n<meta name=\"twitter:label1\" content=\"Scritto da\" \/>\n\t<meta name=\"twitter:data1\" content=\"ni.abdi\" \/>\n\t<meta name=\"twitter:label2\" content=\"Tempo di lettura stimato\" \/>\n\t<meta name=\"twitter:data2\" content=\"2 minuti\" \/>\n<script type=\"application\/ld+json\" class=\"yoast-schema-graph\">{\"@context\":\"https:\/\/schema.org\",\"@graph\":[{\"@type\":\"Article\",\"@id\":\"https:\/\/territorialchallenges.com\/2016\/08\/06\/gerard-robert-jean-yves-et-les-autres-ou-les-electriciens-humanistes-a-la-francaise\/549\/#article\",\"isPartOf\":{\"@id\":\"https:\/\/territorialchallenges.com\/2016\/08\/06\/gerard-robert-jean-yves-et-les-autres-ou-les-electriciens-humanistes-a-la-francaise\/549\/\"},\"author\":{\"name\":\"ni.abdi\",\"@id\":\"https:\/\/territorialchallenges.com\/#\/schema\/person\/098f145c7c61a021c425e010f840080f\"},\"headline\":\"G\u00e9rard, Robert, Jean-Yves et les autres, ou les \u00e9lectriciens humanistes \u00e0 la fran\u00e7aise\",\"datePublished\":\"2016-08-05T22:21:40+00:00\",\"dateModified\":\"2016-08-05T22:21:40+00:00\",\"mainEntityOfPage\":{\"@id\":\"https:\/\/territorialchallenges.com\/2016\/08\/06\/gerard-robert-jean-yves-et-les-autres-ou-les-electriciens-humanistes-a-la-francaise\/549\/\"},\"wordCount\":507,\"commentCount\":0,\"publisher\":{\"@id\":\"https:\/\/territorialchallenges.com\/#organization\"},\"articleSection\":[\"Archives - Editos\"],\"inLanguage\":\"it-IT\"},{\"@type\":\"WebPage\",\"@id\":\"https:\/\/territorialchallenges.com\/2016\/08\/06\/gerard-robert-jean-yves-et-les-autres-ou-les-electriciens-humanistes-a-la-francaise\/549\/\",\"url\":\"https:\/\/territorialchallenges.com\/2016\/08\/06\/gerard-robert-jean-yves-et-les-autres-ou-les-electriciens-humanistes-a-la-francaise\/549\/\",\"name\":\"G\u00e9rard, Robert, Jean-Yves et les autres, ou les \u00e9lectriciens humanistes \u00e0 la fran\u00e7aise - Territorial Challenges\",\"isPartOf\":{\"@id\":\"https:\/\/territorialchallenges.com\/#website\"},\"datePublished\":\"2016-08-05T22:21:40+00:00\",\"dateModified\":\"2016-08-05T22:21:40+00:00\",\"breadcrumb\":{\"@id\":\"https:\/\/territorialchallenges.com\/2016\/08\/06\/gerard-robert-jean-yves-et-les-autres-ou-les-electriciens-humanistes-a-la-francaise\/549\/#breadcrumb\"},\"inLanguage\":\"it-IT\",\"potentialAction\":[{\"@type\":\"ReadAction\",\"target\":[\"https:\/\/territorialchallenges.com\/2016\/08\/06\/gerard-robert-jean-yves-et-les-autres-ou-les-electriciens-humanistes-a-la-francaise\/549\/\"]}]},{\"@type\":\"BreadcrumbList\",\"@id\":\"https:\/\/territorialchallenges.com\/2016\/08\/06\/gerard-robert-jean-yves-et-les-autres-ou-les-electriciens-humanistes-a-la-francaise\/549\/#breadcrumb\",\"itemListElement\":[{\"@type\":\"ListItem\",\"position\":1,\"name\":\"Home\",\"item\":\"https:\/\/territorialchallenges.com\/\"},{\"@type\":\"ListItem\",\"position\":2,\"name\":\"G\u00e9rard, Robert, Jean-Yves et les autres, ou les \u00e9lectriciens humanistes \u00e0 la fran\u00e7aise\"}]},{\"@type\":\"WebSite\",\"@id\":\"https:\/\/territorialchallenges.com\/#website\",\"url\":\"https:\/\/territorialchallenges.com\/\",\"name\":\"Territorial Challenges\",\"description\":\"Veille Internationale - Strat\u00e9gie Intelligentes - Bonnes pratiques\",\"publisher\":{\"@id\":\"https:\/\/territorialchallenges.com\/#organization\"},\"potentialAction\":[{\"@type\":\"SearchAction\",\"target\":{\"@type\":\"EntryPoint\",\"urlTemplate\":\"https:\/\/territorialchallenges.com\/?s={search_term_string}\"},\"query-input\":\"required name=search_term_string\"}],\"inLanguage\":\"it-IT\"},{\"@type\":\"Organization\",\"@id\":\"https:\/\/territorialchallenges.com\/#organization\",\"name\":\"Territorial Challenges\",\"url\":\"https:\/\/territorialchallenges.com\/\",\"logo\":{\"@type\":\"ImageObject\",\"inLanguage\":\"it-IT\",\"@id\":\"https:\/\/territorialchallenges.com\/#\/schema\/logo\/image\/\",\"url\":\"https:\/\/territorialchallenges.com\/wp-content\/uploads\/2023\/10\/logo-1.png\",\"contentUrl\":\"https:\/\/territorialchallenges.com\/wp-content\/uploads\/2023\/10\/logo-1.png\",\"width\":1832,\"height\":576,\"caption\":\"Territorial Challenges\"},\"image\":{\"@id\":\"https:\/\/territorialchallenges.com\/#\/schema\/logo\/image\/\"}},{\"@type\":\"Person\",\"@id\":\"https:\/\/territorialchallenges.com\/#\/schema\/person\/098f145c7c61a021c425e010f840080f\",\"name\":\"ni.abdi\",\"image\":{\"@type\":\"ImageObject\",\"inLanguage\":\"it-IT\",\"@id\":\"https:\/\/territorialchallenges.com\/#\/schema\/person\/image\/\",\"url\":\"https:\/\/secure.gravatar.com\/avatar\/2a2f2491f3c80039986ba989b1e4b510?s=96&d=identicon&r=g\",\"contentUrl\":\"https:\/\/secure.gravatar.com\/avatar\/2a2f2491f3c80039986ba989b1e4b510?s=96&d=identicon&r=g\",\"caption\":\"ni.abdi\"},\"sameAs\":[\"https:\/\/twitter.com\/Ni.abdi\"],\"url\":\"https:\/\/territorialchallenges.com\/it\/author\/ni-abdi\/\"}]}<\/script>\n<!-- \/ Yoast SEO plugin. -->","yoast_head_json":{"title":"G\u00e9rard, Robert, Jean-Yves et les autres, ou les \u00e9lectriciens humanistes \u00e0 la fran\u00e7aise - Territorial Challenges","robots":{"index":"index","follow":"follow","max-snippet":"max-snippet:-1","max-image-preview":"max-image-preview:large","max-video-preview":"max-video-preview:-1"},"canonical":"https:\/\/territorialchallenges.com\/it\/2016\/08\/06\/gerard-robert-jean-yves-et-les-autres-ou-les-electriciens-humanistes-a-la-francaise\/549\/","og_locale":"it_IT","og_type":"article","og_title":"G\u00e9rard, Robert, Jean-Yves et les autres, ou les \u00e9lectriciens humanistes \u00e0 la fran\u00e7aise - Territorial Challenges","og_description":"(07 janvier 2013) Le 29 d\u00e9cembre au soir, France 5 (1) a diffus\u00e9 un documentaire inattendu et un titre au parfum romantique: \u00ab La f\u00e9e \u00e9lectricit\u00e9 \u00bb. Retour sur une exception bien fran\u00e7aise de l&rsquo;action humanitaire. Apr\u00e8s une ann\u00e9e 2012 o\u00f9 les professionnels de l&rsquo;\u00e9lectricit\u00e9 ont connu une transition \u00e9nerg\u00e9tique tr\u00e8s politique, c&rsquo;est-\u00e0-dire un relais [&hellip;]","og_url":"https:\/\/territorialchallenges.com\/it\/2016\/08\/06\/gerard-robert-jean-yves-et-les-autres-ou-les-electriciens-humanistes-a-la-francaise\/549\/","og_site_name":"Territorial Challenges","article_published_time":"2016-08-05T22:21:40+00:00","author":"ni.abdi","twitter_card":"summary_large_image","twitter_creator":"@Ni.abdi","twitter_misc":{"Scritto da":"ni.abdi","Tempo di lettura stimato":"2 minuti"},"schema":{"@context":"https:\/\/schema.org","@graph":[{"@type":"Article","@id":"https:\/\/territorialchallenges.com\/2016\/08\/06\/gerard-robert-jean-yves-et-les-autres-ou-les-electriciens-humanistes-a-la-francaise\/549\/#article","isPartOf":{"@id":"https:\/\/territorialchallenges.com\/2016\/08\/06\/gerard-robert-jean-yves-et-les-autres-ou-les-electriciens-humanistes-a-la-francaise\/549\/"},"author":{"name":"ni.abdi","@id":"https:\/\/territorialchallenges.com\/#\/schema\/person\/098f145c7c61a021c425e010f840080f"},"headline":"G\u00e9rard, Robert, Jean-Yves et les autres, ou les \u00e9lectriciens humanistes \u00e0 la fran\u00e7aise","datePublished":"2016-08-05T22:21:40+00:00","dateModified":"2016-08-05T22:21:40+00:00","mainEntityOfPage":{"@id":"https:\/\/territorialchallenges.com\/2016\/08\/06\/gerard-robert-jean-yves-et-les-autres-ou-les-electriciens-humanistes-a-la-francaise\/549\/"},"wordCount":507,"commentCount":0,"publisher":{"@id":"https:\/\/territorialchallenges.com\/#organization"},"articleSection":["Archives - Editos"],"inLanguage":"it-IT"},{"@type":"WebPage","@id":"https:\/\/territorialchallenges.com\/2016\/08\/06\/gerard-robert-jean-yves-et-les-autres-ou-les-electriciens-humanistes-a-la-francaise\/549\/","url":"https:\/\/territorialchallenges.com\/2016\/08\/06\/gerard-robert-jean-yves-et-les-autres-ou-les-electriciens-humanistes-a-la-francaise\/549\/","name":"G\u00e9rard, Robert, Jean-Yves et les autres, ou les \u00e9lectriciens humanistes \u00e0 la fran\u00e7aise - Territorial Challenges","isPartOf":{"@id":"https:\/\/territorialchallenges.com\/#website"},"datePublished":"2016-08-05T22:21:40+00:00","dateModified":"2016-08-05T22:21:40+00:00","breadcrumb":{"@id":"https:\/\/territorialchallenges.com\/2016\/08\/06\/gerard-robert-jean-yves-et-les-autres-ou-les-electriciens-humanistes-a-la-francaise\/549\/#breadcrumb"},"inLanguage":"it-IT","potentialAction":[{"@type":"ReadAction","target":["https:\/\/territorialchallenges.com\/2016\/08\/06\/gerard-robert-jean-yves-et-les-autres-ou-les-electriciens-humanistes-a-la-francaise\/549\/"]}]},{"@type":"BreadcrumbList","@id":"https:\/\/territorialchallenges.com\/2016\/08\/06\/gerard-robert-jean-yves-et-les-autres-ou-les-electriciens-humanistes-a-la-francaise\/549\/#breadcrumb","itemListElement":[{"@type":"ListItem","position":1,"name":"Home","item":"https:\/\/territorialchallenges.com\/"},{"@type":"ListItem","position":2,"name":"G\u00e9rard, Robert, Jean-Yves et les autres, ou les \u00e9lectriciens humanistes \u00e0 la fran\u00e7aise"}]},{"@type":"WebSite","@id":"https:\/\/territorialchallenges.com\/#website","url":"https:\/\/territorialchallenges.com\/","name":"Sfide territoriali","description":"Monitoraggio internazionale - Strategie intelligenti - Migliori pratiche","publisher":{"@id":"https:\/\/territorialchallenges.com\/#organization"},"potentialAction":[{"@type":"SearchAction","target":{"@type":"EntryPoint","urlTemplate":"https:\/\/territorialchallenges.com\/?s={search_term_string}"},"query-input":"required name=search_term_string"}],"inLanguage":"it-IT"},{"@type":"Organization","@id":"https:\/\/territorialchallenges.com\/#organization","name":"Sfide territoriali","url":"https:\/\/territorialchallenges.com\/","logo":{"@type":"ImageObject","inLanguage":"it-IT","@id":"https:\/\/territorialchallenges.com\/#\/schema\/logo\/image\/","url":"https:\/\/territorialchallenges.com\/wp-content\/uploads\/2023\/10\/logo-1.png","contentUrl":"https:\/\/territorialchallenges.com\/wp-content\/uploads\/2023\/10\/logo-1.png","width":1832,"height":576,"caption":"Territorial Challenges"},"image":{"@id":"https:\/\/territorialchallenges.com\/#\/schema\/logo\/image\/"}},{"@type":"Person","@id":"https:\/\/territorialchallenges.com\/#\/schema\/person\/098f145c7c61a021c425e010f840080f","name":"ni.abdi","image":{"@type":"ImageObject","inLanguage":"it-IT","@id":"https:\/\/territorialchallenges.com\/#\/schema\/person\/image\/","url":"https:\/\/secure.gravatar.com\/avatar\/2a2f2491f3c80039986ba989b1e4b510?s=96&d=identicon&r=g","contentUrl":"https:\/\/secure.gravatar.com\/avatar\/2a2f2491f3c80039986ba989b1e4b510?s=96&d=identicon&r=g","caption":"ni.abdi"},"sameAs":["https:\/\/twitter.com\/Ni.abdi"],"url":"https:\/\/territorialchallenges.com\/it\/author\/ni-abdi\/"}]}},"_links":{"self":[{"href":"https:\/\/territorialchallenges.com\/it\/wp-json\/wp\/v2\/posts\/549"}],"collection":[{"href":"https:\/\/territorialchallenges.com\/it\/wp-json\/wp\/v2\/posts"}],"about":[{"href":"https:\/\/territorialchallenges.com\/it\/wp-json\/wp\/v2\/types\/post"}],"author":[{"embeddable":true,"href":"https:\/\/territorialchallenges.com\/it\/wp-json\/wp\/v2\/users\/11"}],"replies":[{"embeddable":true,"href":"https:\/\/territorialchallenges.com\/it\/wp-json\/wp\/v2\/comments?post=549"}],"version-history":[{"count":0,"href":"https:\/\/territorialchallenges.com\/it\/wp-json\/wp\/v2\/posts\/549\/revisions"}],"wp:attachment":[{"href":"https:\/\/territorialchallenges.com\/it\/wp-json\/wp\/v2\/media?parent=549"}],"wp:term":[{"taxonomy":"category","embeddable":true,"href":"https:\/\/territorialchallenges.com\/it\/wp-json\/wp\/v2\/categories?post=549"},{"taxonomy":"post_tag","embeddable":true,"href":"https:\/\/territorialchallenges.com\/it\/wp-json\/wp\/v2\/tags?post=549"}],"curies":[{"name":"parola chiave","href":"https:\/\/api.w.org\/{rel}","templated":true}]}}