{"id":1998,"date":"2019-09-28T22:15:54","date_gmt":"2019-09-28T20:15:54","guid":{"rendered":"https:\/\/ecoinovatio.com\/?p=1998"},"modified":"2019-11-25T22:16:29","modified_gmt":"2019-11-25T21:16:29","slug":"lexpedition-des-colis-a-lheure-des-objets-connectes-2","status":"publish","type":"post","link":"https:\/\/territorialchallenges.com\/it\/2019\/09\/28\/lexpedition-des-colis-a-lheure-des-objets-connectes-2\/1998\/","title":{"rendered":"Spedire pacchi nell&#039;era degli oggetti connessi"},"content":{"rendered":"<p>Manish Choudhary, vicepresidente dei prodotti e della strategia globali per le PMI di Pitney Bowes (specializzata nella gestione di posta e documenti), analizza il valore che l&#039;Internet of Things (IoT) pu\u00f2 apportare al raggiungimento dei suoi obiettivi. Entro il 2020, si prevede che l&#039;IoT contribuir\u00e0 all&#039;economia globale con 14,2 trilioni di dollari. <\/p>\n<div class=\"pmpro_content_message\">Articolo disponibile solo per gli abbonati.<br \/><a href=\"https:\/\/territorialchallenges.com\/wp-login.php\">Login<\/a><br \/><a href=\"https:\/\/territorialchallenges.com\/it\/wp-login.php\/?action=register\">Registro<\/a><\/div>","protected":false},"excerpt":{"rendered":"<p>Manish Choudhary, vice-pr\u00e9sident des produits et de la strat\u00e9gie mondiale pour les PME de Pitney Bowes (sp\u00e9cialiste de la gestion de courrier et des documents), fait l\u2019analyse des valeurs que l\u2019Internet des objets (IoT) peut apporter \u00e0 la r\u00e9alisation de ses objectifs. D&rsquo;ici 2020, l\u2019IoT devrait apporter 14 200 milliards de dollars \u00e0 l&rsquo;\u00e9conomie mondiale.... <\/p>\n<div class=\"pmpro_content_message\">Articolo disponibile solo per gli abbonati.<br \/><a href=\"https:\/\/territorialchallenges.com\/wp-login.php\">Login<\/a><br \/><a href=\"https:\/\/territorialchallenges.com\/it\/wp-login.php\/?action=register\">Registro<\/a><\/div>","protected":false},"author":11,"featured_media":0,"comment_status":"open","ping_status":"open","sticky":false,"template":"","format":"standard","meta":{"pmpro_default_level":0,"footnotes":""},"categories":[16,124],"tags":[],"blocksy_meta":"","yoast_head":"<!-- This site is optimized with the Yoast SEO plugin v21.5 - https:\/\/yoast.com\/wordpress\/plugins\/seo\/ -->\n<title>L\u2019exp\u00e9dition des colis \u00e0 l\u2019heure des objets connect\u00e9s - Territorial Challenges<\/title>\n<meta name=\"robots\" content=\"index, follow, max-snippet:-1, max-image-preview:large, max-video-preview:-1\" \/>\n<link rel=\"canonical\" href=\"https:\/\/territorialchallenges.com\/it\/2019\/09\/28\/lexpedition-des-colis-a-lheure-des-objets-connectes-2\/1998\/\" \/>\n<meta property=\"og:locale\" content=\"it_IT\" \/>\n<meta property=\"og:type\" content=\"article\" \/>\n<meta property=\"og:title\" content=\"L\u2019exp\u00e9dition des colis \u00e0 l\u2019heure des objets connect\u00e9s - Territorial Challenges\" \/>\n<meta property=\"og:description\" content=\"Manish Choudhary, vice-pr\u00e9sident des produits et de la strat\u00e9gie mondiale pour les PME de Pitney Bowes (sp\u00e9cialiste de la gestion de courrier et des documents), fait l\u2019analyse des valeurs que l\u2019Internet des objets (IoT) peut apporter \u00e0 la r\u00e9alisation de ses objectifs. D&rsquo;ici 2020, l\u2019IoT devrait apporter 14 200 milliards de dollars \u00e0 l&rsquo;\u00e9conomie mondiale. [&hellip;]\" \/>\n<meta property=\"og:url\" content=\"https:\/\/territorialchallenges.com\/it\/2019\/09\/28\/lexpedition-des-colis-a-lheure-des-objets-connectes-2\/1998\/\" \/>\n<meta property=\"og:site_name\" content=\"Territorial Challenges\" \/>\n<meta property=\"article:published_time\" content=\"2019-09-28T20:15:54+00:00\" \/>\n<meta property=\"article:modified_time\" content=\"2019-11-25T21:16:29+00:00\" \/>\n<meta name=\"author\" content=\"ni.abdi\" \/>\n<meta name=\"twitter:card\" content=\"summary_large_image\" \/>\n<meta name=\"twitter:creator\" content=\"@Ni.abdi\" \/>\n<meta name=\"twitter:label1\" content=\"Scritto da\" \/>\n\t<meta name=\"twitter:data1\" content=\"ni.abdi\" \/>\n\t<meta name=\"twitter:label2\" content=\"Tempo di lettura stimato\" \/>\n\t<meta name=\"twitter:data2\" content=\"3 minuti\" \/>\n<script type=\"application\/ld+json\" class=\"yoast-schema-graph\">{\"@context\":\"https:\/\/schema.org\",\"@graph\":[{\"@type\":\"Article\",\"@id\":\"https:\/\/territorialchallenges.com\/2019\/09\/28\/lexpedition-des-colis-a-lheure-des-objets-connectes-2\/1998\/#article\",\"isPartOf\":{\"@id\":\"https:\/\/territorialchallenges.com\/2019\/09\/28\/lexpedition-des-colis-a-lheure-des-objets-connectes-2\/1998\/\"},\"author\":{\"name\":\"ni.abdi\",\"@id\":\"https:\/\/territorialchallenges.com\/#\/schema\/person\/098f145c7c61a021c425e010f840080f\"},\"headline\":\"L\u2019exp\u00e9dition des colis \u00e0 l\u2019heure des objets connect\u00e9s\",\"datePublished\":\"2019-09-28T20:15:54+00:00\",\"dateModified\":\"2019-11-25T21:16:29+00:00\",\"mainEntityOfPage\":{\"@id\":\"https:\/\/territorialchallenges.com\/2019\/09\/28\/lexpedition-des-colis-a-lheure-des-objets-connectes-2\/1998\/\"},\"wordCount\":688,\"commentCount\":0,\"publisher\":{\"@id\":\"https:\/\/territorialchallenges.com\/#organization\"},\"articleSection\":[\"Donn\u00e9es\/Objets Connect\u00e9s\",\"Actualit\u00e9 internationale\"],\"inLanguage\":\"it-IT\"},{\"@type\":\"WebPage\",\"@id\":\"https:\/\/territorialchallenges.com\/2019\/09\/28\/lexpedition-des-colis-a-lheure-des-objets-connectes-2\/1998\/\",\"url\":\"https:\/\/territorialchallenges.com\/2019\/09\/28\/lexpedition-des-colis-a-lheure-des-objets-connectes-2\/1998\/\",\"name\":\"L\u2019exp\u00e9dition des colis \u00e0 l\u2019heure des objets connect\u00e9s - Territorial Challenges\",\"isPartOf\":{\"@id\":\"https:\/\/territorialchallenges.com\/#website\"},\"datePublished\":\"2019-09-28T20:15:54+00:00\",\"dateModified\":\"2019-11-25T21:16:29+00:00\",\"breadcrumb\":{\"@id\":\"https:\/\/territorialchallenges.com\/2019\/09\/28\/lexpedition-des-colis-a-lheure-des-objets-connectes-2\/1998\/#breadcrumb\"},\"inLanguage\":\"it-IT\",\"potentialAction\":[{\"@type\":\"ReadAction\",\"target\":[\"https:\/\/territorialchallenges.com\/2019\/09\/28\/lexpedition-des-colis-a-lheure-des-objets-connectes-2\/1998\/\"]}]},{\"@type\":\"BreadcrumbList\",\"@id\":\"https:\/\/territorialchallenges.com\/2019\/09\/28\/lexpedition-des-colis-a-lheure-des-objets-connectes-2\/1998\/#breadcrumb\",\"itemListElement\":[{\"@type\":\"ListItem\",\"position\":1,\"name\":\"Home\",\"item\":\"https:\/\/territorialchallenges.com\/\"},{\"@type\":\"ListItem\",\"position\":2,\"name\":\"L\u2019exp\u00e9dition des colis \u00e0 l\u2019heure des objets connect\u00e9s\"}]},{\"@type\":\"WebSite\",\"@id\":\"https:\/\/territorialchallenges.com\/#website\",\"url\":\"https:\/\/territorialchallenges.com\/\",\"name\":\"Territorial Challenges\",\"description\":\"Veille Internationale - Strat\u00e9gie Intelligentes - Bonnes pratiques\",\"publisher\":{\"@id\":\"https:\/\/territorialchallenges.com\/#organization\"},\"potentialAction\":[{\"@type\":\"SearchAction\",\"target\":{\"@type\":\"EntryPoint\",\"urlTemplate\":\"https:\/\/territorialchallenges.com\/?s={search_term_string}\"},\"query-input\":\"required name=search_term_string\"}],\"inLanguage\":\"it-IT\"},{\"@type\":\"Organization\",\"@id\":\"https:\/\/territorialchallenges.com\/#organization\",\"name\":\"Territorial Challenges\",\"url\":\"https:\/\/territorialchallenges.com\/\",\"logo\":{\"@type\":\"ImageObject\",\"inLanguage\":\"it-IT\",\"@id\":\"https:\/\/territorialchallenges.com\/#\/schema\/logo\/image\/\",\"url\":\"https:\/\/territorialchallenges.com\/wp-content\/uploads\/2023\/10\/logo-1.png\",\"contentUrl\":\"https:\/\/territorialchallenges.com\/wp-content\/uploads\/2023\/10\/logo-1.png\",\"width\":1832,\"height\":576,\"caption\":\"Territorial Challenges\"},\"image\":{\"@id\":\"https:\/\/territorialchallenges.com\/#\/schema\/logo\/image\/\"}},{\"@type\":\"Person\",\"@id\":\"https:\/\/territorialchallenges.com\/#\/schema\/person\/098f145c7c61a021c425e010f840080f\",\"name\":\"ni.abdi\",\"image\":{\"@type\":\"ImageObject\",\"inLanguage\":\"it-IT\",\"@id\":\"https:\/\/territorialchallenges.com\/#\/schema\/person\/image\/\",\"url\":\"https:\/\/secure.gravatar.com\/avatar\/2a2f2491f3c80039986ba989b1e4b510?s=96&d=identicon&r=g\",\"contentUrl\":\"https:\/\/secure.gravatar.com\/avatar\/2a2f2491f3c80039986ba989b1e4b510?s=96&d=identicon&r=g\",\"caption\":\"ni.abdi\"},\"sameAs\":[\"https:\/\/twitter.com\/Ni.abdi\"],\"url\":\"https:\/\/territorialchallenges.com\/it\/author\/ni-abdi\/\"}]}<\/script>\n<!-- \/ Yoast SEO plugin. -->","yoast_head_json":{"title":"L\u2019exp\u00e9dition des colis \u00e0 l\u2019heure des objets connect\u00e9s - Territorial Challenges","robots":{"index":"index","follow":"follow","max-snippet":"max-snippet:-1","max-image-preview":"max-image-preview:large","max-video-preview":"max-video-preview:-1"},"canonical":"https:\/\/territorialchallenges.com\/it\/2019\/09\/28\/lexpedition-des-colis-a-lheure-des-objets-connectes-2\/1998\/","og_locale":"it_IT","og_type":"article","og_title":"L\u2019exp\u00e9dition des colis \u00e0 l\u2019heure des objets connect\u00e9s - Territorial Challenges","og_description":"Manish Choudhary, vice-pr\u00e9sident des produits et de la strat\u00e9gie mondiale pour les PME de Pitney Bowes (sp\u00e9cialiste de la gestion de courrier et des documents), fait l\u2019analyse des valeurs que l\u2019Internet des objets (IoT) peut apporter \u00e0 la r\u00e9alisation de ses objectifs. D&rsquo;ici 2020, l\u2019IoT devrait apporter 14 200 milliards de dollars \u00e0 l&rsquo;\u00e9conomie mondiale. [&hellip;]","og_url":"https:\/\/territorialchallenges.com\/it\/2019\/09\/28\/lexpedition-des-colis-a-lheure-des-objets-connectes-2\/1998\/","og_site_name":"Territorial Challenges","article_published_time":"2019-09-28T20:15:54+00:00","article_modified_time":"2019-11-25T21:16:29+00:00","author":"ni.abdi","twitter_card":"summary_large_image","twitter_creator":"@Ni.abdi","twitter_misc":{"Scritto da":"ni.abdi","Tempo di lettura stimato":"3 minuti"},"schema":{"@context":"https:\/\/schema.org","@graph":[{"@type":"Article","@id":"https:\/\/territorialchallenges.com\/2019\/09\/28\/lexpedition-des-colis-a-lheure-des-objets-connectes-2\/1998\/#article","isPartOf":{"@id":"https:\/\/territorialchallenges.com\/2019\/09\/28\/lexpedition-des-colis-a-lheure-des-objets-connectes-2\/1998\/"},"author":{"name":"ni.abdi","@id":"https:\/\/territorialchallenges.com\/#\/schema\/person\/098f145c7c61a021c425e010f840080f"},"headline":"L\u2019exp\u00e9dition des colis \u00e0 l\u2019heure des objets connect\u00e9s","datePublished":"2019-09-28T20:15:54+00:00","dateModified":"2019-11-25T21:16:29+00:00","mainEntityOfPage":{"@id":"https:\/\/territorialchallenges.com\/2019\/09\/28\/lexpedition-des-colis-a-lheure-des-objets-connectes-2\/1998\/"},"wordCount":688,"commentCount":0,"publisher":{"@id":"https:\/\/territorialchallenges.com\/#organization"},"articleSection":["Donn\u00e9es\/Objets Connect\u00e9s","Actualit\u00e9 internationale"],"inLanguage":"it-IT"},{"@type":"WebPage","@id":"https:\/\/territorialchallenges.com\/2019\/09\/28\/lexpedition-des-colis-a-lheure-des-objets-connectes-2\/1998\/","url":"https:\/\/territorialchallenges.com\/2019\/09\/28\/lexpedition-des-colis-a-lheure-des-objets-connectes-2\/1998\/","name":"L\u2019exp\u00e9dition des colis \u00e0 l\u2019heure des objets connect\u00e9s - Territorial Challenges","isPartOf":{"@id":"https:\/\/territorialchallenges.com\/#website"},"datePublished":"2019-09-28T20:15:54+00:00","dateModified":"2019-11-25T21:16:29+00:00","breadcrumb":{"@id":"https:\/\/territorialchallenges.com\/2019\/09\/28\/lexpedition-des-colis-a-lheure-des-objets-connectes-2\/1998\/#breadcrumb"},"inLanguage":"it-IT","potentialAction":[{"@type":"ReadAction","target":["https:\/\/territorialchallenges.com\/2019\/09\/28\/lexpedition-des-colis-a-lheure-des-objets-connectes-2\/1998\/"]}]},{"@type":"BreadcrumbList","@id":"https:\/\/territorialchallenges.com\/2019\/09\/28\/lexpedition-des-colis-a-lheure-des-objets-connectes-2\/1998\/#breadcrumb","itemListElement":[{"@type":"ListItem","position":1,"name":"Home","item":"https:\/\/territorialchallenges.com\/"},{"@type":"ListItem","position":2,"name":"L\u2019exp\u00e9dition des colis \u00e0 l\u2019heure des objets connect\u00e9s"}]},{"@type":"WebSite","@id":"https:\/\/territorialchallenges.com\/#website","url":"https:\/\/territorialchallenges.com\/","name":"Sfide territoriali","description":"Monitoraggio internazionale - Strategie intelligenti - Migliori pratiche","publisher":{"@id":"https:\/\/territorialchallenges.com\/#organization"},"potentialAction":[{"@type":"SearchAction","target":{"@type":"EntryPoint","urlTemplate":"https:\/\/territorialchallenges.com\/?s={search_term_string}"},"query-input":"required name=search_term_string"}],"inLanguage":"it-IT"},{"@type":"Organization","@id":"https:\/\/territorialchallenges.com\/#organization","name":"Sfide territoriali","url":"https:\/\/territorialchallenges.com\/","logo":{"@type":"ImageObject","inLanguage":"it-IT","@id":"https:\/\/territorialchallenges.com\/#\/schema\/logo\/image\/","url":"https:\/\/territorialchallenges.com\/wp-content\/uploads\/2023\/10\/logo-1.png","contentUrl":"https:\/\/territorialchallenges.com\/wp-content\/uploads\/2023\/10\/logo-1.png","width":1832,"height":576,"caption":"Territorial Challenges"},"image":{"@id":"https:\/\/territorialchallenges.com\/#\/schema\/logo\/image\/"}},{"@type":"Person","@id":"https:\/\/territorialchallenges.com\/#\/schema\/person\/098f145c7c61a021c425e010f840080f","name":"ni.abdi","image":{"@type":"ImageObject","inLanguage":"it-IT","@id":"https:\/\/territorialchallenges.com\/#\/schema\/person\/image\/","url":"https:\/\/secure.gravatar.com\/avatar\/2a2f2491f3c80039986ba989b1e4b510?s=96&d=identicon&r=g","contentUrl":"https:\/\/secure.gravatar.com\/avatar\/2a2f2491f3c80039986ba989b1e4b510?s=96&d=identicon&r=g","caption":"ni.abdi"},"sameAs":["https:\/\/twitter.com\/Ni.abdi"],"url":"https:\/\/territorialchallenges.com\/it\/author\/ni-abdi\/"}]}},"_links":{"self":[{"href":"https:\/\/territorialchallenges.com\/it\/wp-json\/wp\/v2\/posts\/1998"}],"collection":[{"href":"https:\/\/territorialchallenges.com\/it\/wp-json\/wp\/v2\/posts"}],"about":[{"href":"https:\/\/territorialchallenges.com\/it\/wp-json\/wp\/v2\/types\/post"}],"author":[{"embeddable":true,"href":"https:\/\/territorialchallenges.com\/it\/wp-json\/wp\/v2\/users\/11"}],"replies":[{"embeddable":true,"href":"https:\/\/territorialchallenges.com\/it\/wp-json\/wp\/v2\/comments?post=1998"}],"version-history":[{"count":1,"href":"https:\/\/territorialchallenges.com\/it\/wp-json\/wp\/v2\/posts\/1998\/revisions"}],"predecessor-version":[{"id":84890,"href":"https:\/\/territorialchallenges.com\/it\/wp-json\/wp\/v2\/posts\/1998\/revisions\/84890"}],"wp:attachment":[{"href":"https:\/\/territorialchallenges.com\/it\/wp-json\/wp\/v2\/media?parent=1998"}],"wp:term":[{"taxonomy":"category","embeddable":true,"href":"https:\/\/territorialchallenges.com\/it\/wp-json\/wp\/v2\/categories?post=1998"},{"taxonomy":"post_tag","embeddable":true,"href":"https:\/\/territorialchallenges.com\/it\/wp-json\/wp\/v2\/tags?post=1998"}],"curies":[{"name":"parola chiave","href":"https:\/\/api.w.org\/{rel}","templated":true}]}}