{"id":1823,"date":"2019-02-11T10:49:36","date_gmt":"2019-02-11T09:49:36","guid":{"rendered":"https:\/\/ecoinovatio.com\/?p=1823"},"modified":"2019-02-11T10:49:36","modified_gmt":"2019-02-11T09:49:36","slug":"bad-bimbach-solution-francaise-pour-une-ville-intelligente-bavaroise","status":"publish","type":"post","link":"https:\/\/territorialchallenges.com\/it\/2019\/02\/11\/bad-bimbach-solution-francaise-pour-une-ville-intelligente-bavaroise\/1823\/","title":{"rendered":"Bad Bimbach: la soluzione francese per una smart city bavarese"},"content":{"rendered":"<p>Nella campagna della Bassa Baviera, alla scoperta del minibus autonomo, una soluzione francese che sta portando gioia nella piccola citt\u00e0 termale di Bad Birmbach. La cittadina di Bad Birmbach, con poco pi\u00f9 di 5.000 abitanti, \u00e8 diventata, negli ultimi due anni, la prima autorit\u00e0 locale in Germania a utilizzare un minibus\u2026 <\/p>\n<div class=\"pmpro_content_message\">Articolo disponibile solo per gli abbonati.<br \/><a href=\"https:\/\/territorialchallenges.com\/wp-login.php\">Login<\/a><br \/><a href=\"https:\/\/territorialchallenges.com\/it\/wp-login.php\/?action=register\">Registro<\/a><\/div>","protected":false},"excerpt":{"rendered":"<p>Dans la campagne de Basse Bavi\u00e8re, \u00e0 la d\u00e9couverte du mini-bus autonome, une solution fran\u00e7aise qui fait le bonheur de la petite ville thermale de Bad Birmbach La petite ville de Bad Birmbach avec un peu plus de 5000 habitants est devenue ces deux derni\u00e8res ann\u00e9es, la premi\u00e8re collectivit\u00e9 locale d\u2019Allemagne \u00e0 utiliser un mini-bus... <\/p>\n<div class=\"pmpro_content_message\">Articolo disponibile solo per gli abbonati.<br \/><a href=\"https:\/\/territorialchallenges.com\/wp-login.php\">Login<\/a><br \/><a href=\"https:\/\/territorialchallenges.com\/it\/wp-login.php\/?action=register\">Registro<\/a><\/div>","protected":false},"author":11,"featured_media":1824,"comment_status":"open","ping_status":"open","sticky":true,"template":"","format":"standard","meta":{"pmpro_default_level":0,"footnotes":""},"categories":[19,127],"tags":[],"blocksy_meta":"","yoast_head":"<!-- This site is optimized with the Yoast SEO plugin v21.5 - https:\/\/yoast.com\/wordpress\/plugins\/seo\/ -->\n<title>Bad Bimbach: solution fran\u00e7aise pour une ville intelligente bavaroise - Territorial Challenges<\/title>\n<meta name=\"robots\" content=\"index, follow, max-snippet:-1, max-image-preview:large, max-video-preview:-1\" \/>\n<link rel=\"canonical\" href=\"https:\/\/territorialchallenges.com\/it\/2019\/02\/11\/bad-bimbach-solution-francaise-pour-une-ville-intelligente-bavaroise\/1823\/\" \/>\n<meta property=\"og:locale\" content=\"it_IT\" \/>\n<meta property=\"og:type\" content=\"article\" \/>\n<meta property=\"og:title\" content=\"Bad Bimbach: solution fran\u00e7aise pour une ville intelligente bavaroise - Territorial Challenges\" \/>\n<meta property=\"og:description\" content=\"Dans la campagne de Basse Bavi\u00e8re, \u00e0 la d\u00e9couverte du mini-bus autonome, une solution fran\u00e7aise qui fait le bonheur de la petite ville thermale de Bad Birmbach La petite ville de Bad Birmbach avec un peu plus de 5000 habitants est devenue ces deux derni\u00e8res ann\u00e9es, la premi\u00e8re collectivit\u00e9 locale d\u2019Allemagne \u00e0 utiliser un mini-bus [&hellip;]\" \/>\n<meta property=\"og:url\" content=\"https:\/\/territorialchallenges.com\/it\/2019\/02\/11\/bad-bimbach-solution-francaise-pour-une-ville-intelligente-bavaroise\/1823\/\" \/>\n<meta property=\"og:site_name\" content=\"Territorial Challenges\" \/>\n<meta property=\"article:published_time\" content=\"2019-02-11T09:49:36+00:00\" \/>\n<meta name=\"author\" content=\"ni.abdi\" \/>\n<meta name=\"twitter:card\" content=\"summary_large_image\" \/>\n<meta name=\"twitter:creator\" content=\"@Ni.abdi\" \/>\n<meta name=\"twitter:label1\" content=\"Scritto da\" \/>\n\t<meta name=\"twitter:data1\" content=\"ni.abdi\" \/>\n\t<meta name=\"twitter:label2\" content=\"Tempo di lettura stimato\" \/>\n\t<meta name=\"twitter:data2\" content=\"2 minuti\" \/>\n<script type=\"application\/ld+json\" class=\"yoast-schema-graph\">{\"@context\":\"https:\/\/schema.org\",\"@graph\":[{\"@type\":\"Article\",\"@id\":\"https:\/\/territorialchallenges.com\/2019\/02\/11\/bad-bimbach-solution-francaise-pour-une-ville-intelligente-bavaroise\/1823\/#article\",\"isPartOf\":{\"@id\":\"https:\/\/territorialchallenges.com\/2019\/02\/11\/bad-bimbach-solution-francaise-pour-une-ville-intelligente-bavaroise\/1823\/\"},\"author\":{\"name\":\"ni.abdi\",\"@id\":\"https:\/\/territorialchallenges.com\/#\/schema\/person\/098f145c7c61a021c425e010f840080f\"},\"headline\":\"Bad Bimbach: solution fran\u00e7aise pour une ville intelligente bavaroise\",\"datePublished\":\"2019-02-11T09:49:36+00:00\",\"dateModified\":\"2019-02-11T09:49:36+00:00\",\"mainEntityOfPage\":{\"@id\":\"https:\/\/territorialchallenges.com\/2019\/02\/11\/bad-bimbach-solution-francaise-pour-une-ville-intelligente-bavaroise\/1823\/\"},\"wordCount\":448,\"commentCount\":0,\"publisher\":{\"@id\":\"https:\/\/territorialchallenges.com\/#organization\"},\"articleSection\":[\"Territoires Intelligents\",\"Actualit\u00e9 Europe\"],\"inLanguage\":\"it-IT\"},{\"@type\":\"WebPage\",\"@id\":\"https:\/\/territorialchallenges.com\/2019\/02\/11\/bad-bimbach-solution-francaise-pour-une-ville-intelligente-bavaroise\/1823\/\",\"url\":\"https:\/\/territorialchallenges.com\/2019\/02\/11\/bad-bimbach-solution-francaise-pour-une-ville-intelligente-bavaroise\/1823\/\",\"name\":\"Bad Bimbach: solution fran\u00e7aise pour une ville intelligente bavaroise - Territorial Challenges\",\"isPartOf\":{\"@id\":\"https:\/\/territorialchallenges.com\/#website\"},\"datePublished\":\"2019-02-11T09:49:36+00:00\",\"dateModified\":\"2019-02-11T09:49:36+00:00\",\"breadcrumb\":{\"@id\":\"https:\/\/territorialchallenges.com\/2019\/02\/11\/bad-bimbach-solution-francaise-pour-une-ville-intelligente-bavaroise\/1823\/#breadcrumb\"},\"inLanguage\":\"it-IT\",\"potentialAction\":[{\"@type\":\"ReadAction\",\"target\":[\"https:\/\/territorialchallenges.com\/2019\/02\/11\/bad-bimbach-solution-francaise-pour-une-ville-intelligente-bavaroise\/1823\/\"]}]},{\"@type\":\"BreadcrumbList\",\"@id\":\"https:\/\/territorialchallenges.com\/2019\/02\/11\/bad-bimbach-solution-francaise-pour-une-ville-intelligente-bavaroise\/1823\/#breadcrumb\",\"itemListElement\":[{\"@type\":\"ListItem\",\"position\":1,\"name\":\"Home\",\"item\":\"https:\/\/territorialchallenges.com\/\"},{\"@type\":\"ListItem\",\"position\":2,\"name\":\"Bad Bimbach: solution fran\u00e7aise pour une ville intelligente bavaroise\"}]},{\"@type\":\"WebSite\",\"@id\":\"https:\/\/territorialchallenges.com\/#website\",\"url\":\"https:\/\/territorialchallenges.com\/\",\"name\":\"Territorial Challenges\",\"description\":\"Veille Internationale - Strat\u00e9gie Intelligentes - Bonnes pratiques\",\"publisher\":{\"@id\":\"https:\/\/territorialchallenges.com\/#organization\"},\"potentialAction\":[{\"@type\":\"SearchAction\",\"target\":{\"@type\":\"EntryPoint\",\"urlTemplate\":\"https:\/\/territorialchallenges.com\/?s={search_term_string}\"},\"query-input\":\"required name=search_term_string\"}],\"inLanguage\":\"it-IT\"},{\"@type\":\"Organization\",\"@id\":\"https:\/\/territorialchallenges.com\/#organization\",\"name\":\"Territorial Challenges\",\"url\":\"https:\/\/territorialchallenges.com\/\",\"logo\":{\"@type\":\"ImageObject\",\"inLanguage\":\"it-IT\",\"@id\":\"https:\/\/territorialchallenges.com\/#\/schema\/logo\/image\/\",\"url\":\"https:\/\/territorialchallenges.com\/wp-content\/uploads\/2023\/10\/logo-1.png\",\"contentUrl\":\"https:\/\/territorialchallenges.com\/wp-content\/uploads\/2023\/10\/logo-1.png\",\"width\":1832,\"height\":576,\"caption\":\"Territorial Challenges\"},\"image\":{\"@id\":\"https:\/\/territorialchallenges.com\/#\/schema\/logo\/image\/\"}},{\"@type\":\"Person\",\"@id\":\"https:\/\/territorialchallenges.com\/#\/schema\/person\/098f145c7c61a021c425e010f840080f\",\"name\":\"ni.abdi\",\"image\":{\"@type\":\"ImageObject\",\"inLanguage\":\"it-IT\",\"@id\":\"https:\/\/territorialchallenges.com\/#\/schema\/person\/image\/\",\"url\":\"https:\/\/secure.gravatar.com\/avatar\/2a2f2491f3c80039986ba989b1e4b510?s=96&d=identicon&r=g\",\"contentUrl\":\"https:\/\/secure.gravatar.com\/avatar\/2a2f2491f3c80039986ba989b1e4b510?s=96&d=identicon&r=g\",\"caption\":\"ni.abdi\"},\"sameAs\":[\"https:\/\/twitter.com\/Ni.abdi\"],\"url\":\"https:\/\/territorialchallenges.com\/it\/author\/ni-abdi\/\"}]}<\/script>\n<!-- \/ Yoast SEO plugin. -->","yoast_head_json":{"title":"Bad Bimbach: solution fran\u00e7aise pour une ville intelligente bavaroise - Territorial Challenges","robots":{"index":"index","follow":"follow","max-snippet":"max-snippet:-1","max-image-preview":"max-image-preview:large","max-video-preview":"max-video-preview:-1"},"canonical":"https:\/\/territorialchallenges.com\/it\/2019\/02\/11\/bad-bimbach-solution-francaise-pour-une-ville-intelligente-bavaroise\/1823\/","og_locale":"it_IT","og_type":"article","og_title":"Bad Bimbach: solution fran\u00e7aise pour une ville intelligente bavaroise - Territorial Challenges","og_description":"Dans la campagne de Basse Bavi\u00e8re, \u00e0 la d\u00e9couverte du mini-bus autonome, une solution fran\u00e7aise qui fait le bonheur de la petite ville thermale de Bad Birmbach La petite ville de Bad Birmbach avec un peu plus de 5000 habitants est devenue ces deux derni\u00e8res ann\u00e9es, la premi\u00e8re collectivit\u00e9 locale d\u2019Allemagne \u00e0 utiliser un mini-bus [&hellip;]","og_url":"https:\/\/territorialchallenges.com\/it\/2019\/02\/11\/bad-bimbach-solution-francaise-pour-une-ville-intelligente-bavaroise\/1823\/","og_site_name":"Territorial Challenges","article_published_time":"2019-02-11T09:49:36+00:00","author":"ni.abdi","twitter_card":"summary_large_image","twitter_creator":"@Ni.abdi","twitter_misc":{"Scritto da":"ni.abdi","Tempo di lettura stimato":"2 minuti"},"schema":{"@context":"https:\/\/schema.org","@graph":[{"@type":"Article","@id":"https:\/\/territorialchallenges.com\/2019\/02\/11\/bad-bimbach-solution-francaise-pour-une-ville-intelligente-bavaroise\/1823\/#article","isPartOf":{"@id":"https:\/\/territorialchallenges.com\/2019\/02\/11\/bad-bimbach-solution-francaise-pour-une-ville-intelligente-bavaroise\/1823\/"},"author":{"name":"ni.abdi","@id":"https:\/\/territorialchallenges.com\/#\/schema\/person\/098f145c7c61a021c425e010f840080f"},"headline":"Bad Bimbach: solution fran\u00e7aise pour une ville intelligente bavaroise","datePublished":"2019-02-11T09:49:36+00:00","dateModified":"2019-02-11T09:49:36+00:00","mainEntityOfPage":{"@id":"https:\/\/territorialchallenges.com\/2019\/02\/11\/bad-bimbach-solution-francaise-pour-une-ville-intelligente-bavaroise\/1823\/"},"wordCount":448,"commentCount":0,"publisher":{"@id":"https:\/\/territorialchallenges.com\/#organization"},"articleSection":["Territoires Intelligents","Actualit\u00e9 Europe"],"inLanguage":"it-IT"},{"@type":"WebPage","@id":"https:\/\/territorialchallenges.com\/2019\/02\/11\/bad-bimbach-solution-francaise-pour-une-ville-intelligente-bavaroise\/1823\/","url":"https:\/\/territorialchallenges.com\/2019\/02\/11\/bad-bimbach-solution-francaise-pour-une-ville-intelligente-bavaroise\/1823\/","name":"Bad Bimbach: solution fran\u00e7aise pour une ville intelligente bavaroise - Territorial Challenges","isPartOf":{"@id":"https:\/\/territorialchallenges.com\/#website"},"datePublished":"2019-02-11T09:49:36+00:00","dateModified":"2019-02-11T09:49:36+00:00","breadcrumb":{"@id":"https:\/\/territorialchallenges.com\/2019\/02\/11\/bad-bimbach-solution-francaise-pour-une-ville-intelligente-bavaroise\/1823\/#breadcrumb"},"inLanguage":"it-IT","potentialAction":[{"@type":"ReadAction","target":["https:\/\/territorialchallenges.com\/2019\/02\/11\/bad-bimbach-solution-francaise-pour-une-ville-intelligente-bavaroise\/1823\/"]}]},{"@type":"BreadcrumbList","@id":"https:\/\/territorialchallenges.com\/2019\/02\/11\/bad-bimbach-solution-francaise-pour-une-ville-intelligente-bavaroise\/1823\/#breadcrumb","itemListElement":[{"@type":"ListItem","position":1,"name":"Home","item":"https:\/\/territorialchallenges.com\/"},{"@type":"ListItem","position":2,"name":"Bad Bimbach: solution fran\u00e7aise pour une ville intelligente bavaroise"}]},{"@type":"WebSite","@id":"https:\/\/territorialchallenges.com\/#website","url":"https:\/\/territorialchallenges.com\/","name":"Sfide territoriali","description":"Monitoraggio internazionale - Strategie intelligenti - Migliori pratiche","publisher":{"@id":"https:\/\/territorialchallenges.com\/#organization"},"potentialAction":[{"@type":"SearchAction","target":{"@type":"EntryPoint","urlTemplate":"https:\/\/territorialchallenges.com\/?s={search_term_string}"},"query-input":"required name=search_term_string"}],"inLanguage":"it-IT"},{"@type":"Organization","@id":"https:\/\/territorialchallenges.com\/#organization","name":"Sfide territoriali","url":"https:\/\/territorialchallenges.com\/","logo":{"@type":"ImageObject","inLanguage":"it-IT","@id":"https:\/\/territorialchallenges.com\/#\/schema\/logo\/image\/","url":"https:\/\/territorialchallenges.com\/wp-content\/uploads\/2023\/10\/logo-1.png","contentUrl":"https:\/\/territorialchallenges.com\/wp-content\/uploads\/2023\/10\/logo-1.png","width":1832,"height":576,"caption":"Territorial Challenges"},"image":{"@id":"https:\/\/territorialchallenges.com\/#\/schema\/logo\/image\/"}},{"@type":"Person","@id":"https:\/\/territorialchallenges.com\/#\/schema\/person\/098f145c7c61a021c425e010f840080f","name":"ni.abdi","image":{"@type":"ImageObject","inLanguage":"it-IT","@id":"https:\/\/territorialchallenges.com\/#\/schema\/person\/image\/","url":"https:\/\/secure.gravatar.com\/avatar\/2a2f2491f3c80039986ba989b1e4b510?s=96&d=identicon&r=g","contentUrl":"https:\/\/secure.gravatar.com\/avatar\/2a2f2491f3c80039986ba989b1e4b510?s=96&d=identicon&r=g","caption":"ni.abdi"},"sameAs":["https:\/\/twitter.com\/Ni.abdi"],"url":"https:\/\/territorialchallenges.com\/it\/author\/ni-abdi\/"}]}},"_links":{"self":[{"href":"https:\/\/territorialchallenges.com\/it\/wp-json\/wp\/v2\/posts\/1823"}],"collection":[{"href":"https:\/\/territorialchallenges.com\/it\/wp-json\/wp\/v2\/posts"}],"about":[{"href":"https:\/\/territorialchallenges.com\/it\/wp-json\/wp\/v2\/types\/post"}],"author":[{"embeddable":true,"href":"https:\/\/territorialchallenges.com\/it\/wp-json\/wp\/v2\/users\/11"}],"replies":[{"embeddable":true,"href":"https:\/\/territorialchallenges.com\/it\/wp-json\/wp\/v2\/comments?post=1823"}],"version-history":[{"count":0,"href":"https:\/\/territorialchallenges.com\/it\/wp-json\/wp\/v2\/posts\/1823\/revisions"}],"wp:featuredmedia":[{"embeddable":true,"href":"https:\/\/territorialchallenges.com\/it\/wp-json\/"}],"wp:attachment":[{"href":"https:\/\/territorialchallenges.com\/it\/wp-json\/wp\/v2\/media?parent=1823"}],"wp:term":[{"taxonomy":"category","embeddable":true,"href":"https:\/\/territorialchallenges.com\/it\/wp-json\/wp\/v2\/categories?post=1823"},{"taxonomy":"post_tag","embeddable":true,"href":"https:\/\/territorialchallenges.com\/it\/wp-json\/wp\/v2\/tags?post=1823"}],"curies":[{"name":"parola chiave","href":"https:\/\/api.w.org\/{rel}","templated":true}]}}