{"id":1721,"date":"2018-10-17T14:35:29","date_gmt":"2018-10-17T12:35:29","guid":{"rendered":"https:\/\/ecoinovatio.com\/?p=1721"},"modified":"2020-07-16T16:46:04","modified_gmt":"2020-07-16T14:46:04","slug":"electricite-de-france-lobligatoire-passage-dune-pensee-energetique-a-celle-numerique","status":"publish","type":"post","link":"https:\/\/territorialchallenges.com\/it\/2018\/10\/17\/electricite-de-france-lobligatoire-passage-dune-pensee-energetique-a-celle-numerique\/1721\/","title":{"rendered":"Electricit\u00e9 de France: la transizione obbligatoria dal pensiero energetico al pensiero digitale"},"content":{"rendered":"<p>Essere il principale produttore e fornitore di energia elettrica al mondo, e al tempo stesso essere messo alla prova per la sua strategia in questo periodo di transizione energetica, \u00e8 la situazione paradossale che EDF si trova ad affrontare. Un&#039;azienda francese di punta, i cui elettricisti venivano accolti con croissant nelle case dei residenti 50 anni fa. E se il problema di EDF oggi \u00e8 la mancanza... <\/p>\n<div class=\"pmpro_content_message\">Articolo disponibile solo per gli abbonati.<br \/><a href=\"https:\/\/territorialchallenges.com\/wp-login.php\">Login<\/a><br \/><a href=\"https:\/\/territorialchallenges.com\/it\/wp-login.php\/?action=register\">Registro<\/a><\/div>","protected":false},"excerpt":{"rendered":"<p>Etre le premier producteur et fournisseur d\u2019\u00e9lectricit\u00e9 au monde et, en m\u00eame temps, se trouver\u00a0contest\u00e9 pour sa strat\u00e9gie,\u00a0durant cette p\u00e9riode de transition \u00e9nerg\u00e9tique, voil\u00e0 la situation paradoxale d\u2019EDF. Un fleuron fran\u00e7ais, dont il y a 50 ans, les \u00e9lectriciens \u00e9taient accueillis avec des croissants chez l\u2019habitant. Et si le mal d\u2019EDF aujourd\u2019hui, c\u2019est de manquer... <\/p>\n<div class=\"pmpro_content_message\">Articolo disponibile solo per gli abbonati.<br \/><a href=\"https:\/\/territorialchallenges.com\/wp-login.php\">Login<\/a><br \/><a href=\"https:\/\/territorialchallenges.com\/it\/wp-login.php\/?action=register\">Registro<\/a><\/div>","protected":false},"author":11,"featured_media":85808,"comment_status":"open","ping_status":"open","sticky":true,"template":"","format":"standard","meta":{"pmpro_default_level":0,"footnotes":""},"categories":[123],"tags":[],"blocksy_meta":"","yoast_head":"<!-- This site is optimized with the Yoast SEO plugin v21.5 - https:\/\/yoast.com\/wordpress\/plugins\/seo\/ -->\n<title>Electricit\u00e9 de France : l\u2019obligatoire passage d\u2019une pens\u00e9e \u00e9nerg\u00e9tique \u00e0 celle num\u00e9rique - Territorial Challenges<\/title>\n<meta name=\"robots\" content=\"index, follow, max-snippet:-1, max-image-preview:large, max-video-preview:-1\" \/>\n<link rel=\"canonical\" href=\"https:\/\/territorialchallenges.com\/it\/2018\/10\/17\/electricite-de-france-lobligatoire-passage-dune-pensee-energetique-a-celle-numerique\/1721\/\" \/>\n<meta property=\"og:locale\" content=\"it_IT\" \/>\n<meta property=\"og:type\" content=\"article\" \/>\n<meta property=\"og:title\" content=\"Electricit\u00e9 de France : l\u2019obligatoire passage d\u2019une pens\u00e9e \u00e9nerg\u00e9tique \u00e0 celle num\u00e9rique - Territorial Challenges\" \/>\n<meta property=\"og:description\" content=\"Etre le premier producteur et fournisseur d\u2019\u00e9lectricit\u00e9 au monde et, en m\u00eame temps, se trouver\u00a0contest\u00e9 pour sa strat\u00e9gie,\u00a0durant cette p\u00e9riode de transition \u00e9nerg\u00e9tique, voil\u00e0 la situation paradoxale d\u2019EDF. Un fleuron fran\u00e7ais, dont il y a 50 ans, les \u00e9lectriciens \u00e9taient accueillis avec des croissants chez l\u2019habitant. Et si le mal d\u2019EDF aujourd\u2019hui, c\u2019est de manquer [&hellip;]\" \/>\n<meta property=\"og:url\" content=\"https:\/\/territorialchallenges.com\/it\/2018\/10\/17\/electricite-de-france-lobligatoire-passage-dune-pensee-energetique-a-celle-numerique\/1721\/\" \/>\n<meta property=\"og:site_name\" content=\"Territorial Challenges\" \/>\n<meta property=\"article:published_time\" content=\"2018-10-17T12:35:29+00:00\" \/>\n<meta property=\"article:modified_time\" content=\"2020-07-16T14:46:04+00:00\" \/>\n<meta property=\"og:image\" content=\"https:\/\/territorialchallenges.com\/wp-content\/uploads\/2018\/10\/marcel-paul-aux-origines-dedf-et-de-gdf-826x459.jpg\" \/>\n\t<meta property=\"og:image:width\" content=\"826\" \/>\n\t<meta property=\"og:image:height\" content=\"459\" \/>\n\t<meta property=\"og:image:type\" content=\"image\/jpeg\" \/>\n<meta name=\"author\" content=\"ni.abdi\" \/>\n<meta name=\"twitter:card\" content=\"summary_large_image\" \/>\n<meta name=\"twitter:creator\" content=\"@Ni.abdi\" \/>\n<meta name=\"twitter:label1\" content=\"Scritto da\" \/>\n\t<meta name=\"twitter:data1\" content=\"ni.abdi\" \/>\n\t<meta name=\"twitter:label2\" content=\"Tempo di lettura stimato\" \/>\n\t<meta name=\"twitter:data2\" content=\"4 minuti\" \/>\n<script type=\"application\/ld+json\" class=\"yoast-schema-graph\">{\"@context\":\"https:\/\/schema.org\",\"@graph\":[{\"@type\":\"Article\",\"@id\":\"https:\/\/territorialchallenges.com\/2018\/10\/17\/electricite-de-france-lobligatoire-passage-dune-pensee-energetique-a-celle-numerique\/1721\/#article\",\"isPartOf\":{\"@id\":\"https:\/\/territorialchallenges.com\/2018\/10\/17\/electricite-de-france-lobligatoire-passage-dune-pensee-energetique-a-celle-numerique\/1721\/\"},\"author\":{\"name\":\"ni.abdi\",\"@id\":\"https:\/\/territorialchallenges.com\/#\/schema\/person\/098f145c7c61a021c425e010f840080f\"},\"headline\":\"Electricit\u00e9 de France : l\u2019obligatoire passage d\u2019une pens\u00e9e \u00e9nerg\u00e9tique \u00e0 celle num\u00e9rique\",\"datePublished\":\"2018-10-17T12:35:29+00:00\",\"dateModified\":\"2020-07-16T14:46:04+00:00\",\"mainEntityOfPage\":{\"@id\":\"https:\/\/territorialchallenges.com\/2018\/10\/17\/electricite-de-france-lobligatoire-passage-dune-pensee-energetique-a-celle-numerique\/1721\/\"},\"wordCount\":736,\"commentCount\":0,\"publisher\":{\"@id\":\"https:\/\/territorialchallenges.com\/#organization\"},\"articleSection\":[\"Archives - Editos\"],\"inLanguage\":\"it-IT\"},{\"@type\":\"WebPage\",\"@id\":\"https:\/\/territorialchallenges.com\/2018\/10\/17\/electricite-de-france-lobligatoire-passage-dune-pensee-energetique-a-celle-numerique\/1721\/\",\"url\":\"https:\/\/territorialchallenges.com\/2018\/10\/17\/electricite-de-france-lobligatoire-passage-dune-pensee-energetique-a-celle-numerique\/1721\/\",\"name\":\"Electricit\u00e9 de France : l\u2019obligatoire passage d\u2019une pens\u00e9e \u00e9nerg\u00e9tique \u00e0 celle num\u00e9rique - Territorial Challenges\",\"isPartOf\":{\"@id\":\"https:\/\/territorialchallenges.com\/#website\"},\"datePublished\":\"2018-10-17T12:35:29+00:00\",\"dateModified\":\"2020-07-16T14:46:04+00:00\",\"breadcrumb\":{\"@id\":\"https:\/\/territorialchallenges.com\/2018\/10\/17\/electricite-de-france-lobligatoire-passage-dune-pensee-energetique-a-celle-numerique\/1721\/#breadcrumb\"},\"inLanguage\":\"it-IT\",\"potentialAction\":[{\"@type\":\"ReadAction\",\"target\":[\"https:\/\/territorialchallenges.com\/2018\/10\/17\/electricite-de-france-lobligatoire-passage-dune-pensee-energetique-a-celle-numerique\/1721\/\"]}]},{\"@type\":\"BreadcrumbList\",\"@id\":\"https:\/\/territorialchallenges.com\/2018\/10\/17\/electricite-de-france-lobligatoire-passage-dune-pensee-energetique-a-celle-numerique\/1721\/#breadcrumb\",\"itemListElement\":[{\"@type\":\"ListItem\",\"position\":1,\"name\":\"Home\",\"item\":\"https:\/\/territorialchallenges.com\/\"},{\"@type\":\"ListItem\",\"position\":2,\"name\":\"Electricit\u00e9 de France : l\u2019obligatoire passage d\u2019une pens\u00e9e \u00e9nerg\u00e9tique \u00e0 celle num\u00e9rique\"}]},{\"@type\":\"WebSite\",\"@id\":\"https:\/\/territorialchallenges.com\/#website\",\"url\":\"https:\/\/territorialchallenges.com\/\",\"name\":\"Territorial Challenges\",\"description\":\"Veille Internationale - Strat\u00e9gie Intelligentes - Bonnes pratiques\",\"publisher\":{\"@id\":\"https:\/\/territorialchallenges.com\/#organization\"},\"potentialAction\":[{\"@type\":\"SearchAction\",\"target\":{\"@type\":\"EntryPoint\",\"urlTemplate\":\"https:\/\/territorialchallenges.com\/?s={search_term_string}\"},\"query-input\":\"required name=search_term_string\"}],\"inLanguage\":\"it-IT\"},{\"@type\":\"Organization\",\"@id\":\"https:\/\/territorialchallenges.com\/#organization\",\"name\":\"Territorial Challenges\",\"url\":\"https:\/\/territorialchallenges.com\/\",\"logo\":{\"@type\":\"ImageObject\",\"inLanguage\":\"it-IT\",\"@id\":\"https:\/\/territorialchallenges.com\/#\/schema\/logo\/image\/\",\"url\":\"https:\/\/territorialchallenges.com\/wp-content\/uploads\/2023\/10\/logo-1.png\",\"contentUrl\":\"https:\/\/territorialchallenges.com\/wp-content\/uploads\/2023\/10\/logo-1.png\",\"width\":1832,\"height\":576,\"caption\":\"Territorial Challenges\"},\"image\":{\"@id\":\"https:\/\/territorialchallenges.com\/#\/schema\/logo\/image\/\"}},{\"@type\":\"Person\",\"@id\":\"https:\/\/territorialchallenges.com\/#\/schema\/person\/098f145c7c61a021c425e010f840080f\",\"name\":\"ni.abdi\",\"image\":{\"@type\":\"ImageObject\",\"inLanguage\":\"it-IT\",\"@id\":\"https:\/\/territorialchallenges.com\/#\/schema\/person\/image\/\",\"url\":\"https:\/\/secure.gravatar.com\/avatar\/2a2f2491f3c80039986ba989b1e4b510?s=96&d=identicon&r=g\",\"contentUrl\":\"https:\/\/secure.gravatar.com\/avatar\/2a2f2491f3c80039986ba989b1e4b510?s=96&d=identicon&r=g\",\"caption\":\"ni.abdi\"},\"sameAs\":[\"https:\/\/twitter.com\/Ni.abdi\"],\"url\":\"https:\/\/territorialchallenges.com\/it\/author\/ni-abdi\/\"}]}<\/script>\n<!-- \/ Yoast SEO plugin. -->","yoast_head_json":{"title":"Electricit\u00e9 de France : l\u2019obligatoire passage d\u2019une pens\u00e9e \u00e9nerg\u00e9tique \u00e0 celle num\u00e9rique - Territorial Challenges","robots":{"index":"index","follow":"follow","max-snippet":"max-snippet:-1","max-image-preview":"max-image-preview:large","max-video-preview":"max-video-preview:-1"},"canonical":"https:\/\/territorialchallenges.com\/it\/2018\/10\/17\/electricite-de-france-lobligatoire-passage-dune-pensee-energetique-a-celle-numerique\/1721\/","og_locale":"it_IT","og_type":"article","og_title":"Electricit\u00e9 de France : l\u2019obligatoire passage d\u2019une pens\u00e9e \u00e9nerg\u00e9tique \u00e0 celle num\u00e9rique - Territorial Challenges","og_description":"Etre le premier producteur et fournisseur d\u2019\u00e9lectricit\u00e9 au monde et, en m\u00eame temps, se trouver\u00a0contest\u00e9 pour sa strat\u00e9gie,\u00a0durant cette p\u00e9riode de transition \u00e9nerg\u00e9tique, voil\u00e0 la situation paradoxale d\u2019EDF. Un fleuron fran\u00e7ais, dont il y a 50 ans, les \u00e9lectriciens \u00e9taient accueillis avec des croissants chez l\u2019habitant. Et si le mal d\u2019EDF aujourd\u2019hui, c\u2019est de manquer [&hellip;]","og_url":"https:\/\/territorialchallenges.com\/it\/2018\/10\/17\/electricite-de-france-lobligatoire-passage-dune-pensee-energetique-a-celle-numerique\/1721\/","og_site_name":"Territorial Challenges","article_published_time":"2018-10-17T12:35:29+00:00","article_modified_time":"2020-07-16T14:46:04+00:00","og_image":[{"width":826,"height":459,"url":"https:\/\/territorialchallenges.com\/wp-content\/uploads\/2018\/10\/marcel-paul-aux-origines-dedf-et-de-gdf-826x459.jpg","type":"image\/jpeg"}],"author":"ni.abdi","twitter_card":"summary_large_image","twitter_creator":"@Ni.abdi","twitter_misc":{"Scritto da":"ni.abdi","Tempo di lettura stimato":"4 minuti"},"schema":{"@context":"https:\/\/schema.org","@graph":[{"@type":"Article","@id":"https:\/\/territorialchallenges.com\/2018\/10\/17\/electricite-de-france-lobligatoire-passage-dune-pensee-energetique-a-celle-numerique\/1721\/#article","isPartOf":{"@id":"https:\/\/territorialchallenges.com\/2018\/10\/17\/electricite-de-france-lobligatoire-passage-dune-pensee-energetique-a-celle-numerique\/1721\/"},"author":{"name":"ni.abdi","@id":"https:\/\/territorialchallenges.com\/#\/schema\/person\/098f145c7c61a021c425e010f840080f"},"headline":"Electricit\u00e9 de France : l\u2019obligatoire passage d\u2019une pens\u00e9e \u00e9nerg\u00e9tique \u00e0 celle num\u00e9rique","datePublished":"2018-10-17T12:35:29+00:00","dateModified":"2020-07-16T14:46:04+00:00","mainEntityOfPage":{"@id":"https:\/\/territorialchallenges.com\/2018\/10\/17\/electricite-de-france-lobligatoire-passage-dune-pensee-energetique-a-celle-numerique\/1721\/"},"wordCount":736,"commentCount":0,"publisher":{"@id":"https:\/\/territorialchallenges.com\/#organization"},"articleSection":["Archives - Editos"],"inLanguage":"it-IT"},{"@type":"WebPage","@id":"https:\/\/territorialchallenges.com\/2018\/10\/17\/electricite-de-france-lobligatoire-passage-dune-pensee-energetique-a-celle-numerique\/1721\/","url":"https:\/\/territorialchallenges.com\/2018\/10\/17\/electricite-de-france-lobligatoire-passage-dune-pensee-energetique-a-celle-numerique\/1721\/","name":"Electricit\u00e9 de France : l\u2019obligatoire passage d\u2019une pens\u00e9e \u00e9nerg\u00e9tique \u00e0 celle num\u00e9rique - Territorial Challenges","isPartOf":{"@id":"https:\/\/territorialchallenges.com\/#website"},"datePublished":"2018-10-17T12:35:29+00:00","dateModified":"2020-07-16T14:46:04+00:00","breadcrumb":{"@id":"https:\/\/territorialchallenges.com\/2018\/10\/17\/electricite-de-france-lobligatoire-passage-dune-pensee-energetique-a-celle-numerique\/1721\/#breadcrumb"},"inLanguage":"it-IT","potentialAction":[{"@type":"ReadAction","target":["https:\/\/territorialchallenges.com\/2018\/10\/17\/electricite-de-france-lobligatoire-passage-dune-pensee-energetique-a-celle-numerique\/1721\/"]}]},{"@type":"BreadcrumbList","@id":"https:\/\/territorialchallenges.com\/2018\/10\/17\/electricite-de-france-lobligatoire-passage-dune-pensee-energetique-a-celle-numerique\/1721\/#breadcrumb","itemListElement":[{"@type":"ListItem","position":1,"name":"Home","item":"https:\/\/territorialchallenges.com\/"},{"@type":"ListItem","position":2,"name":"Electricit\u00e9 de France : l\u2019obligatoire passage d\u2019une pens\u00e9e \u00e9nerg\u00e9tique \u00e0 celle num\u00e9rique"}]},{"@type":"WebSite","@id":"https:\/\/territorialchallenges.com\/#website","url":"https:\/\/territorialchallenges.com\/","name":"Sfide territoriali","description":"Monitoraggio internazionale - Strategie intelligenti - Migliori pratiche","publisher":{"@id":"https:\/\/territorialchallenges.com\/#organization"},"potentialAction":[{"@type":"SearchAction","target":{"@type":"EntryPoint","urlTemplate":"https:\/\/territorialchallenges.com\/?s={search_term_string}"},"query-input":"required name=search_term_string"}],"inLanguage":"it-IT"},{"@type":"Organization","@id":"https:\/\/territorialchallenges.com\/#organization","name":"Sfide territoriali","url":"https:\/\/territorialchallenges.com\/","logo":{"@type":"ImageObject","inLanguage":"it-IT","@id":"https:\/\/territorialchallenges.com\/#\/schema\/logo\/image\/","url":"https:\/\/territorialchallenges.com\/wp-content\/uploads\/2023\/10\/logo-1.png","contentUrl":"https:\/\/territorialchallenges.com\/wp-content\/uploads\/2023\/10\/logo-1.png","width":1832,"height":576,"caption":"Territorial Challenges"},"image":{"@id":"https:\/\/territorialchallenges.com\/#\/schema\/logo\/image\/"}},{"@type":"Person","@id":"https:\/\/territorialchallenges.com\/#\/schema\/person\/098f145c7c61a021c425e010f840080f","name":"ni.abdi","image":{"@type":"ImageObject","inLanguage":"it-IT","@id":"https:\/\/territorialchallenges.com\/#\/schema\/person\/image\/","url":"https:\/\/secure.gravatar.com\/avatar\/2a2f2491f3c80039986ba989b1e4b510?s=96&d=identicon&r=g","contentUrl":"https:\/\/secure.gravatar.com\/avatar\/2a2f2491f3c80039986ba989b1e4b510?s=96&d=identicon&r=g","caption":"ni.abdi"},"sameAs":["https:\/\/twitter.com\/Ni.abdi"],"url":"https:\/\/territorialchallenges.com\/it\/author\/ni-abdi\/"}]}},"_links":{"self":[{"href":"https:\/\/territorialchallenges.com\/it\/wp-json\/wp\/v2\/posts\/1721"}],"collection":[{"href":"https:\/\/territorialchallenges.com\/it\/wp-json\/wp\/v2\/posts"}],"about":[{"href":"https:\/\/territorialchallenges.com\/it\/wp-json\/wp\/v2\/types\/post"}],"author":[{"embeddable":true,"href":"https:\/\/territorialchallenges.com\/it\/wp-json\/wp\/v2\/users\/11"}],"replies":[{"embeddable":true,"href":"https:\/\/territorialchallenges.com\/it\/wp-json\/wp\/v2\/comments?post=1721"}],"version-history":[{"count":1,"href":"https:\/\/territorialchallenges.com\/it\/wp-json\/wp\/v2\/posts\/1721\/revisions"}],"predecessor-version":[{"id":85809,"href":"https:\/\/territorialchallenges.com\/it\/wp-json\/wp\/v2\/posts\/1721\/revisions\/85809"}],"wp:featuredmedia":[{"embeddable":true,"href":"https:\/\/territorialchallenges.com\/it\/wp-json\/wp\/v2\/media\/85808"}],"wp:attachment":[{"href":"https:\/\/territorialchallenges.com\/it\/wp-json\/wp\/v2\/media?parent=1721"}],"wp:term":[{"taxonomy":"category","embeddable":true,"href":"https:\/\/territorialchallenges.com\/it\/wp-json\/wp\/v2\/categories?post=1721"},{"taxonomy":"post_tag","embeddable":true,"href":"https:\/\/territorialchallenges.com\/it\/wp-json\/wp\/v2\/tags?post=1721"}],"curies":[{"name":"parola chiave","href":"https:\/\/api.w.org\/{rel}","templated":true}]}}