{"id":1687,"date":"2018-10-14T19:56:56","date_gmt":"2018-10-14T17:56:56","guid":{"rendered":"https:\/\/ecoinovatio.com\/?p=1687"},"modified":"2018-10-14T19:56:56","modified_gmt":"2018-10-14T17:56:56","slug":"faire-de-nos-usages-specifiques-de-lelectricite-un-debat-de-societe","status":"publish","type":"post","link":"https:\/\/territorialchallenges.com\/it\/2018\/10\/14\/faire-de-nos-usages-specifiques-de-lelectricite-un-debat-de-societe\/1687\/","title":{"rendered":"Rendere i nostri usi specifici dell&#039;elettricit\u00e0 un dibattito sociale"},"content":{"rendered":"<p>Un rapporto del Senato pubblicato nel luglio 2012 e dedicato al &quot;costo reale dell&#039;elettricit\u00e0&quot; ha aperto un vero e proprio dibattito sociale sull&#039;&quot;aumento di usi specifici&quot; nel settore residenziale, come l&#039;illuminazione, gli elettrodomestici e le apparecchiature audiovisive... Pi\u00f9 di tre anni dopo e alla vigilia della COP21, sembra che l&#039;argomento non sia... <\/p>\n<div class=\"pmpro_content_message\">Articolo disponibile solo per gli abbonati.<br \/><a href=\"https:\/\/territorialchallenges.com\/wp-login.php\">Login<\/a><br \/><a href=\"https:\/\/territorialchallenges.com\/it\/wp-login.php\/?action=register\">Registro<\/a><\/div>","protected":false},"excerpt":{"rendered":"<p>Un rapport du S\u00e9nat publi\u00e9 en juillet 2012 et consacr\u00e9 au \u00ab\u00a0co\u00fbt r\u00e9el de l&rsquo;\u00e9lectricit\u00e9\u00a0\u00bb, ouvrait un vrai d\u00e9bat de soci\u00e9t\u00e9 sur \u00ab\u00a0la pouss\u00e9e des usages sp\u00e9cifiques\u00a0\u00bb dans le r\u00e9sidentiel, tels l&rsquo;\u00e9clairage, les appareils \u00e9lectrodomestiques et audiovisuels&#8230; Plus de trois apr\u00e8s et \u00e0 la veille de la COP21, il semble que le sujet n\u2019est pas... <\/p>\n<div class=\"pmpro_content_message\">Articolo disponibile solo per gli abbonati.<br \/><a href=\"https:\/\/territorialchallenges.com\/wp-login.php\">Login<\/a><br \/><a href=\"https:\/\/territorialchallenges.com\/it\/wp-login.php\/?action=register\">Registro<\/a><\/div>","protected":false},"author":11,"featured_media":0,"comment_status":"open","ping_status":"open","sticky":true,"template":"","format":"standard","meta":{"pmpro_default_level":0,"footnotes":""},"categories":[123],"tags":[],"blocksy_meta":"","yoast_head":"<!-- This site is optimized with the Yoast SEO plugin v21.5 - https:\/\/yoast.com\/wordpress\/plugins\/seo\/ -->\n<title>Faire de nos usages sp\u00e9cifiques de l&#039;\u00e9lectricit\u00e9 un d\u00e9bat de soci\u00e9t\u00e9 - Territorial Challenges<\/title>\n<meta name=\"robots\" content=\"index, follow, max-snippet:-1, max-image-preview:large, max-video-preview:-1\" \/>\n<link rel=\"canonical\" href=\"https:\/\/territorialchallenges.com\/it\/2018\/10\/14\/faire-de-nos-usages-specifiques-de-lelectricite-un-debat-de-societe\/1687\/\" \/>\n<meta property=\"og:locale\" content=\"it_IT\" \/>\n<meta property=\"og:type\" content=\"article\" \/>\n<meta property=\"og:title\" content=\"Faire de nos usages sp\u00e9cifiques de l&#039;\u00e9lectricit\u00e9 un d\u00e9bat de soci\u00e9t\u00e9 - Territorial Challenges\" \/>\n<meta property=\"og:description\" content=\"Un rapport du S\u00e9nat publi\u00e9 en juillet 2012 et consacr\u00e9 au \u00ab\u00a0co\u00fbt r\u00e9el de l&rsquo;\u00e9lectricit\u00e9\u00a0\u00bb, ouvrait un vrai d\u00e9bat de soci\u00e9t\u00e9 sur \u00ab\u00a0la pouss\u00e9e des usages sp\u00e9cifiques\u00a0\u00bb dans le r\u00e9sidentiel, tels l&rsquo;\u00e9clairage, les appareils \u00e9lectrodomestiques et audiovisuels&#8230; Plus de trois apr\u00e8s et \u00e0 la veille de la COP21, il semble que le sujet n\u2019est pas [&hellip;]\" \/>\n<meta property=\"og:url\" content=\"https:\/\/territorialchallenges.com\/it\/2018\/10\/14\/faire-de-nos-usages-specifiques-de-lelectricite-un-debat-de-societe\/1687\/\" \/>\n<meta property=\"og:site_name\" content=\"Territorial Challenges\" \/>\n<meta property=\"article:published_time\" content=\"2018-10-14T17:56:56+00:00\" \/>\n<meta name=\"author\" content=\"ni.abdi\" \/>\n<meta name=\"twitter:card\" content=\"summary_large_image\" \/>\n<meta name=\"twitter:creator\" content=\"@Ni.abdi\" \/>\n<meta name=\"twitter:label1\" content=\"Scritto da\" \/>\n\t<meta name=\"twitter:data1\" content=\"ni.abdi\" \/>\n\t<meta name=\"twitter:label2\" content=\"Tempo di lettura stimato\" \/>\n\t<meta name=\"twitter:data2\" content=\"3 minuti\" \/>\n<script type=\"application\/ld+json\" class=\"yoast-schema-graph\">{\"@context\":\"https:\/\/schema.org\",\"@graph\":[{\"@type\":\"Article\",\"@id\":\"https:\/\/territorialchallenges.com\/2018\/10\/14\/faire-de-nos-usages-specifiques-de-lelectricite-un-debat-de-societe\/1687\/#article\",\"isPartOf\":{\"@id\":\"https:\/\/territorialchallenges.com\/2018\/10\/14\/faire-de-nos-usages-specifiques-de-lelectricite-un-debat-de-societe\/1687\/\"},\"author\":{\"name\":\"ni.abdi\",\"@id\":\"https:\/\/territorialchallenges.com\/#\/schema\/person\/098f145c7c61a021c425e010f840080f\"},\"headline\":\"Faire de nos usages sp\u00e9cifiques de l&rsquo;\u00e9lectricit\u00e9 un d\u00e9bat de soci\u00e9t\u00e9\",\"datePublished\":\"2018-10-14T17:56:56+00:00\",\"dateModified\":\"2018-10-14T17:56:56+00:00\",\"mainEntityOfPage\":{\"@id\":\"https:\/\/territorialchallenges.com\/2018\/10\/14\/faire-de-nos-usages-specifiques-de-lelectricite-un-debat-de-societe\/1687\/\"},\"wordCount\":676,\"commentCount\":0,\"publisher\":{\"@id\":\"https:\/\/territorialchallenges.com\/#organization\"},\"articleSection\":[\"Archives - Editos\"],\"inLanguage\":\"it-IT\"},{\"@type\":\"WebPage\",\"@id\":\"https:\/\/territorialchallenges.com\/2018\/10\/14\/faire-de-nos-usages-specifiques-de-lelectricite-un-debat-de-societe\/1687\/\",\"url\":\"https:\/\/territorialchallenges.com\/2018\/10\/14\/faire-de-nos-usages-specifiques-de-lelectricite-un-debat-de-societe\/1687\/\",\"name\":\"Faire de nos usages sp\u00e9cifiques de l'\u00e9lectricit\u00e9 un d\u00e9bat de soci\u00e9t\u00e9 - Territorial Challenges\",\"isPartOf\":{\"@id\":\"https:\/\/territorialchallenges.com\/#website\"},\"datePublished\":\"2018-10-14T17:56:56+00:00\",\"dateModified\":\"2018-10-14T17:56:56+00:00\",\"breadcrumb\":{\"@id\":\"https:\/\/territorialchallenges.com\/2018\/10\/14\/faire-de-nos-usages-specifiques-de-lelectricite-un-debat-de-societe\/1687\/#breadcrumb\"},\"inLanguage\":\"it-IT\",\"potentialAction\":[{\"@type\":\"ReadAction\",\"target\":[\"https:\/\/territorialchallenges.com\/2018\/10\/14\/faire-de-nos-usages-specifiques-de-lelectricite-un-debat-de-societe\/1687\/\"]}]},{\"@type\":\"BreadcrumbList\",\"@id\":\"https:\/\/territorialchallenges.com\/2018\/10\/14\/faire-de-nos-usages-specifiques-de-lelectricite-un-debat-de-societe\/1687\/#breadcrumb\",\"itemListElement\":[{\"@type\":\"ListItem\",\"position\":1,\"name\":\"Home\",\"item\":\"https:\/\/territorialchallenges.com\/\"},{\"@type\":\"ListItem\",\"position\":2,\"name\":\"Faire de nos usages sp\u00e9cifiques de l&rsquo;\u00e9lectricit\u00e9 un d\u00e9bat de soci\u00e9t\u00e9\"}]},{\"@type\":\"WebSite\",\"@id\":\"https:\/\/territorialchallenges.com\/#website\",\"url\":\"https:\/\/territorialchallenges.com\/\",\"name\":\"Territorial Challenges\",\"description\":\"Veille Internationale - Strat\u00e9gie Intelligentes - Bonnes pratiques\",\"publisher\":{\"@id\":\"https:\/\/territorialchallenges.com\/#organization\"},\"potentialAction\":[{\"@type\":\"SearchAction\",\"target\":{\"@type\":\"EntryPoint\",\"urlTemplate\":\"https:\/\/territorialchallenges.com\/?s={search_term_string}\"},\"query-input\":\"required name=search_term_string\"}],\"inLanguage\":\"it-IT\"},{\"@type\":\"Organization\",\"@id\":\"https:\/\/territorialchallenges.com\/#organization\",\"name\":\"Territorial Challenges\",\"url\":\"https:\/\/territorialchallenges.com\/\",\"logo\":{\"@type\":\"ImageObject\",\"inLanguage\":\"it-IT\",\"@id\":\"https:\/\/territorialchallenges.com\/#\/schema\/logo\/image\/\",\"url\":\"https:\/\/territorialchallenges.com\/wp-content\/uploads\/2023\/10\/logo-1.png\",\"contentUrl\":\"https:\/\/territorialchallenges.com\/wp-content\/uploads\/2023\/10\/logo-1.png\",\"width\":1832,\"height\":576,\"caption\":\"Territorial Challenges\"},\"image\":{\"@id\":\"https:\/\/territorialchallenges.com\/#\/schema\/logo\/image\/\"}},{\"@type\":\"Person\",\"@id\":\"https:\/\/territorialchallenges.com\/#\/schema\/person\/098f145c7c61a021c425e010f840080f\",\"name\":\"ni.abdi\",\"image\":{\"@type\":\"ImageObject\",\"inLanguage\":\"it-IT\",\"@id\":\"https:\/\/territorialchallenges.com\/#\/schema\/person\/image\/\",\"url\":\"https:\/\/secure.gravatar.com\/avatar\/2a2f2491f3c80039986ba989b1e4b510?s=96&d=identicon&r=g\",\"contentUrl\":\"https:\/\/secure.gravatar.com\/avatar\/2a2f2491f3c80039986ba989b1e4b510?s=96&d=identicon&r=g\",\"caption\":\"ni.abdi\"},\"sameAs\":[\"https:\/\/twitter.com\/Ni.abdi\"],\"url\":\"https:\/\/territorialchallenges.com\/it\/author\/ni-abdi\/\"}]}<\/script>\n<!-- \/ Yoast SEO plugin. -->","yoast_head_json":{"title":"Faire de nos usages sp\u00e9cifiques de l'\u00e9lectricit\u00e9 un d\u00e9bat de soci\u00e9t\u00e9 - Territorial Challenges","robots":{"index":"index","follow":"follow","max-snippet":"max-snippet:-1","max-image-preview":"max-image-preview:large","max-video-preview":"max-video-preview:-1"},"canonical":"https:\/\/territorialchallenges.com\/it\/2018\/10\/14\/faire-de-nos-usages-specifiques-de-lelectricite-un-debat-de-societe\/1687\/","og_locale":"it_IT","og_type":"article","og_title":"Faire de nos usages sp\u00e9cifiques de l'\u00e9lectricit\u00e9 un d\u00e9bat de soci\u00e9t\u00e9 - Territorial Challenges","og_description":"Un rapport du S\u00e9nat publi\u00e9 en juillet 2012 et consacr\u00e9 au \u00ab\u00a0co\u00fbt r\u00e9el de l&rsquo;\u00e9lectricit\u00e9\u00a0\u00bb, ouvrait un vrai d\u00e9bat de soci\u00e9t\u00e9 sur \u00ab\u00a0la pouss\u00e9e des usages sp\u00e9cifiques\u00a0\u00bb dans le r\u00e9sidentiel, tels l&rsquo;\u00e9clairage, les appareils \u00e9lectrodomestiques et audiovisuels&#8230; Plus de trois apr\u00e8s et \u00e0 la veille de la COP21, il semble que le sujet n\u2019est pas [&hellip;]","og_url":"https:\/\/territorialchallenges.com\/it\/2018\/10\/14\/faire-de-nos-usages-specifiques-de-lelectricite-un-debat-de-societe\/1687\/","og_site_name":"Territorial Challenges","article_published_time":"2018-10-14T17:56:56+00:00","author":"ni.abdi","twitter_card":"summary_large_image","twitter_creator":"@Ni.abdi","twitter_misc":{"Scritto da":"ni.abdi","Tempo di lettura stimato":"3 minuti"},"schema":{"@context":"https:\/\/schema.org","@graph":[{"@type":"Article","@id":"https:\/\/territorialchallenges.com\/2018\/10\/14\/faire-de-nos-usages-specifiques-de-lelectricite-un-debat-de-societe\/1687\/#article","isPartOf":{"@id":"https:\/\/territorialchallenges.com\/2018\/10\/14\/faire-de-nos-usages-specifiques-de-lelectricite-un-debat-de-societe\/1687\/"},"author":{"name":"ni.abdi","@id":"https:\/\/territorialchallenges.com\/#\/schema\/person\/098f145c7c61a021c425e010f840080f"},"headline":"Faire de nos usages sp\u00e9cifiques de l&rsquo;\u00e9lectricit\u00e9 un d\u00e9bat de soci\u00e9t\u00e9","datePublished":"2018-10-14T17:56:56+00:00","dateModified":"2018-10-14T17:56:56+00:00","mainEntityOfPage":{"@id":"https:\/\/territorialchallenges.com\/2018\/10\/14\/faire-de-nos-usages-specifiques-de-lelectricite-un-debat-de-societe\/1687\/"},"wordCount":676,"commentCount":0,"publisher":{"@id":"https:\/\/territorialchallenges.com\/#organization"},"articleSection":["Archives - Editos"],"inLanguage":"it-IT"},{"@type":"WebPage","@id":"https:\/\/territorialchallenges.com\/2018\/10\/14\/faire-de-nos-usages-specifiques-de-lelectricite-un-debat-de-societe\/1687\/","url":"https:\/\/territorialchallenges.com\/2018\/10\/14\/faire-de-nos-usages-specifiques-de-lelectricite-un-debat-de-societe\/1687\/","name":"Faire de nos usages sp\u00e9cifiques de l'\u00e9lectricit\u00e9 un d\u00e9bat de soci\u00e9t\u00e9 - Territorial Challenges","isPartOf":{"@id":"https:\/\/territorialchallenges.com\/#website"},"datePublished":"2018-10-14T17:56:56+00:00","dateModified":"2018-10-14T17:56:56+00:00","breadcrumb":{"@id":"https:\/\/territorialchallenges.com\/2018\/10\/14\/faire-de-nos-usages-specifiques-de-lelectricite-un-debat-de-societe\/1687\/#breadcrumb"},"inLanguage":"it-IT","potentialAction":[{"@type":"ReadAction","target":["https:\/\/territorialchallenges.com\/2018\/10\/14\/faire-de-nos-usages-specifiques-de-lelectricite-un-debat-de-societe\/1687\/"]}]},{"@type":"BreadcrumbList","@id":"https:\/\/territorialchallenges.com\/2018\/10\/14\/faire-de-nos-usages-specifiques-de-lelectricite-un-debat-de-societe\/1687\/#breadcrumb","itemListElement":[{"@type":"ListItem","position":1,"name":"Home","item":"https:\/\/territorialchallenges.com\/"},{"@type":"ListItem","position":2,"name":"Faire de nos usages sp\u00e9cifiques de l&rsquo;\u00e9lectricit\u00e9 un d\u00e9bat de soci\u00e9t\u00e9"}]},{"@type":"WebSite","@id":"https:\/\/territorialchallenges.com\/#website","url":"https:\/\/territorialchallenges.com\/","name":"Sfide territoriali","description":"Monitoraggio internazionale - Strategie intelligenti - Migliori pratiche","publisher":{"@id":"https:\/\/territorialchallenges.com\/#organization"},"potentialAction":[{"@type":"SearchAction","target":{"@type":"EntryPoint","urlTemplate":"https:\/\/territorialchallenges.com\/?s={search_term_string}"},"query-input":"required name=search_term_string"}],"inLanguage":"it-IT"},{"@type":"Organization","@id":"https:\/\/territorialchallenges.com\/#organization","name":"Sfide territoriali","url":"https:\/\/territorialchallenges.com\/","logo":{"@type":"ImageObject","inLanguage":"it-IT","@id":"https:\/\/territorialchallenges.com\/#\/schema\/logo\/image\/","url":"https:\/\/territorialchallenges.com\/wp-content\/uploads\/2023\/10\/logo-1.png","contentUrl":"https:\/\/territorialchallenges.com\/wp-content\/uploads\/2023\/10\/logo-1.png","width":1832,"height":576,"caption":"Territorial Challenges"},"image":{"@id":"https:\/\/territorialchallenges.com\/#\/schema\/logo\/image\/"}},{"@type":"Person","@id":"https:\/\/territorialchallenges.com\/#\/schema\/person\/098f145c7c61a021c425e010f840080f","name":"ni.abdi","image":{"@type":"ImageObject","inLanguage":"it-IT","@id":"https:\/\/territorialchallenges.com\/#\/schema\/person\/image\/","url":"https:\/\/secure.gravatar.com\/avatar\/2a2f2491f3c80039986ba989b1e4b510?s=96&d=identicon&r=g","contentUrl":"https:\/\/secure.gravatar.com\/avatar\/2a2f2491f3c80039986ba989b1e4b510?s=96&d=identicon&r=g","caption":"ni.abdi"},"sameAs":["https:\/\/twitter.com\/Ni.abdi"],"url":"https:\/\/territorialchallenges.com\/it\/author\/ni-abdi\/"}]}},"_links":{"self":[{"href":"https:\/\/territorialchallenges.com\/it\/wp-json\/wp\/v2\/posts\/1687"}],"collection":[{"href":"https:\/\/territorialchallenges.com\/it\/wp-json\/wp\/v2\/posts"}],"about":[{"href":"https:\/\/territorialchallenges.com\/it\/wp-json\/wp\/v2\/types\/post"}],"author":[{"embeddable":true,"href":"https:\/\/territorialchallenges.com\/it\/wp-json\/wp\/v2\/users\/11"}],"replies":[{"embeddable":true,"href":"https:\/\/territorialchallenges.com\/it\/wp-json\/wp\/v2\/comments?post=1687"}],"version-history":[{"count":0,"href":"https:\/\/territorialchallenges.com\/it\/wp-json\/wp\/v2\/posts\/1687\/revisions"}],"wp:attachment":[{"href":"https:\/\/territorialchallenges.com\/it\/wp-json\/wp\/v2\/media?parent=1687"}],"wp:term":[{"taxonomy":"category","embeddable":true,"href":"https:\/\/territorialchallenges.com\/it\/wp-json\/wp\/v2\/categories?post=1687"},{"taxonomy":"post_tag","embeddable":true,"href":"https:\/\/territorialchallenges.com\/it\/wp-json\/wp\/v2\/tags?post=1687"}],"curies":[{"name":"parola chiave","href":"https:\/\/api.w.org\/{rel}","templated":true}]}}