{"id":1463,"date":"2018-01-14T23:22:34","date_gmt":"2018-01-14T22:22:34","guid":{"rendered":"https:\/\/ecoinovatio.com\/?p=1463"},"modified":"2018-01-14T23:22:34","modified_gmt":"2018-01-14T22:22:34","slug":"les-equipementiers-francais-de-lenergie-dans-le-doute-face-a-linnovation","status":"publish","type":"post","link":"https:\/\/territorialchallenges.com\/it\/2018\/01\/14\/les-equipementiers-francais-de-lenergie-dans-le-doute-face-a-linnovation\/1463\/","title":{"rendered":"I produttori francesi di apparecchiature energetiche dubitano dell&#039;innovazione"},"content":{"rendered":"<p>In un momento in cui non sappiamo pi\u00f9 se accelerare l&#039;attuazione delle soluzioni auspicate dalla transizione energetica o attendere per dare priorit\u00e0 ai risultati dell&#039;innovazione, sarebbe saggio riconoscere e accettare il dubbio come fattore chiave nei grandi periodi di transizione della storia dell&#039;energia. Chi pu\u00f2 immaginare... <\/p>\n<div class=\"pmpro_content_message\">Articolo disponibile solo per gli abbonati.<br \/><a href=\"https:\/\/territorialchallenges.com\/wp-login.php\">Login<\/a><br \/><a href=\"https:\/\/territorialchallenges.com\/it\/wp-login.php\/?action=register\">Registro<\/a><\/div>","protected":false},"excerpt":{"rendered":"<p>\u00c0 l\u2019heure o\u00f9 on ne sait plus s\u2019il faut acc\u00e9l\u00e9rer la mise en pratique des solutions pr\u00e9conis\u00e9es par la transition \u00e9nerg\u00e9tique, ou plut\u00f4t attendre pour donner les privil\u00e8ges aux r\u00e9sultats de l\u2019innovation, il serait judicieux d\u2019avouer et d\u2019accepter le doute comme facteur cl\u00e9s des grandes p\u00e9riodes de transition de l\u2019histoire de l\u2019\u00e9nergie. Qui peut imaginer... <\/p>\n<div class=\"pmpro_content_message\">Articolo disponibile solo per gli abbonati.<br \/><a href=\"https:\/\/territorialchallenges.com\/wp-login.php\">Login<\/a><br \/><a href=\"https:\/\/territorialchallenges.com\/it\/wp-login.php\/?action=register\">Registro<\/a><\/div>","protected":false},"author":11,"featured_media":0,"comment_status":"open","ping_status":"open","sticky":true,"template":"","format":"standard","meta":{"pmpro_default_level":0,"footnotes":""},"categories":[123],"tags":[],"blocksy_meta":"","yoast_head":"<!-- This site is optimized with the Yoast SEO plugin v21.5 - https:\/\/yoast.com\/wordpress\/plugins\/seo\/ -->\n<title>Les \u00e9quipementiers fran\u00e7ais de l\u2019\u00e9nergie dans le doute face \u00e0 l\u2019innovation - Territorial Challenges<\/title>\n<meta name=\"robots\" content=\"index, follow, max-snippet:-1, max-image-preview:large, max-video-preview:-1\" \/>\n<link rel=\"canonical\" href=\"https:\/\/territorialchallenges.com\/it\/2018\/01\/14\/les-equipementiers-francais-de-lenergie-dans-le-doute-face-a-linnovation\/1463\/\" \/>\n<meta property=\"og:locale\" content=\"it_IT\" \/>\n<meta property=\"og:type\" content=\"article\" \/>\n<meta property=\"og:title\" content=\"Les \u00e9quipementiers fran\u00e7ais de l\u2019\u00e9nergie dans le doute face \u00e0 l\u2019innovation - Territorial Challenges\" \/>\n<meta property=\"og:description\" content=\"\u00c0 l\u2019heure o\u00f9 on ne sait plus s\u2019il faut acc\u00e9l\u00e9rer la mise en pratique des solutions pr\u00e9conis\u00e9es par la transition \u00e9nerg\u00e9tique, ou plut\u00f4t attendre pour donner les privil\u00e8ges aux r\u00e9sultats de l\u2019innovation, il serait judicieux d\u2019avouer et d\u2019accepter le doute comme facteur cl\u00e9s des grandes p\u00e9riodes de transition de l\u2019histoire de l\u2019\u00e9nergie. Qui peut imaginer [&hellip;]\" \/>\n<meta property=\"og:url\" content=\"https:\/\/territorialchallenges.com\/it\/2018\/01\/14\/les-equipementiers-francais-de-lenergie-dans-le-doute-face-a-linnovation\/1463\/\" \/>\n<meta property=\"og:site_name\" content=\"Territorial Challenges\" \/>\n<meta property=\"article:published_time\" content=\"2018-01-14T22:22:34+00:00\" \/>\n<meta name=\"author\" content=\"ni.abdi\" \/>\n<meta name=\"twitter:card\" content=\"summary_large_image\" \/>\n<meta name=\"twitter:creator\" content=\"@Ni.abdi\" \/>\n<meta name=\"twitter:label1\" content=\"Scritto da\" \/>\n\t<meta name=\"twitter:data1\" content=\"ni.abdi\" \/>\n\t<meta name=\"twitter:label2\" content=\"Tempo di lettura stimato\" \/>\n\t<meta name=\"twitter:data2\" content=\"2 minuti\" \/>\n<script type=\"application\/ld+json\" class=\"yoast-schema-graph\">{\"@context\":\"https:\/\/schema.org\",\"@graph\":[{\"@type\":\"Article\",\"@id\":\"https:\/\/territorialchallenges.com\/2018\/01\/14\/les-equipementiers-francais-de-lenergie-dans-le-doute-face-a-linnovation\/1463\/#article\",\"isPartOf\":{\"@id\":\"https:\/\/territorialchallenges.com\/2018\/01\/14\/les-equipementiers-francais-de-lenergie-dans-le-doute-face-a-linnovation\/1463\/\"},\"author\":{\"name\":\"ni.abdi\",\"@id\":\"https:\/\/territorialchallenges.com\/#\/schema\/person\/098f145c7c61a021c425e010f840080f\"},\"headline\":\"Les \u00e9quipementiers fran\u00e7ais de l\u2019\u00e9nergie dans le doute face \u00e0 l\u2019innovation\",\"datePublished\":\"2018-01-14T22:22:34+00:00\",\"dateModified\":\"2018-01-14T22:22:34+00:00\",\"mainEntityOfPage\":{\"@id\":\"https:\/\/territorialchallenges.com\/2018\/01\/14\/les-equipementiers-francais-de-lenergie-dans-le-doute-face-a-linnovation\/1463\/\"},\"wordCount\":510,\"commentCount\":0,\"publisher\":{\"@id\":\"https:\/\/territorialchallenges.com\/#organization\"},\"articleSection\":[\"Archives - Editos\"],\"inLanguage\":\"it-IT\"},{\"@type\":\"WebPage\",\"@id\":\"https:\/\/territorialchallenges.com\/2018\/01\/14\/les-equipementiers-francais-de-lenergie-dans-le-doute-face-a-linnovation\/1463\/\",\"url\":\"https:\/\/territorialchallenges.com\/2018\/01\/14\/les-equipementiers-francais-de-lenergie-dans-le-doute-face-a-linnovation\/1463\/\",\"name\":\"Les \u00e9quipementiers fran\u00e7ais de l\u2019\u00e9nergie dans le doute face \u00e0 l\u2019innovation - Territorial Challenges\",\"isPartOf\":{\"@id\":\"https:\/\/territorialchallenges.com\/#website\"},\"datePublished\":\"2018-01-14T22:22:34+00:00\",\"dateModified\":\"2018-01-14T22:22:34+00:00\",\"breadcrumb\":{\"@id\":\"https:\/\/territorialchallenges.com\/2018\/01\/14\/les-equipementiers-francais-de-lenergie-dans-le-doute-face-a-linnovation\/1463\/#breadcrumb\"},\"inLanguage\":\"it-IT\",\"potentialAction\":[{\"@type\":\"ReadAction\",\"target\":[\"https:\/\/territorialchallenges.com\/2018\/01\/14\/les-equipementiers-francais-de-lenergie-dans-le-doute-face-a-linnovation\/1463\/\"]}]},{\"@type\":\"BreadcrumbList\",\"@id\":\"https:\/\/territorialchallenges.com\/2018\/01\/14\/les-equipementiers-francais-de-lenergie-dans-le-doute-face-a-linnovation\/1463\/#breadcrumb\",\"itemListElement\":[{\"@type\":\"ListItem\",\"position\":1,\"name\":\"Home\",\"item\":\"https:\/\/territorialchallenges.com\/\"},{\"@type\":\"ListItem\",\"position\":2,\"name\":\"Les \u00e9quipementiers fran\u00e7ais de l\u2019\u00e9nergie dans le doute face \u00e0 l\u2019innovation\"}]},{\"@type\":\"WebSite\",\"@id\":\"https:\/\/territorialchallenges.com\/#website\",\"url\":\"https:\/\/territorialchallenges.com\/\",\"name\":\"Territorial Challenges\",\"description\":\"Veille Internationale - Strat\u00e9gie Intelligentes - Bonnes pratiques\",\"publisher\":{\"@id\":\"https:\/\/territorialchallenges.com\/#organization\"},\"potentialAction\":[{\"@type\":\"SearchAction\",\"target\":{\"@type\":\"EntryPoint\",\"urlTemplate\":\"https:\/\/territorialchallenges.com\/?s={search_term_string}\"},\"query-input\":\"required name=search_term_string\"}],\"inLanguage\":\"it-IT\"},{\"@type\":\"Organization\",\"@id\":\"https:\/\/territorialchallenges.com\/#organization\",\"name\":\"Territorial Challenges\",\"url\":\"https:\/\/territorialchallenges.com\/\",\"logo\":{\"@type\":\"ImageObject\",\"inLanguage\":\"it-IT\",\"@id\":\"https:\/\/territorialchallenges.com\/#\/schema\/logo\/image\/\",\"url\":\"https:\/\/territorialchallenges.com\/wp-content\/uploads\/2023\/10\/logo-1.png\",\"contentUrl\":\"https:\/\/territorialchallenges.com\/wp-content\/uploads\/2023\/10\/logo-1.png\",\"width\":1832,\"height\":576,\"caption\":\"Territorial Challenges\"},\"image\":{\"@id\":\"https:\/\/territorialchallenges.com\/#\/schema\/logo\/image\/\"}},{\"@type\":\"Person\",\"@id\":\"https:\/\/territorialchallenges.com\/#\/schema\/person\/098f145c7c61a021c425e010f840080f\",\"name\":\"ni.abdi\",\"image\":{\"@type\":\"ImageObject\",\"inLanguage\":\"it-IT\",\"@id\":\"https:\/\/territorialchallenges.com\/#\/schema\/person\/image\/\",\"url\":\"https:\/\/secure.gravatar.com\/avatar\/2a2f2491f3c80039986ba989b1e4b510?s=96&d=identicon&r=g\",\"contentUrl\":\"https:\/\/secure.gravatar.com\/avatar\/2a2f2491f3c80039986ba989b1e4b510?s=96&d=identicon&r=g\",\"caption\":\"ni.abdi\"},\"sameAs\":[\"https:\/\/twitter.com\/Ni.abdi\"],\"url\":\"https:\/\/territorialchallenges.com\/it\/author\/ni-abdi\/\"}]}<\/script>\n<!-- \/ Yoast SEO plugin. -->","yoast_head_json":{"title":"Les \u00e9quipementiers fran\u00e7ais de l\u2019\u00e9nergie dans le doute face \u00e0 l\u2019innovation - Territorial Challenges","robots":{"index":"index","follow":"follow","max-snippet":"max-snippet:-1","max-image-preview":"max-image-preview:large","max-video-preview":"max-video-preview:-1"},"canonical":"https:\/\/territorialchallenges.com\/it\/2018\/01\/14\/les-equipementiers-francais-de-lenergie-dans-le-doute-face-a-linnovation\/1463\/","og_locale":"it_IT","og_type":"article","og_title":"Les \u00e9quipementiers fran\u00e7ais de l\u2019\u00e9nergie dans le doute face \u00e0 l\u2019innovation - Territorial Challenges","og_description":"\u00c0 l\u2019heure o\u00f9 on ne sait plus s\u2019il faut acc\u00e9l\u00e9rer la mise en pratique des solutions pr\u00e9conis\u00e9es par la transition \u00e9nerg\u00e9tique, ou plut\u00f4t attendre pour donner les privil\u00e8ges aux r\u00e9sultats de l\u2019innovation, il serait judicieux d\u2019avouer et d\u2019accepter le doute comme facteur cl\u00e9s des grandes p\u00e9riodes de transition de l\u2019histoire de l\u2019\u00e9nergie. Qui peut imaginer [&hellip;]","og_url":"https:\/\/territorialchallenges.com\/it\/2018\/01\/14\/les-equipementiers-francais-de-lenergie-dans-le-doute-face-a-linnovation\/1463\/","og_site_name":"Territorial Challenges","article_published_time":"2018-01-14T22:22:34+00:00","author":"ni.abdi","twitter_card":"summary_large_image","twitter_creator":"@Ni.abdi","twitter_misc":{"Scritto da":"ni.abdi","Tempo di lettura stimato":"2 minuti"},"schema":{"@context":"https:\/\/schema.org","@graph":[{"@type":"Article","@id":"https:\/\/territorialchallenges.com\/2018\/01\/14\/les-equipementiers-francais-de-lenergie-dans-le-doute-face-a-linnovation\/1463\/#article","isPartOf":{"@id":"https:\/\/territorialchallenges.com\/2018\/01\/14\/les-equipementiers-francais-de-lenergie-dans-le-doute-face-a-linnovation\/1463\/"},"author":{"name":"ni.abdi","@id":"https:\/\/territorialchallenges.com\/#\/schema\/person\/098f145c7c61a021c425e010f840080f"},"headline":"Les \u00e9quipementiers fran\u00e7ais de l\u2019\u00e9nergie dans le doute face \u00e0 l\u2019innovation","datePublished":"2018-01-14T22:22:34+00:00","dateModified":"2018-01-14T22:22:34+00:00","mainEntityOfPage":{"@id":"https:\/\/territorialchallenges.com\/2018\/01\/14\/les-equipementiers-francais-de-lenergie-dans-le-doute-face-a-linnovation\/1463\/"},"wordCount":510,"commentCount":0,"publisher":{"@id":"https:\/\/territorialchallenges.com\/#organization"},"articleSection":["Archives - Editos"],"inLanguage":"it-IT"},{"@type":"WebPage","@id":"https:\/\/territorialchallenges.com\/2018\/01\/14\/les-equipementiers-francais-de-lenergie-dans-le-doute-face-a-linnovation\/1463\/","url":"https:\/\/territorialchallenges.com\/2018\/01\/14\/les-equipementiers-francais-de-lenergie-dans-le-doute-face-a-linnovation\/1463\/","name":"Les \u00e9quipementiers fran\u00e7ais de l\u2019\u00e9nergie dans le doute face \u00e0 l\u2019innovation - Territorial Challenges","isPartOf":{"@id":"https:\/\/territorialchallenges.com\/#website"},"datePublished":"2018-01-14T22:22:34+00:00","dateModified":"2018-01-14T22:22:34+00:00","breadcrumb":{"@id":"https:\/\/territorialchallenges.com\/2018\/01\/14\/les-equipementiers-francais-de-lenergie-dans-le-doute-face-a-linnovation\/1463\/#breadcrumb"},"inLanguage":"it-IT","potentialAction":[{"@type":"ReadAction","target":["https:\/\/territorialchallenges.com\/2018\/01\/14\/les-equipementiers-francais-de-lenergie-dans-le-doute-face-a-linnovation\/1463\/"]}]},{"@type":"BreadcrumbList","@id":"https:\/\/territorialchallenges.com\/2018\/01\/14\/les-equipementiers-francais-de-lenergie-dans-le-doute-face-a-linnovation\/1463\/#breadcrumb","itemListElement":[{"@type":"ListItem","position":1,"name":"Home","item":"https:\/\/territorialchallenges.com\/"},{"@type":"ListItem","position":2,"name":"Les \u00e9quipementiers fran\u00e7ais de l\u2019\u00e9nergie dans le doute face \u00e0 l\u2019innovation"}]},{"@type":"WebSite","@id":"https:\/\/territorialchallenges.com\/#website","url":"https:\/\/territorialchallenges.com\/","name":"Sfide territoriali","description":"Monitoraggio internazionale - Strategie intelligenti - Migliori pratiche","publisher":{"@id":"https:\/\/territorialchallenges.com\/#organization"},"potentialAction":[{"@type":"SearchAction","target":{"@type":"EntryPoint","urlTemplate":"https:\/\/territorialchallenges.com\/?s={search_term_string}"},"query-input":"required name=search_term_string"}],"inLanguage":"it-IT"},{"@type":"Organization","@id":"https:\/\/territorialchallenges.com\/#organization","name":"Sfide territoriali","url":"https:\/\/territorialchallenges.com\/","logo":{"@type":"ImageObject","inLanguage":"it-IT","@id":"https:\/\/territorialchallenges.com\/#\/schema\/logo\/image\/","url":"https:\/\/territorialchallenges.com\/wp-content\/uploads\/2023\/10\/logo-1.png","contentUrl":"https:\/\/territorialchallenges.com\/wp-content\/uploads\/2023\/10\/logo-1.png","width":1832,"height":576,"caption":"Territorial Challenges"},"image":{"@id":"https:\/\/territorialchallenges.com\/#\/schema\/logo\/image\/"}},{"@type":"Person","@id":"https:\/\/territorialchallenges.com\/#\/schema\/person\/098f145c7c61a021c425e010f840080f","name":"ni.abdi","image":{"@type":"ImageObject","inLanguage":"it-IT","@id":"https:\/\/territorialchallenges.com\/#\/schema\/person\/image\/","url":"https:\/\/secure.gravatar.com\/avatar\/2a2f2491f3c80039986ba989b1e4b510?s=96&d=identicon&r=g","contentUrl":"https:\/\/secure.gravatar.com\/avatar\/2a2f2491f3c80039986ba989b1e4b510?s=96&d=identicon&r=g","caption":"ni.abdi"},"sameAs":["https:\/\/twitter.com\/Ni.abdi"],"url":"https:\/\/territorialchallenges.com\/it\/author\/ni-abdi\/"}]}},"_links":{"self":[{"href":"https:\/\/territorialchallenges.com\/it\/wp-json\/wp\/v2\/posts\/1463"}],"collection":[{"href":"https:\/\/territorialchallenges.com\/it\/wp-json\/wp\/v2\/posts"}],"about":[{"href":"https:\/\/territorialchallenges.com\/it\/wp-json\/wp\/v2\/types\/post"}],"author":[{"embeddable":true,"href":"https:\/\/territorialchallenges.com\/it\/wp-json\/wp\/v2\/users\/11"}],"replies":[{"embeddable":true,"href":"https:\/\/territorialchallenges.com\/it\/wp-json\/wp\/v2\/comments?post=1463"}],"version-history":[{"count":0,"href":"https:\/\/territorialchallenges.com\/it\/wp-json\/wp\/v2\/posts\/1463\/revisions"}],"wp:attachment":[{"href":"https:\/\/territorialchallenges.com\/it\/wp-json\/wp\/v2\/media?parent=1463"}],"wp:term":[{"taxonomy":"category","embeddable":true,"href":"https:\/\/territorialchallenges.com\/it\/wp-json\/wp\/v2\/categories?post=1463"},{"taxonomy":"post_tag","embeddable":true,"href":"https:\/\/territorialchallenges.com\/it\/wp-json\/wp\/v2\/tags?post=1463"}],"curies":[{"name":"parola chiave","href":"https:\/\/api.w.org\/{rel}","templated":true}]}}