{"id":1447,"date":"2018-01-14T22:09:00","date_gmt":"2018-01-14T21:09:00","guid":{"rendered":"https:\/\/ecoinovatio.com\/?p=1447"},"modified":"2018-01-14T22:09:00","modified_gmt":"2018-01-14T21:09:00","slug":"allons-nous-vers-une-perte-didentite-des-salons-et-expositions-en-europe","status":"publish","type":"post","link":"https:\/\/territorialchallenges.com\/it\/2018\/01\/14\/allons-nous-vers-une-perte-didentite-des-salons-et-expositions-en-europe\/1447\/","title":{"rendered":"Stiamo andando verso una perdita di identit\u00e0 per le fiere e le esposizioni in Europa?"},"content":{"rendered":"<p>Contemporaneamente al MIF Expo di Parigi, una presentazione di prodotti &quot;made in France&quot;, e al Web Summit di Dublino, una fiera delle start-up degna di un&#039;antica schiavit\u00f9, si \u00e8 aperto un acceso dibattito tra alcuni professionisti degli eventi sul futuro delle fiere nelle capitali europee. Una vocazione... <\/p>\n<div class=\"pmpro_content_message\">Articolo disponibile solo per gli abbonati.<br \/><a href=\"https:\/\/territorialchallenges.com\/wp-login.php\">Login<\/a><br \/><a href=\"https:\/\/territorialchallenges.com\/it\/wp-login.php\/?action=register\">Registro<\/a><\/div>","protected":false},"excerpt":{"rendered":"<p>Au m\u00eame moment o\u00f9 se d\u00e9roule \u00e0 Paris le MIF Expo, pr\u00e9sentation des produits du \u00ab\u00a0made in France\u00a0\u00bb, et le Web Summit \u00e0 Dublin, un salon de Start up digne de l\u2019esclavage des temps anciens, un houleux d\u00e9bat s\u2019est engag\u00e9 entre certains professionnels de l\u2019\u00e9v\u00e9nementiel, concernant l\u2019avenir des salons dans les capitales europ\u00e9ennes. Une vocation... <\/p>\n<div class=\"pmpro_content_message\">Articolo disponibile solo per gli abbonati.<br \/><a href=\"https:\/\/territorialchallenges.com\/wp-login.php\">Login<\/a><br \/><a href=\"https:\/\/territorialchallenges.com\/it\/wp-login.php\/?action=register\">Registro<\/a><\/div>","protected":false},"author":11,"featured_media":0,"comment_status":"open","ping_status":"open","sticky":true,"template":"","format":"standard","meta":{"pmpro_default_level":0,"footnotes":""},"categories":[123],"tags":[],"blocksy_meta":"","yoast_head":"<!-- This site is optimized with the Yoast SEO plugin v21.5 - https:\/\/yoast.com\/wordpress\/plugins\/seo\/ -->\n<title>Allons-nous vers une perte d&#039;identit\u00e9 des salons et expositions en Europe - Territorial Challenges<\/title>\n<meta name=\"robots\" content=\"index, follow, max-snippet:-1, max-image-preview:large, max-video-preview:-1\" \/>\n<link rel=\"canonical\" href=\"https:\/\/territorialchallenges.com\/it\/2018\/01\/14\/allons-nous-vers-une-perte-didentite-des-salons-et-expositions-en-europe\/1447\/\" \/>\n<meta property=\"og:locale\" content=\"it_IT\" \/>\n<meta property=\"og:type\" content=\"article\" \/>\n<meta property=\"og:title\" content=\"Allons-nous vers une perte d&#039;identit\u00e9 des salons et expositions en Europe - Territorial Challenges\" \/>\n<meta property=\"og:description\" content=\"Au m\u00eame moment o\u00f9 se d\u00e9roule \u00e0 Paris le MIF Expo, pr\u00e9sentation des produits du \u00ab\u00a0made in France\u00a0\u00bb, et le Web Summit \u00e0 Dublin, un salon de Start up digne de l\u2019esclavage des temps anciens, un houleux d\u00e9bat s\u2019est engag\u00e9 entre certains professionnels de l\u2019\u00e9v\u00e9nementiel, concernant l\u2019avenir des salons dans les capitales europ\u00e9ennes. Une vocation [&hellip;]\" \/>\n<meta property=\"og:url\" content=\"https:\/\/territorialchallenges.com\/it\/2018\/01\/14\/allons-nous-vers-une-perte-didentite-des-salons-et-expositions-en-europe\/1447\/\" \/>\n<meta property=\"og:site_name\" content=\"Territorial Challenges\" \/>\n<meta property=\"article:published_time\" content=\"2018-01-14T21:09:00+00:00\" \/>\n<meta name=\"author\" content=\"ni.abdi\" \/>\n<meta name=\"twitter:card\" content=\"summary_large_image\" \/>\n<meta name=\"twitter:creator\" content=\"@Ni.abdi\" \/>\n<meta name=\"twitter:label1\" content=\"Scritto da\" \/>\n\t<meta name=\"twitter:data1\" content=\"ni.abdi\" \/>\n\t<meta name=\"twitter:label2\" content=\"Tempo di lettura stimato\" \/>\n\t<meta name=\"twitter:data2\" content=\"4 minuti\" \/>\n<script type=\"application\/ld+json\" class=\"yoast-schema-graph\">{\"@context\":\"https:\/\/schema.org\",\"@graph\":[{\"@type\":\"Article\",\"@id\":\"https:\/\/territorialchallenges.com\/2018\/01\/14\/allons-nous-vers-une-perte-didentite-des-salons-et-expositions-en-europe\/1447\/#article\",\"isPartOf\":{\"@id\":\"https:\/\/territorialchallenges.com\/2018\/01\/14\/allons-nous-vers-une-perte-didentite-des-salons-et-expositions-en-europe\/1447\/\"},\"author\":{\"name\":\"ni.abdi\",\"@id\":\"https:\/\/territorialchallenges.com\/#\/schema\/person\/098f145c7c61a021c425e010f840080f\"},\"headline\":\"Allons-nous vers une perte d&rsquo;identit\u00e9 des salons et expositions en Europe\",\"datePublished\":\"2018-01-14T21:09:00+00:00\",\"dateModified\":\"2018-01-14T21:09:00+00:00\",\"mainEntityOfPage\":{\"@id\":\"https:\/\/territorialchallenges.com\/2018\/01\/14\/allons-nous-vers-une-perte-didentite-des-salons-et-expositions-en-europe\/1447\/\"},\"wordCount\":875,\"commentCount\":0,\"publisher\":{\"@id\":\"https:\/\/territorialchallenges.com\/#organization\"},\"articleSection\":[\"Archives - Editos\"],\"inLanguage\":\"it-IT\"},{\"@type\":\"WebPage\",\"@id\":\"https:\/\/territorialchallenges.com\/2018\/01\/14\/allons-nous-vers-une-perte-didentite-des-salons-et-expositions-en-europe\/1447\/\",\"url\":\"https:\/\/territorialchallenges.com\/2018\/01\/14\/allons-nous-vers-une-perte-didentite-des-salons-et-expositions-en-europe\/1447\/\",\"name\":\"Allons-nous vers une perte d'identit\u00e9 des salons et expositions en Europe - Territorial Challenges\",\"isPartOf\":{\"@id\":\"https:\/\/territorialchallenges.com\/#website\"},\"datePublished\":\"2018-01-14T21:09:00+00:00\",\"dateModified\":\"2018-01-14T21:09:00+00:00\",\"breadcrumb\":{\"@id\":\"https:\/\/territorialchallenges.com\/2018\/01\/14\/allons-nous-vers-une-perte-didentite-des-salons-et-expositions-en-europe\/1447\/#breadcrumb\"},\"inLanguage\":\"it-IT\",\"potentialAction\":[{\"@type\":\"ReadAction\",\"target\":[\"https:\/\/territorialchallenges.com\/2018\/01\/14\/allons-nous-vers-une-perte-didentite-des-salons-et-expositions-en-europe\/1447\/\"]}]},{\"@type\":\"BreadcrumbList\",\"@id\":\"https:\/\/territorialchallenges.com\/2018\/01\/14\/allons-nous-vers-une-perte-didentite-des-salons-et-expositions-en-europe\/1447\/#breadcrumb\",\"itemListElement\":[{\"@type\":\"ListItem\",\"position\":1,\"name\":\"Home\",\"item\":\"https:\/\/territorialchallenges.com\/\"},{\"@type\":\"ListItem\",\"position\":2,\"name\":\"Allons-nous vers une perte d&rsquo;identit\u00e9 des salons et expositions en Europe\"}]},{\"@type\":\"WebSite\",\"@id\":\"https:\/\/territorialchallenges.com\/#website\",\"url\":\"https:\/\/territorialchallenges.com\/\",\"name\":\"Territorial Challenges\",\"description\":\"Veille Internationale - Strat\u00e9gie Intelligentes - Bonnes pratiques\",\"publisher\":{\"@id\":\"https:\/\/territorialchallenges.com\/#organization\"},\"potentialAction\":[{\"@type\":\"SearchAction\",\"target\":{\"@type\":\"EntryPoint\",\"urlTemplate\":\"https:\/\/territorialchallenges.com\/?s={search_term_string}\"},\"query-input\":\"required name=search_term_string\"}],\"inLanguage\":\"it-IT\"},{\"@type\":\"Organization\",\"@id\":\"https:\/\/territorialchallenges.com\/#organization\",\"name\":\"Territorial Challenges\",\"url\":\"https:\/\/territorialchallenges.com\/\",\"logo\":{\"@type\":\"ImageObject\",\"inLanguage\":\"it-IT\",\"@id\":\"https:\/\/territorialchallenges.com\/#\/schema\/logo\/image\/\",\"url\":\"https:\/\/territorialchallenges.com\/wp-content\/uploads\/2023\/10\/logo-1.png\",\"contentUrl\":\"https:\/\/territorialchallenges.com\/wp-content\/uploads\/2023\/10\/logo-1.png\",\"width\":1832,\"height\":576,\"caption\":\"Territorial Challenges\"},\"image\":{\"@id\":\"https:\/\/territorialchallenges.com\/#\/schema\/logo\/image\/\"}},{\"@type\":\"Person\",\"@id\":\"https:\/\/territorialchallenges.com\/#\/schema\/person\/098f145c7c61a021c425e010f840080f\",\"name\":\"ni.abdi\",\"image\":{\"@type\":\"ImageObject\",\"inLanguage\":\"it-IT\",\"@id\":\"https:\/\/territorialchallenges.com\/#\/schema\/person\/image\/\",\"url\":\"https:\/\/secure.gravatar.com\/avatar\/2a2f2491f3c80039986ba989b1e4b510?s=96&d=identicon&r=g\",\"contentUrl\":\"https:\/\/secure.gravatar.com\/avatar\/2a2f2491f3c80039986ba989b1e4b510?s=96&d=identicon&r=g\",\"caption\":\"ni.abdi\"},\"sameAs\":[\"https:\/\/twitter.com\/Ni.abdi\"],\"url\":\"https:\/\/territorialchallenges.com\/it\/author\/ni-abdi\/\"}]}<\/script>\n<!-- \/ Yoast SEO plugin. -->","yoast_head_json":{"title":"Allons-nous vers une perte d'identit\u00e9 des salons et expositions en Europe - Territorial Challenges","robots":{"index":"index","follow":"follow","max-snippet":"max-snippet:-1","max-image-preview":"max-image-preview:large","max-video-preview":"max-video-preview:-1"},"canonical":"https:\/\/territorialchallenges.com\/it\/2018\/01\/14\/allons-nous-vers-une-perte-didentite-des-salons-et-expositions-en-europe\/1447\/","og_locale":"it_IT","og_type":"article","og_title":"Allons-nous vers une perte d'identit\u00e9 des salons et expositions en Europe - Territorial Challenges","og_description":"Au m\u00eame moment o\u00f9 se d\u00e9roule \u00e0 Paris le MIF Expo, pr\u00e9sentation des produits du \u00ab\u00a0made in France\u00a0\u00bb, et le Web Summit \u00e0 Dublin, un salon de Start up digne de l\u2019esclavage des temps anciens, un houleux d\u00e9bat s\u2019est engag\u00e9 entre certains professionnels de l\u2019\u00e9v\u00e9nementiel, concernant l\u2019avenir des salons dans les capitales europ\u00e9ennes. Une vocation [&hellip;]","og_url":"https:\/\/territorialchallenges.com\/it\/2018\/01\/14\/allons-nous-vers-une-perte-didentite-des-salons-et-expositions-en-europe\/1447\/","og_site_name":"Territorial Challenges","article_published_time":"2018-01-14T21:09:00+00:00","author":"ni.abdi","twitter_card":"summary_large_image","twitter_creator":"@Ni.abdi","twitter_misc":{"Scritto da":"ni.abdi","Tempo di lettura stimato":"4 minuti"},"schema":{"@context":"https:\/\/schema.org","@graph":[{"@type":"Article","@id":"https:\/\/territorialchallenges.com\/2018\/01\/14\/allons-nous-vers-une-perte-didentite-des-salons-et-expositions-en-europe\/1447\/#article","isPartOf":{"@id":"https:\/\/territorialchallenges.com\/2018\/01\/14\/allons-nous-vers-une-perte-didentite-des-salons-et-expositions-en-europe\/1447\/"},"author":{"name":"ni.abdi","@id":"https:\/\/territorialchallenges.com\/#\/schema\/person\/098f145c7c61a021c425e010f840080f"},"headline":"Allons-nous vers une perte d&rsquo;identit\u00e9 des salons et expositions en Europe","datePublished":"2018-01-14T21:09:00+00:00","dateModified":"2018-01-14T21:09:00+00:00","mainEntityOfPage":{"@id":"https:\/\/territorialchallenges.com\/2018\/01\/14\/allons-nous-vers-une-perte-didentite-des-salons-et-expositions-en-europe\/1447\/"},"wordCount":875,"commentCount":0,"publisher":{"@id":"https:\/\/territorialchallenges.com\/#organization"},"articleSection":["Archives - Editos"],"inLanguage":"it-IT"},{"@type":"WebPage","@id":"https:\/\/territorialchallenges.com\/2018\/01\/14\/allons-nous-vers-une-perte-didentite-des-salons-et-expositions-en-europe\/1447\/","url":"https:\/\/territorialchallenges.com\/2018\/01\/14\/allons-nous-vers-une-perte-didentite-des-salons-et-expositions-en-europe\/1447\/","name":"Allons-nous vers une perte d'identit\u00e9 des salons et expositions en Europe - Territorial Challenges","isPartOf":{"@id":"https:\/\/territorialchallenges.com\/#website"},"datePublished":"2018-01-14T21:09:00+00:00","dateModified":"2018-01-14T21:09:00+00:00","breadcrumb":{"@id":"https:\/\/territorialchallenges.com\/2018\/01\/14\/allons-nous-vers-une-perte-didentite-des-salons-et-expositions-en-europe\/1447\/#breadcrumb"},"inLanguage":"it-IT","potentialAction":[{"@type":"ReadAction","target":["https:\/\/territorialchallenges.com\/2018\/01\/14\/allons-nous-vers-une-perte-didentite-des-salons-et-expositions-en-europe\/1447\/"]}]},{"@type":"BreadcrumbList","@id":"https:\/\/territorialchallenges.com\/2018\/01\/14\/allons-nous-vers-une-perte-didentite-des-salons-et-expositions-en-europe\/1447\/#breadcrumb","itemListElement":[{"@type":"ListItem","position":1,"name":"Home","item":"https:\/\/territorialchallenges.com\/"},{"@type":"ListItem","position":2,"name":"Allons-nous vers une perte d&rsquo;identit\u00e9 des salons et expositions en Europe"}]},{"@type":"WebSite","@id":"https:\/\/territorialchallenges.com\/#website","url":"https:\/\/territorialchallenges.com\/","name":"Sfide territoriali","description":"Monitoraggio internazionale - Strategie intelligenti - Migliori pratiche","publisher":{"@id":"https:\/\/territorialchallenges.com\/#organization"},"potentialAction":[{"@type":"SearchAction","target":{"@type":"EntryPoint","urlTemplate":"https:\/\/territorialchallenges.com\/?s={search_term_string}"},"query-input":"required name=search_term_string"}],"inLanguage":"it-IT"},{"@type":"Organization","@id":"https:\/\/territorialchallenges.com\/#organization","name":"Sfide territoriali","url":"https:\/\/territorialchallenges.com\/","logo":{"@type":"ImageObject","inLanguage":"it-IT","@id":"https:\/\/territorialchallenges.com\/#\/schema\/logo\/image\/","url":"https:\/\/territorialchallenges.com\/wp-content\/uploads\/2023\/10\/logo-1.png","contentUrl":"https:\/\/territorialchallenges.com\/wp-content\/uploads\/2023\/10\/logo-1.png","width":1832,"height":576,"caption":"Territorial Challenges"},"image":{"@id":"https:\/\/territorialchallenges.com\/#\/schema\/logo\/image\/"}},{"@type":"Person","@id":"https:\/\/territorialchallenges.com\/#\/schema\/person\/098f145c7c61a021c425e010f840080f","name":"ni.abdi","image":{"@type":"ImageObject","inLanguage":"it-IT","@id":"https:\/\/territorialchallenges.com\/#\/schema\/person\/image\/","url":"https:\/\/secure.gravatar.com\/avatar\/2a2f2491f3c80039986ba989b1e4b510?s=96&d=identicon&r=g","contentUrl":"https:\/\/secure.gravatar.com\/avatar\/2a2f2491f3c80039986ba989b1e4b510?s=96&d=identicon&r=g","caption":"ni.abdi"},"sameAs":["https:\/\/twitter.com\/Ni.abdi"],"url":"https:\/\/territorialchallenges.com\/it\/author\/ni-abdi\/"}]}},"_links":{"self":[{"href":"https:\/\/territorialchallenges.com\/it\/wp-json\/wp\/v2\/posts\/1447"}],"collection":[{"href":"https:\/\/territorialchallenges.com\/it\/wp-json\/wp\/v2\/posts"}],"about":[{"href":"https:\/\/territorialchallenges.com\/it\/wp-json\/wp\/v2\/types\/post"}],"author":[{"embeddable":true,"href":"https:\/\/territorialchallenges.com\/it\/wp-json\/wp\/v2\/users\/11"}],"replies":[{"embeddable":true,"href":"https:\/\/territorialchallenges.com\/it\/wp-json\/wp\/v2\/comments?post=1447"}],"version-history":[{"count":0,"href":"https:\/\/territorialchallenges.com\/it\/wp-json\/wp\/v2\/posts\/1447\/revisions"}],"wp:attachment":[{"href":"https:\/\/territorialchallenges.com\/it\/wp-json\/wp\/v2\/media?parent=1447"}],"wp:term":[{"taxonomy":"category","embeddable":true,"href":"https:\/\/territorialchallenges.com\/it\/wp-json\/wp\/v2\/categories?post=1447"},{"taxonomy":"post_tag","embeddable":true,"href":"https:\/\/territorialchallenges.com\/it\/wp-json\/wp\/v2\/tags?post=1447"}],"curies":[{"name":"parola chiave","href":"https:\/\/api.w.org\/{rel}","templated":true}]}}