{"id":1431,"date":"2018-01-12T23:46:14","date_gmt":"2018-01-12T22:46:14","guid":{"rendered":"https:\/\/ecoinovatio.com\/?p=1431"},"modified":"2018-01-12T23:46:14","modified_gmt":"2018-01-12T22:46:14","slug":"les-industries-de-lelectrique-et-de-lelectronique-fetent-leur-40-ans-de-mariage","status":"publish","type":"post","link":"https:\/\/territorialchallenges.com\/it\/2018\/01\/12\/les-industries-de-lelectrique-et-de-lelectronique-fetent-leur-40-ans-de-mariage\/1431\/","title":{"rendered":"L&#039;industria elettrica ed elettronica celebra il suo 40\u00b0 anniversario"},"content":{"rendered":"<p>Nel mezzo del caos delle transizioni energetiche e digitali, l&#039;anniversario dell&#039;unione delle industrie elettriche ed elettroniche non pu\u00f2 lasciare nessuno indifferente. Soprattutto in un momento in cui il futuro di entrambi i settori \u00e8 in gioco. 40 anni fa, il 1\u00b0 luglio 1975, l&#039;Unione Generale delle Costruzioni Elettriche (SGCE) e la Federazione Nazionale delle Industrie Elettroniche... <\/p>\n<div class=\"pmpro_content_message\">Articolo disponibile solo per gli abbonati.<br \/><a href=\"https:\/\/territorialchallenges.com\/wp-login.php\">Login<\/a><br \/><a href=\"https:\/\/territorialchallenges.com\/it\/wp-login.php\/?action=register\">Registro<\/a><\/div>","protected":false},"excerpt":{"rendered":"<p>Dans l\u2019agitation des transitions \u00e9nerg\u00e9tiques et num\u00e9riques, l\u2019anniversaire des \u00e9pousailles des industries \u00e9lectrique et \u00e9lectronique ne peuvent laisser indiff\u00e9rent. Surtout \u00e0 un moment o\u00f9\u00a0 l\u2019avenir des deux fili\u00e8res est en jeu. Il y a 40 ans, le 1er juillet 1975, le Syndicat G\u00e9n\u00e9ral de la Construction Electrique (SGCE) et la F\u00e9d\u00e9ration Nationale des Industries Electroniques... <\/p>\n<div class=\"pmpro_content_message\">Articolo disponibile solo per gli abbonati.<br \/><a href=\"https:\/\/territorialchallenges.com\/wp-login.php\">Login<\/a><br \/><a href=\"https:\/\/territorialchallenges.com\/it\/wp-login.php\/?action=register\">Registro<\/a><\/div>","protected":false},"author":11,"featured_media":0,"comment_status":"open","ping_status":"open","sticky":true,"template":"","format":"standard","meta":{"pmpro_default_level":0,"footnotes":""},"categories":[123],"tags":[],"blocksy_meta":"","yoast_head":"<!-- This site is optimized with the Yoast SEO plugin v21.5 - https:\/\/yoast.com\/wordpress\/plugins\/seo\/ -->\n<title>Les industries de l\u2019\u00e9lectrique et de l\u2019\u00e9lectronique f\u00eatent leur 40 ans de mariage - Territorial Challenges<\/title>\n<meta name=\"robots\" content=\"index, follow, max-snippet:-1, max-image-preview:large, max-video-preview:-1\" \/>\n<link rel=\"canonical\" href=\"https:\/\/territorialchallenges.com\/it\/2018\/01\/12\/les-industries-de-lelectrique-et-de-lelectronique-fetent-leur-40-ans-de-mariage\/1431\/\" \/>\n<meta property=\"og:locale\" content=\"it_IT\" \/>\n<meta property=\"og:type\" content=\"article\" \/>\n<meta property=\"og:title\" content=\"Les industries de l\u2019\u00e9lectrique et de l\u2019\u00e9lectronique f\u00eatent leur 40 ans de mariage - Territorial Challenges\" \/>\n<meta property=\"og:description\" content=\"Dans l\u2019agitation des transitions \u00e9nerg\u00e9tiques et num\u00e9riques, l\u2019anniversaire des \u00e9pousailles des industries \u00e9lectrique et \u00e9lectronique ne peuvent laisser indiff\u00e9rent. Surtout \u00e0 un moment o\u00f9\u00a0 l\u2019avenir des deux fili\u00e8res est en jeu. Il y a 40 ans, le 1er juillet 1975, le Syndicat G\u00e9n\u00e9ral de la Construction Electrique (SGCE) et la F\u00e9d\u00e9ration Nationale des Industries Electroniques [&hellip;]\" \/>\n<meta property=\"og:url\" content=\"https:\/\/territorialchallenges.com\/it\/2018\/01\/12\/les-industries-de-lelectrique-et-de-lelectronique-fetent-leur-40-ans-de-mariage\/1431\/\" \/>\n<meta property=\"og:site_name\" content=\"Territorial Challenges\" \/>\n<meta property=\"article:published_time\" content=\"2018-01-12T22:46:14+00:00\" \/>\n<meta name=\"author\" content=\"ni.abdi\" \/>\n<meta name=\"twitter:card\" content=\"summary_large_image\" \/>\n<meta name=\"twitter:creator\" content=\"@Ni.abdi\" \/>\n<meta name=\"twitter:label1\" content=\"Scritto da\" \/>\n\t<meta name=\"twitter:data1\" content=\"ni.abdi\" \/>\n\t<meta name=\"twitter:label2\" content=\"Tempo di lettura stimato\" \/>\n\t<meta name=\"twitter:data2\" content=\"4 minuti\" \/>\n<script type=\"application\/ld+json\" class=\"yoast-schema-graph\">{\"@context\":\"https:\/\/schema.org\",\"@graph\":[{\"@type\":\"Article\",\"@id\":\"https:\/\/territorialchallenges.com\/2018\/01\/12\/les-industries-de-lelectrique-et-de-lelectronique-fetent-leur-40-ans-de-mariage\/1431\/#article\",\"isPartOf\":{\"@id\":\"https:\/\/territorialchallenges.com\/2018\/01\/12\/les-industries-de-lelectrique-et-de-lelectronique-fetent-leur-40-ans-de-mariage\/1431\/\"},\"author\":{\"name\":\"ni.abdi\",\"@id\":\"https:\/\/territorialchallenges.com\/#\/schema\/person\/098f145c7c61a021c425e010f840080f\"},\"headline\":\"Les industries de l\u2019\u00e9lectrique et de l\u2019\u00e9lectronique f\u00eatent leur 40 ans de mariage\",\"datePublished\":\"2018-01-12T22:46:14+00:00\",\"dateModified\":\"2018-01-12T22:46:14+00:00\",\"mainEntityOfPage\":{\"@id\":\"https:\/\/territorialchallenges.com\/2018\/01\/12\/les-industries-de-lelectrique-et-de-lelectronique-fetent-leur-40-ans-de-mariage\/1431\/\"},\"wordCount\":725,\"commentCount\":0,\"publisher\":{\"@id\":\"https:\/\/territorialchallenges.com\/#organization\"},\"articleSection\":[\"Archives - Editos\"],\"inLanguage\":\"it-IT\"},{\"@type\":\"WebPage\",\"@id\":\"https:\/\/territorialchallenges.com\/2018\/01\/12\/les-industries-de-lelectrique-et-de-lelectronique-fetent-leur-40-ans-de-mariage\/1431\/\",\"url\":\"https:\/\/territorialchallenges.com\/2018\/01\/12\/les-industries-de-lelectrique-et-de-lelectronique-fetent-leur-40-ans-de-mariage\/1431\/\",\"name\":\"Les industries de l\u2019\u00e9lectrique et de l\u2019\u00e9lectronique f\u00eatent leur 40 ans de mariage - Territorial Challenges\",\"isPartOf\":{\"@id\":\"https:\/\/territorialchallenges.com\/#website\"},\"datePublished\":\"2018-01-12T22:46:14+00:00\",\"dateModified\":\"2018-01-12T22:46:14+00:00\",\"breadcrumb\":{\"@id\":\"https:\/\/territorialchallenges.com\/2018\/01\/12\/les-industries-de-lelectrique-et-de-lelectronique-fetent-leur-40-ans-de-mariage\/1431\/#breadcrumb\"},\"inLanguage\":\"it-IT\",\"potentialAction\":[{\"@type\":\"ReadAction\",\"target\":[\"https:\/\/territorialchallenges.com\/2018\/01\/12\/les-industries-de-lelectrique-et-de-lelectronique-fetent-leur-40-ans-de-mariage\/1431\/\"]}]},{\"@type\":\"BreadcrumbList\",\"@id\":\"https:\/\/territorialchallenges.com\/2018\/01\/12\/les-industries-de-lelectrique-et-de-lelectronique-fetent-leur-40-ans-de-mariage\/1431\/#breadcrumb\",\"itemListElement\":[{\"@type\":\"ListItem\",\"position\":1,\"name\":\"Home\",\"item\":\"https:\/\/territorialchallenges.com\/\"},{\"@type\":\"ListItem\",\"position\":2,\"name\":\"Les industries de l\u2019\u00e9lectrique et de l\u2019\u00e9lectronique f\u00eatent leur 40 ans de mariage\"}]},{\"@type\":\"WebSite\",\"@id\":\"https:\/\/territorialchallenges.com\/#website\",\"url\":\"https:\/\/territorialchallenges.com\/\",\"name\":\"Territorial Challenges\",\"description\":\"Veille Internationale - Strat\u00e9gie Intelligentes - Bonnes pratiques\",\"publisher\":{\"@id\":\"https:\/\/territorialchallenges.com\/#organization\"},\"potentialAction\":[{\"@type\":\"SearchAction\",\"target\":{\"@type\":\"EntryPoint\",\"urlTemplate\":\"https:\/\/territorialchallenges.com\/?s={search_term_string}\"},\"query-input\":\"required name=search_term_string\"}],\"inLanguage\":\"it-IT\"},{\"@type\":\"Organization\",\"@id\":\"https:\/\/territorialchallenges.com\/#organization\",\"name\":\"Territorial Challenges\",\"url\":\"https:\/\/territorialchallenges.com\/\",\"logo\":{\"@type\":\"ImageObject\",\"inLanguage\":\"it-IT\",\"@id\":\"https:\/\/territorialchallenges.com\/#\/schema\/logo\/image\/\",\"url\":\"https:\/\/territorialchallenges.com\/wp-content\/uploads\/2023\/10\/logo-1.png\",\"contentUrl\":\"https:\/\/territorialchallenges.com\/wp-content\/uploads\/2023\/10\/logo-1.png\",\"width\":1832,\"height\":576,\"caption\":\"Territorial Challenges\"},\"image\":{\"@id\":\"https:\/\/territorialchallenges.com\/#\/schema\/logo\/image\/\"}},{\"@type\":\"Person\",\"@id\":\"https:\/\/territorialchallenges.com\/#\/schema\/person\/098f145c7c61a021c425e010f840080f\",\"name\":\"ni.abdi\",\"image\":{\"@type\":\"ImageObject\",\"inLanguage\":\"it-IT\",\"@id\":\"https:\/\/territorialchallenges.com\/#\/schema\/person\/image\/\",\"url\":\"https:\/\/secure.gravatar.com\/avatar\/2a2f2491f3c80039986ba989b1e4b510?s=96&d=identicon&r=g\",\"contentUrl\":\"https:\/\/secure.gravatar.com\/avatar\/2a2f2491f3c80039986ba989b1e4b510?s=96&d=identicon&r=g\",\"caption\":\"ni.abdi\"},\"sameAs\":[\"https:\/\/twitter.com\/Ni.abdi\"],\"url\":\"https:\/\/territorialchallenges.com\/it\/author\/ni-abdi\/\"}]}<\/script>\n<!-- \/ Yoast SEO plugin. -->","yoast_head_json":{"title":"Les industries de l\u2019\u00e9lectrique et de l\u2019\u00e9lectronique f\u00eatent leur 40 ans de mariage - Territorial Challenges","robots":{"index":"index","follow":"follow","max-snippet":"max-snippet:-1","max-image-preview":"max-image-preview:large","max-video-preview":"max-video-preview:-1"},"canonical":"https:\/\/territorialchallenges.com\/it\/2018\/01\/12\/les-industries-de-lelectrique-et-de-lelectronique-fetent-leur-40-ans-de-mariage\/1431\/","og_locale":"it_IT","og_type":"article","og_title":"Les industries de l\u2019\u00e9lectrique et de l\u2019\u00e9lectronique f\u00eatent leur 40 ans de mariage - Territorial Challenges","og_description":"Dans l\u2019agitation des transitions \u00e9nerg\u00e9tiques et num\u00e9riques, l\u2019anniversaire des \u00e9pousailles des industries \u00e9lectrique et \u00e9lectronique ne peuvent laisser indiff\u00e9rent. Surtout \u00e0 un moment o\u00f9\u00a0 l\u2019avenir des deux fili\u00e8res est en jeu. Il y a 40 ans, le 1er juillet 1975, le Syndicat G\u00e9n\u00e9ral de la Construction Electrique (SGCE) et la F\u00e9d\u00e9ration Nationale des Industries Electroniques [&hellip;]","og_url":"https:\/\/territorialchallenges.com\/it\/2018\/01\/12\/les-industries-de-lelectrique-et-de-lelectronique-fetent-leur-40-ans-de-mariage\/1431\/","og_site_name":"Territorial Challenges","article_published_time":"2018-01-12T22:46:14+00:00","author":"ni.abdi","twitter_card":"summary_large_image","twitter_creator":"@Ni.abdi","twitter_misc":{"Scritto da":"ni.abdi","Tempo di lettura stimato":"4 minuti"},"schema":{"@context":"https:\/\/schema.org","@graph":[{"@type":"Article","@id":"https:\/\/territorialchallenges.com\/2018\/01\/12\/les-industries-de-lelectrique-et-de-lelectronique-fetent-leur-40-ans-de-mariage\/1431\/#article","isPartOf":{"@id":"https:\/\/territorialchallenges.com\/2018\/01\/12\/les-industries-de-lelectrique-et-de-lelectronique-fetent-leur-40-ans-de-mariage\/1431\/"},"author":{"name":"ni.abdi","@id":"https:\/\/territorialchallenges.com\/#\/schema\/person\/098f145c7c61a021c425e010f840080f"},"headline":"Les industries de l\u2019\u00e9lectrique et de l\u2019\u00e9lectronique f\u00eatent leur 40 ans de mariage","datePublished":"2018-01-12T22:46:14+00:00","dateModified":"2018-01-12T22:46:14+00:00","mainEntityOfPage":{"@id":"https:\/\/territorialchallenges.com\/2018\/01\/12\/les-industries-de-lelectrique-et-de-lelectronique-fetent-leur-40-ans-de-mariage\/1431\/"},"wordCount":725,"commentCount":0,"publisher":{"@id":"https:\/\/territorialchallenges.com\/#organization"},"articleSection":["Archives - Editos"],"inLanguage":"it-IT"},{"@type":"WebPage","@id":"https:\/\/territorialchallenges.com\/2018\/01\/12\/les-industries-de-lelectrique-et-de-lelectronique-fetent-leur-40-ans-de-mariage\/1431\/","url":"https:\/\/territorialchallenges.com\/2018\/01\/12\/les-industries-de-lelectrique-et-de-lelectronique-fetent-leur-40-ans-de-mariage\/1431\/","name":"Les industries de l\u2019\u00e9lectrique et de l\u2019\u00e9lectronique f\u00eatent leur 40 ans de mariage - Territorial Challenges","isPartOf":{"@id":"https:\/\/territorialchallenges.com\/#website"},"datePublished":"2018-01-12T22:46:14+00:00","dateModified":"2018-01-12T22:46:14+00:00","breadcrumb":{"@id":"https:\/\/territorialchallenges.com\/2018\/01\/12\/les-industries-de-lelectrique-et-de-lelectronique-fetent-leur-40-ans-de-mariage\/1431\/#breadcrumb"},"inLanguage":"it-IT","potentialAction":[{"@type":"ReadAction","target":["https:\/\/territorialchallenges.com\/2018\/01\/12\/les-industries-de-lelectrique-et-de-lelectronique-fetent-leur-40-ans-de-mariage\/1431\/"]}]},{"@type":"BreadcrumbList","@id":"https:\/\/territorialchallenges.com\/2018\/01\/12\/les-industries-de-lelectrique-et-de-lelectronique-fetent-leur-40-ans-de-mariage\/1431\/#breadcrumb","itemListElement":[{"@type":"ListItem","position":1,"name":"Home","item":"https:\/\/territorialchallenges.com\/"},{"@type":"ListItem","position":2,"name":"Les industries de l\u2019\u00e9lectrique et de l\u2019\u00e9lectronique f\u00eatent leur 40 ans de mariage"}]},{"@type":"WebSite","@id":"https:\/\/territorialchallenges.com\/#website","url":"https:\/\/territorialchallenges.com\/","name":"Sfide territoriali","description":"Monitoraggio internazionale - Strategie intelligenti - Migliori pratiche","publisher":{"@id":"https:\/\/territorialchallenges.com\/#organization"},"potentialAction":[{"@type":"SearchAction","target":{"@type":"EntryPoint","urlTemplate":"https:\/\/territorialchallenges.com\/?s={search_term_string}"},"query-input":"required name=search_term_string"}],"inLanguage":"it-IT"},{"@type":"Organization","@id":"https:\/\/territorialchallenges.com\/#organization","name":"Sfide territoriali","url":"https:\/\/territorialchallenges.com\/","logo":{"@type":"ImageObject","inLanguage":"it-IT","@id":"https:\/\/territorialchallenges.com\/#\/schema\/logo\/image\/","url":"https:\/\/territorialchallenges.com\/wp-content\/uploads\/2023\/10\/logo-1.png","contentUrl":"https:\/\/territorialchallenges.com\/wp-content\/uploads\/2023\/10\/logo-1.png","width":1832,"height":576,"caption":"Territorial Challenges"},"image":{"@id":"https:\/\/territorialchallenges.com\/#\/schema\/logo\/image\/"}},{"@type":"Person","@id":"https:\/\/territorialchallenges.com\/#\/schema\/person\/098f145c7c61a021c425e010f840080f","name":"ni.abdi","image":{"@type":"ImageObject","inLanguage":"it-IT","@id":"https:\/\/territorialchallenges.com\/#\/schema\/person\/image\/","url":"https:\/\/secure.gravatar.com\/avatar\/2a2f2491f3c80039986ba989b1e4b510?s=96&d=identicon&r=g","contentUrl":"https:\/\/secure.gravatar.com\/avatar\/2a2f2491f3c80039986ba989b1e4b510?s=96&d=identicon&r=g","caption":"ni.abdi"},"sameAs":["https:\/\/twitter.com\/Ni.abdi"],"url":"https:\/\/territorialchallenges.com\/it\/author\/ni-abdi\/"}]}},"_links":{"self":[{"href":"https:\/\/territorialchallenges.com\/it\/wp-json\/wp\/v2\/posts\/1431"}],"collection":[{"href":"https:\/\/territorialchallenges.com\/it\/wp-json\/wp\/v2\/posts"}],"about":[{"href":"https:\/\/territorialchallenges.com\/it\/wp-json\/wp\/v2\/types\/post"}],"author":[{"embeddable":true,"href":"https:\/\/territorialchallenges.com\/it\/wp-json\/wp\/v2\/users\/11"}],"replies":[{"embeddable":true,"href":"https:\/\/territorialchallenges.com\/it\/wp-json\/wp\/v2\/comments?post=1431"}],"version-history":[{"count":0,"href":"https:\/\/territorialchallenges.com\/it\/wp-json\/wp\/v2\/posts\/1431\/revisions"}],"wp:attachment":[{"href":"https:\/\/territorialchallenges.com\/it\/wp-json\/wp\/v2\/media?parent=1431"}],"wp:term":[{"taxonomy":"category","embeddable":true,"href":"https:\/\/territorialchallenges.com\/it\/wp-json\/wp\/v2\/categories?post=1431"},{"taxonomy":"post_tag","embeddable":true,"href":"https:\/\/territorialchallenges.com\/it\/wp-json\/wp\/v2\/tags?post=1431"}],"curies":[{"name":"parola chiave","href":"https:\/\/api.w.org\/{rel}","templated":true}]}}