{"id":124121,"date":"2025-03-20T13:12:33","date_gmt":"2025-03-20T12:12:33","guid":{"rendered":"https:\/\/territorialchallenges.com\/?p=124121"},"modified":"2025-03-20T13:12:34","modified_gmt":"2025-03-20T12:12:34","slug":"mete-coban-un-visionnaire-de-laction-climatique-au-sein-du-c40-cities","status":"publish","type":"post","link":"https:\/\/territorialchallenges.com\/it\/2025\/03\/20\/mete-coban-un-visionnaire-de-laction-climatique-au-sein-du-c40-cities\/124121\/","title":{"rendered":"Mete Coban: un visionario dell&#039;azione per il clima all&#039;interno delle citt\u00e0 C40"},"content":{"rendered":"<p>Mete Coban, Vicesindaco di Londra per l&#039;Ambiente e l&#039;Energia, \u00e8 stato nominato nel Consiglio di Amministrazione di C40 Cities. Questa nomina segna un ulteriore passo nel suo impegno per soluzioni climatiche innovative e inclusive. Mete Coban entra a far parte di una rete globale di quasi 100 sindaci impegnati nell&#039;azione per il clima. Questa nomina culmina in un... <\/p>\n<div class=\"pmpro_content_message\">Articolo disponibile solo per gli abbonati.<br \/><a href=\"https:\/\/territorialchallenges.com\/wp-login.php\">Login<\/a><br \/><a href=\"https:\/\/territorialchallenges.com\/it\/wp-login.php\/?action=register\">Registro<\/a><\/div>","protected":false},"excerpt":{"rendered":"<p>Mete Coban, maire adjoint de Londres pour l\u2019environnement et l\u2019\u00e9nergie, vient d&rsquo;\u00eatre nomm\u00e9 au conseil d&rsquo;administration du C40 Cities. Cette nomination marque une nouvelle \u00e9tape dans son engagement pour des solutions climatiques innovantes et inclusives. Mete Coban, rejoint un r\u00e9seau mondial de pr\u00e8s de 100 maires engag\u00e9s dans l&rsquo;action climatique. Cette nomination vient couronner un... <\/p>\n<div class=\"pmpro_content_message\">Articolo disponibile solo per gli abbonati.<br \/><a href=\"https:\/\/territorialchallenges.com\/wp-login.php\">Login<\/a><br \/><a href=\"https:\/\/territorialchallenges.com\/it\/wp-login.php\/?action=register\">Registro<\/a><\/div>","protected":false},"author":11,"featured_media":124125,"comment_status":"closed","ping_status":"closed","sticky":true,"template":"","format":"standard","meta":{"pmpro_default_level":0,"footnotes":""},"categories":[126,117],"tags":[],"blocksy_meta":"","yoast_head":"<!-- This site is optimized with the Yoast SEO plugin v21.5 - https:\/\/yoast.com\/wordpress\/plugins\/seo\/ -->\n<title>Mete Coban : un visionnaire de l&#039;action climatique au sein du C40 Cities - Territorial Challenges<\/title>\n<meta name=\"robots\" content=\"index, follow, max-snippet:-1, max-image-preview:large, max-video-preview:-1\" \/>\n<link rel=\"canonical\" href=\"https:\/\/territorialchallenges.com\/it\/2025\/03\/20\/mete-coban-un-visionnaire-de-laction-climatique-au-sein-du-c40-cities\/124121\/\" \/>\n<meta property=\"og:locale\" content=\"it_IT\" \/>\n<meta property=\"og:type\" content=\"article\" \/>\n<meta property=\"og:title\" content=\"Mete Coban : un visionnaire de l&#039;action climatique au sein du C40 Cities - Territorial Challenges\" \/>\n<meta property=\"og:description\" content=\"Mete Coban, maire adjoint de Londres pour l\u2019environnement et l\u2019\u00e9nergie, vient d&rsquo;\u00eatre nomm\u00e9 au conseil d&rsquo;administration du C40 Cities. Cette nomination marque une nouvelle \u00e9tape dans son engagement pour des solutions climatiques innovantes et inclusives. Mete Coban, rejoint un r\u00e9seau mondial de pr\u00e8s de 100 maires engag\u00e9s dans l&rsquo;action climatique. Cette nomination vient couronner un [&hellip;]\" \/>\n<meta property=\"og:url\" content=\"https:\/\/territorialchallenges.com\/it\/2025\/03\/20\/mete-coban-un-visionnaire-de-laction-climatique-au-sein-du-c40-cities\/124121\/\" \/>\n<meta property=\"og:site_name\" content=\"Territorial Challenges\" \/>\n<meta property=\"article:published_time\" content=\"2025-03-20T12:12:33+00:00\" \/>\n<meta property=\"article:modified_time\" content=\"2025-03-20T12:12:34+00:00\" \/>\n<meta property=\"og:image\" content=\"https:\/\/territorialchallenges.com\/wp-content\/uploads\/2025\/03\/Large_Web_Image-Mete-Coban-MBE-official-headshot.jpg\" \/>\n\t<meta property=\"og:image:width\" content=\"812\" \/>\n\t<meta property=\"og:image:height\" content=\"457\" \/>\n\t<meta property=\"og:image:type\" content=\"image\/jpeg\" \/>\n<meta name=\"author\" content=\"ni.abdi\" \/>\n<meta name=\"twitter:card\" content=\"summary_large_image\" \/>\n<meta name=\"twitter:creator\" content=\"@Ni.abdi\" \/>\n<meta name=\"twitter:label1\" content=\"Scritto da\" \/>\n\t<meta name=\"twitter:data1\" content=\"ni.abdi\" \/>\n\t<meta name=\"twitter:label2\" content=\"Tempo di lettura stimato\" \/>\n\t<meta name=\"twitter:data2\" content=\"3 minuti\" \/>\n<script type=\"application\/ld+json\" class=\"yoast-schema-graph\">{\"@context\":\"https:\/\/schema.org\",\"@graph\":[{\"@type\":\"Article\",\"@id\":\"https:\/\/territorialchallenges.com\/2025\/03\/20\/mete-coban-un-visionnaire-de-laction-climatique-au-sein-du-c40-cities\/124121\/#article\",\"isPartOf\":{\"@id\":\"https:\/\/territorialchallenges.com\/2025\/03\/20\/mete-coban-un-visionnaire-de-laction-climatique-au-sein-du-c40-cities\/124121\/\"},\"author\":{\"name\":\"ni.abdi\",\"@id\":\"https:\/\/territorialchallenges.com\/#\/schema\/person\/098f145c7c61a021c425e010f840080f\"},\"headline\":\"Mete Coban : un visionnaire de l&rsquo;action climatique au sein du C40 Cities\",\"datePublished\":\"2025-03-20T12:12:33+00:00\",\"dateModified\":\"2025-03-20T12:12:34+00:00\",\"mainEntityOfPage\":{\"@id\":\"https:\/\/territorialchallenges.com\/2025\/03\/20\/mete-coban-un-visionnaire-de-laction-climatique-au-sein-du-c40-cities\/124121\/\"},\"wordCount\":449,\"publisher\":{\"@id\":\"https:\/\/territorialchallenges.com\/#organization\"},\"articleSection\":[\"On parle d'eux\",\"\u00c9cosyst\u00e8me\"],\"inLanguage\":\"it-IT\"},{\"@type\":\"WebPage\",\"@id\":\"https:\/\/territorialchallenges.com\/2025\/03\/20\/mete-coban-un-visionnaire-de-laction-climatique-au-sein-du-c40-cities\/124121\/\",\"url\":\"https:\/\/territorialchallenges.com\/2025\/03\/20\/mete-coban-un-visionnaire-de-laction-climatique-au-sein-du-c40-cities\/124121\/\",\"name\":\"Mete Coban : un visionnaire de l'action climatique au sein du C40 Cities - Territorial Challenges\",\"isPartOf\":{\"@id\":\"https:\/\/territorialchallenges.com\/#website\"},\"datePublished\":\"2025-03-20T12:12:33+00:00\",\"dateModified\":\"2025-03-20T12:12:34+00:00\",\"breadcrumb\":{\"@id\":\"https:\/\/territorialchallenges.com\/2025\/03\/20\/mete-coban-un-visionnaire-de-laction-climatique-au-sein-du-c40-cities\/124121\/#breadcrumb\"},\"inLanguage\":\"it-IT\",\"potentialAction\":[{\"@type\":\"ReadAction\",\"target\":[\"https:\/\/territorialchallenges.com\/2025\/03\/20\/mete-coban-un-visionnaire-de-laction-climatique-au-sein-du-c40-cities\/124121\/\"]}]},{\"@type\":\"BreadcrumbList\",\"@id\":\"https:\/\/territorialchallenges.com\/2025\/03\/20\/mete-coban-un-visionnaire-de-laction-climatique-au-sein-du-c40-cities\/124121\/#breadcrumb\",\"itemListElement\":[{\"@type\":\"ListItem\",\"position\":1,\"name\":\"Home\",\"item\":\"https:\/\/territorialchallenges.com\/\"},{\"@type\":\"ListItem\",\"position\":2,\"name\":\"Mete Coban : un visionnaire de l&rsquo;action climatique au sein du C40 Cities\"}]},{\"@type\":\"WebSite\",\"@id\":\"https:\/\/territorialchallenges.com\/#website\",\"url\":\"https:\/\/territorialchallenges.com\/\",\"name\":\"Territorial Challenges\",\"description\":\"Veille Internationale - Strat\u00e9gie Intelligentes - Bonnes pratiques\",\"publisher\":{\"@id\":\"https:\/\/territorialchallenges.com\/#organization\"},\"potentialAction\":[{\"@type\":\"SearchAction\",\"target\":{\"@type\":\"EntryPoint\",\"urlTemplate\":\"https:\/\/territorialchallenges.com\/?s={search_term_string}\"},\"query-input\":\"required name=search_term_string\"}],\"inLanguage\":\"it-IT\"},{\"@type\":\"Organization\",\"@id\":\"https:\/\/territorialchallenges.com\/#organization\",\"name\":\"Territorial Challenges\",\"url\":\"https:\/\/territorialchallenges.com\/\",\"logo\":{\"@type\":\"ImageObject\",\"inLanguage\":\"it-IT\",\"@id\":\"https:\/\/territorialchallenges.com\/#\/schema\/logo\/image\/\",\"url\":\"https:\/\/territorialchallenges.com\/wp-content\/uploads\/2023\/10\/logo-1.png\",\"contentUrl\":\"https:\/\/territorialchallenges.com\/wp-content\/uploads\/2023\/10\/logo-1.png\",\"width\":1832,\"height\":576,\"caption\":\"Territorial Challenges\"},\"image\":{\"@id\":\"https:\/\/territorialchallenges.com\/#\/schema\/logo\/image\/\"}},{\"@type\":\"Person\",\"@id\":\"https:\/\/territorialchallenges.com\/#\/schema\/person\/098f145c7c61a021c425e010f840080f\",\"name\":\"ni.abdi\",\"image\":{\"@type\":\"ImageObject\",\"inLanguage\":\"it-IT\",\"@id\":\"https:\/\/territorialchallenges.com\/#\/schema\/person\/image\/\",\"url\":\"https:\/\/secure.gravatar.com\/avatar\/2a2f2491f3c80039986ba989b1e4b510?s=96&d=identicon&r=g\",\"contentUrl\":\"https:\/\/secure.gravatar.com\/avatar\/2a2f2491f3c80039986ba989b1e4b510?s=96&d=identicon&r=g\",\"caption\":\"ni.abdi\"},\"sameAs\":[\"https:\/\/twitter.com\/Ni.abdi\"],\"url\":\"https:\/\/territorialchallenges.com\/it\/author\/ni-abdi\/\"}]}<\/script>\n<!-- \/ Yoast SEO plugin. -->","yoast_head_json":{"title":"Mete Coban : un visionnaire de l'action climatique au sein du C40 Cities - Territorial Challenges","robots":{"index":"index","follow":"follow","max-snippet":"max-snippet:-1","max-image-preview":"max-image-preview:large","max-video-preview":"max-video-preview:-1"},"canonical":"https:\/\/territorialchallenges.com\/it\/2025\/03\/20\/mete-coban-un-visionnaire-de-laction-climatique-au-sein-du-c40-cities\/124121\/","og_locale":"it_IT","og_type":"article","og_title":"Mete Coban : un visionnaire de l'action climatique au sein du C40 Cities - Territorial Challenges","og_description":"Mete Coban, maire adjoint de Londres pour l\u2019environnement et l\u2019\u00e9nergie, vient d&rsquo;\u00eatre nomm\u00e9 au conseil d&rsquo;administration du C40 Cities. Cette nomination marque une nouvelle \u00e9tape dans son engagement pour des solutions climatiques innovantes et inclusives. Mete Coban, rejoint un r\u00e9seau mondial de pr\u00e8s de 100 maires engag\u00e9s dans l&rsquo;action climatique. Cette nomination vient couronner un [&hellip;]","og_url":"https:\/\/territorialchallenges.com\/it\/2025\/03\/20\/mete-coban-un-visionnaire-de-laction-climatique-au-sein-du-c40-cities\/124121\/","og_site_name":"Territorial Challenges","article_published_time":"2025-03-20T12:12:33+00:00","article_modified_time":"2025-03-20T12:12:34+00:00","og_image":[{"width":812,"height":457,"url":"https:\/\/territorialchallenges.com\/wp-content\/uploads\/2025\/03\/Large_Web_Image-Mete-Coban-MBE-official-headshot.jpg","type":"image\/jpeg"}],"author":"ni.abdi","twitter_card":"summary_large_image","twitter_creator":"@Ni.abdi","twitter_misc":{"Scritto da":"ni.abdi","Tempo di lettura stimato":"3 minuti"},"schema":{"@context":"https:\/\/schema.org","@graph":[{"@type":"Article","@id":"https:\/\/territorialchallenges.com\/2025\/03\/20\/mete-coban-un-visionnaire-de-laction-climatique-au-sein-du-c40-cities\/124121\/#article","isPartOf":{"@id":"https:\/\/territorialchallenges.com\/2025\/03\/20\/mete-coban-un-visionnaire-de-laction-climatique-au-sein-du-c40-cities\/124121\/"},"author":{"name":"ni.abdi","@id":"https:\/\/territorialchallenges.com\/#\/schema\/person\/098f145c7c61a021c425e010f840080f"},"headline":"Mete Coban : un visionnaire de l&rsquo;action climatique au sein du C40 Cities","datePublished":"2025-03-20T12:12:33+00:00","dateModified":"2025-03-20T12:12:34+00:00","mainEntityOfPage":{"@id":"https:\/\/territorialchallenges.com\/2025\/03\/20\/mete-coban-un-visionnaire-de-laction-climatique-au-sein-du-c40-cities\/124121\/"},"wordCount":449,"publisher":{"@id":"https:\/\/territorialchallenges.com\/#organization"},"articleSection":["On parle d'eux","\u00c9cosyst\u00e8me"],"inLanguage":"it-IT"},{"@type":"WebPage","@id":"https:\/\/territorialchallenges.com\/2025\/03\/20\/mete-coban-un-visionnaire-de-laction-climatique-au-sein-du-c40-cities\/124121\/","url":"https:\/\/territorialchallenges.com\/2025\/03\/20\/mete-coban-un-visionnaire-de-laction-climatique-au-sein-du-c40-cities\/124121\/","name":"Mete Coban : un visionnaire de l'action climatique au sein du C40 Cities - Territorial Challenges","isPartOf":{"@id":"https:\/\/territorialchallenges.com\/#website"},"datePublished":"2025-03-20T12:12:33+00:00","dateModified":"2025-03-20T12:12:34+00:00","breadcrumb":{"@id":"https:\/\/territorialchallenges.com\/2025\/03\/20\/mete-coban-un-visionnaire-de-laction-climatique-au-sein-du-c40-cities\/124121\/#breadcrumb"},"inLanguage":"it-IT","potentialAction":[{"@type":"ReadAction","target":["https:\/\/territorialchallenges.com\/2025\/03\/20\/mete-coban-un-visionnaire-de-laction-climatique-au-sein-du-c40-cities\/124121\/"]}]},{"@type":"BreadcrumbList","@id":"https:\/\/territorialchallenges.com\/2025\/03\/20\/mete-coban-un-visionnaire-de-laction-climatique-au-sein-du-c40-cities\/124121\/#breadcrumb","itemListElement":[{"@type":"ListItem","position":1,"name":"Home","item":"https:\/\/territorialchallenges.com\/"},{"@type":"ListItem","position":2,"name":"Mete Coban : un visionnaire de l&rsquo;action climatique au sein du C40 Cities"}]},{"@type":"WebSite","@id":"https:\/\/territorialchallenges.com\/#website","url":"https:\/\/territorialchallenges.com\/","name":"Sfide territoriali","description":"Monitoraggio internazionale - Strategie intelligenti - Migliori pratiche","publisher":{"@id":"https:\/\/territorialchallenges.com\/#organization"},"potentialAction":[{"@type":"SearchAction","target":{"@type":"EntryPoint","urlTemplate":"https:\/\/territorialchallenges.com\/?s={search_term_string}"},"query-input":"required name=search_term_string"}],"inLanguage":"it-IT"},{"@type":"Organization","@id":"https:\/\/territorialchallenges.com\/#organization","name":"Sfide territoriali","url":"https:\/\/territorialchallenges.com\/","logo":{"@type":"ImageObject","inLanguage":"it-IT","@id":"https:\/\/territorialchallenges.com\/#\/schema\/logo\/image\/","url":"https:\/\/territorialchallenges.com\/wp-content\/uploads\/2023\/10\/logo-1.png","contentUrl":"https:\/\/territorialchallenges.com\/wp-content\/uploads\/2023\/10\/logo-1.png","width":1832,"height":576,"caption":"Territorial Challenges"},"image":{"@id":"https:\/\/territorialchallenges.com\/#\/schema\/logo\/image\/"}},{"@type":"Person","@id":"https:\/\/territorialchallenges.com\/#\/schema\/person\/098f145c7c61a021c425e010f840080f","name":"ni.abdi","image":{"@type":"ImageObject","inLanguage":"it-IT","@id":"https:\/\/territorialchallenges.com\/#\/schema\/person\/image\/","url":"https:\/\/secure.gravatar.com\/avatar\/2a2f2491f3c80039986ba989b1e4b510?s=96&d=identicon&r=g","contentUrl":"https:\/\/secure.gravatar.com\/avatar\/2a2f2491f3c80039986ba989b1e4b510?s=96&d=identicon&r=g","caption":"ni.abdi"},"sameAs":["https:\/\/twitter.com\/Ni.abdi"],"url":"https:\/\/territorialchallenges.com\/it\/author\/ni-abdi\/"}]}},"_links":{"self":[{"href":"https:\/\/territorialchallenges.com\/it\/wp-json\/wp\/v2\/posts\/124121"}],"collection":[{"href":"https:\/\/territorialchallenges.com\/it\/wp-json\/wp\/v2\/posts"}],"about":[{"href":"https:\/\/territorialchallenges.com\/it\/wp-json\/wp\/v2\/types\/post"}],"author":[{"embeddable":true,"href":"https:\/\/territorialchallenges.com\/it\/wp-json\/wp\/v2\/users\/11"}],"replies":[{"embeddable":true,"href":"https:\/\/territorialchallenges.com\/it\/wp-json\/wp\/v2\/comments?post=124121"}],"version-history":[{"count":1,"href":"https:\/\/territorialchallenges.com\/it\/wp-json\/wp\/v2\/posts\/124121\/revisions"}],"predecessor-version":[{"id":124126,"href":"https:\/\/territorialchallenges.com\/it\/wp-json\/wp\/v2\/posts\/124121\/revisions\/124126"}],"wp:featuredmedia":[{"embeddable":true,"href":"https:\/\/territorialchallenges.com\/it\/wp-json\/wp\/v2\/media\/124125"}],"wp:attachment":[{"href":"https:\/\/territorialchallenges.com\/it\/wp-json\/wp\/v2\/media?parent=124121"}],"wp:term":[{"taxonomy":"category","embeddable":true,"href":"https:\/\/territorialchallenges.com\/it\/wp-json\/wp\/v2\/categories?post=124121"},{"taxonomy":"post_tag","embeddable":true,"href":"https:\/\/territorialchallenges.com\/it\/wp-json\/wp\/v2\/tags?post=124121"}],"curies":[{"name":"parola chiave","href":"https:\/\/api.w.org\/{rel}","templated":true}]}}