{"id":123892,"date":"2025-02-04T21:05:54","date_gmt":"2025-02-04T20:05:54","guid":{"rendered":"https:\/\/territorialchallenges.com\/?p=123892"},"modified":"2025-02-04T21:05:59","modified_gmt":"2025-02-04T20:05:59","slug":"florence-passe-a-leco-mobilite-avec-lextension-de-la-ligne-t2-du-tramway","status":"publish","type":"post","link":"https:\/\/territorialchallenges.com\/it\/2025\/02\/04\/florence-passe-a-leco-mobilite-avec-lextension-de-la-ligne-t2-du-tramway\/123892\/","title":{"rendered":"Firenze passa alla mobilit\u00e0 sostenibile con il prolungamento della linea T2 della tramvia"},"content":{"rendered":"<p>Firenze inaugura un&#039;estensione ecosostenibile della sua linea tranviaria T2, che collega l&#039;aeroporto di Peretola a Piazza San Marco. Questa nuova linea, che sar\u00e0 utilizzata da milioni di passeggeri, mira a ridurre le emissioni di CO2 e a migliorare la fluidit\u00e0 del traffico, rafforzando al contempo la mobilit\u00e0 sostenibile in Toscana. Il 25 gennaio,\u2026 <\/p>\n<div class=\"pmpro_content_message\">Articolo disponibile solo per gli abbonati.<br \/><a href=\"https:\/\/territorialchallenges.com\/wp-login.php\">Login<\/a><br \/><a href=\"https:\/\/territorialchallenges.com\/it\/wp-login.php\/?action=register\">Registro<\/a><\/div>","protected":false},"excerpt":{"rendered":"<p>Florence inaugure une extension \u00e9cologique de sa ligne T2 de tramway, reliant l\u2019a\u00e9roport de Peretola \u00e0 la place Saint-Marc. Cette nouvelle ligne, qui sera utilis\u00e9e par des millions de passagers, vise \u00e0 r\u00e9duire les \u00e9missions de CO2 et \u00e0 am\u00e9liorer la fluidit\u00e9 du trafic tout en renfor\u00e7ant la mobilit\u00e9 durable en Toscane. Le 25 janvier... <\/p>\n<div class=\"pmpro_content_message\">Articolo disponibile solo per gli abbonati.<br \/><a href=\"https:\/\/territorialchallenges.com\/wp-login.php\">Login<\/a><br \/><a href=\"https:\/\/territorialchallenges.com\/it\/wp-login.php\/?action=register\">Registro<\/a><\/div>","protected":false},"author":11,"featured_media":123893,"comment_status":"closed","ping_status":"closed","sticky":true,"template":"","format":"standard","meta":{"pmpro_default_level":0,"footnotes":""},"categories":[19,127],"tags":[],"blocksy_meta":"","yoast_head":"<!-- This site is optimized with the Yoast SEO plugin v21.5 - https:\/\/yoast.com\/wordpress\/plugins\/seo\/ -->\n<title>Florence passe \u00e0 l\u2019\u00e9co-mobilit\u00e9 avec l\u2019extension de la ligne T2 du tramway - Territorial Challenges<\/title>\n<meta name=\"robots\" content=\"index, follow, max-snippet:-1, max-image-preview:large, max-video-preview:-1\" \/>\n<link rel=\"canonical\" href=\"https:\/\/territorialchallenges.com\/it\/2025\/02\/04\/florence-passe-a-leco-mobilite-avec-lextension-de-la-ligne-t2-du-tramway\/123892\/\" \/>\n<meta property=\"og:locale\" content=\"it_IT\" \/>\n<meta property=\"og:type\" content=\"article\" \/>\n<meta property=\"og:title\" content=\"Florence passe \u00e0 l\u2019\u00e9co-mobilit\u00e9 avec l\u2019extension de la ligne T2 du tramway - Territorial Challenges\" \/>\n<meta property=\"og:description\" content=\"Florence inaugure une extension \u00e9cologique de sa ligne T2 de tramway, reliant l\u2019a\u00e9roport de Peretola \u00e0 la place Saint-Marc. Cette nouvelle ligne, qui sera utilis\u00e9e par des millions de passagers, vise \u00e0 r\u00e9duire les \u00e9missions de CO2 et \u00e0 am\u00e9liorer la fluidit\u00e9 du trafic tout en renfor\u00e7ant la mobilit\u00e9 durable en Toscane. Le 25 janvier [&hellip;]\" \/>\n<meta property=\"og:url\" content=\"https:\/\/territorialchallenges.com\/it\/2025\/02\/04\/florence-passe-a-leco-mobilite-avec-lextension-de-la-ligne-t2-du-tramway\/123892\/\" \/>\n<meta property=\"og:site_name\" content=\"Territorial Challenges\" \/>\n<meta property=\"article:published_time\" content=\"2025-02-04T20:05:54+00:00\" \/>\n<meta property=\"article:modified_time\" content=\"2025-02-04T20:05:59+00:00\" \/>\n<meta property=\"og:image\" content=\"https:\/\/territorialchallenges.com\/wp-content\/uploads\/2025\/02\/TerritoiresintelligentsFlorenz.jpg\" \/>\n\t<meta property=\"og:image:width\" content=\"1024\" \/>\n\t<meta property=\"og:image:height\" content=\"768\" \/>\n\t<meta property=\"og:image:type\" content=\"image\/jpeg\" \/>\n<meta name=\"author\" content=\"ni.abdi\" \/>\n<meta name=\"twitter:card\" content=\"summary_large_image\" \/>\n<meta name=\"twitter:creator\" content=\"@Ni.abdi\" \/>\n<meta name=\"twitter:label1\" content=\"Scritto da\" \/>\n\t<meta name=\"twitter:data1\" content=\"ni.abdi\" \/>\n\t<meta name=\"twitter:label2\" content=\"Tempo di lettura stimato\" \/>\n\t<meta name=\"twitter:data2\" content=\"5 minuti\" \/>\n<script type=\"application\/ld+json\" class=\"yoast-schema-graph\">{\"@context\":\"https:\/\/schema.org\",\"@graph\":[{\"@type\":\"Article\",\"@id\":\"https:\/\/territorialchallenges.com\/2025\/02\/04\/florence-passe-a-leco-mobilite-avec-lextension-de-la-ligne-t2-du-tramway\/123892\/#article\",\"isPartOf\":{\"@id\":\"https:\/\/territorialchallenges.com\/2025\/02\/04\/florence-passe-a-leco-mobilite-avec-lextension-de-la-ligne-t2-du-tramway\/123892\/\"},\"author\":{\"name\":\"ni.abdi\",\"@id\":\"https:\/\/territorialchallenges.com\/#\/schema\/person\/098f145c7c61a021c425e010f840080f\"},\"headline\":\"Florence passe \u00e0 l\u2019\u00e9co-mobilit\u00e9 avec l\u2019extension de la ligne T2 du tramway\",\"datePublished\":\"2025-02-04T20:05:54+00:00\",\"dateModified\":\"2025-02-04T20:05:59+00:00\",\"mainEntityOfPage\":{\"@id\":\"https:\/\/territorialchallenges.com\/2025\/02\/04\/florence-passe-a-leco-mobilite-avec-lextension-de-la-ligne-t2-du-tramway\/123892\/\"},\"wordCount\":974,\"publisher\":{\"@id\":\"https:\/\/territorialchallenges.com\/#organization\"},\"articleSection\":[\"Territoires Intelligents\",\"Actualit\u00e9 Europe\"],\"inLanguage\":\"it-IT\"},{\"@type\":\"WebPage\",\"@id\":\"https:\/\/territorialchallenges.com\/2025\/02\/04\/florence-passe-a-leco-mobilite-avec-lextension-de-la-ligne-t2-du-tramway\/123892\/\",\"url\":\"https:\/\/territorialchallenges.com\/2025\/02\/04\/florence-passe-a-leco-mobilite-avec-lextension-de-la-ligne-t2-du-tramway\/123892\/\",\"name\":\"Florence passe \u00e0 l\u2019\u00e9co-mobilit\u00e9 avec l\u2019extension de la ligne T2 du tramway - Territorial Challenges\",\"isPartOf\":{\"@id\":\"https:\/\/territorialchallenges.com\/#website\"},\"datePublished\":\"2025-02-04T20:05:54+00:00\",\"dateModified\":\"2025-02-04T20:05:59+00:00\",\"breadcrumb\":{\"@id\":\"https:\/\/territorialchallenges.com\/2025\/02\/04\/florence-passe-a-leco-mobilite-avec-lextension-de-la-ligne-t2-du-tramway\/123892\/#breadcrumb\"},\"inLanguage\":\"it-IT\",\"potentialAction\":[{\"@type\":\"ReadAction\",\"target\":[\"https:\/\/territorialchallenges.com\/2025\/02\/04\/florence-passe-a-leco-mobilite-avec-lextension-de-la-ligne-t2-du-tramway\/123892\/\"]}]},{\"@type\":\"BreadcrumbList\",\"@id\":\"https:\/\/territorialchallenges.com\/2025\/02\/04\/florence-passe-a-leco-mobilite-avec-lextension-de-la-ligne-t2-du-tramway\/123892\/#breadcrumb\",\"itemListElement\":[{\"@type\":\"ListItem\",\"position\":1,\"name\":\"Home\",\"item\":\"https:\/\/territorialchallenges.com\/\"},{\"@type\":\"ListItem\",\"position\":2,\"name\":\"Florence passe \u00e0 l\u2019\u00e9co-mobilit\u00e9 avec l\u2019extension de la ligne T2 du tramway\"}]},{\"@type\":\"WebSite\",\"@id\":\"https:\/\/territorialchallenges.com\/#website\",\"url\":\"https:\/\/territorialchallenges.com\/\",\"name\":\"Territorial Challenges\",\"description\":\"Veille Internationale - Strat\u00e9gie Intelligentes - Bonnes pratiques\",\"publisher\":{\"@id\":\"https:\/\/territorialchallenges.com\/#organization\"},\"potentialAction\":[{\"@type\":\"SearchAction\",\"target\":{\"@type\":\"EntryPoint\",\"urlTemplate\":\"https:\/\/territorialchallenges.com\/?s={search_term_string}\"},\"query-input\":\"required name=search_term_string\"}],\"inLanguage\":\"it-IT\"},{\"@type\":\"Organization\",\"@id\":\"https:\/\/territorialchallenges.com\/#organization\",\"name\":\"Territorial Challenges\",\"url\":\"https:\/\/territorialchallenges.com\/\",\"logo\":{\"@type\":\"ImageObject\",\"inLanguage\":\"it-IT\",\"@id\":\"https:\/\/territorialchallenges.com\/#\/schema\/logo\/image\/\",\"url\":\"https:\/\/territorialchallenges.com\/wp-content\/uploads\/2023\/10\/logo-1.png\",\"contentUrl\":\"https:\/\/territorialchallenges.com\/wp-content\/uploads\/2023\/10\/logo-1.png\",\"width\":1832,\"height\":576,\"caption\":\"Territorial Challenges\"},\"image\":{\"@id\":\"https:\/\/territorialchallenges.com\/#\/schema\/logo\/image\/\"}},{\"@type\":\"Person\",\"@id\":\"https:\/\/territorialchallenges.com\/#\/schema\/person\/098f145c7c61a021c425e010f840080f\",\"name\":\"ni.abdi\",\"image\":{\"@type\":\"ImageObject\",\"inLanguage\":\"it-IT\",\"@id\":\"https:\/\/territorialchallenges.com\/#\/schema\/person\/image\/\",\"url\":\"https:\/\/secure.gravatar.com\/avatar\/2a2f2491f3c80039986ba989b1e4b510?s=96&d=identicon&r=g\",\"contentUrl\":\"https:\/\/secure.gravatar.com\/avatar\/2a2f2491f3c80039986ba989b1e4b510?s=96&d=identicon&r=g\",\"caption\":\"ni.abdi\"},\"sameAs\":[\"https:\/\/twitter.com\/Ni.abdi\"],\"url\":\"https:\/\/territorialchallenges.com\/it\/author\/ni-abdi\/\"}]}<\/script>\n<!-- \/ Yoast SEO plugin. -->","yoast_head_json":{"title":"Florence passe \u00e0 l\u2019\u00e9co-mobilit\u00e9 avec l\u2019extension de la ligne T2 du tramway - Territorial Challenges","robots":{"index":"index","follow":"follow","max-snippet":"max-snippet:-1","max-image-preview":"max-image-preview:large","max-video-preview":"max-video-preview:-1"},"canonical":"https:\/\/territorialchallenges.com\/it\/2025\/02\/04\/florence-passe-a-leco-mobilite-avec-lextension-de-la-ligne-t2-du-tramway\/123892\/","og_locale":"it_IT","og_type":"article","og_title":"Florence passe \u00e0 l\u2019\u00e9co-mobilit\u00e9 avec l\u2019extension de la ligne T2 du tramway - Territorial Challenges","og_description":"Florence inaugure une extension \u00e9cologique de sa ligne T2 de tramway, reliant l\u2019a\u00e9roport de Peretola \u00e0 la place Saint-Marc. Cette nouvelle ligne, qui sera utilis\u00e9e par des millions de passagers, vise \u00e0 r\u00e9duire les \u00e9missions de CO2 et \u00e0 am\u00e9liorer la fluidit\u00e9 du trafic tout en renfor\u00e7ant la mobilit\u00e9 durable en Toscane. Le 25 janvier [&hellip;]","og_url":"https:\/\/territorialchallenges.com\/it\/2025\/02\/04\/florence-passe-a-leco-mobilite-avec-lextension-de-la-ligne-t2-du-tramway\/123892\/","og_site_name":"Territorial Challenges","article_published_time":"2025-02-04T20:05:54+00:00","article_modified_time":"2025-02-04T20:05:59+00:00","og_image":[{"width":1024,"height":768,"url":"https:\/\/territorialchallenges.com\/wp-content\/uploads\/2025\/02\/TerritoiresintelligentsFlorenz.jpg","type":"image\/jpeg"}],"author":"ni.abdi","twitter_card":"summary_large_image","twitter_creator":"@Ni.abdi","twitter_misc":{"Scritto da":"ni.abdi","Tempo di lettura stimato":"5 minuti"},"schema":{"@context":"https:\/\/schema.org","@graph":[{"@type":"Article","@id":"https:\/\/territorialchallenges.com\/2025\/02\/04\/florence-passe-a-leco-mobilite-avec-lextension-de-la-ligne-t2-du-tramway\/123892\/#article","isPartOf":{"@id":"https:\/\/territorialchallenges.com\/2025\/02\/04\/florence-passe-a-leco-mobilite-avec-lextension-de-la-ligne-t2-du-tramway\/123892\/"},"author":{"name":"ni.abdi","@id":"https:\/\/territorialchallenges.com\/#\/schema\/person\/098f145c7c61a021c425e010f840080f"},"headline":"Florence passe \u00e0 l\u2019\u00e9co-mobilit\u00e9 avec l\u2019extension de la ligne T2 du tramway","datePublished":"2025-02-04T20:05:54+00:00","dateModified":"2025-02-04T20:05:59+00:00","mainEntityOfPage":{"@id":"https:\/\/territorialchallenges.com\/2025\/02\/04\/florence-passe-a-leco-mobilite-avec-lextension-de-la-ligne-t2-du-tramway\/123892\/"},"wordCount":974,"publisher":{"@id":"https:\/\/territorialchallenges.com\/#organization"},"articleSection":["Territoires Intelligents","Actualit\u00e9 Europe"],"inLanguage":"it-IT"},{"@type":"WebPage","@id":"https:\/\/territorialchallenges.com\/2025\/02\/04\/florence-passe-a-leco-mobilite-avec-lextension-de-la-ligne-t2-du-tramway\/123892\/","url":"https:\/\/territorialchallenges.com\/2025\/02\/04\/florence-passe-a-leco-mobilite-avec-lextension-de-la-ligne-t2-du-tramway\/123892\/","name":"Florence passe \u00e0 l\u2019\u00e9co-mobilit\u00e9 avec l\u2019extension de la ligne T2 du tramway - Territorial Challenges","isPartOf":{"@id":"https:\/\/territorialchallenges.com\/#website"},"datePublished":"2025-02-04T20:05:54+00:00","dateModified":"2025-02-04T20:05:59+00:00","breadcrumb":{"@id":"https:\/\/territorialchallenges.com\/2025\/02\/04\/florence-passe-a-leco-mobilite-avec-lextension-de-la-ligne-t2-du-tramway\/123892\/#breadcrumb"},"inLanguage":"it-IT","potentialAction":[{"@type":"ReadAction","target":["https:\/\/territorialchallenges.com\/2025\/02\/04\/florence-passe-a-leco-mobilite-avec-lextension-de-la-ligne-t2-du-tramway\/123892\/"]}]},{"@type":"BreadcrumbList","@id":"https:\/\/territorialchallenges.com\/2025\/02\/04\/florence-passe-a-leco-mobilite-avec-lextension-de-la-ligne-t2-du-tramway\/123892\/#breadcrumb","itemListElement":[{"@type":"ListItem","position":1,"name":"Home","item":"https:\/\/territorialchallenges.com\/"},{"@type":"ListItem","position":2,"name":"Florence passe \u00e0 l\u2019\u00e9co-mobilit\u00e9 avec l\u2019extension de la ligne T2 du tramway"}]},{"@type":"WebSite","@id":"https:\/\/territorialchallenges.com\/#website","url":"https:\/\/territorialchallenges.com\/","name":"Sfide territoriali","description":"Monitoraggio internazionale - Strategie intelligenti - Migliori pratiche","publisher":{"@id":"https:\/\/territorialchallenges.com\/#organization"},"potentialAction":[{"@type":"SearchAction","target":{"@type":"EntryPoint","urlTemplate":"https:\/\/territorialchallenges.com\/?s={search_term_string}"},"query-input":"required name=search_term_string"}],"inLanguage":"it-IT"},{"@type":"Organization","@id":"https:\/\/territorialchallenges.com\/#organization","name":"Sfide territoriali","url":"https:\/\/territorialchallenges.com\/","logo":{"@type":"ImageObject","inLanguage":"it-IT","@id":"https:\/\/territorialchallenges.com\/#\/schema\/logo\/image\/","url":"https:\/\/territorialchallenges.com\/wp-content\/uploads\/2023\/10\/logo-1.png","contentUrl":"https:\/\/territorialchallenges.com\/wp-content\/uploads\/2023\/10\/logo-1.png","width":1832,"height":576,"caption":"Territorial Challenges"},"image":{"@id":"https:\/\/territorialchallenges.com\/#\/schema\/logo\/image\/"}},{"@type":"Person","@id":"https:\/\/territorialchallenges.com\/#\/schema\/person\/098f145c7c61a021c425e010f840080f","name":"ni.abdi","image":{"@type":"ImageObject","inLanguage":"it-IT","@id":"https:\/\/territorialchallenges.com\/#\/schema\/person\/image\/","url":"https:\/\/secure.gravatar.com\/avatar\/2a2f2491f3c80039986ba989b1e4b510?s=96&d=identicon&r=g","contentUrl":"https:\/\/secure.gravatar.com\/avatar\/2a2f2491f3c80039986ba989b1e4b510?s=96&d=identicon&r=g","caption":"ni.abdi"},"sameAs":["https:\/\/twitter.com\/Ni.abdi"],"url":"https:\/\/territorialchallenges.com\/it\/author\/ni-abdi\/"}]}},"_links":{"self":[{"href":"https:\/\/territorialchallenges.com\/it\/wp-json\/wp\/v2\/posts\/123892"}],"collection":[{"href":"https:\/\/territorialchallenges.com\/it\/wp-json\/wp\/v2\/posts"}],"about":[{"href":"https:\/\/territorialchallenges.com\/it\/wp-json\/wp\/v2\/types\/post"}],"author":[{"embeddable":true,"href":"https:\/\/territorialchallenges.com\/it\/wp-json\/wp\/v2\/users\/11"}],"replies":[{"embeddable":true,"href":"https:\/\/territorialchallenges.com\/it\/wp-json\/wp\/v2\/comments?post=123892"}],"version-history":[{"count":1,"href":"https:\/\/territorialchallenges.com\/it\/wp-json\/wp\/v2\/posts\/123892\/revisions"}],"predecessor-version":[{"id":123894,"href":"https:\/\/territorialchallenges.com\/it\/wp-json\/wp\/v2\/posts\/123892\/revisions\/123894"}],"wp:featuredmedia":[{"embeddable":true,"href":"https:\/\/territorialchallenges.com\/it\/wp-json\/wp\/v2\/media\/123893"}],"wp:attachment":[{"href":"https:\/\/territorialchallenges.com\/it\/wp-json\/wp\/v2\/media?parent=123892"}],"wp:term":[{"taxonomy":"category","embeddable":true,"href":"https:\/\/territorialchallenges.com\/it\/wp-json\/wp\/v2\/categories?post=123892"},{"taxonomy":"post_tag","embeddable":true,"href":"https:\/\/territorialchallenges.com\/it\/wp-json\/wp\/v2\/tags?post=123892"}],"curies":[{"name":"parola chiave","href":"https:\/\/api.w.org\/{rel}","templated":true}]}}