{"id":123857,"date":"2025-01-29T12:04:28","date_gmt":"2025-01-29T11:04:28","guid":{"rendered":"https:\/\/territorialchallenges.com\/?p=123857"},"modified":"2025-01-29T12:44:37","modified_gmt":"2025-01-29T11:44:37","slug":"cybersecurite-un-enjeu-central-au-forum-economique-mondial-de-davos-2025","status":"publish","type":"post","link":"https:\/\/territorialchallenges.com\/it\/2025\/01\/29\/cybersecurite-un-enjeu-central-au-forum-economique-mondial-de-davos-2025\/123857\/","title":{"rendered":"Cybersecurity: tema centrale al World Economic Forum di Davos 2025"},"content":{"rendered":"<p>Il World Economic Forum 2025 ha evidenziato le crescenti sfide della sicurezza informatica in un mondo sempre pi\u00f9 digitale e interconnesso. Di fronte a minacce sempre pi\u00f9 complesse, i dibattiti hanno evidenziato la necessit\u00e0 di un approccio collaborativo e di maggiori investimenti nella resilienza digitale per garantire un futuro pi\u00f9 sicuro. <\/p>\n<div class=\"pmpro_content_message\">Articolo disponibile solo per gli abbonati.<br \/><a href=\"https:\/\/territorialchallenges.com\/wp-login.php\">Login<\/a><br \/><a href=\"https:\/\/territorialchallenges.com\/it\/wp-login.php\/?action=register\">Registro<\/a><\/div>","protected":false},"excerpt":{"rendered":"<p>Le Forum \u00e9conomique mondial 2025 a mis en lumi\u00e8re les d\u00e9fis croissants de la cybers\u00e9curit\u00e9 dans un monde de plus en plus num\u00e9ris\u00e9 et interconnect\u00e9. Face \u00e0 des menaces toujours plus complexes, les discussions ont soulign\u00e9 la n\u00e9cessit\u00e9 d&rsquo;une approche collaborative et d&rsquo;un investissement accru dans la r\u00e9silience num\u00e9rique pour garantir un avenir plus s\u00fbr... <\/p>\n<div class=\"pmpro_content_message\">Articolo disponibile solo per gli abbonati.<br \/><a href=\"https:\/\/territorialchallenges.com\/wp-login.php\">Login<\/a><br \/><a href=\"https:\/\/territorialchallenges.com\/it\/wp-login.php\/?action=register\">Registro<\/a><\/div>","protected":false},"author":11,"featured_media":123858,"comment_status":"closed","ping_status":"closed","sticky":true,"template":"","format":"standard","meta":{"pmpro_default_level":0,"footnotes":""},"categories":[120,117],"tags":[],"blocksy_meta":"","yoast_head":"<!-- This site is optimized with the Yoast SEO plugin v21.5 - https:\/\/yoast.com\/wordpress\/plugins\/seo\/ -->\n<title>Cybers\u00e9curit\u00e9 : un enjeu central au Forum \u00e9conomique mondial de Davos 2025 - Territorial Challenges<\/title>\n<meta name=\"robots\" content=\"index, follow, max-snippet:-1, max-image-preview:large, max-video-preview:-1\" \/>\n<link rel=\"canonical\" href=\"https:\/\/territorialchallenges.com\/it\/2025\/01\/29\/cybersecurite-un-enjeu-central-au-forum-economique-mondial-de-davos-2025\/123857\/\" \/>\n<meta property=\"og:locale\" content=\"it_IT\" \/>\n<meta property=\"og:type\" content=\"article\" \/>\n<meta property=\"og:title\" content=\"Cybers\u00e9curit\u00e9 : un enjeu central au Forum \u00e9conomique mondial de Davos 2025 - Territorial Challenges\" \/>\n<meta property=\"og:description\" content=\"Le Forum \u00e9conomique mondial 2025 a mis en lumi\u00e8re les d\u00e9fis croissants de la cybers\u00e9curit\u00e9 dans un monde de plus en plus num\u00e9ris\u00e9 et interconnect\u00e9. Face \u00e0 des menaces toujours plus complexes, les discussions ont soulign\u00e9 la n\u00e9cessit\u00e9 d&rsquo;une approche collaborative et d&rsquo;un investissement accru dans la r\u00e9silience num\u00e9rique pour garantir un avenir plus s\u00fbr [&hellip;]\" \/>\n<meta property=\"og:url\" content=\"https:\/\/territorialchallenges.com\/it\/2025\/01\/29\/cybersecurite-un-enjeu-central-au-forum-economique-mondial-de-davos-2025\/123857\/\" \/>\n<meta property=\"og:site_name\" content=\"Territorial Challenges\" \/>\n<meta property=\"article:published_time\" content=\"2025-01-29T11:04:28+00:00\" \/>\n<meta property=\"article:modified_time\" content=\"2025-01-29T11:44:37+00:00\" \/>\n<meta property=\"og:image\" content=\"https:\/\/territorialchallenges.com\/wp-content\/uploads\/2025\/01\/ilsestpasseaImage-2.jpg\" \/>\n\t<meta property=\"og:image:width\" content=\"1280\" \/>\n\t<meta property=\"og:image:height\" content=\"873\" \/>\n\t<meta property=\"og:image:type\" content=\"image\/jpeg\" \/>\n<meta name=\"author\" content=\"ni.abdi\" \/>\n<meta name=\"twitter:card\" content=\"summary_large_image\" \/>\n<meta name=\"twitter:creator\" content=\"@Ni.abdi\" \/>\n<meta name=\"twitter:label1\" content=\"Scritto da\" \/>\n\t<meta name=\"twitter:data1\" content=\"ni.abdi\" \/>\n\t<meta name=\"twitter:label2\" content=\"Tempo di lettura stimato\" \/>\n\t<meta name=\"twitter:data2\" content=\"5 minuti\" \/>\n<script type=\"application\/ld+json\" class=\"yoast-schema-graph\">{\"@context\":\"https:\/\/schema.org\",\"@graph\":[{\"@type\":\"Article\",\"@id\":\"https:\/\/territorialchallenges.com\/2025\/01\/29\/cybersecurite-un-enjeu-central-au-forum-economique-mondial-de-davos-2025\/123857\/#article\",\"isPartOf\":{\"@id\":\"https:\/\/territorialchallenges.com\/2025\/01\/29\/cybersecurite-un-enjeu-central-au-forum-economique-mondial-de-davos-2025\/123857\/\"},\"author\":{\"name\":\"ni.abdi\",\"@id\":\"https:\/\/territorialchallenges.com\/#\/schema\/person\/098f145c7c61a021c425e010f840080f\"},\"headline\":\"Cybers\u00e9curit\u00e9 : un enjeu central au Forum \u00e9conomique mondial de Davos 2025\",\"datePublished\":\"2025-01-29T11:04:28+00:00\",\"dateModified\":\"2025-01-29T11:44:37+00:00\",\"mainEntityOfPage\":{\"@id\":\"https:\/\/territorialchallenges.com\/2025\/01\/29\/cybersecurite-un-enjeu-central-au-forum-economique-mondial-de-davos-2025\/123857\/\"},\"wordCount\":1064,\"publisher\":{\"@id\":\"https:\/\/territorialchallenges.com\/#organization\"},\"articleSection\":[\"Il s'est pass\u00e9 \u00e0\",\"\u00c9cosyst\u00e8me\"],\"inLanguage\":\"it-IT\"},{\"@type\":\"WebPage\",\"@id\":\"https:\/\/territorialchallenges.com\/2025\/01\/29\/cybersecurite-un-enjeu-central-au-forum-economique-mondial-de-davos-2025\/123857\/\",\"url\":\"https:\/\/territorialchallenges.com\/2025\/01\/29\/cybersecurite-un-enjeu-central-au-forum-economique-mondial-de-davos-2025\/123857\/\",\"name\":\"Cybers\u00e9curit\u00e9 : un enjeu central au Forum \u00e9conomique mondial de Davos 2025 - Territorial Challenges\",\"isPartOf\":{\"@id\":\"https:\/\/territorialchallenges.com\/#website\"},\"datePublished\":\"2025-01-29T11:04:28+00:00\",\"dateModified\":\"2025-01-29T11:44:37+00:00\",\"breadcrumb\":{\"@id\":\"https:\/\/territorialchallenges.com\/2025\/01\/29\/cybersecurite-un-enjeu-central-au-forum-economique-mondial-de-davos-2025\/123857\/#breadcrumb\"},\"inLanguage\":\"it-IT\",\"potentialAction\":[{\"@type\":\"ReadAction\",\"target\":[\"https:\/\/territorialchallenges.com\/2025\/01\/29\/cybersecurite-un-enjeu-central-au-forum-economique-mondial-de-davos-2025\/123857\/\"]}]},{\"@type\":\"BreadcrumbList\",\"@id\":\"https:\/\/territorialchallenges.com\/2025\/01\/29\/cybersecurite-un-enjeu-central-au-forum-economique-mondial-de-davos-2025\/123857\/#breadcrumb\",\"itemListElement\":[{\"@type\":\"ListItem\",\"position\":1,\"name\":\"Home\",\"item\":\"https:\/\/territorialchallenges.com\/\"},{\"@type\":\"ListItem\",\"position\":2,\"name\":\"Cybers\u00e9curit\u00e9 : un enjeu central au Forum \u00e9conomique mondial de Davos 2025\"}]},{\"@type\":\"WebSite\",\"@id\":\"https:\/\/territorialchallenges.com\/#website\",\"url\":\"https:\/\/territorialchallenges.com\/\",\"name\":\"Territorial Challenges\",\"description\":\"Veille Internationale - Strat\u00e9gie Intelligentes - Bonnes pratiques\",\"publisher\":{\"@id\":\"https:\/\/territorialchallenges.com\/#organization\"},\"potentialAction\":[{\"@type\":\"SearchAction\",\"target\":{\"@type\":\"EntryPoint\",\"urlTemplate\":\"https:\/\/territorialchallenges.com\/?s={search_term_string}\"},\"query-input\":\"required name=search_term_string\"}],\"inLanguage\":\"it-IT\"},{\"@type\":\"Organization\",\"@id\":\"https:\/\/territorialchallenges.com\/#organization\",\"name\":\"Territorial Challenges\",\"url\":\"https:\/\/territorialchallenges.com\/\",\"logo\":{\"@type\":\"ImageObject\",\"inLanguage\":\"it-IT\",\"@id\":\"https:\/\/territorialchallenges.com\/#\/schema\/logo\/image\/\",\"url\":\"https:\/\/territorialchallenges.com\/wp-content\/uploads\/2023\/10\/logo-1.png\",\"contentUrl\":\"https:\/\/territorialchallenges.com\/wp-content\/uploads\/2023\/10\/logo-1.png\",\"width\":1832,\"height\":576,\"caption\":\"Territorial Challenges\"},\"image\":{\"@id\":\"https:\/\/territorialchallenges.com\/#\/schema\/logo\/image\/\"}},{\"@type\":\"Person\",\"@id\":\"https:\/\/territorialchallenges.com\/#\/schema\/person\/098f145c7c61a021c425e010f840080f\",\"name\":\"ni.abdi\",\"image\":{\"@type\":\"ImageObject\",\"inLanguage\":\"it-IT\",\"@id\":\"https:\/\/territorialchallenges.com\/#\/schema\/person\/image\/\",\"url\":\"https:\/\/secure.gravatar.com\/avatar\/2a2f2491f3c80039986ba989b1e4b510?s=96&d=identicon&r=g\",\"contentUrl\":\"https:\/\/secure.gravatar.com\/avatar\/2a2f2491f3c80039986ba989b1e4b510?s=96&d=identicon&r=g\",\"caption\":\"ni.abdi\"},\"sameAs\":[\"https:\/\/twitter.com\/Ni.abdi\"],\"url\":\"https:\/\/territorialchallenges.com\/it\/author\/ni-abdi\/\"}]}<\/script>\n<!-- \/ Yoast SEO plugin. -->","yoast_head_json":{"title":"Cybers\u00e9curit\u00e9 : un enjeu central au Forum \u00e9conomique mondial de Davos 2025 - Territorial Challenges","robots":{"index":"index","follow":"follow","max-snippet":"max-snippet:-1","max-image-preview":"max-image-preview:large","max-video-preview":"max-video-preview:-1"},"canonical":"https:\/\/territorialchallenges.com\/it\/2025\/01\/29\/cybersecurite-un-enjeu-central-au-forum-economique-mondial-de-davos-2025\/123857\/","og_locale":"it_IT","og_type":"article","og_title":"Cybers\u00e9curit\u00e9 : un enjeu central au Forum \u00e9conomique mondial de Davos 2025 - Territorial Challenges","og_description":"Le Forum \u00e9conomique mondial 2025 a mis en lumi\u00e8re les d\u00e9fis croissants de la cybers\u00e9curit\u00e9 dans un monde de plus en plus num\u00e9ris\u00e9 et interconnect\u00e9. Face \u00e0 des menaces toujours plus complexes, les discussions ont soulign\u00e9 la n\u00e9cessit\u00e9 d&rsquo;une approche collaborative et d&rsquo;un investissement accru dans la r\u00e9silience num\u00e9rique pour garantir un avenir plus s\u00fbr [&hellip;]","og_url":"https:\/\/territorialchallenges.com\/it\/2025\/01\/29\/cybersecurite-un-enjeu-central-au-forum-economique-mondial-de-davos-2025\/123857\/","og_site_name":"Territorial Challenges","article_published_time":"2025-01-29T11:04:28+00:00","article_modified_time":"2025-01-29T11:44:37+00:00","og_image":[{"width":1280,"height":873,"url":"https:\/\/territorialchallenges.com\/wp-content\/uploads\/2025\/01\/ilsestpasseaImage-2.jpg","type":"image\/jpeg"}],"author":"ni.abdi","twitter_card":"summary_large_image","twitter_creator":"@Ni.abdi","twitter_misc":{"Scritto da":"ni.abdi","Tempo di lettura stimato":"5 minuti"},"schema":{"@context":"https:\/\/schema.org","@graph":[{"@type":"Article","@id":"https:\/\/territorialchallenges.com\/2025\/01\/29\/cybersecurite-un-enjeu-central-au-forum-economique-mondial-de-davos-2025\/123857\/#article","isPartOf":{"@id":"https:\/\/territorialchallenges.com\/2025\/01\/29\/cybersecurite-un-enjeu-central-au-forum-economique-mondial-de-davos-2025\/123857\/"},"author":{"name":"ni.abdi","@id":"https:\/\/territorialchallenges.com\/#\/schema\/person\/098f145c7c61a021c425e010f840080f"},"headline":"Cybers\u00e9curit\u00e9 : un enjeu central au Forum \u00e9conomique mondial de Davos 2025","datePublished":"2025-01-29T11:04:28+00:00","dateModified":"2025-01-29T11:44:37+00:00","mainEntityOfPage":{"@id":"https:\/\/territorialchallenges.com\/2025\/01\/29\/cybersecurite-un-enjeu-central-au-forum-economique-mondial-de-davos-2025\/123857\/"},"wordCount":1064,"publisher":{"@id":"https:\/\/territorialchallenges.com\/#organization"},"articleSection":["Il s'est pass\u00e9 \u00e0","\u00c9cosyst\u00e8me"],"inLanguage":"it-IT"},{"@type":"WebPage","@id":"https:\/\/territorialchallenges.com\/2025\/01\/29\/cybersecurite-un-enjeu-central-au-forum-economique-mondial-de-davos-2025\/123857\/","url":"https:\/\/territorialchallenges.com\/2025\/01\/29\/cybersecurite-un-enjeu-central-au-forum-economique-mondial-de-davos-2025\/123857\/","name":"Cybers\u00e9curit\u00e9 : un enjeu central au Forum \u00e9conomique mondial de Davos 2025 - Territorial Challenges","isPartOf":{"@id":"https:\/\/territorialchallenges.com\/#website"},"datePublished":"2025-01-29T11:04:28+00:00","dateModified":"2025-01-29T11:44:37+00:00","breadcrumb":{"@id":"https:\/\/territorialchallenges.com\/2025\/01\/29\/cybersecurite-un-enjeu-central-au-forum-economique-mondial-de-davos-2025\/123857\/#breadcrumb"},"inLanguage":"it-IT","potentialAction":[{"@type":"ReadAction","target":["https:\/\/territorialchallenges.com\/2025\/01\/29\/cybersecurite-un-enjeu-central-au-forum-economique-mondial-de-davos-2025\/123857\/"]}]},{"@type":"BreadcrumbList","@id":"https:\/\/territorialchallenges.com\/2025\/01\/29\/cybersecurite-un-enjeu-central-au-forum-economique-mondial-de-davos-2025\/123857\/#breadcrumb","itemListElement":[{"@type":"ListItem","position":1,"name":"Home","item":"https:\/\/territorialchallenges.com\/"},{"@type":"ListItem","position":2,"name":"Cybers\u00e9curit\u00e9 : un enjeu central au Forum \u00e9conomique mondial de Davos 2025"}]},{"@type":"WebSite","@id":"https:\/\/territorialchallenges.com\/#website","url":"https:\/\/territorialchallenges.com\/","name":"Sfide territoriali","description":"Monitoraggio internazionale - Strategie intelligenti - Migliori pratiche","publisher":{"@id":"https:\/\/territorialchallenges.com\/#organization"},"potentialAction":[{"@type":"SearchAction","target":{"@type":"EntryPoint","urlTemplate":"https:\/\/territorialchallenges.com\/?s={search_term_string}"},"query-input":"required name=search_term_string"}],"inLanguage":"it-IT"},{"@type":"Organization","@id":"https:\/\/territorialchallenges.com\/#organization","name":"Sfide territoriali","url":"https:\/\/territorialchallenges.com\/","logo":{"@type":"ImageObject","inLanguage":"it-IT","@id":"https:\/\/territorialchallenges.com\/#\/schema\/logo\/image\/","url":"https:\/\/territorialchallenges.com\/wp-content\/uploads\/2023\/10\/logo-1.png","contentUrl":"https:\/\/territorialchallenges.com\/wp-content\/uploads\/2023\/10\/logo-1.png","width":1832,"height":576,"caption":"Territorial Challenges"},"image":{"@id":"https:\/\/territorialchallenges.com\/#\/schema\/logo\/image\/"}},{"@type":"Person","@id":"https:\/\/territorialchallenges.com\/#\/schema\/person\/098f145c7c61a021c425e010f840080f","name":"ni.abdi","image":{"@type":"ImageObject","inLanguage":"it-IT","@id":"https:\/\/territorialchallenges.com\/#\/schema\/person\/image\/","url":"https:\/\/secure.gravatar.com\/avatar\/2a2f2491f3c80039986ba989b1e4b510?s=96&d=identicon&r=g","contentUrl":"https:\/\/secure.gravatar.com\/avatar\/2a2f2491f3c80039986ba989b1e4b510?s=96&d=identicon&r=g","caption":"ni.abdi"},"sameAs":["https:\/\/twitter.com\/Ni.abdi"],"url":"https:\/\/territorialchallenges.com\/it\/author\/ni-abdi\/"}]}},"_links":{"self":[{"href":"https:\/\/territorialchallenges.com\/it\/wp-json\/wp\/v2\/posts\/123857"}],"collection":[{"href":"https:\/\/territorialchallenges.com\/it\/wp-json\/wp\/v2\/posts"}],"about":[{"href":"https:\/\/territorialchallenges.com\/it\/wp-json\/wp\/v2\/types\/post"}],"author":[{"embeddable":true,"href":"https:\/\/territorialchallenges.com\/it\/wp-json\/wp\/v2\/users\/11"}],"replies":[{"embeddable":true,"href":"https:\/\/territorialchallenges.com\/it\/wp-json\/wp\/v2\/comments?post=123857"}],"version-history":[{"count":1,"href":"https:\/\/territorialchallenges.com\/it\/wp-json\/wp\/v2\/posts\/123857\/revisions"}],"predecessor-version":[{"id":123859,"href":"https:\/\/territorialchallenges.com\/it\/wp-json\/wp\/v2\/posts\/123857\/revisions\/123859"}],"wp:featuredmedia":[{"embeddable":true,"href":"https:\/\/territorialchallenges.com\/it\/wp-json\/wp\/v2\/media\/123858"}],"wp:attachment":[{"href":"https:\/\/territorialchallenges.com\/it\/wp-json\/wp\/v2\/media?parent=123857"}],"wp:term":[{"taxonomy":"category","embeddable":true,"href":"https:\/\/territorialchallenges.com\/it\/wp-json\/wp\/v2\/categories?post=123857"},{"taxonomy":"post_tag","embeddable":true,"href":"https:\/\/territorialchallenges.com\/it\/wp-json\/wp\/v2\/tags?post=123857"}],"curies":[{"name":"parola chiave","href":"https:\/\/api.w.org\/{rel}","templated":true}]}}