{"id":123827,"date":"2025-01-22T14:28:16","date_gmt":"2025-01-22T13:28:16","guid":{"rendered":"https:\/\/territorialchallenges.com\/?p=123827"},"modified":"2025-01-22T14:28:20","modified_gmt":"2025-01-22T13:28:20","slug":"la-competition-des-laboratoires-scientifiques-un-modele-a-repenser-pour-la-recherche-francaise","status":"publish","type":"post","link":"https:\/\/territorialchallenges.com\/it\/2025\/01\/22\/la-competition-des-laboratoires-scientifiques-un-modele-a-repenser-pour-la-recherche-francaise\/123827\/","title":{"rendered":"Concorrenza tra laboratori scientifici: un modello da ripensare per la ricerca francese"},"content":{"rendered":"<p>Il progetto &quot;Key Labs&quot; del CNRS sta suscitando una forte opposizione tra le universit\u00e0 francesi, preoccupate per le conseguenze di una maggiore concorrenza tra laboratori. Di fronte alla mancanza di consultazione e a un approccio unilaterale, \u00e8 essenziale ripensare il modello di governance per garantire una ricerca collaborativa, equa ed efficace. Il\u2026 <\/p>\n<div class=\"pmpro_content_message\">Articolo disponibile solo per gli abbonati.<br \/><a href=\"https:\/\/territorialchallenges.com\/wp-login.php\">Login<\/a><br \/><a href=\"https:\/\/territorialchallenges.com\/it\/wp-login.php\/?action=register\">Registro<\/a><\/div>","protected":false},"excerpt":{"rendered":"<p>Le projet des \u00ab\u00a0Key Labs\u00a0\u00bb port\u00e9 par le CNRS suscite une vive opposition au sein des universit\u00e9s fran\u00e7aises, inqui\u00e8tes des cons\u00e9quences d&rsquo;une comp\u00e9tition exacerb\u00e9e entre laboratoires. Face \u00e0 un manque de concertation et \u00e0 une m\u00e9thode unilat\u00e9rale, il est essentiel de repenser le mod\u00e8le de gouvernance pour garantir une recherche collaborative, \u00e9quitable et efficace. Le... <\/p>\n<div class=\"pmpro_content_message\">Articolo disponibile solo per gli abbonati.<br \/><a href=\"https:\/\/territorialchallenges.com\/wp-login.php\">Login<\/a><br \/><a href=\"https:\/\/territorialchallenges.com\/it\/wp-login.php\/?action=register\">Registro<\/a><\/div>","protected":false},"author":11,"featured_media":123828,"comment_status":"closed","ping_status":"closed","sticky":true,"template":"","format":"standard","meta":{"pmpro_default_level":0,"footnotes":""},"categories":[130,117],"tags":[],"blocksy_meta":"","yoast_head":"<!-- This site is optimized with the Yoast SEO plugin v21.5 - https:\/\/yoast.com\/wordpress\/plugins\/seo\/ -->\n<title>La comp\u00e9tition des laboratoires scientifiques : Un mod\u00e8le \u00e0 repenser pour la recherche fran\u00e7aise - Territorial Challenges<\/title>\n<meta name=\"robots\" content=\"index, follow, max-snippet:-1, max-image-preview:large, max-video-preview:-1\" \/>\n<link rel=\"canonical\" href=\"https:\/\/territorialchallenges.com\/it\/2025\/01\/22\/la-competition-des-laboratoires-scientifiques-un-modele-a-repenser-pour-la-recherche-francaise\/123827\/\" \/>\n<meta property=\"og:locale\" content=\"it_IT\" \/>\n<meta property=\"og:type\" content=\"article\" \/>\n<meta property=\"og:title\" content=\"La comp\u00e9tition des laboratoires scientifiques : Un mod\u00e8le \u00e0 repenser pour la recherche fran\u00e7aise - Territorial Challenges\" \/>\n<meta property=\"og:description\" content=\"Le projet des \u00ab\u00a0Key Labs\u00a0\u00bb port\u00e9 par le CNRS suscite une vive opposition au sein des universit\u00e9s fran\u00e7aises, inqui\u00e8tes des cons\u00e9quences d&rsquo;une comp\u00e9tition exacerb\u00e9e entre laboratoires. Face \u00e0 un manque de concertation et \u00e0 une m\u00e9thode unilat\u00e9rale, il est essentiel de repenser le mod\u00e8le de gouvernance pour garantir une recherche collaborative, \u00e9quitable et efficace. Le [&hellip;]\" \/>\n<meta property=\"og:url\" content=\"https:\/\/territorialchallenges.com\/it\/2025\/01\/22\/la-competition-des-laboratoires-scientifiques-un-modele-a-repenser-pour-la-recherche-francaise\/123827\/\" \/>\n<meta property=\"og:site_name\" content=\"Territorial Challenges\" \/>\n<meta property=\"article:published_time\" content=\"2025-01-22T13:28:16+00:00\" \/>\n<meta property=\"article:modified_time\" content=\"2025-01-22T13:28:20+00:00\" \/>\n<meta property=\"og:image\" content=\"https:\/\/territorialchallenges.com\/wp-content\/uploads\/2025\/01\/reflexionFaiteImage22.01.jpg\" \/>\n\t<meta property=\"og:image:width\" content=\"1280\" \/>\n\t<meta property=\"og:image:height\" content=\"960\" \/>\n\t<meta property=\"og:image:type\" content=\"image\/jpeg\" \/>\n<meta name=\"author\" content=\"ni.abdi\" \/>\n<meta name=\"twitter:card\" content=\"summary_large_image\" \/>\n<meta name=\"twitter:creator\" content=\"@Ni.abdi\" \/>\n<meta name=\"twitter:label1\" content=\"Scritto da\" \/>\n\t<meta name=\"twitter:data1\" content=\"ni.abdi\" \/>\n\t<meta name=\"twitter:label2\" content=\"Tempo di lettura stimato\" \/>\n\t<meta name=\"twitter:data2\" content=\"5 minuti\" \/>\n<script type=\"application\/ld+json\" class=\"yoast-schema-graph\">{\"@context\":\"https:\/\/schema.org\",\"@graph\":[{\"@type\":\"Article\",\"@id\":\"https:\/\/territorialchallenges.com\/2025\/01\/22\/la-competition-des-laboratoires-scientifiques-un-modele-a-repenser-pour-la-recherche-francaise\/123827\/#article\",\"isPartOf\":{\"@id\":\"https:\/\/territorialchallenges.com\/2025\/01\/22\/la-competition-des-laboratoires-scientifiques-un-modele-a-repenser-pour-la-recherche-francaise\/123827\/\"},\"author\":{\"name\":\"ni.abdi\",\"@id\":\"https:\/\/territorialchallenges.com\/#\/schema\/person\/098f145c7c61a021c425e010f840080f\"},\"headline\":\"La comp\u00e9tition des laboratoires scientifiques : Un mod\u00e8le \u00e0 repenser pour la recherche fran\u00e7aise\",\"datePublished\":\"2025-01-22T13:28:16+00:00\",\"dateModified\":\"2025-01-22T13:28:20+00:00\",\"mainEntityOfPage\":{\"@id\":\"https:\/\/territorialchallenges.com\/2025\/01\/22\/la-competition-des-laboratoires-scientifiques-un-modele-a-repenser-pour-la-recherche-francaise\/123827\/\"},\"wordCount\":934,\"publisher\":{\"@id\":\"https:\/\/territorialchallenges.com\/#organization\"},\"articleSection\":[\"R\u00e9flexion faite\",\"\u00c9cosyst\u00e8me\"],\"inLanguage\":\"it-IT\"},{\"@type\":\"WebPage\",\"@id\":\"https:\/\/territorialchallenges.com\/2025\/01\/22\/la-competition-des-laboratoires-scientifiques-un-modele-a-repenser-pour-la-recherche-francaise\/123827\/\",\"url\":\"https:\/\/territorialchallenges.com\/2025\/01\/22\/la-competition-des-laboratoires-scientifiques-un-modele-a-repenser-pour-la-recherche-francaise\/123827\/\",\"name\":\"La comp\u00e9tition des laboratoires scientifiques : Un mod\u00e8le \u00e0 repenser pour la recherche fran\u00e7aise - Territorial Challenges\",\"isPartOf\":{\"@id\":\"https:\/\/territorialchallenges.com\/#website\"},\"datePublished\":\"2025-01-22T13:28:16+00:00\",\"dateModified\":\"2025-01-22T13:28:20+00:00\",\"breadcrumb\":{\"@id\":\"https:\/\/territorialchallenges.com\/2025\/01\/22\/la-competition-des-laboratoires-scientifiques-un-modele-a-repenser-pour-la-recherche-francaise\/123827\/#breadcrumb\"},\"inLanguage\":\"it-IT\",\"potentialAction\":[{\"@type\":\"ReadAction\",\"target\":[\"https:\/\/territorialchallenges.com\/2025\/01\/22\/la-competition-des-laboratoires-scientifiques-un-modele-a-repenser-pour-la-recherche-francaise\/123827\/\"]}]},{\"@type\":\"BreadcrumbList\",\"@id\":\"https:\/\/territorialchallenges.com\/2025\/01\/22\/la-competition-des-laboratoires-scientifiques-un-modele-a-repenser-pour-la-recherche-francaise\/123827\/#breadcrumb\",\"itemListElement\":[{\"@type\":\"ListItem\",\"position\":1,\"name\":\"Home\",\"item\":\"https:\/\/territorialchallenges.com\/\"},{\"@type\":\"ListItem\",\"position\":2,\"name\":\"La comp\u00e9tition des laboratoires scientifiques : Un mod\u00e8le \u00e0 repenser pour la recherche fran\u00e7aise\"}]},{\"@type\":\"WebSite\",\"@id\":\"https:\/\/territorialchallenges.com\/#website\",\"url\":\"https:\/\/territorialchallenges.com\/\",\"name\":\"Territorial Challenges\",\"description\":\"Veille Internationale - Strat\u00e9gie Intelligentes - Bonnes pratiques\",\"publisher\":{\"@id\":\"https:\/\/territorialchallenges.com\/#organization\"},\"potentialAction\":[{\"@type\":\"SearchAction\",\"target\":{\"@type\":\"EntryPoint\",\"urlTemplate\":\"https:\/\/territorialchallenges.com\/?s={search_term_string}\"},\"query-input\":\"required name=search_term_string\"}],\"inLanguage\":\"it-IT\"},{\"@type\":\"Organization\",\"@id\":\"https:\/\/territorialchallenges.com\/#organization\",\"name\":\"Territorial Challenges\",\"url\":\"https:\/\/territorialchallenges.com\/\",\"logo\":{\"@type\":\"ImageObject\",\"inLanguage\":\"it-IT\",\"@id\":\"https:\/\/territorialchallenges.com\/#\/schema\/logo\/image\/\",\"url\":\"https:\/\/territorialchallenges.com\/wp-content\/uploads\/2023\/10\/logo-1.png\",\"contentUrl\":\"https:\/\/territorialchallenges.com\/wp-content\/uploads\/2023\/10\/logo-1.png\",\"width\":1832,\"height\":576,\"caption\":\"Territorial Challenges\"},\"image\":{\"@id\":\"https:\/\/territorialchallenges.com\/#\/schema\/logo\/image\/\"}},{\"@type\":\"Person\",\"@id\":\"https:\/\/territorialchallenges.com\/#\/schema\/person\/098f145c7c61a021c425e010f840080f\",\"name\":\"ni.abdi\",\"image\":{\"@type\":\"ImageObject\",\"inLanguage\":\"it-IT\",\"@id\":\"https:\/\/territorialchallenges.com\/#\/schema\/person\/image\/\",\"url\":\"https:\/\/secure.gravatar.com\/avatar\/2a2f2491f3c80039986ba989b1e4b510?s=96&d=identicon&r=g\",\"contentUrl\":\"https:\/\/secure.gravatar.com\/avatar\/2a2f2491f3c80039986ba989b1e4b510?s=96&d=identicon&r=g\",\"caption\":\"ni.abdi\"},\"sameAs\":[\"https:\/\/twitter.com\/Ni.abdi\"],\"url\":\"https:\/\/territorialchallenges.com\/it\/author\/ni-abdi\/\"}]}<\/script>\n<!-- \/ Yoast SEO plugin. -->","yoast_head_json":{"title":"La comp\u00e9tition des laboratoires scientifiques : Un mod\u00e8le \u00e0 repenser pour la recherche fran\u00e7aise - Territorial Challenges","robots":{"index":"index","follow":"follow","max-snippet":"max-snippet:-1","max-image-preview":"max-image-preview:large","max-video-preview":"max-video-preview:-1"},"canonical":"https:\/\/territorialchallenges.com\/it\/2025\/01\/22\/la-competition-des-laboratoires-scientifiques-un-modele-a-repenser-pour-la-recherche-francaise\/123827\/","og_locale":"it_IT","og_type":"article","og_title":"La comp\u00e9tition des laboratoires scientifiques : Un mod\u00e8le \u00e0 repenser pour la recherche fran\u00e7aise - Territorial Challenges","og_description":"Le projet des \u00ab\u00a0Key Labs\u00a0\u00bb port\u00e9 par le CNRS suscite une vive opposition au sein des universit\u00e9s fran\u00e7aises, inqui\u00e8tes des cons\u00e9quences d&rsquo;une comp\u00e9tition exacerb\u00e9e entre laboratoires. Face \u00e0 un manque de concertation et \u00e0 une m\u00e9thode unilat\u00e9rale, il est essentiel de repenser le mod\u00e8le de gouvernance pour garantir une recherche collaborative, \u00e9quitable et efficace. Le [&hellip;]","og_url":"https:\/\/territorialchallenges.com\/it\/2025\/01\/22\/la-competition-des-laboratoires-scientifiques-un-modele-a-repenser-pour-la-recherche-francaise\/123827\/","og_site_name":"Territorial Challenges","article_published_time":"2025-01-22T13:28:16+00:00","article_modified_time":"2025-01-22T13:28:20+00:00","og_image":[{"width":1280,"height":960,"url":"https:\/\/territorialchallenges.com\/wp-content\/uploads\/2025\/01\/reflexionFaiteImage22.01.jpg","type":"image\/jpeg"}],"author":"ni.abdi","twitter_card":"summary_large_image","twitter_creator":"@Ni.abdi","twitter_misc":{"Scritto da":"ni.abdi","Tempo di lettura stimato":"5 minuti"},"schema":{"@context":"https:\/\/schema.org","@graph":[{"@type":"Article","@id":"https:\/\/territorialchallenges.com\/2025\/01\/22\/la-competition-des-laboratoires-scientifiques-un-modele-a-repenser-pour-la-recherche-francaise\/123827\/#article","isPartOf":{"@id":"https:\/\/territorialchallenges.com\/2025\/01\/22\/la-competition-des-laboratoires-scientifiques-un-modele-a-repenser-pour-la-recherche-francaise\/123827\/"},"author":{"name":"ni.abdi","@id":"https:\/\/territorialchallenges.com\/#\/schema\/person\/098f145c7c61a021c425e010f840080f"},"headline":"La comp\u00e9tition des laboratoires scientifiques : Un mod\u00e8le \u00e0 repenser pour la recherche fran\u00e7aise","datePublished":"2025-01-22T13:28:16+00:00","dateModified":"2025-01-22T13:28:20+00:00","mainEntityOfPage":{"@id":"https:\/\/territorialchallenges.com\/2025\/01\/22\/la-competition-des-laboratoires-scientifiques-un-modele-a-repenser-pour-la-recherche-francaise\/123827\/"},"wordCount":934,"publisher":{"@id":"https:\/\/territorialchallenges.com\/#organization"},"articleSection":["R\u00e9flexion faite","\u00c9cosyst\u00e8me"],"inLanguage":"it-IT"},{"@type":"WebPage","@id":"https:\/\/territorialchallenges.com\/2025\/01\/22\/la-competition-des-laboratoires-scientifiques-un-modele-a-repenser-pour-la-recherche-francaise\/123827\/","url":"https:\/\/territorialchallenges.com\/2025\/01\/22\/la-competition-des-laboratoires-scientifiques-un-modele-a-repenser-pour-la-recherche-francaise\/123827\/","name":"La comp\u00e9tition des laboratoires scientifiques : Un mod\u00e8le \u00e0 repenser pour la recherche fran\u00e7aise - Territorial Challenges","isPartOf":{"@id":"https:\/\/territorialchallenges.com\/#website"},"datePublished":"2025-01-22T13:28:16+00:00","dateModified":"2025-01-22T13:28:20+00:00","breadcrumb":{"@id":"https:\/\/territorialchallenges.com\/2025\/01\/22\/la-competition-des-laboratoires-scientifiques-un-modele-a-repenser-pour-la-recherche-francaise\/123827\/#breadcrumb"},"inLanguage":"it-IT","potentialAction":[{"@type":"ReadAction","target":["https:\/\/territorialchallenges.com\/2025\/01\/22\/la-competition-des-laboratoires-scientifiques-un-modele-a-repenser-pour-la-recherche-francaise\/123827\/"]}]},{"@type":"BreadcrumbList","@id":"https:\/\/territorialchallenges.com\/2025\/01\/22\/la-competition-des-laboratoires-scientifiques-un-modele-a-repenser-pour-la-recherche-francaise\/123827\/#breadcrumb","itemListElement":[{"@type":"ListItem","position":1,"name":"Home","item":"https:\/\/territorialchallenges.com\/"},{"@type":"ListItem","position":2,"name":"La comp\u00e9tition des laboratoires scientifiques : Un mod\u00e8le \u00e0 repenser pour la recherche fran\u00e7aise"}]},{"@type":"WebSite","@id":"https:\/\/territorialchallenges.com\/#website","url":"https:\/\/territorialchallenges.com\/","name":"Sfide territoriali","description":"Monitoraggio internazionale - Strategie intelligenti - Migliori pratiche","publisher":{"@id":"https:\/\/territorialchallenges.com\/#organization"},"potentialAction":[{"@type":"SearchAction","target":{"@type":"EntryPoint","urlTemplate":"https:\/\/territorialchallenges.com\/?s={search_term_string}"},"query-input":"required name=search_term_string"}],"inLanguage":"it-IT"},{"@type":"Organization","@id":"https:\/\/territorialchallenges.com\/#organization","name":"Sfide territoriali","url":"https:\/\/territorialchallenges.com\/","logo":{"@type":"ImageObject","inLanguage":"it-IT","@id":"https:\/\/territorialchallenges.com\/#\/schema\/logo\/image\/","url":"https:\/\/territorialchallenges.com\/wp-content\/uploads\/2023\/10\/logo-1.png","contentUrl":"https:\/\/territorialchallenges.com\/wp-content\/uploads\/2023\/10\/logo-1.png","width":1832,"height":576,"caption":"Territorial Challenges"},"image":{"@id":"https:\/\/territorialchallenges.com\/#\/schema\/logo\/image\/"}},{"@type":"Person","@id":"https:\/\/territorialchallenges.com\/#\/schema\/person\/098f145c7c61a021c425e010f840080f","name":"ni.abdi","image":{"@type":"ImageObject","inLanguage":"it-IT","@id":"https:\/\/territorialchallenges.com\/#\/schema\/person\/image\/","url":"https:\/\/secure.gravatar.com\/avatar\/2a2f2491f3c80039986ba989b1e4b510?s=96&d=identicon&r=g","contentUrl":"https:\/\/secure.gravatar.com\/avatar\/2a2f2491f3c80039986ba989b1e4b510?s=96&d=identicon&r=g","caption":"ni.abdi"},"sameAs":["https:\/\/twitter.com\/Ni.abdi"],"url":"https:\/\/territorialchallenges.com\/it\/author\/ni-abdi\/"}]}},"_links":{"self":[{"href":"https:\/\/territorialchallenges.com\/it\/wp-json\/wp\/v2\/posts\/123827"}],"collection":[{"href":"https:\/\/territorialchallenges.com\/it\/wp-json\/wp\/v2\/posts"}],"about":[{"href":"https:\/\/territorialchallenges.com\/it\/wp-json\/wp\/v2\/types\/post"}],"author":[{"embeddable":true,"href":"https:\/\/territorialchallenges.com\/it\/wp-json\/wp\/v2\/users\/11"}],"replies":[{"embeddable":true,"href":"https:\/\/territorialchallenges.com\/it\/wp-json\/wp\/v2\/comments?post=123827"}],"version-history":[{"count":1,"href":"https:\/\/territorialchallenges.com\/it\/wp-json\/wp\/v2\/posts\/123827\/revisions"}],"predecessor-version":[{"id":123829,"href":"https:\/\/territorialchallenges.com\/it\/wp-json\/wp\/v2\/posts\/123827\/revisions\/123829"}],"wp:featuredmedia":[{"embeddable":true,"href":"https:\/\/territorialchallenges.com\/it\/wp-json\/wp\/v2\/media\/123828"}],"wp:attachment":[{"href":"https:\/\/territorialchallenges.com\/it\/wp-json\/wp\/v2\/media?parent=123827"}],"wp:term":[{"taxonomy":"category","embeddable":true,"href":"https:\/\/territorialchallenges.com\/it\/wp-json\/wp\/v2\/categories?post=123827"},{"taxonomy":"post_tag","embeddable":true,"href":"https:\/\/territorialchallenges.com\/it\/wp-json\/wp\/v2\/tags?post=123827"}],"curies":[{"name":"parola chiave","href":"https:\/\/api.w.org\/{rel}","templated":true}]}}