{"id":123818,"date":"2025-01-22T14:12:23","date_gmt":"2025-01-22T13:12:23","guid":{"rendered":"https:\/\/territorialchallenges.com\/?p=123818"},"modified":"2025-01-22T14:12:29","modified_gmt":"2025-01-22T13:12:29","slug":"le-wef-trace-des-voies-concretes-pour-une-transformation-positive-de-la-nature-dans-les-villes-et-les-industries","status":"publish","type":"post","link":"https:\/\/territorialchallenges.com\/it\/2025\/01\/22\/le-wef-trace-des-voies-concretes-pour-une-transformation-positive-de-la-nature-dans-les-villes-et-les-industries\/123818\/","title":{"rendered":"Il WEF delinea percorsi concreti per una trasformazione positiva della natura nelle citt\u00e0 e nelle industrie"},"content":{"rendered":"<p>Il World Economic Forum presenta una serie di rapporti che offrono soluzioni concrete per il ripristino della natura nei principali settori industriali e nelle principali citt\u00e0. L&#039;obiettivo \u00e8 creare un futuro pi\u00f9 sostenibile allineando crescita economica, tutela della biodiversit\u00e0 e resilienza alle sfide ambientali. Ha recentemente pubblicato una serie di... <\/p>\n<div class=\"pmpro_content_message\">Articolo disponibile solo per gli abbonati.<br \/><a href=\"https:\/\/territorialchallenges.com\/wp-login.php\">Login<\/a><br \/><a href=\"https:\/\/territorialchallenges.com\/it\/wp-login.php\/?action=register\">Registro<\/a><\/div>","protected":false},"excerpt":{"rendered":"<p>Le Forum \u00e9conomique mondial d\u00e9voile une s\u00e9rie de rapports offrant des solutions concr\u00e8tes pour restaurer la nature dans les secteurs industriels cl\u00e9s et les grandes villes. L&rsquo;objectif est de cr\u00e9er un avenir plus durable en alignant croissance \u00e9conomique, protection de la biodiversit\u00e9 et r\u00e9silience face aux d\u00e9fis environnementaux. Il a r\u00e9cemment publi\u00e9 une s\u00e9rie de... <\/p>\n<div class=\"pmpro_content_message\">Articolo disponibile solo per gli abbonati.<br \/><a href=\"https:\/\/territorialchallenges.com\/wp-login.php\">Login<\/a><br \/><a href=\"https:\/\/territorialchallenges.com\/it\/wp-login.php\/?action=register\">Registro<\/a><\/div>","protected":false},"author":11,"featured_media":123819,"comment_status":"closed","ping_status":"closed","sticky":true,"template":"","format":"standard","meta":{"pmpro_default_level":0,"footnotes":""},"categories":[19,124],"tags":[],"blocksy_meta":"","yoast_head":"<!-- This site is optimized with the Yoast SEO plugin v21.5 - https:\/\/yoast.com\/wordpress\/plugins\/seo\/ -->\n<title>Le WEF trace des voies concr\u00e8tes pour une transformation positive de la nature dans les villes et les industries - Territorial Challenges<\/title>\n<meta name=\"robots\" content=\"index, follow, max-snippet:-1, max-image-preview:large, max-video-preview:-1\" \/>\n<link rel=\"canonical\" href=\"https:\/\/territorialchallenges.com\/it\/2025\/01\/22\/le-wef-trace-des-voies-concretes-pour-une-transformation-positive-de-la-nature-dans-les-villes-et-les-industries\/123818\/\" \/>\n<meta property=\"og:locale\" content=\"it_IT\" \/>\n<meta property=\"og:type\" content=\"article\" \/>\n<meta property=\"og:title\" content=\"Le WEF trace des voies concr\u00e8tes pour une transformation positive de la nature dans les villes et les industries - Territorial Challenges\" \/>\n<meta property=\"og:description\" content=\"Le Forum \u00e9conomique mondial d\u00e9voile une s\u00e9rie de rapports offrant des solutions concr\u00e8tes pour restaurer la nature dans les secteurs industriels cl\u00e9s et les grandes villes. L&rsquo;objectif est de cr\u00e9er un avenir plus durable en alignant croissance \u00e9conomique, protection de la biodiversit\u00e9 et r\u00e9silience face aux d\u00e9fis environnementaux. Il a r\u00e9cemment publi\u00e9 une s\u00e9rie de [&hellip;]\" \/>\n<meta property=\"og:url\" content=\"https:\/\/territorialchallenges.com\/it\/2025\/01\/22\/le-wef-trace-des-voies-concretes-pour-une-transformation-positive-de-la-nature-dans-les-villes-et-les-industries\/123818\/\" \/>\n<meta property=\"og:site_name\" content=\"Territorial Challenges\" \/>\n<meta property=\"article:published_time\" content=\"2025-01-22T13:12:23+00:00\" \/>\n<meta property=\"article:modified_time\" content=\"2025-01-22T13:12:29+00:00\" \/>\n<meta property=\"og:image\" content=\"https:\/\/territorialchallenges.com\/wp-content\/uploads\/2025\/01\/territoiresintelligentsImage22.01.jpg\" \/>\n\t<meta property=\"og:image:width\" content=\"1280\" \/>\n\t<meta property=\"og:image:height\" content=\"724\" \/>\n\t<meta property=\"og:image:type\" content=\"image\/jpeg\" \/>\n<meta name=\"author\" content=\"ni.abdi\" \/>\n<meta name=\"twitter:card\" content=\"summary_large_image\" \/>\n<meta name=\"twitter:creator\" content=\"@Ni.abdi\" \/>\n<meta name=\"twitter:label1\" content=\"Scritto da\" \/>\n\t<meta name=\"twitter:data1\" content=\"ni.abdi\" \/>\n\t<meta name=\"twitter:label2\" content=\"Tempo di lettura stimato\" \/>\n\t<meta name=\"twitter:data2\" content=\"4 minuti\" \/>\n<script type=\"application\/ld+json\" class=\"yoast-schema-graph\">{\"@context\":\"https:\/\/schema.org\",\"@graph\":[{\"@type\":\"Article\",\"@id\":\"https:\/\/territorialchallenges.com\/2025\/01\/22\/le-wef-trace-des-voies-concretes-pour-une-transformation-positive-de-la-nature-dans-les-villes-et-les-industries\/123818\/#article\",\"isPartOf\":{\"@id\":\"https:\/\/territorialchallenges.com\/2025\/01\/22\/le-wef-trace-des-voies-concretes-pour-une-transformation-positive-de-la-nature-dans-les-villes-et-les-industries\/123818\/\"},\"author\":{\"name\":\"ni.abdi\",\"@id\":\"https:\/\/territorialchallenges.com\/#\/schema\/person\/098f145c7c61a021c425e010f840080f\"},\"headline\":\"Le WEF trace des voies concr\u00e8tes pour une transformation positive de la nature dans les villes et les industries\",\"datePublished\":\"2025-01-22T13:12:23+00:00\",\"dateModified\":\"2025-01-22T13:12:29+00:00\",\"mainEntityOfPage\":{\"@id\":\"https:\/\/territorialchallenges.com\/2025\/01\/22\/le-wef-trace-des-voies-concretes-pour-une-transformation-positive-de-la-nature-dans-les-villes-et-les-industries\/123818\/\"},\"wordCount\":875,\"publisher\":{\"@id\":\"https:\/\/territorialchallenges.com\/#organization\"},\"articleSection\":[\"Territoires Intelligents\",\"Actualit\u00e9 internationale\"],\"inLanguage\":\"it-IT\"},{\"@type\":\"WebPage\",\"@id\":\"https:\/\/territorialchallenges.com\/2025\/01\/22\/le-wef-trace-des-voies-concretes-pour-une-transformation-positive-de-la-nature-dans-les-villes-et-les-industries\/123818\/\",\"url\":\"https:\/\/territorialchallenges.com\/2025\/01\/22\/le-wef-trace-des-voies-concretes-pour-une-transformation-positive-de-la-nature-dans-les-villes-et-les-industries\/123818\/\",\"name\":\"Le WEF trace des voies concr\u00e8tes pour une transformation positive de la nature dans les villes et les industries - Territorial Challenges\",\"isPartOf\":{\"@id\":\"https:\/\/territorialchallenges.com\/#website\"},\"datePublished\":\"2025-01-22T13:12:23+00:00\",\"dateModified\":\"2025-01-22T13:12:29+00:00\",\"breadcrumb\":{\"@id\":\"https:\/\/territorialchallenges.com\/2025\/01\/22\/le-wef-trace-des-voies-concretes-pour-une-transformation-positive-de-la-nature-dans-les-villes-et-les-industries\/123818\/#breadcrumb\"},\"inLanguage\":\"it-IT\",\"potentialAction\":[{\"@type\":\"ReadAction\",\"target\":[\"https:\/\/territorialchallenges.com\/2025\/01\/22\/le-wef-trace-des-voies-concretes-pour-une-transformation-positive-de-la-nature-dans-les-villes-et-les-industries\/123818\/\"]}]},{\"@type\":\"BreadcrumbList\",\"@id\":\"https:\/\/territorialchallenges.com\/2025\/01\/22\/le-wef-trace-des-voies-concretes-pour-une-transformation-positive-de-la-nature-dans-les-villes-et-les-industries\/123818\/#breadcrumb\",\"itemListElement\":[{\"@type\":\"ListItem\",\"position\":1,\"name\":\"Home\",\"item\":\"https:\/\/territorialchallenges.com\/\"},{\"@type\":\"ListItem\",\"position\":2,\"name\":\"Le WEF trace des voies concr\u00e8tes pour une transformation positive de la nature dans les villes et les industries\"}]},{\"@type\":\"WebSite\",\"@id\":\"https:\/\/territorialchallenges.com\/#website\",\"url\":\"https:\/\/territorialchallenges.com\/\",\"name\":\"Territorial Challenges\",\"description\":\"Veille Internationale - Strat\u00e9gie Intelligentes - Bonnes pratiques\",\"publisher\":{\"@id\":\"https:\/\/territorialchallenges.com\/#organization\"},\"potentialAction\":[{\"@type\":\"SearchAction\",\"target\":{\"@type\":\"EntryPoint\",\"urlTemplate\":\"https:\/\/territorialchallenges.com\/?s={search_term_string}\"},\"query-input\":\"required name=search_term_string\"}],\"inLanguage\":\"it-IT\"},{\"@type\":\"Organization\",\"@id\":\"https:\/\/territorialchallenges.com\/#organization\",\"name\":\"Territorial Challenges\",\"url\":\"https:\/\/territorialchallenges.com\/\",\"logo\":{\"@type\":\"ImageObject\",\"inLanguage\":\"it-IT\",\"@id\":\"https:\/\/territorialchallenges.com\/#\/schema\/logo\/image\/\",\"url\":\"https:\/\/territorialchallenges.com\/wp-content\/uploads\/2023\/10\/logo-1.png\",\"contentUrl\":\"https:\/\/territorialchallenges.com\/wp-content\/uploads\/2023\/10\/logo-1.png\",\"width\":1832,\"height\":576,\"caption\":\"Territorial Challenges\"},\"image\":{\"@id\":\"https:\/\/territorialchallenges.com\/#\/schema\/logo\/image\/\"}},{\"@type\":\"Person\",\"@id\":\"https:\/\/territorialchallenges.com\/#\/schema\/person\/098f145c7c61a021c425e010f840080f\",\"name\":\"ni.abdi\",\"image\":{\"@type\":\"ImageObject\",\"inLanguage\":\"it-IT\",\"@id\":\"https:\/\/territorialchallenges.com\/#\/schema\/person\/image\/\",\"url\":\"https:\/\/secure.gravatar.com\/avatar\/2a2f2491f3c80039986ba989b1e4b510?s=96&d=identicon&r=g\",\"contentUrl\":\"https:\/\/secure.gravatar.com\/avatar\/2a2f2491f3c80039986ba989b1e4b510?s=96&d=identicon&r=g\",\"caption\":\"ni.abdi\"},\"sameAs\":[\"https:\/\/twitter.com\/Ni.abdi\"],\"url\":\"https:\/\/territorialchallenges.com\/it\/author\/ni-abdi\/\"}]}<\/script>\n<!-- \/ Yoast SEO plugin. -->","yoast_head_json":{"title":"Le WEF trace des voies concr\u00e8tes pour une transformation positive de la nature dans les villes et les industries - Territorial Challenges","robots":{"index":"index","follow":"follow","max-snippet":"max-snippet:-1","max-image-preview":"max-image-preview:large","max-video-preview":"max-video-preview:-1"},"canonical":"https:\/\/territorialchallenges.com\/it\/2025\/01\/22\/le-wef-trace-des-voies-concretes-pour-une-transformation-positive-de-la-nature-dans-les-villes-et-les-industries\/123818\/","og_locale":"it_IT","og_type":"article","og_title":"Le WEF trace des voies concr\u00e8tes pour une transformation positive de la nature dans les villes et les industries - Territorial Challenges","og_description":"Le Forum \u00e9conomique mondial d\u00e9voile une s\u00e9rie de rapports offrant des solutions concr\u00e8tes pour restaurer la nature dans les secteurs industriels cl\u00e9s et les grandes villes. L&rsquo;objectif est de cr\u00e9er un avenir plus durable en alignant croissance \u00e9conomique, protection de la biodiversit\u00e9 et r\u00e9silience face aux d\u00e9fis environnementaux. Il a r\u00e9cemment publi\u00e9 une s\u00e9rie de [&hellip;]","og_url":"https:\/\/territorialchallenges.com\/it\/2025\/01\/22\/le-wef-trace-des-voies-concretes-pour-une-transformation-positive-de-la-nature-dans-les-villes-et-les-industries\/123818\/","og_site_name":"Territorial Challenges","article_published_time":"2025-01-22T13:12:23+00:00","article_modified_time":"2025-01-22T13:12:29+00:00","og_image":[{"width":1280,"height":724,"url":"https:\/\/territorialchallenges.com\/wp-content\/uploads\/2025\/01\/territoiresintelligentsImage22.01.jpg","type":"image\/jpeg"}],"author":"ni.abdi","twitter_card":"summary_large_image","twitter_creator":"@Ni.abdi","twitter_misc":{"Scritto da":"ni.abdi","Tempo di lettura stimato":"4 minuti"},"schema":{"@context":"https:\/\/schema.org","@graph":[{"@type":"Article","@id":"https:\/\/territorialchallenges.com\/2025\/01\/22\/le-wef-trace-des-voies-concretes-pour-une-transformation-positive-de-la-nature-dans-les-villes-et-les-industries\/123818\/#article","isPartOf":{"@id":"https:\/\/territorialchallenges.com\/2025\/01\/22\/le-wef-trace-des-voies-concretes-pour-une-transformation-positive-de-la-nature-dans-les-villes-et-les-industries\/123818\/"},"author":{"name":"ni.abdi","@id":"https:\/\/territorialchallenges.com\/#\/schema\/person\/098f145c7c61a021c425e010f840080f"},"headline":"Le WEF trace des voies concr\u00e8tes pour une transformation positive de la nature dans les villes et les industries","datePublished":"2025-01-22T13:12:23+00:00","dateModified":"2025-01-22T13:12:29+00:00","mainEntityOfPage":{"@id":"https:\/\/territorialchallenges.com\/2025\/01\/22\/le-wef-trace-des-voies-concretes-pour-une-transformation-positive-de-la-nature-dans-les-villes-et-les-industries\/123818\/"},"wordCount":875,"publisher":{"@id":"https:\/\/territorialchallenges.com\/#organization"},"articleSection":["Territoires Intelligents","Actualit\u00e9 internationale"],"inLanguage":"it-IT"},{"@type":"WebPage","@id":"https:\/\/territorialchallenges.com\/2025\/01\/22\/le-wef-trace-des-voies-concretes-pour-une-transformation-positive-de-la-nature-dans-les-villes-et-les-industries\/123818\/","url":"https:\/\/territorialchallenges.com\/2025\/01\/22\/le-wef-trace-des-voies-concretes-pour-une-transformation-positive-de-la-nature-dans-les-villes-et-les-industries\/123818\/","name":"Le WEF trace des voies concr\u00e8tes pour une transformation positive de la nature dans les villes et les industries - Territorial Challenges","isPartOf":{"@id":"https:\/\/territorialchallenges.com\/#website"},"datePublished":"2025-01-22T13:12:23+00:00","dateModified":"2025-01-22T13:12:29+00:00","breadcrumb":{"@id":"https:\/\/territorialchallenges.com\/2025\/01\/22\/le-wef-trace-des-voies-concretes-pour-une-transformation-positive-de-la-nature-dans-les-villes-et-les-industries\/123818\/#breadcrumb"},"inLanguage":"it-IT","potentialAction":[{"@type":"ReadAction","target":["https:\/\/territorialchallenges.com\/2025\/01\/22\/le-wef-trace-des-voies-concretes-pour-une-transformation-positive-de-la-nature-dans-les-villes-et-les-industries\/123818\/"]}]},{"@type":"BreadcrumbList","@id":"https:\/\/territorialchallenges.com\/2025\/01\/22\/le-wef-trace-des-voies-concretes-pour-une-transformation-positive-de-la-nature-dans-les-villes-et-les-industries\/123818\/#breadcrumb","itemListElement":[{"@type":"ListItem","position":1,"name":"Home","item":"https:\/\/territorialchallenges.com\/"},{"@type":"ListItem","position":2,"name":"Le WEF trace des voies concr\u00e8tes pour une transformation positive de la nature dans les villes et les industries"}]},{"@type":"WebSite","@id":"https:\/\/territorialchallenges.com\/#website","url":"https:\/\/territorialchallenges.com\/","name":"Sfide territoriali","description":"Monitoraggio internazionale - Strategie intelligenti - Migliori pratiche","publisher":{"@id":"https:\/\/territorialchallenges.com\/#organization"},"potentialAction":[{"@type":"SearchAction","target":{"@type":"EntryPoint","urlTemplate":"https:\/\/territorialchallenges.com\/?s={search_term_string}"},"query-input":"required name=search_term_string"}],"inLanguage":"it-IT"},{"@type":"Organization","@id":"https:\/\/territorialchallenges.com\/#organization","name":"Sfide territoriali","url":"https:\/\/territorialchallenges.com\/","logo":{"@type":"ImageObject","inLanguage":"it-IT","@id":"https:\/\/territorialchallenges.com\/#\/schema\/logo\/image\/","url":"https:\/\/territorialchallenges.com\/wp-content\/uploads\/2023\/10\/logo-1.png","contentUrl":"https:\/\/territorialchallenges.com\/wp-content\/uploads\/2023\/10\/logo-1.png","width":1832,"height":576,"caption":"Territorial Challenges"},"image":{"@id":"https:\/\/territorialchallenges.com\/#\/schema\/logo\/image\/"}},{"@type":"Person","@id":"https:\/\/territorialchallenges.com\/#\/schema\/person\/098f145c7c61a021c425e010f840080f","name":"ni.abdi","image":{"@type":"ImageObject","inLanguage":"it-IT","@id":"https:\/\/territorialchallenges.com\/#\/schema\/person\/image\/","url":"https:\/\/secure.gravatar.com\/avatar\/2a2f2491f3c80039986ba989b1e4b510?s=96&d=identicon&r=g","contentUrl":"https:\/\/secure.gravatar.com\/avatar\/2a2f2491f3c80039986ba989b1e4b510?s=96&d=identicon&r=g","caption":"ni.abdi"},"sameAs":["https:\/\/twitter.com\/Ni.abdi"],"url":"https:\/\/territorialchallenges.com\/it\/author\/ni-abdi\/"}]}},"_links":{"self":[{"href":"https:\/\/territorialchallenges.com\/it\/wp-json\/wp\/v2\/posts\/123818"}],"collection":[{"href":"https:\/\/territorialchallenges.com\/it\/wp-json\/wp\/v2\/posts"}],"about":[{"href":"https:\/\/territorialchallenges.com\/it\/wp-json\/wp\/v2\/types\/post"}],"author":[{"embeddable":true,"href":"https:\/\/territorialchallenges.com\/it\/wp-json\/wp\/v2\/users\/11"}],"replies":[{"embeddable":true,"href":"https:\/\/territorialchallenges.com\/it\/wp-json\/wp\/v2\/comments?post=123818"}],"version-history":[{"count":1,"href":"https:\/\/territorialchallenges.com\/it\/wp-json\/wp\/v2\/posts\/123818\/revisions"}],"predecessor-version":[{"id":123820,"href":"https:\/\/territorialchallenges.com\/it\/wp-json\/wp\/v2\/posts\/123818\/revisions\/123820"}],"wp:featuredmedia":[{"embeddable":true,"href":"https:\/\/territorialchallenges.com\/it\/wp-json\/wp\/v2\/media\/123819"}],"wp:attachment":[{"href":"https:\/\/territorialchallenges.com\/it\/wp-json\/wp\/v2\/media?parent=123818"}],"wp:term":[{"taxonomy":"category","embeddable":true,"href":"https:\/\/territorialchallenges.com\/it\/wp-json\/wp\/v2\/categories?post=123818"},{"taxonomy":"post_tag","embeddable":true,"href":"https:\/\/territorialchallenges.com\/it\/wp-json\/wp\/v2\/tags?post=123818"}],"curies":[{"name":"parola chiave","href":"https:\/\/api.w.org\/{rel}","templated":true}]}}