{"id":123690,"date":"2024-12-18T22:21:24","date_gmt":"2024-12-18T21:21:24","guid":{"rendered":"https:\/\/territorialchallenges.com\/?p=123690"},"modified":"2024-12-18T22:22:23","modified_gmt":"2024-12-18T21:22:23","slug":"mayotte-apres-le-cyclone-chido-une-ile-en-quete-de-resilience-face-a-linaction-et-a-lindifference","status":"publish","type":"post","link":"https:\/\/territorialchallenges.com\/it\/2024\/12\/18\/mayotte-apres-le-cyclone-chido-une-ile-en-quete-de-resilience-face-a-linaction-et-a-lindifference\/123690\/","title":{"rendered":"Mayotte dopo il ciclone Chido: un&#039;isola in cerca di resilienza di fronte all&#039;inazione e all&#039;indifferenza"},"content":{"rendered":"<p>Il ciclone Chido ha devastato Mayotte, lasciando un paesaggio di macerie e una popolazione devastata, priva delle infrastrutture e delle risorse necessarie per affrontare una simile tragedia. Mentre politiche pubbliche inadeguate e una palese mancanza di preparazione hanno aggravato le conseguenze, questo disastro rivela anche un altro punto debole: la mancanza di\u2026 <\/p>\n<div class=\"pmpro_content_message\">Articolo disponibile solo per gli abbonati.<br \/><a href=\"https:\/\/territorialchallenges.com\/wp-login.php\">Login<\/a><br \/><a href=\"https:\/\/territorialchallenges.com\/it\/wp-login.php\/?action=register\">Registro<\/a><\/div>","protected":false},"excerpt":{"rendered":"<p>Le cyclone Chido a ravag\u00e9 Mayotte, laissant un paysage de d\u00e9combres et une population meurtrie, d\u00e9pourvue des infrastructures et des ressources n\u00e9cessaires pour faire face \u00e0 une telle trag\u00e9die. Si les politiques publiques inad\u00e9quates et le manque criant de pr\u00e9paration ont aggrav\u00e9 les cons\u00e9quences, cette catastrophe r\u00e9v\u00e8le \u00e9galement un autre angle mort : l\u2019absence de... <\/p>\n<div class=\"pmpro_content_message\">Articolo disponibile solo per gli abbonati.<br \/><a href=\"https:\/\/territorialchallenges.com\/wp-login.php\">Login<\/a><br \/><a href=\"https:\/\/territorialchallenges.com\/it\/wp-login.php\/?action=register\">Registro<\/a><\/div>","protected":false},"author":11,"featured_media":123691,"comment_status":"closed","ping_status":"closed","sticky":true,"template":"","format":"standard","meta":{"pmpro_default_level":0,"footnotes":""},"categories":[130,117],"tags":[],"blocksy_meta":"","yoast_head":"<!-- This site is optimized with the Yoast SEO plugin v21.5 - https:\/\/yoast.com\/wordpress\/plugins\/seo\/ -->\n<title>Mayotte apr\u00e8s le cyclone Chido : une \u00eele en qu\u00eate de r\u00e9silience face \u00e0 l&#039;inaction et \u00e0 l&#039;indiff\u00e9rence - Territorial Challenges<\/title>\n<meta name=\"robots\" content=\"index, follow, max-snippet:-1, max-image-preview:large, max-video-preview:-1\" \/>\n<link rel=\"canonical\" href=\"https:\/\/territorialchallenges.com\/it\/2024\/12\/18\/mayotte-apres-le-cyclone-chido-une-ile-en-quete-de-resilience-face-a-linaction-et-a-lindifference\/123690\/\" \/>\n<meta property=\"og:locale\" content=\"it_IT\" \/>\n<meta property=\"og:type\" content=\"article\" \/>\n<meta property=\"og:title\" content=\"Mayotte apr\u00e8s le cyclone Chido : une \u00eele en qu\u00eate de r\u00e9silience face \u00e0 l&#039;inaction et \u00e0 l&#039;indiff\u00e9rence - Territorial Challenges\" \/>\n<meta property=\"og:description\" content=\"Le cyclone Chido a ravag\u00e9 Mayotte, laissant un paysage de d\u00e9combres et une population meurtrie, d\u00e9pourvue des infrastructures et des ressources n\u00e9cessaires pour faire face \u00e0 une telle trag\u00e9die. Si les politiques publiques inad\u00e9quates et le manque criant de pr\u00e9paration ont aggrav\u00e9 les cons\u00e9quences, cette catastrophe r\u00e9v\u00e8le \u00e9galement un autre angle mort : l\u2019absence de [&hellip;]\" \/>\n<meta property=\"og:url\" content=\"https:\/\/territorialchallenges.com\/it\/2024\/12\/18\/mayotte-apres-le-cyclone-chido-une-ile-en-quete-de-resilience-face-a-linaction-et-a-lindifference\/123690\/\" \/>\n<meta property=\"og:site_name\" content=\"Territorial Challenges\" \/>\n<meta property=\"article:published_time\" content=\"2024-12-18T21:21:24+00:00\" \/>\n<meta property=\"article:modified_time\" content=\"2024-12-18T21:22:23+00:00\" \/>\n<meta property=\"og:image\" content=\"https:\/\/territorialchallenges.com\/wp-content\/uploads\/2024\/12\/reflexionacarte-mayotte.png\" \/>\n\t<meta property=\"og:image:width\" content=\"1200\" \/>\n\t<meta property=\"og:image:height\" content=\"801\" \/>\n\t<meta property=\"og:image:type\" content=\"image\/png\" \/>\n<meta name=\"author\" content=\"ni.abdi\" \/>\n<meta name=\"twitter:card\" content=\"summary_large_image\" \/>\n<meta name=\"twitter:creator\" content=\"@Ni.abdi\" \/>\n<meta name=\"twitter:label1\" content=\"Scritto da\" \/>\n\t<meta name=\"twitter:data1\" content=\"ni.abdi\" \/>\n\t<meta name=\"twitter:label2\" content=\"Tempo di lettura stimato\" \/>\n\t<meta name=\"twitter:data2\" content=\"3 minuti\" \/>\n<script type=\"application\/ld+json\" class=\"yoast-schema-graph\">{\"@context\":\"https:\/\/schema.org\",\"@graph\":[{\"@type\":\"Article\",\"@id\":\"https:\/\/territorialchallenges.com\/2024\/12\/18\/mayotte-apres-le-cyclone-chido-une-ile-en-quete-de-resilience-face-a-linaction-et-a-lindifference\/123690\/#article\",\"isPartOf\":{\"@id\":\"https:\/\/territorialchallenges.com\/2024\/12\/18\/mayotte-apres-le-cyclone-chido-une-ile-en-quete-de-resilience-face-a-linaction-et-a-lindifference\/123690\/\"},\"author\":{\"name\":\"ni.abdi\",\"@id\":\"https:\/\/territorialchallenges.com\/#\/schema\/person\/098f145c7c61a021c425e010f840080f\"},\"headline\":\"Mayotte apr\u00e8s le cyclone Chido : une \u00eele en qu\u00eate de r\u00e9silience face \u00e0 l&rsquo;inaction et \u00e0 l&rsquo;indiff\u00e9rence\",\"datePublished\":\"2024-12-18T21:21:24+00:00\",\"dateModified\":\"2024-12-18T21:22:23+00:00\",\"mainEntityOfPage\":{\"@id\":\"https:\/\/territorialchallenges.com\/2024\/12\/18\/mayotte-apres-le-cyclone-chido-une-ile-en-quete-de-resilience-face-a-linaction-et-a-lindifference\/123690\/\"},\"wordCount\":647,\"publisher\":{\"@id\":\"https:\/\/territorialchallenges.com\/#organization\"},\"articleSection\":[\"R\u00e9flexion faite\",\"\u00c9cosyst\u00e8me\"],\"inLanguage\":\"it-IT\"},{\"@type\":\"WebPage\",\"@id\":\"https:\/\/territorialchallenges.com\/2024\/12\/18\/mayotte-apres-le-cyclone-chido-une-ile-en-quete-de-resilience-face-a-linaction-et-a-lindifference\/123690\/\",\"url\":\"https:\/\/territorialchallenges.com\/2024\/12\/18\/mayotte-apres-le-cyclone-chido-une-ile-en-quete-de-resilience-face-a-linaction-et-a-lindifference\/123690\/\",\"name\":\"Mayotte apr\u00e8s le cyclone Chido : une \u00eele en qu\u00eate de r\u00e9silience face \u00e0 l'inaction et \u00e0 l'indiff\u00e9rence - Territorial Challenges\",\"isPartOf\":{\"@id\":\"https:\/\/territorialchallenges.com\/#website\"},\"datePublished\":\"2024-12-18T21:21:24+00:00\",\"dateModified\":\"2024-12-18T21:22:23+00:00\",\"breadcrumb\":{\"@id\":\"https:\/\/territorialchallenges.com\/2024\/12\/18\/mayotte-apres-le-cyclone-chido-une-ile-en-quete-de-resilience-face-a-linaction-et-a-lindifference\/123690\/#breadcrumb\"},\"inLanguage\":\"it-IT\",\"potentialAction\":[{\"@type\":\"ReadAction\",\"target\":[\"https:\/\/territorialchallenges.com\/2024\/12\/18\/mayotte-apres-le-cyclone-chido-une-ile-en-quete-de-resilience-face-a-linaction-et-a-lindifference\/123690\/\"]}]},{\"@type\":\"BreadcrumbList\",\"@id\":\"https:\/\/territorialchallenges.com\/2024\/12\/18\/mayotte-apres-le-cyclone-chido-une-ile-en-quete-de-resilience-face-a-linaction-et-a-lindifference\/123690\/#breadcrumb\",\"itemListElement\":[{\"@type\":\"ListItem\",\"position\":1,\"name\":\"Home\",\"item\":\"https:\/\/territorialchallenges.com\/\"},{\"@type\":\"ListItem\",\"position\":2,\"name\":\"Mayotte apr\u00e8s le cyclone Chido : une \u00eele en qu\u00eate de r\u00e9silience face \u00e0 l&rsquo;inaction et \u00e0 l&rsquo;indiff\u00e9rence\"}]},{\"@type\":\"WebSite\",\"@id\":\"https:\/\/territorialchallenges.com\/#website\",\"url\":\"https:\/\/territorialchallenges.com\/\",\"name\":\"Territorial Challenges\",\"description\":\"Veille Internationale - Strat\u00e9gie Intelligentes - Bonnes pratiques\",\"publisher\":{\"@id\":\"https:\/\/territorialchallenges.com\/#organization\"},\"potentialAction\":[{\"@type\":\"SearchAction\",\"target\":{\"@type\":\"EntryPoint\",\"urlTemplate\":\"https:\/\/territorialchallenges.com\/?s={search_term_string}\"},\"query-input\":\"required name=search_term_string\"}],\"inLanguage\":\"it-IT\"},{\"@type\":\"Organization\",\"@id\":\"https:\/\/territorialchallenges.com\/#organization\",\"name\":\"Territorial Challenges\",\"url\":\"https:\/\/territorialchallenges.com\/\",\"logo\":{\"@type\":\"ImageObject\",\"inLanguage\":\"it-IT\",\"@id\":\"https:\/\/territorialchallenges.com\/#\/schema\/logo\/image\/\",\"url\":\"https:\/\/territorialchallenges.com\/wp-content\/uploads\/2023\/10\/logo-1.png\",\"contentUrl\":\"https:\/\/territorialchallenges.com\/wp-content\/uploads\/2023\/10\/logo-1.png\",\"width\":1832,\"height\":576,\"caption\":\"Territorial Challenges\"},\"image\":{\"@id\":\"https:\/\/territorialchallenges.com\/#\/schema\/logo\/image\/\"}},{\"@type\":\"Person\",\"@id\":\"https:\/\/territorialchallenges.com\/#\/schema\/person\/098f145c7c61a021c425e010f840080f\",\"name\":\"ni.abdi\",\"image\":{\"@type\":\"ImageObject\",\"inLanguage\":\"it-IT\",\"@id\":\"https:\/\/territorialchallenges.com\/#\/schema\/person\/image\/\",\"url\":\"https:\/\/secure.gravatar.com\/avatar\/2a2f2491f3c80039986ba989b1e4b510?s=96&d=identicon&r=g\",\"contentUrl\":\"https:\/\/secure.gravatar.com\/avatar\/2a2f2491f3c80039986ba989b1e4b510?s=96&d=identicon&r=g\",\"caption\":\"ni.abdi\"},\"sameAs\":[\"https:\/\/twitter.com\/Ni.abdi\"],\"url\":\"https:\/\/territorialchallenges.com\/it\/author\/ni-abdi\/\"}]}<\/script>\n<!-- \/ Yoast SEO plugin. -->","yoast_head_json":{"title":"Mayotte apr\u00e8s le cyclone Chido : une \u00eele en qu\u00eate de r\u00e9silience face \u00e0 l'inaction et \u00e0 l'indiff\u00e9rence - Territorial Challenges","robots":{"index":"index","follow":"follow","max-snippet":"max-snippet:-1","max-image-preview":"max-image-preview:large","max-video-preview":"max-video-preview:-1"},"canonical":"https:\/\/territorialchallenges.com\/it\/2024\/12\/18\/mayotte-apres-le-cyclone-chido-une-ile-en-quete-de-resilience-face-a-linaction-et-a-lindifference\/123690\/","og_locale":"it_IT","og_type":"article","og_title":"Mayotte apr\u00e8s le cyclone Chido : une \u00eele en qu\u00eate de r\u00e9silience face \u00e0 l'inaction et \u00e0 l'indiff\u00e9rence - Territorial Challenges","og_description":"Le cyclone Chido a ravag\u00e9 Mayotte, laissant un paysage de d\u00e9combres et une population meurtrie, d\u00e9pourvue des infrastructures et des ressources n\u00e9cessaires pour faire face \u00e0 une telle trag\u00e9die. Si les politiques publiques inad\u00e9quates et le manque criant de pr\u00e9paration ont aggrav\u00e9 les cons\u00e9quences, cette catastrophe r\u00e9v\u00e8le \u00e9galement un autre angle mort : l\u2019absence de [&hellip;]","og_url":"https:\/\/territorialchallenges.com\/it\/2024\/12\/18\/mayotte-apres-le-cyclone-chido-une-ile-en-quete-de-resilience-face-a-linaction-et-a-lindifference\/123690\/","og_site_name":"Territorial Challenges","article_published_time":"2024-12-18T21:21:24+00:00","article_modified_time":"2024-12-18T21:22:23+00:00","og_image":[{"width":1200,"height":801,"url":"https:\/\/territorialchallenges.com\/wp-content\/uploads\/2024\/12\/reflexionacarte-mayotte.png","type":"image\/png"}],"author":"ni.abdi","twitter_card":"summary_large_image","twitter_creator":"@Ni.abdi","twitter_misc":{"Scritto da":"ni.abdi","Tempo di lettura stimato":"3 minuti"},"schema":{"@context":"https:\/\/schema.org","@graph":[{"@type":"Article","@id":"https:\/\/territorialchallenges.com\/2024\/12\/18\/mayotte-apres-le-cyclone-chido-une-ile-en-quete-de-resilience-face-a-linaction-et-a-lindifference\/123690\/#article","isPartOf":{"@id":"https:\/\/territorialchallenges.com\/2024\/12\/18\/mayotte-apres-le-cyclone-chido-une-ile-en-quete-de-resilience-face-a-linaction-et-a-lindifference\/123690\/"},"author":{"name":"ni.abdi","@id":"https:\/\/territorialchallenges.com\/#\/schema\/person\/098f145c7c61a021c425e010f840080f"},"headline":"Mayotte apr\u00e8s le cyclone Chido : une \u00eele en qu\u00eate de r\u00e9silience face \u00e0 l&rsquo;inaction et \u00e0 l&rsquo;indiff\u00e9rence","datePublished":"2024-12-18T21:21:24+00:00","dateModified":"2024-12-18T21:22:23+00:00","mainEntityOfPage":{"@id":"https:\/\/territorialchallenges.com\/2024\/12\/18\/mayotte-apres-le-cyclone-chido-une-ile-en-quete-de-resilience-face-a-linaction-et-a-lindifference\/123690\/"},"wordCount":647,"publisher":{"@id":"https:\/\/territorialchallenges.com\/#organization"},"articleSection":["R\u00e9flexion faite","\u00c9cosyst\u00e8me"],"inLanguage":"it-IT"},{"@type":"WebPage","@id":"https:\/\/territorialchallenges.com\/2024\/12\/18\/mayotte-apres-le-cyclone-chido-une-ile-en-quete-de-resilience-face-a-linaction-et-a-lindifference\/123690\/","url":"https:\/\/territorialchallenges.com\/2024\/12\/18\/mayotte-apres-le-cyclone-chido-une-ile-en-quete-de-resilience-face-a-linaction-et-a-lindifference\/123690\/","name":"Mayotte apr\u00e8s le cyclone Chido : une \u00eele en qu\u00eate de r\u00e9silience face \u00e0 l'inaction et \u00e0 l'indiff\u00e9rence - Territorial Challenges","isPartOf":{"@id":"https:\/\/territorialchallenges.com\/#website"},"datePublished":"2024-12-18T21:21:24+00:00","dateModified":"2024-12-18T21:22:23+00:00","breadcrumb":{"@id":"https:\/\/territorialchallenges.com\/2024\/12\/18\/mayotte-apres-le-cyclone-chido-une-ile-en-quete-de-resilience-face-a-linaction-et-a-lindifference\/123690\/#breadcrumb"},"inLanguage":"it-IT","potentialAction":[{"@type":"ReadAction","target":["https:\/\/territorialchallenges.com\/2024\/12\/18\/mayotte-apres-le-cyclone-chido-une-ile-en-quete-de-resilience-face-a-linaction-et-a-lindifference\/123690\/"]}]},{"@type":"BreadcrumbList","@id":"https:\/\/territorialchallenges.com\/2024\/12\/18\/mayotte-apres-le-cyclone-chido-une-ile-en-quete-de-resilience-face-a-linaction-et-a-lindifference\/123690\/#breadcrumb","itemListElement":[{"@type":"ListItem","position":1,"name":"Home","item":"https:\/\/territorialchallenges.com\/"},{"@type":"ListItem","position":2,"name":"Mayotte apr\u00e8s le cyclone Chido : une \u00eele en qu\u00eate de r\u00e9silience face \u00e0 l&rsquo;inaction et \u00e0 l&rsquo;indiff\u00e9rence"}]},{"@type":"WebSite","@id":"https:\/\/territorialchallenges.com\/#website","url":"https:\/\/territorialchallenges.com\/","name":"Sfide territoriali","description":"Monitoraggio internazionale - Strategie intelligenti - Migliori pratiche","publisher":{"@id":"https:\/\/territorialchallenges.com\/#organization"},"potentialAction":[{"@type":"SearchAction","target":{"@type":"EntryPoint","urlTemplate":"https:\/\/territorialchallenges.com\/?s={search_term_string}"},"query-input":"required name=search_term_string"}],"inLanguage":"it-IT"},{"@type":"Organization","@id":"https:\/\/territorialchallenges.com\/#organization","name":"Sfide territoriali","url":"https:\/\/territorialchallenges.com\/","logo":{"@type":"ImageObject","inLanguage":"it-IT","@id":"https:\/\/territorialchallenges.com\/#\/schema\/logo\/image\/","url":"https:\/\/territorialchallenges.com\/wp-content\/uploads\/2023\/10\/logo-1.png","contentUrl":"https:\/\/territorialchallenges.com\/wp-content\/uploads\/2023\/10\/logo-1.png","width":1832,"height":576,"caption":"Territorial Challenges"},"image":{"@id":"https:\/\/territorialchallenges.com\/#\/schema\/logo\/image\/"}},{"@type":"Person","@id":"https:\/\/territorialchallenges.com\/#\/schema\/person\/098f145c7c61a021c425e010f840080f","name":"ni.abdi","image":{"@type":"ImageObject","inLanguage":"it-IT","@id":"https:\/\/territorialchallenges.com\/#\/schema\/person\/image\/","url":"https:\/\/secure.gravatar.com\/avatar\/2a2f2491f3c80039986ba989b1e4b510?s=96&d=identicon&r=g","contentUrl":"https:\/\/secure.gravatar.com\/avatar\/2a2f2491f3c80039986ba989b1e4b510?s=96&d=identicon&r=g","caption":"ni.abdi"},"sameAs":["https:\/\/twitter.com\/Ni.abdi"],"url":"https:\/\/territorialchallenges.com\/it\/author\/ni-abdi\/"}]}},"_links":{"self":[{"href":"https:\/\/territorialchallenges.com\/it\/wp-json\/wp\/v2\/posts\/123690"}],"collection":[{"href":"https:\/\/territorialchallenges.com\/it\/wp-json\/wp\/v2\/posts"}],"about":[{"href":"https:\/\/territorialchallenges.com\/it\/wp-json\/wp\/v2\/types\/post"}],"author":[{"embeddable":true,"href":"https:\/\/territorialchallenges.com\/it\/wp-json\/wp\/v2\/users\/11"}],"replies":[{"embeddable":true,"href":"https:\/\/territorialchallenges.com\/it\/wp-json\/wp\/v2\/comments?post=123690"}],"version-history":[{"count":2,"href":"https:\/\/territorialchallenges.com\/it\/wp-json\/wp\/v2\/posts\/123690\/revisions"}],"predecessor-version":[{"id":123693,"href":"https:\/\/territorialchallenges.com\/it\/wp-json\/wp\/v2\/posts\/123690\/revisions\/123693"}],"wp:featuredmedia":[{"embeddable":true,"href":"https:\/\/territorialchallenges.com\/it\/wp-json\/wp\/v2\/media\/123691"}],"wp:attachment":[{"href":"https:\/\/territorialchallenges.com\/it\/wp-json\/wp\/v2\/media?parent=123690"}],"wp:term":[{"taxonomy":"category","embeddable":true,"href":"https:\/\/territorialchallenges.com\/it\/wp-json\/wp\/v2\/categories?post=123690"},{"taxonomy":"post_tag","embeddable":true,"href":"https:\/\/territorialchallenges.com\/it\/wp-json\/wp\/v2\/tags?post=123690"}],"curies":[{"name":"parola chiave","href":"https:\/\/api.w.org\/{rel}","templated":true}]}}