{"id":123595,"date":"2024-12-06T13:36:42","date_gmt":"2024-12-06T12:36:42","guid":{"rendered":"https:\/\/territorialchallenges.com\/?p=123595"},"modified":"2024-12-06T13:36:45","modified_gmt":"2024-12-06T12:36:45","slug":"munich-pionniere-des-villes-intelligentes-grace-a-son-jumeau-numerique","status":"publish","type":"post","link":"https:\/\/territorialchallenges.com\/it\/2024\/12\/06\/munich-pionniere-des-villes-intelligentes-grace-a-son-jumeau-numerique\/123595\/","title":{"rendered":"Monaco, pioniera delle citt\u00e0 intelligenti grazie al suo gemello digitale"},"content":{"rendered":"<p>Monaco di Baviera si \u00e8 affermata come la principale smart city tedesca, classificandosi al primo posto nello Smart City Index 2024. Grazie al suo gemello digitale, il capoluogo bavarese sta rivoluzionando la gestione urbana promuovendo innovazione, sostenibilit\u00e0 e partecipazione dei cittadini. Uno sguardo pi\u00f9 da vicino a questo modello all&#039;avanguardia. Monaco, capoluogo della Baviera, si sta affermando come modello in termini di... <\/p>\n<div class=\"pmpro_content_message\">Articolo disponibile solo per gli abbonati.<br \/><a href=\"https:\/\/territorialchallenges.com\/wp-login.php\">Login<\/a><br \/><a href=\"https:\/\/territorialchallenges.com\/it\/wp-login.php\/?action=register\">Registro<\/a><\/div>","protected":false},"excerpt":{"rendered":"<p>Munich s&rsquo;impose comme la ville intelligente leader en Allemagne en d\u00e9crochant la premi\u00e8re place du Smart City Index 2024. Gr\u00e2ce \u00e0 son jumeau num\u00e9rique, la capitale bavaroise r\u00e9volutionne la gestion urbaine en favorisant innovation, durabilit\u00e9 et participation citoyenne. Focus sur ce mod\u00e8le avant-gardiste. Munich, capitale de la Bavi\u00e8re, s\u2019affirme comme un mod\u00e8le en mati\u00e8re de... <\/p>\n<div class=\"pmpro_content_message\">Articolo disponibile solo per gli abbonati.<br \/><a href=\"https:\/\/territorialchallenges.com\/wp-login.php\">Login<\/a><br \/><a href=\"https:\/\/territorialchallenges.com\/it\/wp-login.php\/?action=register\">Registro<\/a><\/div>","protected":false},"author":11,"featured_media":123596,"comment_status":"closed","ping_status":"closed","sticky":true,"template":"","format":"standard","meta":{"pmpro_default_level":0,"footnotes":""},"categories":[16,127],"tags":[],"blocksy_meta":"","yoast_head":"<!-- This site is optimized with the Yoast SEO plugin v21.5 - https:\/\/yoast.com\/wordpress\/plugins\/seo\/ -->\n<title>Munich, pionni\u00e8re des villes intelligentes gr\u00e2ce \u00e0 son jumeau num\u00e9rique - Territorial Challenges<\/title>\n<meta name=\"robots\" content=\"index, follow, max-snippet:-1, max-image-preview:large, max-video-preview:-1\" \/>\n<link rel=\"canonical\" href=\"https:\/\/territorialchallenges.com\/it\/2024\/12\/06\/munich-pionniere-des-villes-intelligentes-grace-a-son-jumeau-numerique\/123595\/\" \/>\n<meta property=\"og:locale\" content=\"it_IT\" \/>\n<meta property=\"og:type\" content=\"article\" \/>\n<meta property=\"og:title\" content=\"Munich, pionni\u00e8re des villes intelligentes gr\u00e2ce \u00e0 son jumeau num\u00e9rique - Territorial Challenges\" \/>\n<meta property=\"og:description\" content=\"Munich s&rsquo;impose comme la ville intelligente leader en Allemagne en d\u00e9crochant la premi\u00e8re place du Smart City Index 2024. Gr\u00e2ce \u00e0 son jumeau num\u00e9rique, la capitale bavaroise r\u00e9volutionne la gestion urbaine en favorisant innovation, durabilit\u00e9 et participation citoyenne. Focus sur ce mod\u00e8le avant-gardiste. Munich, capitale de la Bavi\u00e8re, s\u2019affirme comme un mod\u00e8le en mati\u00e8re de [&hellip;]\" \/>\n<meta property=\"og:url\" content=\"https:\/\/territorialchallenges.com\/it\/2024\/12\/06\/munich-pionniere-des-villes-intelligentes-grace-a-son-jumeau-numerique\/123595\/\" \/>\n<meta property=\"og:site_name\" content=\"Territorial Challenges\" \/>\n<meta property=\"article:published_time\" content=\"2024-12-06T12:36:42+00:00\" \/>\n<meta property=\"article:modified_time\" content=\"2024-12-06T12:36:45+00:00\" \/>\n<meta property=\"og:image\" content=\"https:\/\/territorialchallenges.com\/wp-content\/uploads\/2024\/12\/donneesobjetsconnectesMunchenimage.jpg\" \/>\n\t<meta property=\"og:image:width\" content=\"1280\" \/>\n\t<meta property=\"og:image:height\" content=\"853\" \/>\n\t<meta property=\"og:image:type\" content=\"image\/jpeg\" \/>\n<meta name=\"author\" content=\"ni.abdi\" \/>\n<meta name=\"twitter:card\" content=\"summary_large_image\" \/>\n<meta name=\"twitter:creator\" content=\"@Ni.abdi\" \/>\n<meta name=\"twitter:label1\" content=\"Scritto da\" \/>\n\t<meta name=\"twitter:data1\" content=\"ni.abdi\" \/>\n\t<meta name=\"twitter:label2\" content=\"Tempo di lettura stimato\" \/>\n\t<meta name=\"twitter:data2\" content=\"3 minuti\" \/>\n<script type=\"application\/ld+json\" class=\"yoast-schema-graph\">{\"@context\":\"https:\/\/schema.org\",\"@graph\":[{\"@type\":\"Article\",\"@id\":\"https:\/\/territorialchallenges.com\/2024\/12\/06\/munich-pionniere-des-villes-intelligentes-grace-a-son-jumeau-numerique\/123595\/#article\",\"isPartOf\":{\"@id\":\"https:\/\/territorialchallenges.com\/2024\/12\/06\/munich-pionniere-des-villes-intelligentes-grace-a-son-jumeau-numerique\/123595\/\"},\"author\":{\"name\":\"ni.abdi\",\"@id\":\"https:\/\/territorialchallenges.com\/#\/schema\/person\/098f145c7c61a021c425e010f840080f\"},\"headline\":\"Munich, pionni\u00e8re des villes intelligentes gr\u00e2ce \u00e0 son jumeau num\u00e9rique\",\"datePublished\":\"2024-12-06T12:36:42+00:00\",\"dateModified\":\"2024-12-06T12:36:45+00:00\",\"mainEntityOfPage\":{\"@id\":\"https:\/\/territorialchallenges.com\/2024\/12\/06\/munich-pionniere-des-villes-intelligentes-grace-a-son-jumeau-numerique\/123595\/\"},\"wordCount\":620,\"publisher\":{\"@id\":\"https:\/\/territorialchallenges.com\/#organization\"},\"articleSection\":[\"Donn\u00e9es\/Objets Connect\u00e9s\",\"Actualit\u00e9 Europe\"],\"inLanguage\":\"it-IT\"},{\"@type\":\"WebPage\",\"@id\":\"https:\/\/territorialchallenges.com\/2024\/12\/06\/munich-pionniere-des-villes-intelligentes-grace-a-son-jumeau-numerique\/123595\/\",\"url\":\"https:\/\/territorialchallenges.com\/2024\/12\/06\/munich-pionniere-des-villes-intelligentes-grace-a-son-jumeau-numerique\/123595\/\",\"name\":\"Munich, pionni\u00e8re des villes intelligentes gr\u00e2ce \u00e0 son jumeau num\u00e9rique - Territorial Challenges\",\"isPartOf\":{\"@id\":\"https:\/\/territorialchallenges.com\/#website\"},\"datePublished\":\"2024-12-06T12:36:42+00:00\",\"dateModified\":\"2024-12-06T12:36:45+00:00\",\"breadcrumb\":{\"@id\":\"https:\/\/territorialchallenges.com\/2024\/12\/06\/munich-pionniere-des-villes-intelligentes-grace-a-son-jumeau-numerique\/123595\/#breadcrumb\"},\"inLanguage\":\"it-IT\",\"potentialAction\":[{\"@type\":\"ReadAction\",\"target\":[\"https:\/\/territorialchallenges.com\/2024\/12\/06\/munich-pionniere-des-villes-intelligentes-grace-a-son-jumeau-numerique\/123595\/\"]}]},{\"@type\":\"BreadcrumbList\",\"@id\":\"https:\/\/territorialchallenges.com\/2024\/12\/06\/munich-pionniere-des-villes-intelligentes-grace-a-son-jumeau-numerique\/123595\/#breadcrumb\",\"itemListElement\":[{\"@type\":\"ListItem\",\"position\":1,\"name\":\"Home\",\"item\":\"https:\/\/territorialchallenges.com\/\"},{\"@type\":\"ListItem\",\"position\":2,\"name\":\"Munich, pionni\u00e8re des villes intelligentes gr\u00e2ce \u00e0 son jumeau num\u00e9rique\"}]},{\"@type\":\"WebSite\",\"@id\":\"https:\/\/territorialchallenges.com\/#website\",\"url\":\"https:\/\/territorialchallenges.com\/\",\"name\":\"Territorial Challenges\",\"description\":\"Veille Internationale - Strat\u00e9gie Intelligentes - Bonnes pratiques\",\"publisher\":{\"@id\":\"https:\/\/territorialchallenges.com\/#organization\"},\"potentialAction\":[{\"@type\":\"SearchAction\",\"target\":{\"@type\":\"EntryPoint\",\"urlTemplate\":\"https:\/\/territorialchallenges.com\/?s={search_term_string}\"},\"query-input\":\"required name=search_term_string\"}],\"inLanguage\":\"it-IT\"},{\"@type\":\"Organization\",\"@id\":\"https:\/\/territorialchallenges.com\/#organization\",\"name\":\"Territorial Challenges\",\"url\":\"https:\/\/territorialchallenges.com\/\",\"logo\":{\"@type\":\"ImageObject\",\"inLanguage\":\"it-IT\",\"@id\":\"https:\/\/territorialchallenges.com\/#\/schema\/logo\/image\/\",\"url\":\"https:\/\/territorialchallenges.com\/wp-content\/uploads\/2023\/10\/logo-1.png\",\"contentUrl\":\"https:\/\/territorialchallenges.com\/wp-content\/uploads\/2023\/10\/logo-1.png\",\"width\":1832,\"height\":576,\"caption\":\"Territorial Challenges\"},\"image\":{\"@id\":\"https:\/\/territorialchallenges.com\/#\/schema\/logo\/image\/\"}},{\"@type\":\"Person\",\"@id\":\"https:\/\/territorialchallenges.com\/#\/schema\/person\/098f145c7c61a021c425e010f840080f\",\"name\":\"ni.abdi\",\"image\":{\"@type\":\"ImageObject\",\"inLanguage\":\"it-IT\",\"@id\":\"https:\/\/territorialchallenges.com\/#\/schema\/person\/image\/\",\"url\":\"https:\/\/secure.gravatar.com\/avatar\/2a2f2491f3c80039986ba989b1e4b510?s=96&d=identicon&r=g\",\"contentUrl\":\"https:\/\/secure.gravatar.com\/avatar\/2a2f2491f3c80039986ba989b1e4b510?s=96&d=identicon&r=g\",\"caption\":\"ni.abdi\"},\"sameAs\":[\"https:\/\/twitter.com\/Ni.abdi\"],\"url\":\"https:\/\/territorialchallenges.com\/it\/author\/ni-abdi\/\"}]}<\/script>\n<!-- \/ Yoast SEO plugin. -->","yoast_head_json":{"title":"Munich, pionni\u00e8re des villes intelligentes gr\u00e2ce \u00e0 son jumeau num\u00e9rique - Territorial Challenges","robots":{"index":"index","follow":"follow","max-snippet":"max-snippet:-1","max-image-preview":"max-image-preview:large","max-video-preview":"max-video-preview:-1"},"canonical":"https:\/\/territorialchallenges.com\/it\/2024\/12\/06\/munich-pionniere-des-villes-intelligentes-grace-a-son-jumeau-numerique\/123595\/","og_locale":"it_IT","og_type":"article","og_title":"Munich, pionni\u00e8re des villes intelligentes gr\u00e2ce \u00e0 son jumeau num\u00e9rique - Territorial Challenges","og_description":"Munich s&rsquo;impose comme la ville intelligente leader en Allemagne en d\u00e9crochant la premi\u00e8re place du Smart City Index 2024. Gr\u00e2ce \u00e0 son jumeau num\u00e9rique, la capitale bavaroise r\u00e9volutionne la gestion urbaine en favorisant innovation, durabilit\u00e9 et participation citoyenne. Focus sur ce mod\u00e8le avant-gardiste. Munich, capitale de la Bavi\u00e8re, s\u2019affirme comme un mod\u00e8le en mati\u00e8re de [&hellip;]","og_url":"https:\/\/territorialchallenges.com\/it\/2024\/12\/06\/munich-pionniere-des-villes-intelligentes-grace-a-son-jumeau-numerique\/123595\/","og_site_name":"Territorial Challenges","article_published_time":"2024-12-06T12:36:42+00:00","article_modified_time":"2024-12-06T12:36:45+00:00","og_image":[{"width":1280,"height":853,"url":"https:\/\/territorialchallenges.com\/wp-content\/uploads\/2024\/12\/donneesobjetsconnectesMunchenimage.jpg","type":"image\/jpeg"}],"author":"ni.abdi","twitter_card":"summary_large_image","twitter_creator":"@Ni.abdi","twitter_misc":{"Scritto da":"ni.abdi","Tempo di lettura stimato":"3 minuti"},"schema":{"@context":"https:\/\/schema.org","@graph":[{"@type":"Article","@id":"https:\/\/territorialchallenges.com\/2024\/12\/06\/munich-pionniere-des-villes-intelligentes-grace-a-son-jumeau-numerique\/123595\/#article","isPartOf":{"@id":"https:\/\/territorialchallenges.com\/2024\/12\/06\/munich-pionniere-des-villes-intelligentes-grace-a-son-jumeau-numerique\/123595\/"},"author":{"name":"ni.abdi","@id":"https:\/\/territorialchallenges.com\/#\/schema\/person\/098f145c7c61a021c425e010f840080f"},"headline":"Munich, pionni\u00e8re des villes intelligentes gr\u00e2ce \u00e0 son jumeau num\u00e9rique","datePublished":"2024-12-06T12:36:42+00:00","dateModified":"2024-12-06T12:36:45+00:00","mainEntityOfPage":{"@id":"https:\/\/territorialchallenges.com\/2024\/12\/06\/munich-pionniere-des-villes-intelligentes-grace-a-son-jumeau-numerique\/123595\/"},"wordCount":620,"publisher":{"@id":"https:\/\/territorialchallenges.com\/#organization"},"articleSection":["Donn\u00e9es\/Objets Connect\u00e9s","Actualit\u00e9 Europe"],"inLanguage":"it-IT"},{"@type":"WebPage","@id":"https:\/\/territorialchallenges.com\/2024\/12\/06\/munich-pionniere-des-villes-intelligentes-grace-a-son-jumeau-numerique\/123595\/","url":"https:\/\/territorialchallenges.com\/2024\/12\/06\/munich-pionniere-des-villes-intelligentes-grace-a-son-jumeau-numerique\/123595\/","name":"Munich, pionni\u00e8re des villes intelligentes gr\u00e2ce \u00e0 son jumeau num\u00e9rique - Territorial Challenges","isPartOf":{"@id":"https:\/\/territorialchallenges.com\/#website"},"datePublished":"2024-12-06T12:36:42+00:00","dateModified":"2024-12-06T12:36:45+00:00","breadcrumb":{"@id":"https:\/\/territorialchallenges.com\/2024\/12\/06\/munich-pionniere-des-villes-intelligentes-grace-a-son-jumeau-numerique\/123595\/#breadcrumb"},"inLanguage":"it-IT","potentialAction":[{"@type":"ReadAction","target":["https:\/\/territorialchallenges.com\/2024\/12\/06\/munich-pionniere-des-villes-intelligentes-grace-a-son-jumeau-numerique\/123595\/"]}]},{"@type":"BreadcrumbList","@id":"https:\/\/territorialchallenges.com\/2024\/12\/06\/munich-pionniere-des-villes-intelligentes-grace-a-son-jumeau-numerique\/123595\/#breadcrumb","itemListElement":[{"@type":"ListItem","position":1,"name":"Home","item":"https:\/\/territorialchallenges.com\/"},{"@type":"ListItem","position":2,"name":"Munich, pionni\u00e8re des villes intelligentes gr\u00e2ce \u00e0 son jumeau num\u00e9rique"}]},{"@type":"WebSite","@id":"https:\/\/territorialchallenges.com\/#website","url":"https:\/\/territorialchallenges.com\/","name":"Sfide territoriali","description":"Monitoraggio internazionale - Strategie intelligenti - Migliori pratiche","publisher":{"@id":"https:\/\/territorialchallenges.com\/#organization"},"potentialAction":[{"@type":"SearchAction","target":{"@type":"EntryPoint","urlTemplate":"https:\/\/territorialchallenges.com\/?s={search_term_string}"},"query-input":"required name=search_term_string"}],"inLanguage":"it-IT"},{"@type":"Organization","@id":"https:\/\/territorialchallenges.com\/#organization","name":"Sfide territoriali","url":"https:\/\/territorialchallenges.com\/","logo":{"@type":"ImageObject","inLanguage":"it-IT","@id":"https:\/\/territorialchallenges.com\/#\/schema\/logo\/image\/","url":"https:\/\/territorialchallenges.com\/wp-content\/uploads\/2023\/10\/logo-1.png","contentUrl":"https:\/\/territorialchallenges.com\/wp-content\/uploads\/2023\/10\/logo-1.png","width":1832,"height":576,"caption":"Territorial Challenges"},"image":{"@id":"https:\/\/territorialchallenges.com\/#\/schema\/logo\/image\/"}},{"@type":"Person","@id":"https:\/\/territorialchallenges.com\/#\/schema\/person\/098f145c7c61a021c425e010f840080f","name":"ni.abdi","image":{"@type":"ImageObject","inLanguage":"it-IT","@id":"https:\/\/territorialchallenges.com\/#\/schema\/person\/image\/","url":"https:\/\/secure.gravatar.com\/avatar\/2a2f2491f3c80039986ba989b1e4b510?s=96&d=identicon&r=g","contentUrl":"https:\/\/secure.gravatar.com\/avatar\/2a2f2491f3c80039986ba989b1e4b510?s=96&d=identicon&r=g","caption":"ni.abdi"},"sameAs":["https:\/\/twitter.com\/Ni.abdi"],"url":"https:\/\/territorialchallenges.com\/it\/author\/ni-abdi\/"}]}},"_links":{"self":[{"href":"https:\/\/territorialchallenges.com\/it\/wp-json\/wp\/v2\/posts\/123595"}],"collection":[{"href":"https:\/\/territorialchallenges.com\/it\/wp-json\/wp\/v2\/posts"}],"about":[{"href":"https:\/\/territorialchallenges.com\/it\/wp-json\/wp\/v2\/types\/post"}],"author":[{"embeddable":true,"href":"https:\/\/territorialchallenges.com\/it\/wp-json\/wp\/v2\/users\/11"}],"replies":[{"embeddable":true,"href":"https:\/\/territorialchallenges.com\/it\/wp-json\/wp\/v2\/comments?post=123595"}],"version-history":[{"count":1,"href":"https:\/\/territorialchallenges.com\/it\/wp-json\/wp\/v2\/posts\/123595\/revisions"}],"predecessor-version":[{"id":123597,"href":"https:\/\/territorialchallenges.com\/it\/wp-json\/wp\/v2\/posts\/123595\/revisions\/123597"}],"wp:featuredmedia":[{"embeddable":true,"href":"https:\/\/territorialchallenges.com\/it\/wp-json\/wp\/v2\/media\/123596"}],"wp:attachment":[{"href":"https:\/\/territorialchallenges.com\/it\/wp-json\/wp\/v2\/media?parent=123595"}],"wp:term":[{"taxonomy":"category","embeddable":true,"href":"https:\/\/territorialchallenges.com\/it\/wp-json\/wp\/v2\/categories?post=123595"},{"taxonomy":"post_tag","embeddable":true,"href":"https:\/\/territorialchallenges.com\/it\/wp-json\/wp\/v2\/tags?post=123595"}],"curies":[{"name":"parola chiave","href":"https:\/\/api.w.org\/{rel}","templated":true}]}}