{"id":123417,"date":"2024-10-16T15:52:32","date_gmt":"2024-10-16T13:52:32","guid":{"rendered":"https:\/\/territorialchallenges.com\/?p=123417"},"modified":"2024-10-16T15:52:36","modified_gmt":"2024-10-16T13:52:36","slug":"le-journal-des-mines-un-temoin-de-lhistoire-industrielle-francaise","status":"publish","type":"post","link":"https:\/\/territorialchallenges.com\/it\/2024\/10\/16\/le-journal-des-mines-un-temoin-de-lhistoire-industrielle-francaise\/123417\/","title":{"rendered":"Il Journal des mines: testimone della storia industriale francese"},"content":{"rendered":"<p>Il &quot;Journal des mines: organo speciale dell&#039;industria mineraria e metallurgica in Francia e all&#039;estero&quot; \u00e8 una pubblicazione emblematica che ha segnato la storia industriale della Francia. Sotto la direzione di Henri Cozic, questa rivista si \u00e8 affermata come un punto di riferimento imprescindibile per i professionisti del settore minerario e metallurgico. Stampata da\u2026 <\/p>\n<div class=\"pmpro_content_message\">Articolo disponibile solo per gli abbonati.<br \/><a href=\"https:\/\/territorialchallenges.com\/wp-login.php\">Login<\/a><br \/><a href=\"https:\/\/territorialchallenges.com\/it\/wp-login.php\/?action=register\">Registro<\/a><\/div>","protected":false},"excerpt":{"rendered":"<p>Le \u00ab\u00a0Journal des mines : organe sp\u00e9cial de l&rsquo;industrie mini\u00e8re et m\u00e9tallurgique en France et \u00e0 l&rsquo;\u00e9tranger\u00a0\u00bb est une publication embl\u00e9matique qui a marqu\u00e9 l&rsquo;histoire industrielle de la France. Sous la direction d&rsquo;Henri Cozic, ce journal a su se positionner comme une r\u00e9f\u00e9rence incontournable pour les professionnels du secteur minier et m\u00e9tallurgique. Imprim\u00e9 par la... <\/p>\n<div class=\"pmpro_content_message\">Articolo disponibile solo per gli abbonati.<br \/><a href=\"https:\/\/territorialchallenges.com\/wp-login.php\">Login<\/a><br \/><a href=\"https:\/\/territorialchallenges.com\/it\/wp-login.php\/?action=register\">Registro<\/a><\/div>","protected":false},"author":11,"featured_media":123418,"comment_status":"closed","ping_status":"closed","sticky":true,"template":"","format":"standard","meta":{"pmpro_default_level":0,"footnotes":""},"categories":[121],"tags":[],"blocksy_meta":"","yoast_head":"<!-- This site is optimized with the Yoast SEO plugin v21.5 - https:\/\/yoast.com\/wordpress\/plugins\/seo\/ -->\n<title>Le Journal des mines : un t\u00e9moin de l&#039;histoire industrielle fran\u00e7aise - Territorial Challenges<\/title>\n<meta name=\"robots\" content=\"index, follow, max-snippet:-1, max-image-preview:large, max-video-preview:-1\" \/>\n<link rel=\"canonical\" href=\"https:\/\/territorialchallenges.com\/it\/2024\/10\/16\/le-journal-des-mines-un-temoin-de-lhistoire-industrielle-francaise\/123417\/\" \/>\n<meta property=\"og:locale\" content=\"it_IT\" \/>\n<meta property=\"og:type\" content=\"article\" \/>\n<meta property=\"og:title\" content=\"Le Journal des mines : un t\u00e9moin de l&#039;histoire industrielle fran\u00e7aise - Territorial Challenges\" \/>\n<meta property=\"og:description\" content=\"Le \u00ab\u00a0Journal des mines : organe sp\u00e9cial de l&rsquo;industrie mini\u00e8re et m\u00e9tallurgique en France et \u00e0 l&rsquo;\u00e9tranger\u00a0\u00bb est une publication embl\u00e9matique qui a marqu\u00e9 l&rsquo;histoire industrielle de la France. Sous la direction d&rsquo;Henri Cozic, ce journal a su se positionner comme une r\u00e9f\u00e9rence incontournable pour les professionnels du secteur minier et m\u00e9tallurgique. Imprim\u00e9 par la [&hellip;]\" \/>\n<meta property=\"og:url\" content=\"https:\/\/territorialchallenges.com\/it\/2024\/10\/16\/le-journal-des-mines-un-temoin-de-lhistoire-industrielle-francaise\/123417\/\" \/>\n<meta property=\"og:site_name\" content=\"Territorial Challenges\" \/>\n<meta property=\"article:published_time\" content=\"2024-10-16T13:52:32+00:00\" \/>\n<meta property=\"article:modified_time\" content=\"2024-10-16T13:52:36+00:00\" \/>\n<meta property=\"og:image\" content=\"https:\/\/territorialchallenges.com\/wp-content\/uploads\/2024\/10\/MemoireJournal_des_mines___organe_.jpeg\" \/>\n\t<meta property=\"og:image:width\" content=\"1024\" \/>\n\t<meta property=\"og:image:height\" content=\"1469\" \/>\n\t<meta property=\"og:image:type\" content=\"image\/jpeg\" \/>\n<meta name=\"author\" content=\"ni.abdi\" \/>\n<meta name=\"twitter:card\" content=\"summary_large_image\" \/>\n<meta name=\"twitter:creator\" content=\"@Ni.abdi\" \/>\n<meta name=\"twitter:label1\" content=\"Scritto da\" \/>\n\t<meta name=\"twitter:data1\" content=\"ni.abdi\" \/>\n\t<meta name=\"twitter:label2\" content=\"Tempo di lettura stimato\" \/>\n\t<meta name=\"twitter:data2\" content=\"5 minuti\" \/>\n<script type=\"application\/ld+json\" class=\"yoast-schema-graph\">{\"@context\":\"https:\/\/schema.org\",\"@graph\":[{\"@type\":\"Article\",\"@id\":\"https:\/\/territorialchallenges.com\/2024\/10\/16\/le-journal-des-mines-un-temoin-de-lhistoire-industrielle-francaise\/123417\/#article\",\"isPartOf\":{\"@id\":\"https:\/\/territorialchallenges.com\/2024\/10\/16\/le-journal-des-mines-un-temoin-de-lhistoire-industrielle-francaise\/123417\/\"},\"author\":{\"name\":\"ni.abdi\",\"@id\":\"https:\/\/territorialchallenges.com\/#\/schema\/person\/098f145c7c61a021c425e010f840080f\"},\"headline\":\"Le Journal des mines : un t\u00e9moin de l&rsquo;histoire industrielle fran\u00e7aise\",\"datePublished\":\"2024-10-16T13:52:32+00:00\",\"dateModified\":\"2024-10-16T13:52:36+00:00\",\"mainEntityOfPage\":{\"@id\":\"https:\/\/territorialchallenges.com\/2024\/10\/16\/le-journal-des-mines-un-temoin-de-lhistoire-industrielle-francaise\/123417\/\"},\"wordCount\":925,\"publisher\":{\"@id\":\"https:\/\/territorialchallenges.com\/#organization\"},\"articleSection\":[\"M\u00e9moire\"],\"inLanguage\":\"it-IT\"},{\"@type\":\"WebPage\",\"@id\":\"https:\/\/territorialchallenges.com\/2024\/10\/16\/le-journal-des-mines-un-temoin-de-lhistoire-industrielle-francaise\/123417\/\",\"url\":\"https:\/\/territorialchallenges.com\/2024\/10\/16\/le-journal-des-mines-un-temoin-de-lhistoire-industrielle-francaise\/123417\/\",\"name\":\"Le Journal des mines : un t\u00e9moin de l'histoire industrielle fran\u00e7aise - Territorial Challenges\",\"isPartOf\":{\"@id\":\"https:\/\/territorialchallenges.com\/#website\"},\"datePublished\":\"2024-10-16T13:52:32+00:00\",\"dateModified\":\"2024-10-16T13:52:36+00:00\",\"breadcrumb\":{\"@id\":\"https:\/\/territorialchallenges.com\/2024\/10\/16\/le-journal-des-mines-un-temoin-de-lhistoire-industrielle-francaise\/123417\/#breadcrumb\"},\"inLanguage\":\"it-IT\",\"potentialAction\":[{\"@type\":\"ReadAction\",\"target\":[\"https:\/\/territorialchallenges.com\/2024\/10\/16\/le-journal-des-mines-un-temoin-de-lhistoire-industrielle-francaise\/123417\/\"]}]},{\"@type\":\"BreadcrumbList\",\"@id\":\"https:\/\/territorialchallenges.com\/2024\/10\/16\/le-journal-des-mines-un-temoin-de-lhistoire-industrielle-francaise\/123417\/#breadcrumb\",\"itemListElement\":[{\"@type\":\"ListItem\",\"position\":1,\"name\":\"Home\",\"item\":\"https:\/\/territorialchallenges.com\/\"},{\"@type\":\"ListItem\",\"position\":2,\"name\":\"Le Journal des mines : un t\u00e9moin de l&rsquo;histoire industrielle fran\u00e7aise\"}]},{\"@type\":\"WebSite\",\"@id\":\"https:\/\/territorialchallenges.com\/#website\",\"url\":\"https:\/\/territorialchallenges.com\/\",\"name\":\"Territorial Challenges\",\"description\":\"Veille Internationale - Strat\u00e9gie Intelligentes - Bonnes pratiques\",\"publisher\":{\"@id\":\"https:\/\/territorialchallenges.com\/#organization\"},\"potentialAction\":[{\"@type\":\"SearchAction\",\"target\":{\"@type\":\"EntryPoint\",\"urlTemplate\":\"https:\/\/territorialchallenges.com\/?s={search_term_string}\"},\"query-input\":\"required name=search_term_string\"}],\"inLanguage\":\"it-IT\"},{\"@type\":\"Organization\",\"@id\":\"https:\/\/territorialchallenges.com\/#organization\",\"name\":\"Territorial Challenges\",\"url\":\"https:\/\/territorialchallenges.com\/\",\"logo\":{\"@type\":\"ImageObject\",\"inLanguage\":\"it-IT\",\"@id\":\"https:\/\/territorialchallenges.com\/#\/schema\/logo\/image\/\",\"url\":\"https:\/\/territorialchallenges.com\/wp-content\/uploads\/2023\/10\/logo-1.png\",\"contentUrl\":\"https:\/\/territorialchallenges.com\/wp-content\/uploads\/2023\/10\/logo-1.png\",\"width\":1832,\"height\":576,\"caption\":\"Territorial Challenges\"},\"image\":{\"@id\":\"https:\/\/territorialchallenges.com\/#\/schema\/logo\/image\/\"}},{\"@type\":\"Person\",\"@id\":\"https:\/\/territorialchallenges.com\/#\/schema\/person\/098f145c7c61a021c425e010f840080f\",\"name\":\"ni.abdi\",\"image\":{\"@type\":\"ImageObject\",\"inLanguage\":\"it-IT\",\"@id\":\"https:\/\/territorialchallenges.com\/#\/schema\/person\/image\/\",\"url\":\"https:\/\/secure.gravatar.com\/avatar\/2a2f2491f3c80039986ba989b1e4b510?s=96&d=identicon&r=g\",\"contentUrl\":\"https:\/\/secure.gravatar.com\/avatar\/2a2f2491f3c80039986ba989b1e4b510?s=96&d=identicon&r=g\",\"caption\":\"ni.abdi\"},\"sameAs\":[\"https:\/\/twitter.com\/Ni.abdi\"],\"url\":\"https:\/\/territorialchallenges.com\/it\/author\/ni-abdi\/\"}]}<\/script>\n<!-- \/ Yoast SEO plugin. -->","yoast_head_json":{"title":"Le Journal des mines : un t\u00e9moin de l'histoire industrielle fran\u00e7aise - Territorial Challenges","robots":{"index":"index","follow":"follow","max-snippet":"max-snippet:-1","max-image-preview":"max-image-preview:large","max-video-preview":"max-video-preview:-1"},"canonical":"https:\/\/territorialchallenges.com\/it\/2024\/10\/16\/le-journal-des-mines-un-temoin-de-lhistoire-industrielle-francaise\/123417\/","og_locale":"it_IT","og_type":"article","og_title":"Le Journal des mines : un t\u00e9moin de l'histoire industrielle fran\u00e7aise - Territorial Challenges","og_description":"Le \u00ab\u00a0Journal des mines : organe sp\u00e9cial de l&rsquo;industrie mini\u00e8re et m\u00e9tallurgique en France et \u00e0 l&rsquo;\u00e9tranger\u00a0\u00bb est une publication embl\u00e9matique qui a marqu\u00e9 l&rsquo;histoire industrielle de la France. Sous la direction d&rsquo;Henri Cozic, ce journal a su se positionner comme une r\u00e9f\u00e9rence incontournable pour les professionnels du secteur minier et m\u00e9tallurgique. Imprim\u00e9 par la [&hellip;]","og_url":"https:\/\/territorialchallenges.com\/it\/2024\/10\/16\/le-journal-des-mines-un-temoin-de-lhistoire-industrielle-francaise\/123417\/","og_site_name":"Territorial Challenges","article_published_time":"2024-10-16T13:52:32+00:00","article_modified_time":"2024-10-16T13:52:36+00:00","og_image":[{"width":1024,"height":1469,"url":"https:\/\/territorialchallenges.com\/wp-content\/uploads\/2024\/10\/MemoireJournal_des_mines___organe_.jpeg","type":"image\/jpeg"}],"author":"ni.abdi","twitter_card":"summary_large_image","twitter_creator":"@Ni.abdi","twitter_misc":{"Scritto da":"ni.abdi","Tempo di lettura stimato":"5 minuti"},"schema":{"@context":"https:\/\/schema.org","@graph":[{"@type":"Article","@id":"https:\/\/territorialchallenges.com\/2024\/10\/16\/le-journal-des-mines-un-temoin-de-lhistoire-industrielle-francaise\/123417\/#article","isPartOf":{"@id":"https:\/\/territorialchallenges.com\/2024\/10\/16\/le-journal-des-mines-un-temoin-de-lhistoire-industrielle-francaise\/123417\/"},"author":{"name":"ni.abdi","@id":"https:\/\/territorialchallenges.com\/#\/schema\/person\/098f145c7c61a021c425e010f840080f"},"headline":"Le Journal des mines : un t\u00e9moin de l&rsquo;histoire industrielle fran\u00e7aise","datePublished":"2024-10-16T13:52:32+00:00","dateModified":"2024-10-16T13:52:36+00:00","mainEntityOfPage":{"@id":"https:\/\/territorialchallenges.com\/2024\/10\/16\/le-journal-des-mines-un-temoin-de-lhistoire-industrielle-francaise\/123417\/"},"wordCount":925,"publisher":{"@id":"https:\/\/territorialchallenges.com\/#organization"},"articleSection":["M\u00e9moire"],"inLanguage":"it-IT"},{"@type":"WebPage","@id":"https:\/\/territorialchallenges.com\/2024\/10\/16\/le-journal-des-mines-un-temoin-de-lhistoire-industrielle-francaise\/123417\/","url":"https:\/\/territorialchallenges.com\/2024\/10\/16\/le-journal-des-mines-un-temoin-de-lhistoire-industrielle-francaise\/123417\/","name":"Le Journal des mines : un t\u00e9moin de l'histoire industrielle fran\u00e7aise - Territorial Challenges","isPartOf":{"@id":"https:\/\/territorialchallenges.com\/#website"},"datePublished":"2024-10-16T13:52:32+00:00","dateModified":"2024-10-16T13:52:36+00:00","breadcrumb":{"@id":"https:\/\/territorialchallenges.com\/2024\/10\/16\/le-journal-des-mines-un-temoin-de-lhistoire-industrielle-francaise\/123417\/#breadcrumb"},"inLanguage":"it-IT","potentialAction":[{"@type":"ReadAction","target":["https:\/\/territorialchallenges.com\/2024\/10\/16\/le-journal-des-mines-un-temoin-de-lhistoire-industrielle-francaise\/123417\/"]}]},{"@type":"BreadcrumbList","@id":"https:\/\/territorialchallenges.com\/2024\/10\/16\/le-journal-des-mines-un-temoin-de-lhistoire-industrielle-francaise\/123417\/#breadcrumb","itemListElement":[{"@type":"ListItem","position":1,"name":"Home","item":"https:\/\/territorialchallenges.com\/"},{"@type":"ListItem","position":2,"name":"Le Journal des mines : un t\u00e9moin de l&rsquo;histoire industrielle fran\u00e7aise"}]},{"@type":"WebSite","@id":"https:\/\/territorialchallenges.com\/#website","url":"https:\/\/territorialchallenges.com\/","name":"Sfide territoriali","description":"Monitoraggio internazionale - Strategie intelligenti - Migliori pratiche","publisher":{"@id":"https:\/\/territorialchallenges.com\/#organization"},"potentialAction":[{"@type":"SearchAction","target":{"@type":"EntryPoint","urlTemplate":"https:\/\/territorialchallenges.com\/?s={search_term_string}"},"query-input":"required name=search_term_string"}],"inLanguage":"it-IT"},{"@type":"Organization","@id":"https:\/\/territorialchallenges.com\/#organization","name":"Sfide territoriali","url":"https:\/\/territorialchallenges.com\/","logo":{"@type":"ImageObject","inLanguage":"it-IT","@id":"https:\/\/territorialchallenges.com\/#\/schema\/logo\/image\/","url":"https:\/\/territorialchallenges.com\/wp-content\/uploads\/2023\/10\/logo-1.png","contentUrl":"https:\/\/territorialchallenges.com\/wp-content\/uploads\/2023\/10\/logo-1.png","width":1832,"height":576,"caption":"Territorial Challenges"},"image":{"@id":"https:\/\/territorialchallenges.com\/#\/schema\/logo\/image\/"}},{"@type":"Person","@id":"https:\/\/territorialchallenges.com\/#\/schema\/person\/098f145c7c61a021c425e010f840080f","name":"ni.abdi","image":{"@type":"ImageObject","inLanguage":"it-IT","@id":"https:\/\/territorialchallenges.com\/#\/schema\/person\/image\/","url":"https:\/\/secure.gravatar.com\/avatar\/2a2f2491f3c80039986ba989b1e4b510?s=96&d=identicon&r=g","contentUrl":"https:\/\/secure.gravatar.com\/avatar\/2a2f2491f3c80039986ba989b1e4b510?s=96&d=identicon&r=g","caption":"ni.abdi"},"sameAs":["https:\/\/twitter.com\/Ni.abdi"],"url":"https:\/\/territorialchallenges.com\/it\/author\/ni-abdi\/"}]}},"_links":{"self":[{"href":"https:\/\/territorialchallenges.com\/it\/wp-json\/wp\/v2\/posts\/123417"}],"collection":[{"href":"https:\/\/territorialchallenges.com\/it\/wp-json\/wp\/v2\/posts"}],"about":[{"href":"https:\/\/territorialchallenges.com\/it\/wp-json\/wp\/v2\/types\/post"}],"author":[{"embeddable":true,"href":"https:\/\/territorialchallenges.com\/it\/wp-json\/wp\/v2\/users\/11"}],"replies":[{"embeddable":true,"href":"https:\/\/territorialchallenges.com\/it\/wp-json\/wp\/v2\/comments?post=123417"}],"version-history":[{"count":1,"href":"https:\/\/territorialchallenges.com\/it\/wp-json\/wp\/v2\/posts\/123417\/revisions"}],"predecessor-version":[{"id":123419,"href":"https:\/\/territorialchallenges.com\/it\/wp-json\/wp\/v2\/posts\/123417\/revisions\/123419"}],"wp:featuredmedia":[{"embeddable":true,"href":"https:\/\/territorialchallenges.com\/it\/wp-json\/wp\/v2\/media\/123418"}],"wp:attachment":[{"href":"https:\/\/territorialchallenges.com\/it\/wp-json\/wp\/v2\/media?parent=123417"}],"wp:term":[{"taxonomy":"category","embeddable":true,"href":"https:\/\/territorialchallenges.com\/it\/wp-json\/wp\/v2\/categories?post=123417"},{"taxonomy":"post_tag","embeddable":true,"href":"https:\/\/territorialchallenges.com\/it\/wp-json\/wp\/v2\/tags?post=123417"}],"curies":[{"name":"parola chiave","href":"https:\/\/api.w.org\/{rel}","templated":true}]}}