{"id":123332,"date":"2024-09-26T23:01:34","date_gmt":"2024-09-26T21:01:34","guid":{"rendered":"https:\/\/territorialchallenges.com\/?p=123332"},"modified":"2024-09-26T23:01:37","modified_gmt":"2024-09-26T21:01:37","slug":"medellin-un-centre-dinnovation-en-ia-pour-transformer-lamerique-latine","status":"publish","type":"post","link":"https:\/\/territorialchallenges.com\/it\/2024\/09\/26\/medellin-un-centre-dinnovation-en-ia-pour-transformer-lamerique-latine\/123332\/","title":{"rendered":"Medell\u00edn: un centro di innovazione dell&#039;intelligenza artificiale per trasformare l&#039;America Latina"},"content":{"rendered":"<p>Il World Economic Forum (WEF) e la citt\u00e0 di Medell\u00edn hanno annunciato la creazione di un Centro per la Quarta Rivoluzione Industriale (C4IR) in Colombia. Questo centro di innovazione per l&#039;intelligenza artificiale (IA) mira ad accelerare l&#039;adozione responsabile dell&#039;IA e di soluzioni tecnologiche per la trasformazione urbana, non solo a Medell\u00edn, ma anche in Colombia e... <\/p>\n<div class=\"pmpro_content_message\">Articolo disponibile solo per gli abbonati.<br \/><a href=\"https:\/\/territorialchallenges.com\/wp-login.php\">Login<\/a><br \/><a href=\"https:\/\/territorialchallenges.com\/it\/wp-login.php\/?action=register\">Registro<\/a><\/div>","protected":false},"excerpt":{"rendered":"<p>Le Forum \u00e9conomique mondial (WEF) et la ville de Medell\u00edn ont annonc\u00e9 la cr\u00e9ation d\u2019un Centre pour la quatri\u00e8me r\u00e9volution industrielle (C4IR) en Colombie. Ce centre d\u2019innovation en intelligence artificielle (IA) vise \u00e0 acc\u00e9l\u00e9rer l\u2019adoption responsable de l\u2019IA et des solutions technologiques pour la transformation urbaine, non seulement \u00e0 Medell\u00edn, mais aussi en Colombie et... <\/p>\n<div class=\"pmpro_content_message\">Articolo disponibile solo per gli abbonati.<br \/><a href=\"https:\/\/territorialchallenges.com\/wp-login.php\">Login<\/a><br \/><a href=\"https:\/\/territorialchallenges.com\/it\/wp-login.php\/?action=register\">Registro<\/a><\/div>","protected":false},"author":11,"featured_media":123333,"comment_status":"closed","ping_status":"closed","sticky":true,"template":"","format":"standard","meta":{"pmpro_default_level":0,"footnotes":""},"categories":[120,117],"tags":[],"blocksy_meta":"","yoast_head":"<!-- This site is optimized with the Yoast SEO plugin v21.5 - https:\/\/yoast.com\/wordpress\/plugins\/seo\/ -->\n<title>Medell\u00edn : un centre d\u2019innovation en IA pour transformer l\u2019Am\u00e9rique Latine - Territorial Challenges<\/title>\n<meta name=\"robots\" content=\"index, follow, max-snippet:-1, max-image-preview:large, max-video-preview:-1\" \/>\n<link rel=\"canonical\" href=\"https:\/\/territorialchallenges.com\/it\/2024\/09\/26\/medellin-un-centre-dinnovation-en-ia-pour-transformer-lamerique-latine\/123332\/\" \/>\n<meta property=\"og:locale\" content=\"it_IT\" \/>\n<meta property=\"og:type\" content=\"article\" \/>\n<meta property=\"og:title\" content=\"Medell\u00edn : un centre d\u2019innovation en IA pour transformer l\u2019Am\u00e9rique Latine - Territorial Challenges\" \/>\n<meta property=\"og:description\" content=\"Le Forum \u00e9conomique mondial (WEF) et la ville de Medell\u00edn ont annonc\u00e9 la cr\u00e9ation d\u2019un Centre pour la quatri\u00e8me r\u00e9volution industrielle (C4IR) en Colombie. Ce centre d\u2019innovation en intelligence artificielle (IA) vise \u00e0 acc\u00e9l\u00e9rer l\u2019adoption responsable de l\u2019IA et des solutions technologiques pour la transformation urbaine, non seulement \u00e0 Medell\u00edn, mais aussi en Colombie et [&hellip;]\" \/>\n<meta property=\"og:url\" content=\"https:\/\/territorialchallenges.com\/it\/2024\/09\/26\/medellin-un-centre-dinnovation-en-ia-pour-transformer-lamerique-latine\/123332\/\" \/>\n<meta property=\"og:site_name\" content=\"Territorial Challenges\" \/>\n<meta property=\"article:published_time\" content=\"2024-09-26T21:01:34+00:00\" \/>\n<meta property=\"article:modified_time\" content=\"2024-09-26T21:01:37+00:00\" \/>\n<meta property=\"og:image\" content=\"https:\/\/territorialchallenges.com\/wp-content\/uploads\/2024\/09\/ilsestpasseamedellinimage.jpg\" \/>\n\t<meta property=\"og:image:width\" content=\"1280\" \/>\n\t<meta property=\"og:image:height\" content=\"853\" \/>\n\t<meta property=\"og:image:type\" content=\"image\/jpeg\" \/>\n<meta name=\"author\" content=\"ni.abdi\" \/>\n<meta name=\"twitter:card\" content=\"summary_large_image\" \/>\n<meta name=\"twitter:creator\" content=\"@Ni.abdi\" \/>\n<meta name=\"twitter:label1\" content=\"Scritto da\" \/>\n\t<meta name=\"twitter:data1\" content=\"ni.abdi\" \/>\n\t<meta name=\"twitter:label2\" content=\"Tempo di lettura stimato\" \/>\n\t<meta name=\"twitter:data2\" content=\"4 minuti\" \/>\n<script type=\"application\/ld+json\" class=\"yoast-schema-graph\">{\"@context\":\"https:\/\/schema.org\",\"@graph\":[{\"@type\":\"Article\",\"@id\":\"https:\/\/territorialchallenges.com\/2024\/09\/26\/medellin-un-centre-dinnovation-en-ia-pour-transformer-lamerique-latine\/123332\/#article\",\"isPartOf\":{\"@id\":\"https:\/\/territorialchallenges.com\/2024\/09\/26\/medellin-un-centre-dinnovation-en-ia-pour-transformer-lamerique-latine\/123332\/\"},\"author\":{\"name\":\"ni.abdi\",\"@id\":\"https:\/\/territorialchallenges.com\/#\/schema\/person\/098f145c7c61a021c425e010f840080f\"},\"headline\":\"Medell\u00edn : un centre d\u2019innovation en IA pour transformer l\u2019Am\u00e9rique Latine\",\"datePublished\":\"2024-09-26T21:01:34+00:00\",\"dateModified\":\"2024-09-26T21:01:37+00:00\",\"mainEntityOfPage\":{\"@id\":\"https:\/\/territorialchallenges.com\/2024\/09\/26\/medellin-un-centre-dinnovation-en-ia-pour-transformer-lamerique-latine\/123332\/\"},\"wordCount\":736,\"publisher\":{\"@id\":\"https:\/\/territorialchallenges.com\/#organization\"},\"articleSection\":[\"Il s'est pass\u00e9 \u00e0\",\"\u00c9cosyst\u00e8me\"],\"inLanguage\":\"it-IT\"},{\"@type\":\"WebPage\",\"@id\":\"https:\/\/territorialchallenges.com\/2024\/09\/26\/medellin-un-centre-dinnovation-en-ia-pour-transformer-lamerique-latine\/123332\/\",\"url\":\"https:\/\/territorialchallenges.com\/2024\/09\/26\/medellin-un-centre-dinnovation-en-ia-pour-transformer-lamerique-latine\/123332\/\",\"name\":\"Medell\u00edn : un centre d\u2019innovation en IA pour transformer l\u2019Am\u00e9rique Latine - Territorial Challenges\",\"isPartOf\":{\"@id\":\"https:\/\/territorialchallenges.com\/#website\"},\"datePublished\":\"2024-09-26T21:01:34+00:00\",\"dateModified\":\"2024-09-26T21:01:37+00:00\",\"breadcrumb\":{\"@id\":\"https:\/\/territorialchallenges.com\/2024\/09\/26\/medellin-un-centre-dinnovation-en-ia-pour-transformer-lamerique-latine\/123332\/#breadcrumb\"},\"inLanguage\":\"it-IT\",\"potentialAction\":[{\"@type\":\"ReadAction\",\"target\":[\"https:\/\/territorialchallenges.com\/2024\/09\/26\/medellin-un-centre-dinnovation-en-ia-pour-transformer-lamerique-latine\/123332\/\"]}]},{\"@type\":\"BreadcrumbList\",\"@id\":\"https:\/\/territorialchallenges.com\/2024\/09\/26\/medellin-un-centre-dinnovation-en-ia-pour-transformer-lamerique-latine\/123332\/#breadcrumb\",\"itemListElement\":[{\"@type\":\"ListItem\",\"position\":1,\"name\":\"Home\",\"item\":\"https:\/\/territorialchallenges.com\/\"},{\"@type\":\"ListItem\",\"position\":2,\"name\":\"Medell\u00edn : un centre d\u2019innovation en IA pour transformer l\u2019Am\u00e9rique Latine\"}]},{\"@type\":\"WebSite\",\"@id\":\"https:\/\/territorialchallenges.com\/#website\",\"url\":\"https:\/\/territorialchallenges.com\/\",\"name\":\"Territorial Challenges\",\"description\":\"Veille Internationale - Strat\u00e9gie Intelligentes - Bonnes pratiques\",\"publisher\":{\"@id\":\"https:\/\/territorialchallenges.com\/#organization\"},\"potentialAction\":[{\"@type\":\"SearchAction\",\"target\":{\"@type\":\"EntryPoint\",\"urlTemplate\":\"https:\/\/territorialchallenges.com\/?s={search_term_string}\"},\"query-input\":\"required name=search_term_string\"}],\"inLanguage\":\"it-IT\"},{\"@type\":\"Organization\",\"@id\":\"https:\/\/territorialchallenges.com\/#organization\",\"name\":\"Territorial Challenges\",\"url\":\"https:\/\/territorialchallenges.com\/\",\"logo\":{\"@type\":\"ImageObject\",\"inLanguage\":\"it-IT\",\"@id\":\"https:\/\/territorialchallenges.com\/#\/schema\/logo\/image\/\",\"url\":\"https:\/\/territorialchallenges.com\/wp-content\/uploads\/2023\/10\/logo-1.png\",\"contentUrl\":\"https:\/\/territorialchallenges.com\/wp-content\/uploads\/2023\/10\/logo-1.png\",\"width\":1832,\"height\":576,\"caption\":\"Territorial Challenges\"},\"image\":{\"@id\":\"https:\/\/territorialchallenges.com\/#\/schema\/logo\/image\/\"}},{\"@type\":\"Person\",\"@id\":\"https:\/\/territorialchallenges.com\/#\/schema\/person\/098f145c7c61a021c425e010f840080f\",\"name\":\"ni.abdi\",\"image\":{\"@type\":\"ImageObject\",\"inLanguage\":\"it-IT\",\"@id\":\"https:\/\/territorialchallenges.com\/#\/schema\/person\/image\/\",\"url\":\"https:\/\/secure.gravatar.com\/avatar\/2a2f2491f3c80039986ba989b1e4b510?s=96&d=identicon&r=g\",\"contentUrl\":\"https:\/\/secure.gravatar.com\/avatar\/2a2f2491f3c80039986ba989b1e4b510?s=96&d=identicon&r=g\",\"caption\":\"ni.abdi\"},\"sameAs\":[\"https:\/\/twitter.com\/Ni.abdi\"],\"url\":\"https:\/\/territorialchallenges.com\/it\/author\/ni-abdi\/\"}]}<\/script>\n<!-- \/ Yoast SEO plugin. -->","yoast_head_json":{"title":"Medell\u00edn : un centre d\u2019innovation en IA pour transformer l\u2019Am\u00e9rique Latine - Territorial Challenges","robots":{"index":"index","follow":"follow","max-snippet":"max-snippet:-1","max-image-preview":"max-image-preview:large","max-video-preview":"max-video-preview:-1"},"canonical":"https:\/\/territorialchallenges.com\/it\/2024\/09\/26\/medellin-un-centre-dinnovation-en-ia-pour-transformer-lamerique-latine\/123332\/","og_locale":"it_IT","og_type":"article","og_title":"Medell\u00edn : un centre d\u2019innovation en IA pour transformer l\u2019Am\u00e9rique Latine - Territorial Challenges","og_description":"Le Forum \u00e9conomique mondial (WEF) et la ville de Medell\u00edn ont annonc\u00e9 la cr\u00e9ation d\u2019un Centre pour la quatri\u00e8me r\u00e9volution industrielle (C4IR) en Colombie. Ce centre d\u2019innovation en intelligence artificielle (IA) vise \u00e0 acc\u00e9l\u00e9rer l\u2019adoption responsable de l\u2019IA et des solutions technologiques pour la transformation urbaine, non seulement \u00e0 Medell\u00edn, mais aussi en Colombie et [&hellip;]","og_url":"https:\/\/territorialchallenges.com\/it\/2024\/09\/26\/medellin-un-centre-dinnovation-en-ia-pour-transformer-lamerique-latine\/123332\/","og_site_name":"Territorial Challenges","article_published_time":"2024-09-26T21:01:34+00:00","article_modified_time":"2024-09-26T21:01:37+00:00","og_image":[{"width":1280,"height":853,"url":"https:\/\/territorialchallenges.com\/wp-content\/uploads\/2024\/09\/ilsestpasseamedellinimage.jpg","type":"image\/jpeg"}],"author":"ni.abdi","twitter_card":"summary_large_image","twitter_creator":"@Ni.abdi","twitter_misc":{"Scritto da":"ni.abdi","Tempo di lettura stimato":"4 minuti"},"schema":{"@context":"https:\/\/schema.org","@graph":[{"@type":"Article","@id":"https:\/\/territorialchallenges.com\/2024\/09\/26\/medellin-un-centre-dinnovation-en-ia-pour-transformer-lamerique-latine\/123332\/#article","isPartOf":{"@id":"https:\/\/territorialchallenges.com\/2024\/09\/26\/medellin-un-centre-dinnovation-en-ia-pour-transformer-lamerique-latine\/123332\/"},"author":{"name":"ni.abdi","@id":"https:\/\/territorialchallenges.com\/#\/schema\/person\/098f145c7c61a021c425e010f840080f"},"headline":"Medell\u00edn : un centre d\u2019innovation en IA pour transformer l\u2019Am\u00e9rique Latine","datePublished":"2024-09-26T21:01:34+00:00","dateModified":"2024-09-26T21:01:37+00:00","mainEntityOfPage":{"@id":"https:\/\/territorialchallenges.com\/2024\/09\/26\/medellin-un-centre-dinnovation-en-ia-pour-transformer-lamerique-latine\/123332\/"},"wordCount":736,"publisher":{"@id":"https:\/\/territorialchallenges.com\/#organization"},"articleSection":["Il s'est pass\u00e9 \u00e0","\u00c9cosyst\u00e8me"],"inLanguage":"it-IT"},{"@type":"WebPage","@id":"https:\/\/territorialchallenges.com\/2024\/09\/26\/medellin-un-centre-dinnovation-en-ia-pour-transformer-lamerique-latine\/123332\/","url":"https:\/\/territorialchallenges.com\/2024\/09\/26\/medellin-un-centre-dinnovation-en-ia-pour-transformer-lamerique-latine\/123332\/","name":"Medell\u00edn : un centre d\u2019innovation en IA pour transformer l\u2019Am\u00e9rique Latine - Territorial Challenges","isPartOf":{"@id":"https:\/\/territorialchallenges.com\/#website"},"datePublished":"2024-09-26T21:01:34+00:00","dateModified":"2024-09-26T21:01:37+00:00","breadcrumb":{"@id":"https:\/\/territorialchallenges.com\/2024\/09\/26\/medellin-un-centre-dinnovation-en-ia-pour-transformer-lamerique-latine\/123332\/#breadcrumb"},"inLanguage":"it-IT","potentialAction":[{"@type":"ReadAction","target":["https:\/\/territorialchallenges.com\/2024\/09\/26\/medellin-un-centre-dinnovation-en-ia-pour-transformer-lamerique-latine\/123332\/"]}]},{"@type":"BreadcrumbList","@id":"https:\/\/territorialchallenges.com\/2024\/09\/26\/medellin-un-centre-dinnovation-en-ia-pour-transformer-lamerique-latine\/123332\/#breadcrumb","itemListElement":[{"@type":"ListItem","position":1,"name":"Home","item":"https:\/\/territorialchallenges.com\/"},{"@type":"ListItem","position":2,"name":"Medell\u00edn : un centre d\u2019innovation en IA pour transformer l\u2019Am\u00e9rique Latine"}]},{"@type":"WebSite","@id":"https:\/\/territorialchallenges.com\/#website","url":"https:\/\/territorialchallenges.com\/","name":"Sfide territoriali","description":"Monitoraggio internazionale - Strategie intelligenti - Migliori pratiche","publisher":{"@id":"https:\/\/territorialchallenges.com\/#organization"},"potentialAction":[{"@type":"SearchAction","target":{"@type":"EntryPoint","urlTemplate":"https:\/\/territorialchallenges.com\/?s={search_term_string}"},"query-input":"required name=search_term_string"}],"inLanguage":"it-IT"},{"@type":"Organization","@id":"https:\/\/territorialchallenges.com\/#organization","name":"Sfide territoriali","url":"https:\/\/territorialchallenges.com\/","logo":{"@type":"ImageObject","inLanguage":"it-IT","@id":"https:\/\/territorialchallenges.com\/#\/schema\/logo\/image\/","url":"https:\/\/territorialchallenges.com\/wp-content\/uploads\/2023\/10\/logo-1.png","contentUrl":"https:\/\/territorialchallenges.com\/wp-content\/uploads\/2023\/10\/logo-1.png","width":1832,"height":576,"caption":"Territorial Challenges"},"image":{"@id":"https:\/\/territorialchallenges.com\/#\/schema\/logo\/image\/"}},{"@type":"Person","@id":"https:\/\/territorialchallenges.com\/#\/schema\/person\/098f145c7c61a021c425e010f840080f","name":"ni.abdi","image":{"@type":"ImageObject","inLanguage":"it-IT","@id":"https:\/\/territorialchallenges.com\/#\/schema\/person\/image\/","url":"https:\/\/secure.gravatar.com\/avatar\/2a2f2491f3c80039986ba989b1e4b510?s=96&d=identicon&r=g","contentUrl":"https:\/\/secure.gravatar.com\/avatar\/2a2f2491f3c80039986ba989b1e4b510?s=96&d=identicon&r=g","caption":"ni.abdi"},"sameAs":["https:\/\/twitter.com\/Ni.abdi"],"url":"https:\/\/territorialchallenges.com\/it\/author\/ni-abdi\/"}]}},"_links":{"self":[{"href":"https:\/\/territorialchallenges.com\/it\/wp-json\/wp\/v2\/posts\/123332"}],"collection":[{"href":"https:\/\/territorialchallenges.com\/it\/wp-json\/wp\/v2\/posts"}],"about":[{"href":"https:\/\/territorialchallenges.com\/it\/wp-json\/wp\/v2\/types\/post"}],"author":[{"embeddable":true,"href":"https:\/\/territorialchallenges.com\/it\/wp-json\/wp\/v2\/users\/11"}],"replies":[{"embeddable":true,"href":"https:\/\/territorialchallenges.com\/it\/wp-json\/wp\/v2\/comments?post=123332"}],"version-history":[{"count":1,"href":"https:\/\/territorialchallenges.com\/it\/wp-json\/wp\/v2\/posts\/123332\/revisions"}],"predecessor-version":[{"id":123334,"href":"https:\/\/territorialchallenges.com\/it\/wp-json\/wp\/v2\/posts\/123332\/revisions\/123334"}],"wp:featuredmedia":[{"embeddable":true,"href":"https:\/\/territorialchallenges.com\/it\/wp-json\/wp\/v2\/media\/123333"}],"wp:attachment":[{"href":"https:\/\/territorialchallenges.com\/it\/wp-json\/wp\/v2\/media?parent=123332"}],"wp:term":[{"taxonomy":"category","embeddable":true,"href":"https:\/\/territorialchallenges.com\/it\/wp-json\/wp\/v2\/categories?post=123332"},{"taxonomy":"post_tag","embeddable":true,"href":"https:\/\/territorialchallenges.com\/it\/wp-json\/wp\/v2\/tags?post=123332"}],"curies":[{"name":"parola chiave","href":"https:\/\/api.w.org\/{rel}","templated":true}]}}