{"id":123259,"date":"2024-09-11T12:15:53","date_gmt":"2024-09-11T10:15:53","guid":{"rendered":"https:\/\/territorialchallenges.com\/?p=123259"},"modified":"2024-09-11T12:36:22","modified_gmt":"2024-09-11T10:36:22","slug":"marco-bucci-le-visionnaire-de-la-ville-intelligente-de-genes","status":"publish","type":"post","link":"https:\/\/territorialchallenges.com\/it\/2024\/09\/11\/marco-bucci-le-visionnaire-de-la-ville-intelligente-de-genes\/123259\/","title":{"rendered":"Marco Bucci: il visionario della smart city di Genova"},"content":{"rendered":"<p>Marco Bucci, Sindaco di Genova dal 2017, sta trasformando la metropoli portuale italiana in una smart city modello. Grazie alla sua consolidata esperienza in chimica e management, sta implementando iniziative innovative per rendere Genova pi\u00f9 sostenibile e connessa. Questo articolo esplora come Marco Bucci stia trasformando con successo Genova in un polo tecnologico\u2026 <\/p>\n<div class=\"pmpro_content_message\">Articolo disponibile solo per gli abbonati.<br \/><a href=\"https:\/\/territorialchallenges.com\/wp-login.php\">Login<\/a><br \/><a href=\"https:\/\/territorialchallenges.com\/it\/wp-login.php\/?action=register\">Registro<\/a><\/div>","protected":false},"excerpt":{"rendered":"<p>Marco Bucci, maire de G\u00eanes depuis 2017, transforme la m\u00e9tropole portuaire italienne en un mod\u00e8le de ville intelligente. Gr\u00e2ce \u00e0 son parcours impressionnant en chimie et en gestion, il met en \u0153uvre des initiatives innovantes pour rendre G\u00eanes plus durable et connect\u00e9e. Cet article explore comment Marco Bucci r\u00e9ussit \u00e0 transformer G\u00eanes en un haut... <\/p>\n<div class=\"pmpro_content_message\">Articolo disponibile solo per gli abbonati.<br \/><a href=\"https:\/\/territorialchallenges.com\/wp-login.php\">Login<\/a><br \/><a href=\"https:\/\/territorialchallenges.com\/it\/wp-login.php\/?action=register\">Registro<\/a><\/div>","protected":false},"author":11,"featured_media":123260,"comment_status":"closed","ping_status":"closed","sticky":true,"template":"","format":"standard","meta":{"pmpro_default_level":0,"footnotes":""},"categories":[126,117],"tags":[],"blocksy_meta":"","yoast_head":"<!-- This site is optimized with the Yoast SEO plugin v21.5 - https:\/\/yoast.com\/wordpress\/plugins\/seo\/ -->\n<title>Marco Bucci : le visionnaire de la ville intelligente de G\u00eanes - Territorial Challenges<\/title>\n<meta name=\"robots\" content=\"index, follow, max-snippet:-1, max-image-preview:large, max-video-preview:-1\" \/>\n<link rel=\"canonical\" href=\"https:\/\/territorialchallenges.com\/it\/2024\/09\/11\/marco-bucci-le-visionnaire-de-la-ville-intelligente-de-genes\/123259\/\" \/>\n<meta property=\"og:locale\" content=\"it_IT\" \/>\n<meta property=\"og:type\" content=\"article\" \/>\n<meta property=\"og:title\" content=\"Marco Bucci : le visionnaire de la ville intelligente de G\u00eanes - Territorial Challenges\" \/>\n<meta property=\"og:description\" content=\"Marco Bucci, maire de G\u00eanes depuis 2017, transforme la m\u00e9tropole portuaire italienne en un mod\u00e8le de ville intelligente. Gr\u00e2ce \u00e0 son parcours impressionnant en chimie et en gestion, il met en \u0153uvre des initiatives innovantes pour rendre G\u00eanes plus durable et connect\u00e9e. Cet article explore comment Marco Bucci r\u00e9ussit \u00e0 transformer G\u00eanes en un haut [&hellip;]\" \/>\n<meta property=\"og:url\" content=\"https:\/\/territorialchallenges.com\/it\/2024\/09\/11\/marco-bucci-le-visionnaire-de-la-ville-intelligente-de-genes\/123259\/\" \/>\n<meta property=\"og:site_name\" content=\"Territorial Challenges\" \/>\n<meta property=\"article:published_time\" content=\"2024-09-11T10:15:53+00:00\" \/>\n<meta property=\"article:modified_time\" content=\"2024-09-11T10:36:22+00:00\" \/>\n<meta property=\"og:image\" content=\"https:\/\/territorialchallenges.com\/wp-content\/uploads\/2024\/09\/OnparledeuxMarco_Bucci.jpg\" \/>\n\t<meta property=\"og:image:width\" content=\"1280\" \/>\n\t<meta property=\"og:image:height\" content=\"1024\" \/>\n\t<meta property=\"og:image:type\" content=\"image\/jpeg\" \/>\n<meta name=\"author\" content=\"ni.abdi\" \/>\n<meta name=\"twitter:card\" content=\"summary_large_image\" \/>\n<meta name=\"twitter:creator\" content=\"@Ni.abdi\" \/>\n<meta name=\"twitter:label1\" content=\"Scritto da\" \/>\n\t<meta name=\"twitter:data1\" content=\"ni.abdi\" \/>\n\t<meta name=\"twitter:label2\" content=\"Tempo di lettura stimato\" \/>\n\t<meta name=\"twitter:data2\" content=\"5 minuti\" \/>\n<script type=\"application\/ld+json\" class=\"yoast-schema-graph\">{\"@context\":\"https:\/\/schema.org\",\"@graph\":[{\"@type\":\"Article\",\"@id\":\"https:\/\/territorialchallenges.com\/2024\/09\/11\/marco-bucci-le-visionnaire-de-la-ville-intelligente-de-genes\/123259\/#article\",\"isPartOf\":{\"@id\":\"https:\/\/territorialchallenges.com\/2024\/09\/11\/marco-bucci-le-visionnaire-de-la-ville-intelligente-de-genes\/123259\/\"},\"author\":{\"name\":\"ni.abdi\",\"@id\":\"https:\/\/territorialchallenges.com\/#\/schema\/person\/098f145c7c61a021c425e010f840080f\"},\"headline\":\"Marco Bucci : le visionnaire de la ville intelligente de G\u00eanes\",\"datePublished\":\"2024-09-11T10:15:53+00:00\",\"dateModified\":\"2024-09-11T10:36:22+00:00\",\"mainEntityOfPage\":{\"@id\":\"https:\/\/territorialchallenges.com\/2024\/09\/11\/marco-bucci-le-visionnaire-de-la-ville-intelligente-de-genes\/123259\/\"},\"wordCount\":919,\"publisher\":{\"@id\":\"https:\/\/territorialchallenges.com\/#organization\"},\"articleSection\":[\"On parle d'eux\",\"\u00c9cosyst\u00e8me\"],\"inLanguage\":\"it-IT\"},{\"@type\":\"WebPage\",\"@id\":\"https:\/\/territorialchallenges.com\/2024\/09\/11\/marco-bucci-le-visionnaire-de-la-ville-intelligente-de-genes\/123259\/\",\"url\":\"https:\/\/territorialchallenges.com\/2024\/09\/11\/marco-bucci-le-visionnaire-de-la-ville-intelligente-de-genes\/123259\/\",\"name\":\"Marco Bucci : le visionnaire de la ville intelligente de G\u00eanes - Territorial Challenges\",\"isPartOf\":{\"@id\":\"https:\/\/territorialchallenges.com\/#website\"},\"datePublished\":\"2024-09-11T10:15:53+00:00\",\"dateModified\":\"2024-09-11T10:36:22+00:00\",\"breadcrumb\":{\"@id\":\"https:\/\/territorialchallenges.com\/2024\/09\/11\/marco-bucci-le-visionnaire-de-la-ville-intelligente-de-genes\/123259\/#breadcrumb\"},\"inLanguage\":\"it-IT\",\"potentialAction\":[{\"@type\":\"ReadAction\",\"target\":[\"https:\/\/territorialchallenges.com\/2024\/09\/11\/marco-bucci-le-visionnaire-de-la-ville-intelligente-de-genes\/123259\/\"]}]},{\"@type\":\"BreadcrumbList\",\"@id\":\"https:\/\/territorialchallenges.com\/2024\/09\/11\/marco-bucci-le-visionnaire-de-la-ville-intelligente-de-genes\/123259\/#breadcrumb\",\"itemListElement\":[{\"@type\":\"ListItem\",\"position\":1,\"name\":\"Home\",\"item\":\"https:\/\/territorialchallenges.com\/\"},{\"@type\":\"ListItem\",\"position\":2,\"name\":\"Marco Bucci : le visionnaire de la ville intelligente de G\u00eanes\"}]},{\"@type\":\"WebSite\",\"@id\":\"https:\/\/territorialchallenges.com\/#website\",\"url\":\"https:\/\/territorialchallenges.com\/\",\"name\":\"Territorial Challenges\",\"description\":\"Veille Internationale - Strat\u00e9gie Intelligentes - Bonnes pratiques\",\"publisher\":{\"@id\":\"https:\/\/territorialchallenges.com\/#organization\"},\"potentialAction\":[{\"@type\":\"SearchAction\",\"target\":{\"@type\":\"EntryPoint\",\"urlTemplate\":\"https:\/\/territorialchallenges.com\/?s={search_term_string}\"},\"query-input\":\"required name=search_term_string\"}],\"inLanguage\":\"it-IT\"},{\"@type\":\"Organization\",\"@id\":\"https:\/\/territorialchallenges.com\/#organization\",\"name\":\"Territorial Challenges\",\"url\":\"https:\/\/territorialchallenges.com\/\",\"logo\":{\"@type\":\"ImageObject\",\"inLanguage\":\"it-IT\",\"@id\":\"https:\/\/territorialchallenges.com\/#\/schema\/logo\/image\/\",\"url\":\"https:\/\/territorialchallenges.com\/wp-content\/uploads\/2023\/10\/logo-1.png\",\"contentUrl\":\"https:\/\/territorialchallenges.com\/wp-content\/uploads\/2023\/10\/logo-1.png\",\"width\":1832,\"height\":576,\"caption\":\"Territorial Challenges\"},\"image\":{\"@id\":\"https:\/\/territorialchallenges.com\/#\/schema\/logo\/image\/\"}},{\"@type\":\"Person\",\"@id\":\"https:\/\/territorialchallenges.com\/#\/schema\/person\/098f145c7c61a021c425e010f840080f\",\"name\":\"ni.abdi\",\"image\":{\"@type\":\"ImageObject\",\"inLanguage\":\"it-IT\",\"@id\":\"https:\/\/territorialchallenges.com\/#\/schema\/person\/image\/\",\"url\":\"https:\/\/secure.gravatar.com\/avatar\/2a2f2491f3c80039986ba989b1e4b510?s=96&d=identicon&r=g\",\"contentUrl\":\"https:\/\/secure.gravatar.com\/avatar\/2a2f2491f3c80039986ba989b1e4b510?s=96&d=identicon&r=g\",\"caption\":\"ni.abdi\"},\"sameAs\":[\"https:\/\/twitter.com\/Ni.abdi\"],\"url\":\"https:\/\/territorialchallenges.com\/it\/author\/ni-abdi\/\"}]}<\/script>\n<!-- \/ Yoast SEO plugin. -->","yoast_head_json":{"title":"Marco Bucci : le visionnaire de la ville intelligente de G\u00eanes - Territorial Challenges","robots":{"index":"index","follow":"follow","max-snippet":"max-snippet:-1","max-image-preview":"max-image-preview:large","max-video-preview":"max-video-preview:-1"},"canonical":"https:\/\/territorialchallenges.com\/it\/2024\/09\/11\/marco-bucci-le-visionnaire-de-la-ville-intelligente-de-genes\/123259\/","og_locale":"it_IT","og_type":"article","og_title":"Marco Bucci : le visionnaire de la ville intelligente de G\u00eanes - Territorial Challenges","og_description":"Marco Bucci, maire de G\u00eanes depuis 2017, transforme la m\u00e9tropole portuaire italienne en un mod\u00e8le de ville intelligente. Gr\u00e2ce \u00e0 son parcours impressionnant en chimie et en gestion, il met en \u0153uvre des initiatives innovantes pour rendre G\u00eanes plus durable et connect\u00e9e. Cet article explore comment Marco Bucci r\u00e9ussit \u00e0 transformer G\u00eanes en un haut [&hellip;]","og_url":"https:\/\/territorialchallenges.com\/it\/2024\/09\/11\/marco-bucci-le-visionnaire-de-la-ville-intelligente-de-genes\/123259\/","og_site_name":"Territorial Challenges","article_published_time":"2024-09-11T10:15:53+00:00","article_modified_time":"2024-09-11T10:36:22+00:00","og_image":[{"width":1280,"height":1024,"url":"https:\/\/territorialchallenges.com\/wp-content\/uploads\/2024\/09\/OnparledeuxMarco_Bucci.jpg","type":"image\/jpeg"}],"author":"ni.abdi","twitter_card":"summary_large_image","twitter_creator":"@Ni.abdi","twitter_misc":{"Scritto da":"ni.abdi","Tempo di lettura stimato":"5 minuti"},"schema":{"@context":"https:\/\/schema.org","@graph":[{"@type":"Article","@id":"https:\/\/territorialchallenges.com\/2024\/09\/11\/marco-bucci-le-visionnaire-de-la-ville-intelligente-de-genes\/123259\/#article","isPartOf":{"@id":"https:\/\/territorialchallenges.com\/2024\/09\/11\/marco-bucci-le-visionnaire-de-la-ville-intelligente-de-genes\/123259\/"},"author":{"name":"ni.abdi","@id":"https:\/\/territorialchallenges.com\/#\/schema\/person\/098f145c7c61a021c425e010f840080f"},"headline":"Marco Bucci : le visionnaire de la ville intelligente de G\u00eanes","datePublished":"2024-09-11T10:15:53+00:00","dateModified":"2024-09-11T10:36:22+00:00","mainEntityOfPage":{"@id":"https:\/\/territorialchallenges.com\/2024\/09\/11\/marco-bucci-le-visionnaire-de-la-ville-intelligente-de-genes\/123259\/"},"wordCount":919,"publisher":{"@id":"https:\/\/territorialchallenges.com\/#organization"},"articleSection":["On parle d'eux","\u00c9cosyst\u00e8me"],"inLanguage":"it-IT"},{"@type":"WebPage","@id":"https:\/\/territorialchallenges.com\/2024\/09\/11\/marco-bucci-le-visionnaire-de-la-ville-intelligente-de-genes\/123259\/","url":"https:\/\/territorialchallenges.com\/2024\/09\/11\/marco-bucci-le-visionnaire-de-la-ville-intelligente-de-genes\/123259\/","name":"Marco Bucci : le visionnaire de la ville intelligente de G\u00eanes - Territorial Challenges","isPartOf":{"@id":"https:\/\/territorialchallenges.com\/#website"},"datePublished":"2024-09-11T10:15:53+00:00","dateModified":"2024-09-11T10:36:22+00:00","breadcrumb":{"@id":"https:\/\/territorialchallenges.com\/2024\/09\/11\/marco-bucci-le-visionnaire-de-la-ville-intelligente-de-genes\/123259\/#breadcrumb"},"inLanguage":"it-IT","potentialAction":[{"@type":"ReadAction","target":["https:\/\/territorialchallenges.com\/2024\/09\/11\/marco-bucci-le-visionnaire-de-la-ville-intelligente-de-genes\/123259\/"]}]},{"@type":"BreadcrumbList","@id":"https:\/\/territorialchallenges.com\/2024\/09\/11\/marco-bucci-le-visionnaire-de-la-ville-intelligente-de-genes\/123259\/#breadcrumb","itemListElement":[{"@type":"ListItem","position":1,"name":"Home","item":"https:\/\/territorialchallenges.com\/"},{"@type":"ListItem","position":2,"name":"Marco Bucci : le visionnaire de la ville intelligente de G\u00eanes"}]},{"@type":"WebSite","@id":"https:\/\/territorialchallenges.com\/#website","url":"https:\/\/territorialchallenges.com\/","name":"Sfide territoriali","description":"Monitoraggio internazionale - Strategie intelligenti - Migliori pratiche","publisher":{"@id":"https:\/\/territorialchallenges.com\/#organization"},"potentialAction":[{"@type":"SearchAction","target":{"@type":"EntryPoint","urlTemplate":"https:\/\/territorialchallenges.com\/?s={search_term_string}"},"query-input":"required name=search_term_string"}],"inLanguage":"it-IT"},{"@type":"Organization","@id":"https:\/\/territorialchallenges.com\/#organization","name":"Sfide territoriali","url":"https:\/\/territorialchallenges.com\/","logo":{"@type":"ImageObject","inLanguage":"it-IT","@id":"https:\/\/territorialchallenges.com\/#\/schema\/logo\/image\/","url":"https:\/\/territorialchallenges.com\/wp-content\/uploads\/2023\/10\/logo-1.png","contentUrl":"https:\/\/territorialchallenges.com\/wp-content\/uploads\/2023\/10\/logo-1.png","width":1832,"height":576,"caption":"Territorial Challenges"},"image":{"@id":"https:\/\/territorialchallenges.com\/#\/schema\/logo\/image\/"}},{"@type":"Person","@id":"https:\/\/territorialchallenges.com\/#\/schema\/person\/098f145c7c61a021c425e010f840080f","name":"ni.abdi","image":{"@type":"ImageObject","inLanguage":"it-IT","@id":"https:\/\/territorialchallenges.com\/#\/schema\/person\/image\/","url":"https:\/\/secure.gravatar.com\/avatar\/2a2f2491f3c80039986ba989b1e4b510?s=96&d=identicon&r=g","contentUrl":"https:\/\/secure.gravatar.com\/avatar\/2a2f2491f3c80039986ba989b1e4b510?s=96&d=identicon&r=g","caption":"ni.abdi"},"sameAs":["https:\/\/twitter.com\/Ni.abdi"],"url":"https:\/\/territorialchallenges.com\/it\/author\/ni-abdi\/"}]}},"_links":{"self":[{"href":"https:\/\/territorialchallenges.com\/it\/wp-json\/wp\/v2\/posts\/123259"}],"collection":[{"href":"https:\/\/territorialchallenges.com\/it\/wp-json\/wp\/v2\/posts"}],"about":[{"href":"https:\/\/territorialchallenges.com\/it\/wp-json\/wp\/v2\/types\/post"}],"author":[{"embeddable":true,"href":"https:\/\/territorialchallenges.com\/it\/wp-json\/wp\/v2\/users\/11"}],"replies":[{"embeddable":true,"href":"https:\/\/territorialchallenges.com\/it\/wp-json\/wp\/v2\/comments?post=123259"}],"version-history":[{"count":1,"href":"https:\/\/territorialchallenges.com\/it\/wp-json\/wp\/v2\/posts\/123259\/revisions"}],"predecessor-version":[{"id":123261,"href":"https:\/\/territorialchallenges.com\/it\/wp-json\/wp\/v2\/posts\/123259\/revisions\/123261"}],"wp:featuredmedia":[{"embeddable":true,"href":"https:\/\/territorialchallenges.com\/it\/wp-json\/wp\/v2\/media\/123260"}],"wp:attachment":[{"href":"https:\/\/territorialchallenges.com\/it\/wp-json\/wp\/v2\/media?parent=123259"}],"wp:term":[{"taxonomy":"category","embeddable":true,"href":"https:\/\/territorialchallenges.com\/it\/wp-json\/wp\/v2\/categories?post=123259"},{"taxonomy":"post_tag","embeddable":true,"href":"https:\/\/territorialchallenges.com\/it\/wp-json\/wp\/v2\/tags?post=123259"}],"curies":[{"name":"parola chiave","href":"https:\/\/api.w.org\/{rel}","templated":true}]}}