{"id":123229,"date":"2024-09-11T10:32:11","date_gmt":"2024-09-11T08:32:11","guid":{"rendered":"https:\/\/territorialchallenges.com\/?p=123229"},"modified":"2024-09-11T10:32:14","modified_gmt":"2024-09-11T08:32:14","slug":"lessor-de-lemploi-dans-le-secteur-des-technologies-de-linformation-et-de-la-communication-un-dynamisme-contraste","status":"publish","type":"post","link":"https:\/\/territorialchallenges.com\/it\/2024\/09\/11\/lessor-de-lemploi-dans-le-secteur-des-technologies-de-linformation-et-de-la-communication-un-dynamisme-contraste\/123229\/","title":{"rendered":"La crescita dell\u2019occupazione nel settore delle tecnologie dell\u2019informazione e della comunicazione: un dinamismo contrastante"},"content":{"rendered":"<p>Nel 1998, la Direzione per la Ricerca, gli Studi e le Statistiche (DARES) del Ministero del Lavoro ha pubblicato uno studio sulle tendenze occupazionali nel settore dell&#039;informatica e delle telecomunicazioni. Questo settore in rapida crescita si \u00e8 affermato come un importante motore economico, sebbene caratterizzato da disparit\u00e0... <\/p>\n<div class=\"pmpro_content_message\">Articolo disponibile solo per gli abbonati.<br \/><a href=\"https:\/\/territorialchallenges.com\/wp-login.php\">Login<\/a><br \/><a href=\"https:\/\/territorialchallenges.com\/it\/wp-login.php\/?action=register\">Registro<\/a><\/div>","protected":false},"excerpt":{"rendered":"<p>En 1998, la Direction de l&rsquo;animation de la recherche, des \u00e9tudes et des statistiques (DARES) du minist\u00e8re du Travail a publi\u00e9 une \u00e9tude sur l&rsquo;\u00e9volution de l&#8217;emploi dans le secteur des technologies de l&rsquo;information et des t\u00e9l\u00e9communications. Alors en pleine croissance, ce secteur s&rsquo;impose comme un moteur \u00e9conomique majeur, bien que marqu\u00e9 par des disparit\u00e9s... <\/p>\n<div class=\"pmpro_content_message\">Articolo disponibile solo per gli abbonati.<br \/><a href=\"https:\/\/territorialchallenges.com\/wp-login.php\">Login<\/a><br \/><a href=\"https:\/\/territorialchallenges.com\/it\/wp-login.php\/?action=register\">Registro<\/a><\/div>","protected":false},"author":11,"featured_media":123230,"comment_status":"closed","ping_status":"closed","sticky":true,"template":"","format":"standard","meta":{"pmpro_default_level":0,"footnotes":""},"categories":[121],"tags":[],"blocksy_meta":"","yoast_head":"<!-- This site is optimized with the Yoast SEO plugin v21.5 - https:\/\/yoast.com\/wordpress\/plugins\/seo\/ -->\n<title>L&#039;essor de l&#039;emploi dans le secteur des technologies de l&#039;information et de la communication : un dynamisme contrast\u00e9 - Territorial Challenges<\/title>\n<meta name=\"robots\" content=\"index, follow, max-snippet:-1, max-image-preview:large, max-video-preview:-1\" \/>\n<link rel=\"canonical\" href=\"https:\/\/territorialchallenges.com\/it\/2024\/09\/11\/lessor-de-lemploi-dans-le-secteur-des-technologies-de-linformation-et-de-la-communication-un-dynamisme-contraste\/123229\/\" \/>\n<meta property=\"og:locale\" content=\"it_IT\" \/>\n<meta property=\"og:type\" content=\"article\" \/>\n<meta property=\"og:title\" content=\"L&#039;essor de l&#039;emploi dans le secteur des technologies de l&#039;information et de la communication : un dynamisme contrast\u00e9 - Territorial Challenges\" \/>\n<meta property=\"og:description\" content=\"En 1998, la Direction de l&rsquo;animation de la recherche, des \u00e9tudes et des statistiques (DARES) du minist\u00e8re du Travail a publi\u00e9 une \u00e9tude sur l&rsquo;\u00e9volution de l&#8217;emploi dans le secteur des technologies de l&rsquo;information et des t\u00e9l\u00e9communications. Alors en pleine croissance, ce secteur s&rsquo;impose comme un moteur \u00e9conomique majeur, bien que marqu\u00e9 par des disparit\u00e9s [&hellip;]\" \/>\n<meta property=\"og:url\" content=\"https:\/\/territorialchallenges.com\/it\/2024\/09\/11\/lessor-de-lemploi-dans-le-secteur-des-technologies-de-linformation-et-de-la-communication-un-dynamisme-contraste\/123229\/\" \/>\n<meta property=\"og:site_name\" content=\"Territorial Challenges\" \/>\n<meta property=\"article:published_time\" content=\"2024-09-11T08:32:11+00:00\" \/>\n<meta property=\"article:modified_time\" content=\"2024-09-11T08:32:14+00:00\" \/>\n<meta property=\"og:image\" content=\"https:\/\/territorialchallenges.com\/wp-content\/uploads\/2024\/09\/Memoire10.09.jpeg\" \/>\n\t<meta property=\"og:image:width\" content=\"1024\" \/>\n\t<meta property=\"og:image:height\" content=\"1453\" \/>\n\t<meta property=\"og:image:type\" content=\"image\/jpeg\" \/>\n<meta name=\"author\" content=\"ni.abdi\" \/>\n<meta name=\"twitter:card\" content=\"summary_large_image\" \/>\n<meta name=\"twitter:creator\" content=\"@Ni.abdi\" \/>\n<meta name=\"twitter:label1\" content=\"Scritto da\" \/>\n\t<meta name=\"twitter:data1\" content=\"ni.abdi\" \/>\n\t<meta name=\"twitter:label2\" content=\"Tempo di lettura stimato\" \/>\n\t<meta name=\"twitter:data2\" content=\"6 minuti\" \/>\n<script type=\"application\/ld+json\" class=\"yoast-schema-graph\">{\"@context\":\"https:\/\/schema.org\",\"@graph\":[{\"@type\":\"Article\",\"@id\":\"https:\/\/territorialchallenges.com\/2024\/09\/11\/lessor-de-lemploi-dans-le-secteur-des-technologies-de-linformation-et-de-la-communication-un-dynamisme-contraste\/123229\/#article\",\"isPartOf\":{\"@id\":\"https:\/\/territorialchallenges.com\/2024\/09\/11\/lessor-de-lemploi-dans-le-secteur-des-technologies-de-linformation-et-de-la-communication-un-dynamisme-contraste\/123229\/\"},\"author\":{\"name\":\"ni.abdi\",\"@id\":\"https:\/\/territorialchallenges.com\/#\/schema\/person\/098f145c7c61a021c425e010f840080f\"},\"headline\":\"L&rsquo;essor de l&#8217;emploi dans le secteur des technologies de l&rsquo;information et de la communication : un dynamisme contrast\u00e9\",\"datePublished\":\"2024-09-11T08:32:11+00:00\",\"dateModified\":\"2024-09-11T08:32:14+00:00\",\"mainEntityOfPage\":{\"@id\":\"https:\/\/territorialchallenges.com\/2024\/09\/11\/lessor-de-lemploi-dans-le-secteur-des-technologies-de-linformation-et-de-la-communication-un-dynamisme-contraste\/123229\/\"},\"wordCount\":1093,\"publisher\":{\"@id\":\"https:\/\/territorialchallenges.com\/#organization\"},\"articleSection\":[\"M\u00e9moire\"],\"inLanguage\":\"it-IT\"},{\"@type\":\"WebPage\",\"@id\":\"https:\/\/territorialchallenges.com\/2024\/09\/11\/lessor-de-lemploi-dans-le-secteur-des-technologies-de-linformation-et-de-la-communication-un-dynamisme-contraste\/123229\/\",\"url\":\"https:\/\/territorialchallenges.com\/2024\/09\/11\/lessor-de-lemploi-dans-le-secteur-des-technologies-de-linformation-et-de-la-communication-un-dynamisme-contraste\/123229\/\",\"name\":\"L'essor de l'emploi dans le secteur des technologies de l'information et de la communication : un dynamisme contrast\u00e9 - Territorial Challenges\",\"isPartOf\":{\"@id\":\"https:\/\/territorialchallenges.com\/#website\"},\"datePublished\":\"2024-09-11T08:32:11+00:00\",\"dateModified\":\"2024-09-11T08:32:14+00:00\",\"breadcrumb\":{\"@id\":\"https:\/\/territorialchallenges.com\/2024\/09\/11\/lessor-de-lemploi-dans-le-secteur-des-technologies-de-linformation-et-de-la-communication-un-dynamisme-contraste\/123229\/#breadcrumb\"},\"inLanguage\":\"it-IT\",\"potentialAction\":[{\"@type\":\"ReadAction\",\"target\":[\"https:\/\/territorialchallenges.com\/2024\/09\/11\/lessor-de-lemploi-dans-le-secteur-des-technologies-de-linformation-et-de-la-communication-un-dynamisme-contraste\/123229\/\"]}]},{\"@type\":\"BreadcrumbList\",\"@id\":\"https:\/\/territorialchallenges.com\/2024\/09\/11\/lessor-de-lemploi-dans-le-secteur-des-technologies-de-linformation-et-de-la-communication-un-dynamisme-contraste\/123229\/#breadcrumb\",\"itemListElement\":[{\"@type\":\"ListItem\",\"position\":1,\"name\":\"Home\",\"item\":\"https:\/\/territorialchallenges.com\/\"},{\"@type\":\"ListItem\",\"position\":2,\"name\":\"L&rsquo;essor de l&#8217;emploi dans le secteur des technologies de l&rsquo;information et de la communication : un dynamisme contrast\u00e9\"}]},{\"@type\":\"WebSite\",\"@id\":\"https:\/\/territorialchallenges.com\/#website\",\"url\":\"https:\/\/territorialchallenges.com\/\",\"name\":\"Territorial Challenges\",\"description\":\"Veille Internationale - Strat\u00e9gie Intelligentes - Bonnes pratiques\",\"publisher\":{\"@id\":\"https:\/\/territorialchallenges.com\/#organization\"},\"potentialAction\":[{\"@type\":\"SearchAction\",\"target\":{\"@type\":\"EntryPoint\",\"urlTemplate\":\"https:\/\/territorialchallenges.com\/?s={search_term_string}\"},\"query-input\":\"required name=search_term_string\"}],\"inLanguage\":\"it-IT\"},{\"@type\":\"Organization\",\"@id\":\"https:\/\/territorialchallenges.com\/#organization\",\"name\":\"Territorial Challenges\",\"url\":\"https:\/\/territorialchallenges.com\/\",\"logo\":{\"@type\":\"ImageObject\",\"inLanguage\":\"it-IT\",\"@id\":\"https:\/\/territorialchallenges.com\/#\/schema\/logo\/image\/\",\"url\":\"https:\/\/territorialchallenges.com\/wp-content\/uploads\/2023\/10\/logo-1.png\",\"contentUrl\":\"https:\/\/territorialchallenges.com\/wp-content\/uploads\/2023\/10\/logo-1.png\",\"width\":1832,\"height\":576,\"caption\":\"Territorial Challenges\"},\"image\":{\"@id\":\"https:\/\/territorialchallenges.com\/#\/schema\/logo\/image\/\"}},{\"@type\":\"Person\",\"@id\":\"https:\/\/territorialchallenges.com\/#\/schema\/person\/098f145c7c61a021c425e010f840080f\",\"name\":\"ni.abdi\",\"image\":{\"@type\":\"ImageObject\",\"inLanguage\":\"it-IT\",\"@id\":\"https:\/\/territorialchallenges.com\/#\/schema\/person\/image\/\",\"url\":\"https:\/\/secure.gravatar.com\/avatar\/2a2f2491f3c80039986ba989b1e4b510?s=96&d=identicon&r=g\",\"contentUrl\":\"https:\/\/secure.gravatar.com\/avatar\/2a2f2491f3c80039986ba989b1e4b510?s=96&d=identicon&r=g\",\"caption\":\"ni.abdi\"},\"sameAs\":[\"https:\/\/twitter.com\/Ni.abdi\"],\"url\":\"https:\/\/territorialchallenges.com\/it\/author\/ni-abdi\/\"}]}<\/script>\n<!-- \/ Yoast SEO plugin. -->","yoast_head_json":{"title":"L'essor de l'emploi dans le secteur des technologies de l'information et de la communication : un dynamisme contrast\u00e9 - Territorial Challenges","robots":{"index":"index","follow":"follow","max-snippet":"max-snippet:-1","max-image-preview":"max-image-preview:large","max-video-preview":"max-video-preview:-1"},"canonical":"https:\/\/territorialchallenges.com\/it\/2024\/09\/11\/lessor-de-lemploi-dans-le-secteur-des-technologies-de-linformation-et-de-la-communication-un-dynamisme-contraste\/123229\/","og_locale":"it_IT","og_type":"article","og_title":"L'essor de l'emploi dans le secteur des technologies de l'information et de la communication : un dynamisme contrast\u00e9 - Territorial Challenges","og_description":"En 1998, la Direction de l&rsquo;animation de la recherche, des \u00e9tudes et des statistiques (DARES) du minist\u00e8re du Travail a publi\u00e9 une \u00e9tude sur l&rsquo;\u00e9volution de l&#8217;emploi dans le secteur des technologies de l&rsquo;information et des t\u00e9l\u00e9communications. Alors en pleine croissance, ce secteur s&rsquo;impose comme un moteur \u00e9conomique majeur, bien que marqu\u00e9 par des disparit\u00e9s [&hellip;]","og_url":"https:\/\/territorialchallenges.com\/it\/2024\/09\/11\/lessor-de-lemploi-dans-le-secteur-des-technologies-de-linformation-et-de-la-communication-un-dynamisme-contraste\/123229\/","og_site_name":"Territorial Challenges","article_published_time":"2024-09-11T08:32:11+00:00","article_modified_time":"2024-09-11T08:32:14+00:00","og_image":[{"width":1024,"height":1453,"url":"https:\/\/territorialchallenges.com\/wp-content\/uploads\/2024\/09\/Memoire10.09.jpeg","type":"image\/jpeg"}],"author":"ni.abdi","twitter_card":"summary_large_image","twitter_creator":"@Ni.abdi","twitter_misc":{"Scritto da":"ni.abdi","Tempo di lettura stimato":"6 minuti"},"schema":{"@context":"https:\/\/schema.org","@graph":[{"@type":"Article","@id":"https:\/\/territorialchallenges.com\/2024\/09\/11\/lessor-de-lemploi-dans-le-secteur-des-technologies-de-linformation-et-de-la-communication-un-dynamisme-contraste\/123229\/#article","isPartOf":{"@id":"https:\/\/territorialchallenges.com\/2024\/09\/11\/lessor-de-lemploi-dans-le-secteur-des-technologies-de-linformation-et-de-la-communication-un-dynamisme-contraste\/123229\/"},"author":{"name":"ni.abdi","@id":"https:\/\/territorialchallenges.com\/#\/schema\/person\/098f145c7c61a021c425e010f840080f"},"headline":"L&rsquo;essor de l&#8217;emploi dans le secteur des technologies de l&rsquo;information et de la communication : un dynamisme contrast\u00e9","datePublished":"2024-09-11T08:32:11+00:00","dateModified":"2024-09-11T08:32:14+00:00","mainEntityOfPage":{"@id":"https:\/\/territorialchallenges.com\/2024\/09\/11\/lessor-de-lemploi-dans-le-secteur-des-technologies-de-linformation-et-de-la-communication-un-dynamisme-contraste\/123229\/"},"wordCount":1093,"publisher":{"@id":"https:\/\/territorialchallenges.com\/#organization"},"articleSection":["M\u00e9moire"],"inLanguage":"it-IT"},{"@type":"WebPage","@id":"https:\/\/territorialchallenges.com\/2024\/09\/11\/lessor-de-lemploi-dans-le-secteur-des-technologies-de-linformation-et-de-la-communication-un-dynamisme-contraste\/123229\/","url":"https:\/\/territorialchallenges.com\/2024\/09\/11\/lessor-de-lemploi-dans-le-secteur-des-technologies-de-linformation-et-de-la-communication-un-dynamisme-contraste\/123229\/","name":"L'essor de l'emploi dans le secteur des technologies de l'information et de la communication : un dynamisme contrast\u00e9 - Territorial Challenges","isPartOf":{"@id":"https:\/\/territorialchallenges.com\/#website"},"datePublished":"2024-09-11T08:32:11+00:00","dateModified":"2024-09-11T08:32:14+00:00","breadcrumb":{"@id":"https:\/\/territorialchallenges.com\/2024\/09\/11\/lessor-de-lemploi-dans-le-secteur-des-technologies-de-linformation-et-de-la-communication-un-dynamisme-contraste\/123229\/#breadcrumb"},"inLanguage":"it-IT","potentialAction":[{"@type":"ReadAction","target":["https:\/\/territorialchallenges.com\/2024\/09\/11\/lessor-de-lemploi-dans-le-secteur-des-technologies-de-linformation-et-de-la-communication-un-dynamisme-contraste\/123229\/"]}]},{"@type":"BreadcrumbList","@id":"https:\/\/territorialchallenges.com\/2024\/09\/11\/lessor-de-lemploi-dans-le-secteur-des-technologies-de-linformation-et-de-la-communication-un-dynamisme-contraste\/123229\/#breadcrumb","itemListElement":[{"@type":"ListItem","position":1,"name":"Home","item":"https:\/\/territorialchallenges.com\/"},{"@type":"ListItem","position":2,"name":"L&rsquo;essor de l&#8217;emploi dans le secteur des technologies de l&rsquo;information et de la communication : un dynamisme contrast\u00e9"}]},{"@type":"WebSite","@id":"https:\/\/territorialchallenges.com\/#website","url":"https:\/\/territorialchallenges.com\/","name":"Sfide territoriali","description":"Monitoraggio internazionale - Strategie intelligenti - Migliori pratiche","publisher":{"@id":"https:\/\/territorialchallenges.com\/#organization"},"potentialAction":[{"@type":"SearchAction","target":{"@type":"EntryPoint","urlTemplate":"https:\/\/territorialchallenges.com\/?s={search_term_string}"},"query-input":"required name=search_term_string"}],"inLanguage":"it-IT"},{"@type":"Organization","@id":"https:\/\/territorialchallenges.com\/#organization","name":"Sfide territoriali","url":"https:\/\/territorialchallenges.com\/","logo":{"@type":"ImageObject","inLanguage":"it-IT","@id":"https:\/\/territorialchallenges.com\/#\/schema\/logo\/image\/","url":"https:\/\/territorialchallenges.com\/wp-content\/uploads\/2023\/10\/logo-1.png","contentUrl":"https:\/\/territorialchallenges.com\/wp-content\/uploads\/2023\/10\/logo-1.png","width":1832,"height":576,"caption":"Territorial Challenges"},"image":{"@id":"https:\/\/territorialchallenges.com\/#\/schema\/logo\/image\/"}},{"@type":"Person","@id":"https:\/\/territorialchallenges.com\/#\/schema\/person\/098f145c7c61a021c425e010f840080f","name":"ni.abdi","image":{"@type":"ImageObject","inLanguage":"it-IT","@id":"https:\/\/territorialchallenges.com\/#\/schema\/person\/image\/","url":"https:\/\/secure.gravatar.com\/avatar\/2a2f2491f3c80039986ba989b1e4b510?s=96&d=identicon&r=g","contentUrl":"https:\/\/secure.gravatar.com\/avatar\/2a2f2491f3c80039986ba989b1e4b510?s=96&d=identicon&r=g","caption":"ni.abdi"},"sameAs":["https:\/\/twitter.com\/Ni.abdi"],"url":"https:\/\/territorialchallenges.com\/it\/author\/ni-abdi\/"}]}},"_links":{"self":[{"href":"https:\/\/territorialchallenges.com\/it\/wp-json\/wp\/v2\/posts\/123229"}],"collection":[{"href":"https:\/\/territorialchallenges.com\/it\/wp-json\/wp\/v2\/posts"}],"about":[{"href":"https:\/\/territorialchallenges.com\/it\/wp-json\/wp\/v2\/types\/post"}],"author":[{"embeddable":true,"href":"https:\/\/territorialchallenges.com\/it\/wp-json\/wp\/v2\/users\/11"}],"replies":[{"embeddable":true,"href":"https:\/\/territorialchallenges.com\/it\/wp-json\/wp\/v2\/comments?post=123229"}],"version-history":[{"count":1,"href":"https:\/\/territorialchallenges.com\/it\/wp-json\/wp\/v2\/posts\/123229\/revisions"}],"predecessor-version":[{"id":123231,"href":"https:\/\/territorialchallenges.com\/it\/wp-json\/wp\/v2\/posts\/123229\/revisions\/123231"}],"wp:featuredmedia":[{"embeddable":true,"href":"https:\/\/territorialchallenges.com\/it\/wp-json\/wp\/v2\/media\/123230"}],"wp:attachment":[{"href":"https:\/\/territorialchallenges.com\/it\/wp-json\/wp\/v2\/media?parent=123229"}],"wp:term":[{"taxonomy":"category","embeddable":true,"href":"https:\/\/territorialchallenges.com\/it\/wp-json\/wp\/v2\/categories?post=123229"},{"taxonomy":"post_tag","embeddable":true,"href":"https:\/\/territorialchallenges.com\/it\/wp-json\/wp\/v2\/tags?post=123229"}],"curies":[{"name":"parola chiave","href":"https:\/\/api.w.org\/{rel}","templated":true}]}}