{"id":123085,"date":"2024-07-29T13:30:07","date_gmt":"2024-07-29T11:30:07","guid":{"rendered":"https:\/\/territorialchallenges.com\/?p=123085"},"modified":"2024-07-29T13:30:09","modified_gmt":"2024-07-29T11:30:09","slug":"la-separation-des-services-du-departement-de-la-seine-de-ceux-de-la-ville-de-paris-ou-sera-loge-le-prefet-de-la-seine","status":"publish","type":"post","link":"https:\/\/territorialchallenges.com\/it\/2024\/07\/29\/la-separation-des-services-du-departement-de-la-seine-de-ceux-de-la-ville-de-paris-ou-sera-loge-le-prefet-de-la-seine\/123085\/","title":{"rendered":"Separazione dei servizi del dipartimento della Senna da quelli della citt\u00e0 di Parigi: dove sar\u00e0 alloggiato il prefetto della Senna?"},"content":{"rendered":"<p>Il 13 giugno 1884, la riunione del Consiglio comunale di Parigi affront\u00f2 una questione cruciale: dove alloggiare il Prefetto della Senna dopo la separazione dei servizi del dipartimento della Senna da quelli della citt\u00e0 di Parigi? Questo problema, che si era fatto strada sia al Consiglio generale della Senna\u2026 <\/p>\n<div class=\"pmpro_content_message\">Articolo disponibile solo per gli abbonati.<br \/><a href=\"https:\/\/territorialchallenges.com\/wp-login.php\">Login<\/a><br \/><a href=\"https:\/\/territorialchallenges.com\/it\/wp-login.php\/?action=register\">Registro<\/a><\/div>","protected":false},"excerpt":{"rendered":"<p>Le 13 juin 1884, la s\u00e9ance du Conseil municipal de Paris aborda une question cruciale : o\u00f9 loger le pr\u00e9fet de la Seine apr\u00e8s la s\u00e9paration des services du d\u00e9partement de la Seine de ceux de la ville de Paris ? Cette probl\u00e9matique, qui avait pris de l&rsquo;ampleur tant au Conseil g\u00e9n\u00e9ral de la Seine... <\/p>\n<div class=\"pmpro_content_message\">Articolo disponibile solo per gli abbonati.<br \/><a href=\"https:\/\/territorialchallenges.com\/wp-login.php\">Login<\/a><br \/><a href=\"https:\/\/territorialchallenges.com\/it\/wp-login.php\/?action=register\">Registro<\/a><\/div>","protected":false},"author":11,"featured_media":123086,"comment_status":"closed","ping_status":"closed","sticky":true,"template":"","format":"standard","meta":{"pmpro_default_level":0,"footnotes":""},"categories":[121],"tags":[],"blocksy_meta":"","yoast_head":"<!-- This site is optimized with the Yoast SEO plugin v21.5 - https:\/\/yoast.com\/wordpress\/plugins\/seo\/ -->\n<title>La s\u00e9paration des services du d\u00e9partement de la Seine de ceux de la ville de Paris : o\u00f9 sera log\u00e9 le pr\u00e9fet de la Seine ? - Territorial Challenges<\/title>\n<meta name=\"robots\" content=\"index, follow, max-snippet:-1, max-image-preview:large, max-video-preview:-1\" \/>\n<link rel=\"canonical\" href=\"https:\/\/territorialchallenges.com\/it\/2024\/07\/29\/la-separation-des-services-du-departement-de-la-seine-de-ceux-de-la-ville-de-paris-ou-sera-loge-le-prefet-de-la-seine\/123085\/\" \/>\n<meta property=\"og:locale\" content=\"it_IT\" \/>\n<meta property=\"og:type\" content=\"article\" \/>\n<meta property=\"og:title\" content=\"La s\u00e9paration des services du d\u00e9partement de la Seine de ceux de la ville de Paris : o\u00f9 sera log\u00e9 le pr\u00e9fet de la Seine ? - Territorial Challenges\" \/>\n<meta property=\"og:description\" content=\"Le 13 juin 1884, la s\u00e9ance du Conseil municipal de Paris aborda une question cruciale : o\u00f9 loger le pr\u00e9fet de la Seine apr\u00e8s la s\u00e9paration des services du d\u00e9partement de la Seine de ceux de la ville de Paris ? Cette probl\u00e9matique, qui avait pris de l&rsquo;ampleur tant au Conseil g\u00e9n\u00e9ral de la Seine [&hellip;]\" \/>\n<meta property=\"og:url\" content=\"https:\/\/territorialchallenges.com\/it\/2024\/07\/29\/la-separation-des-services-du-departement-de-la-seine-de-ceux-de-la-ville-de-paris-ou-sera-loge-le-prefet-de-la-seine\/123085\/\" \/>\n<meta property=\"og:site_name\" content=\"Territorial Challenges\" \/>\n<meta property=\"article:published_time\" content=\"2024-07-29T11:30:07+00:00\" \/>\n<meta property=\"article:modified_time\" content=\"2024-07-29T11:30:09+00:00\" \/>\n<meta property=\"og:image\" content=\"https:\/\/territorialchallenges.com\/wp-content\/uploads\/2024\/07\/Memoire25.07La_separation_des_services_du_.Paris_Conseil.jpeg\" \/>\n\t<meta property=\"og:image:width\" content=\"1024\" \/>\n\t<meta property=\"og:image:height\" content=\"1565\" \/>\n\t<meta property=\"og:image:type\" content=\"image\/jpeg\" \/>\n<meta name=\"author\" content=\"ni.abdi\" \/>\n<meta name=\"twitter:card\" content=\"summary_large_image\" \/>\n<meta name=\"twitter:creator\" content=\"@Ni.abdi\" \/>\n<meta name=\"twitter:label1\" content=\"Scritto da\" \/>\n\t<meta name=\"twitter:data1\" content=\"ni.abdi\" \/>\n\t<meta name=\"twitter:label2\" content=\"Tempo di lettura stimato\" \/>\n\t<meta name=\"twitter:data2\" content=\"4 minuti\" \/>\n<script type=\"application\/ld+json\" class=\"yoast-schema-graph\">{\"@context\":\"https:\/\/schema.org\",\"@graph\":[{\"@type\":\"Article\",\"@id\":\"https:\/\/territorialchallenges.com\/2024\/07\/29\/la-separation-des-services-du-departement-de-la-seine-de-ceux-de-la-ville-de-paris-ou-sera-loge-le-prefet-de-la-seine\/123085\/#article\",\"isPartOf\":{\"@id\":\"https:\/\/territorialchallenges.com\/2024\/07\/29\/la-separation-des-services-du-departement-de-la-seine-de-ceux-de-la-ville-de-paris-ou-sera-loge-le-prefet-de-la-seine\/123085\/\"},\"author\":{\"name\":\"ni.abdi\",\"@id\":\"https:\/\/territorialchallenges.com\/#\/schema\/person\/098f145c7c61a021c425e010f840080f\"},\"headline\":\"La s\u00e9paration des services du d\u00e9partement de la Seine de ceux de la ville de Paris : o\u00f9 sera log\u00e9 le pr\u00e9fet de la Seine ?\",\"datePublished\":\"2024-07-29T11:30:07+00:00\",\"dateModified\":\"2024-07-29T11:30:09+00:00\",\"mainEntityOfPage\":{\"@id\":\"https:\/\/territorialchallenges.com\/2024\/07\/29\/la-separation-des-services-du-departement-de-la-seine-de-ceux-de-la-ville-de-paris-ou-sera-loge-le-prefet-de-la-seine\/123085\/\"},\"wordCount\":729,\"publisher\":{\"@id\":\"https:\/\/territorialchallenges.com\/#organization\"},\"articleSection\":[\"M\u00e9moire\"],\"inLanguage\":\"it-IT\"},{\"@type\":\"WebPage\",\"@id\":\"https:\/\/territorialchallenges.com\/2024\/07\/29\/la-separation-des-services-du-departement-de-la-seine-de-ceux-de-la-ville-de-paris-ou-sera-loge-le-prefet-de-la-seine\/123085\/\",\"url\":\"https:\/\/territorialchallenges.com\/2024\/07\/29\/la-separation-des-services-du-departement-de-la-seine-de-ceux-de-la-ville-de-paris-ou-sera-loge-le-prefet-de-la-seine\/123085\/\",\"name\":\"La s\u00e9paration des services du d\u00e9partement de la Seine de ceux de la ville de Paris : o\u00f9 sera log\u00e9 le pr\u00e9fet de la Seine ? - Territorial Challenges\",\"isPartOf\":{\"@id\":\"https:\/\/territorialchallenges.com\/#website\"},\"datePublished\":\"2024-07-29T11:30:07+00:00\",\"dateModified\":\"2024-07-29T11:30:09+00:00\",\"breadcrumb\":{\"@id\":\"https:\/\/territorialchallenges.com\/2024\/07\/29\/la-separation-des-services-du-departement-de-la-seine-de-ceux-de-la-ville-de-paris-ou-sera-loge-le-prefet-de-la-seine\/123085\/#breadcrumb\"},\"inLanguage\":\"it-IT\",\"potentialAction\":[{\"@type\":\"ReadAction\",\"target\":[\"https:\/\/territorialchallenges.com\/2024\/07\/29\/la-separation-des-services-du-departement-de-la-seine-de-ceux-de-la-ville-de-paris-ou-sera-loge-le-prefet-de-la-seine\/123085\/\"]}]},{\"@type\":\"BreadcrumbList\",\"@id\":\"https:\/\/territorialchallenges.com\/2024\/07\/29\/la-separation-des-services-du-departement-de-la-seine-de-ceux-de-la-ville-de-paris-ou-sera-loge-le-prefet-de-la-seine\/123085\/#breadcrumb\",\"itemListElement\":[{\"@type\":\"ListItem\",\"position\":1,\"name\":\"Home\",\"item\":\"https:\/\/territorialchallenges.com\/\"},{\"@type\":\"ListItem\",\"position\":2,\"name\":\"La s\u00e9paration des services du d\u00e9partement de la Seine de ceux de la ville de Paris : o\u00f9 sera log\u00e9 le pr\u00e9fet de la Seine ?\"}]},{\"@type\":\"WebSite\",\"@id\":\"https:\/\/territorialchallenges.com\/#website\",\"url\":\"https:\/\/territorialchallenges.com\/\",\"name\":\"Territorial Challenges\",\"description\":\"Veille Internationale - Strat\u00e9gie Intelligentes - Bonnes pratiques\",\"publisher\":{\"@id\":\"https:\/\/territorialchallenges.com\/#organization\"},\"potentialAction\":[{\"@type\":\"SearchAction\",\"target\":{\"@type\":\"EntryPoint\",\"urlTemplate\":\"https:\/\/territorialchallenges.com\/?s={search_term_string}\"},\"query-input\":\"required name=search_term_string\"}],\"inLanguage\":\"it-IT\"},{\"@type\":\"Organization\",\"@id\":\"https:\/\/territorialchallenges.com\/#organization\",\"name\":\"Territorial Challenges\",\"url\":\"https:\/\/territorialchallenges.com\/\",\"logo\":{\"@type\":\"ImageObject\",\"inLanguage\":\"it-IT\",\"@id\":\"https:\/\/territorialchallenges.com\/#\/schema\/logo\/image\/\",\"url\":\"https:\/\/territorialchallenges.com\/wp-content\/uploads\/2023\/10\/logo-1.png\",\"contentUrl\":\"https:\/\/territorialchallenges.com\/wp-content\/uploads\/2023\/10\/logo-1.png\",\"width\":1832,\"height\":576,\"caption\":\"Territorial Challenges\"},\"image\":{\"@id\":\"https:\/\/territorialchallenges.com\/#\/schema\/logo\/image\/\"}},{\"@type\":\"Person\",\"@id\":\"https:\/\/territorialchallenges.com\/#\/schema\/person\/098f145c7c61a021c425e010f840080f\",\"name\":\"ni.abdi\",\"image\":{\"@type\":\"ImageObject\",\"inLanguage\":\"it-IT\",\"@id\":\"https:\/\/territorialchallenges.com\/#\/schema\/person\/image\/\",\"url\":\"https:\/\/secure.gravatar.com\/avatar\/2a2f2491f3c80039986ba989b1e4b510?s=96&d=identicon&r=g\",\"contentUrl\":\"https:\/\/secure.gravatar.com\/avatar\/2a2f2491f3c80039986ba989b1e4b510?s=96&d=identicon&r=g\",\"caption\":\"ni.abdi\"},\"sameAs\":[\"https:\/\/twitter.com\/Ni.abdi\"],\"url\":\"https:\/\/territorialchallenges.com\/it\/author\/ni-abdi\/\"}]}<\/script>\n<!-- \/ Yoast SEO plugin. -->","yoast_head_json":{"title":"La s\u00e9paration des services du d\u00e9partement de la Seine de ceux de la ville de Paris : o\u00f9 sera log\u00e9 le pr\u00e9fet de la Seine ? - Territorial Challenges","robots":{"index":"index","follow":"follow","max-snippet":"max-snippet:-1","max-image-preview":"max-image-preview:large","max-video-preview":"max-video-preview:-1"},"canonical":"https:\/\/territorialchallenges.com\/it\/2024\/07\/29\/la-separation-des-services-du-departement-de-la-seine-de-ceux-de-la-ville-de-paris-ou-sera-loge-le-prefet-de-la-seine\/123085\/","og_locale":"it_IT","og_type":"article","og_title":"La s\u00e9paration des services du d\u00e9partement de la Seine de ceux de la ville de Paris : o\u00f9 sera log\u00e9 le pr\u00e9fet de la Seine ? - Territorial Challenges","og_description":"Le 13 juin 1884, la s\u00e9ance du Conseil municipal de Paris aborda une question cruciale : o\u00f9 loger le pr\u00e9fet de la Seine apr\u00e8s la s\u00e9paration des services du d\u00e9partement de la Seine de ceux de la ville de Paris ? Cette probl\u00e9matique, qui avait pris de l&rsquo;ampleur tant au Conseil g\u00e9n\u00e9ral de la Seine [&hellip;]","og_url":"https:\/\/territorialchallenges.com\/it\/2024\/07\/29\/la-separation-des-services-du-departement-de-la-seine-de-ceux-de-la-ville-de-paris-ou-sera-loge-le-prefet-de-la-seine\/123085\/","og_site_name":"Territorial Challenges","article_published_time":"2024-07-29T11:30:07+00:00","article_modified_time":"2024-07-29T11:30:09+00:00","og_image":[{"width":1024,"height":1565,"url":"https:\/\/territorialchallenges.com\/wp-content\/uploads\/2024\/07\/Memoire25.07La_separation_des_services_du_.Paris_Conseil.jpeg","type":"image\/jpeg"}],"author":"ni.abdi","twitter_card":"summary_large_image","twitter_creator":"@Ni.abdi","twitter_misc":{"Scritto da":"ni.abdi","Tempo di lettura stimato":"4 minuti"},"schema":{"@context":"https:\/\/schema.org","@graph":[{"@type":"Article","@id":"https:\/\/territorialchallenges.com\/2024\/07\/29\/la-separation-des-services-du-departement-de-la-seine-de-ceux-de-la-ville-de-paris-ou-sera-loge-le-prefet-de-la-seine\/123085\/#article","isPartOf":{"@id":"https:\/\/territorialchallenges.com\/2024\/07\/29\/la-separation-des-services-du-departement-de-la-seine-de-ceux-de-la-ville-de-paris-ou-sera-loge-le-prefet-de-la-seine\/123085\/"},"author":{"name":"ni.abdi","@id":"https:\/\/territorialchallenges.com\/#\/schema\/person\/098f145c7c61a021c425e010f840080f"},"headline":"La s\u00e9paration des services du d\u00e9partement de la Seine de ceux de la ville de Paris : o\u00f9 sera log\u00e9 le pr\u00e9fet de la Seine ?","datePublished":"2024-07-29T11:30:07+00:00","dateModified":"2024-07-29T11:30:09+00:00","mainEntityOfPage":{"@id":"https:\/\/territorialchallenges.com\/2024\/07\/29\/la-separation-des-services-du-departement-de-la-seine-de-ceux-de-la-ville-de-paris-ou-sera-loge-le-prefet-de-la-seine\/123085\/"},"wordCount":729,"publisher":{"@id":"https:\/\/territorialchallenges.com\/#organization"},"articleSection":["M\u00e9moire"],"inLanguage":"it-IT"},{"@type":"WebPage","@id":"https:\/\/territorialchallenges.com\/2024\/07\/29\/la-separation-des-services-du-departement-de-la-seine-de-ceux-de-la-ville-de-paris-ou-sera-loge-le-prefet-de-la-seine\/123085\/","url":"https:\/\/territorialchallenges.com\/2024\/07\/29\/la-separation-des-services-du-departement-de-la-seine-de-ceux-de-la-ville-de-paris-ou-sera-loge-le-prefet-de-la-seine\/123085\/","name":"La s\u00e9paration des services du d\u00e9partement de la Seine de ceux de la ville de Paris : o\u00f9 sera log\u00e9 le pr\u00e9fet de la Seine ? - Territorial Challenges","isPartOf":{"@id":"https:\/\/territorialchallenges.com\/#website"},"datePublished":"2024-07-29T11:30:07+00:00","dateModified":"2024-07-29T11:30:09+00:00","breadcrumb":{"@id":"https:\/\/territorialchallenges.com\/2024\/07\/29\/la-separation-des-services-du-departement-de-la-seine-de-ceux-de-la-ville-de-paris-ou-sera-loge-le-prefet-de-la-seine\/123085\/#breadcrumb"},"inLanguage":"it-IT","potentialAction":[{"@type":"ReadAction","target":["https:\/\/territorialchallenges.com\/2024\/07\/29\/la-separation-des-services-du-departement-de-la-seine-de-ceux-de-la-ville-de-paris-ou-sera-loge-le-prefet-de-la-seine\/123085\/"]}]},{"@type":"BreadcrumbList","@id":"https:\/\/territorialchallenges.com\/2024\/07\/29\/la-separation-des-services-du-departement-de-la-seine-de-ceux-de-la-ville-de-paris-ou-sera-loge-le-prefet-de-la-seine\/123085\/#breadcrumb","itemListElement":[{"@type":"ListItem","position":1,"name":"Home","item":"https:\/\/territorialchallenges.com\/"},{"@type":"ListItem","position":2,"name":"La s\u00e9paration des services du d\u00e9partement de la Seine de ceux de la ville de Paris : o\u00f9 sera log\u00e9 le pr\u00e9fet de la Seine ?"}]},{"@type":"WebSite","@id":"https:\/\/territorialchallenges.com\/#website","url":"https:\/\/territorialchallenges.com\/","name":"Sfide territoriali","description":"Monitoraggio internazionale - Strategie intelligenti - Migliori pratiche","publisher":{"@id":"https:\/\/territorialchallenges.com\/#organization"},"potentialAction":[{"@type":"SearchAction","target":{"@type":"EntryPoint","urlTemplate":"https:\/\/territorialchallenges.com\/?s={search_term_string}"},"query-input":"required name=search_term_string"}],"inLanguage":"it-IT"},{"@type":"Organization","@id":"https:\/\/territorialchallenges.com\/#organization","name":"Sfide territoriali","url":"https:\/\/territorialchallenges.com\/","logo":{"@type":"ImageObject","inLanguage":"it-IT","@id":"https:\/\/territorialchallenges.com\/#\/schema\/logo\/image\/","url":"https:\/\/territorialchallenges.com\/wp-content\/uploads\/2023\/10\/logo-1.png","contentUrl":"https:\/\/territorialchallenges.com\/wp-content\/uploads\/2023\/10\/logo-1.png","width":1832,"height":576,"caption":"Territorial Challenges"},"image":{"@id":"https:\/\/territorialchallenges.com\/#\/schema\/logo\/image\/"}},{"@type":"Person","@id":"https:\/\/territorialchallenges.com\/#\/schema\/person\/098f145c7c61a021c425e010f840080f","name":"ni.abdi","image":{"@type":"ImageObject","inLanguage":"it-IT","@id":"https:\/\/territorialchallenges.com\/#\/schema\/person\/image\/","url":"https:\/\/secure.gravatar.com\/avatar\/2a2f2491f3c80039986ba989b1e4b510?s=96&d=identicon&r=g","contentUrl":"https:\/\/secure.gravatar.com\/avatar\/2a2f2491f3c80039986ba989b1e4b510?s=96&d=identicon&r=g","caption":"ni.abdi"},"sameAs":["https:\/\/twitter.com\/Ni.abdi"],"url":"https:\/\/territorialchallenges.com\/it\/author\/ni-abdi\/"}]}},"_links":{"self":[{"href":"https:\/\/territorialchallenges.com\/it\/wp-json\/wp\/v2\/posts\/123085"}],"collection":[{"href":"https:\/\/territorialchallenges.com\/it\/wp-json\/wp\/v2\/posts"}],"about":[{"href":"https:\/\/territorialchallenges.com\/it\/wp-json\/wp\/v2\/types\/post"}],"author":[{"embeddable":true,"href":"https:\/\/territorialchallenges.com\/it\/wp-json\/wp\/v2\/users\/11"}],"replies":[{"embeddable":true,"href":"https:\/\/territorialchallenges.com\/it\/wp-json\/wp\/v2\/comments?post=123085"}],"version-history":[{"count":1,"href":"https:\/\/territorialchallenges.com\/it\/wp-json\/wp\/v2\/posts\/123085\/revisions"}],"predecessor-version":[{"id":123087,"href":"https:\/\/territorialchallenges.com\/it\/wp-json\/wp\/v2\/posts\/123085\/revisions\/123087"}],"wp:featuredmedia":[{"embeddable":true,"href":"https:\/\/territorialchallenges.com\/it\/wp-json\/wp\/v2\/media\/123086"}],"wp:attachment":[{"href":"https:\/\/territorialchallenges.com\/it\/wp-json\/wp\/v2\/media?parent=123085"}],"wp:term":[{"taxonomy":"category","embeddable":true,"href":"https:\/\/territorialchallenges.com\/it\/wp-json\/wp\/v2\/categories?post=123085"},{"taxonomy":"post_tag","embeddable":true,"href":"https:\/\/territorialchallenges.com\/it\/wp-json\/wp\/v2\/tags?post=123085"}],"curies":[{"name":"parola chiave","href":"https:\/\/api.w.org\/{rel}","templated":true}]}}