{"id":123071,"date":"2024-07-18T16:54:20","date_gmt":"2024-07-18T14:54:20","guid":{"rendered":"https:\/\/territorialchallenges.com\/?p=123071"},"modified":"2024-07-18T16:54:21","modified_gmt":"2024-07-18T14:54:21","slug":"dr-simon-himmel-larchitecte-de-la-ville-du-futur-a-aix-la-chapelle","status":"publish","type":"post","link":"https:\/\/territorialchallenges.com\/it\/2024\/07\/18\/dr-simon-himmel-larchitecte-de-la-ville-du-futur-a-aix-la-chapelle\/123071\/","title":{"rendered":"Il dott. Simon Himmel, l&#039;architetto della citt\u00e0 del futuro ad Aquisgrana"},"content":{"rendered":"<p>Dall&#039;ottobre 2022, il Dott. Simon Himmel lavora per trasformare Aquisgrana in una citt\u00e0 del futuro. In qualit\u00e0 di Direttore Scientifico del progetto &quot;Citt\u00e0 del Futuro&quot;, ha dedicato una carriera ricca di ricerca e innovazione allo sviluppo di infrastrutture urbane intelligenti e sostenibili. Scoprite la carriera e le ambizioni di questo appassionato ingegnere. La citt\u00e0 di Aquisgrana,\u2026 <\/p>\n<div class=\"pmpro_content_message\">Articolo disponibile solo per gli abbonati.<br \/><a href=\"https:\/\/territorialchallenges.com\/wp-login.php\">Login<\/a><br \/><a href=\"https:\/\/territorialchallenges.com\/it\/wp-login.php\/?action=register\">Registro<\/a><\/div>","protected":false},"excerpt":{"rendered":"<p>Depuis octobre 2022, Dr. Simon Himmel s&rsquo;att\u00e8le \u00e0 transformer Aix-la-Chapelle en une ville du futur. Directeur scientifique du projet \u00ab\u00a0Ville du futur\u00a0\u00bb, il met \u00e0 profit une carri\u00e8re riche en recherche et en innovation pour d\u00e9velopper des infrastructures urbaines intelligentes et durables. D\u00e9couvrez le parcours et les ambitions de cet ing\u00e9nieur passionn\u00e9. La ville d&rsquo;Aix-la-Chapelle,... <\/p>\n<div class=\"pmpro_content_message\">Articolo disponibile solo per gli abbonati.<br \/><a href=\"https:\/\/territorialchallenges.com\/wp-login.php\">Login<\/a><br \/><a href=\"https:\/\/territorialchallenges.com\/it\/wp-login.php\/?action=register\">Registro<\/a><\/div>","protected":false},"author":11,"featured_media":123072,"comment_status":"closed","ping_status":"closed","sticky":true,"template":"","format":"standard","meta":{"pmpro_default_level":0,"footnotes":""},"categories":[126,117],"tags":[],"blocksy_meta":"","yoast_head":"<!-- This site is optimized with the Yoast SEO plugin v21.5 - https:\/\/yoast.com\/wordpress\/plugins\/seo\/ -->\n<title>Dr. Simon Himmel, l&#039;architecte de la ville du futur \u00e0 Aix-la-Chapelle - Territorial Challenges<\/title>\n<meta name=\"robots\" content=\"index, follow, max-snippet:-1, max-image-preview:large, max-video-preview:-1\" \/>\n<link rel=\"canonical\" href=\"https:\/\/territorialchallenges.com\/it\/2024\/07\/18\/dr-simon-himmel-larchitecte-de-la-ville-du-futur-a-aix-la-chapelle\/123071\/\" \/>\n<meta property=\"og:locale\" content=\"it_IT\" \/>\n<meta property=\"og:type\" content=\"article\" \/>\n<meta property=\"og:title\" content=\"Dr. Simon Himmel, l&#039;architecte de la ville du futur \u00e0 Aix-la-Chapelle - Territorial Challenges\" \/>\n<meta property=\"og:description\" content=\"Depuis octobre 2022, Dr. Simon Himmel s&rsquo;att\u00e8le \u00e0 transformer Aix-la-Chapelle en une ville du futur. Directeur scientifique du projet \u00ab\u00a0Ville du futur\u00a0\u00bb, il met \u00e0 profit une carri\u00e8re riche en recherche et en innovation pour d\u00e9velopper des infrastructures urbaines intelligentes et durables. D\u00e9couvrez le parcours et les ambitions de cet ing\u00e9nieur passionn\u00e9. La ville d&rsquo;Aix-la-Chapelle, [&hellip;]\" \/>\n<meta property=\"og:url\" content=\"https:\/\/territorialchallenges.com\/it\/2024\/07\/18\/dr-simon-himmel-larchitecte-de-la-ville-du-futur-a-aix-la-chapelle\/123071\/\" \/>\n<meta property=\"og:site_name\" content=\"Territorial Challenges\" \/>\n<meta property=\"article:published_time\" content=\"2024-07-18T14:54:20+00:00\" \/>\n<meta property=\"article:modified_time\" content=\"2024-07-18T14:54:21+00:00\" \/>\n<meta property=\"og:image\" content=\"https:\/\/territorialchallenges.com\/wp-content\/uploads\/2024\/07\/Onparledeuxsimon-himmel.jpg\" \/>\n\t<meta property=\"og:image:width\" content=\"1024\" \/>\n\t<meta property=\"og:image:height\" content=\"1024\" \/>\n\t<meta property=\"og:image:type\" content=\"image\/jpeg\" \/>\n<meta name=\"author\" content=\"ni.abdi\" \/>\n<meta name=\"twitter:card\" content=\"summary_large_image\" \/>\n<meta name=\"twitter:creator\" content=\"@Ni.abdi\" \/>\n<meta name=\"twitter:label1\" content=\"Scritto da\" \/>\n\t<meta name=\"twitter:data1\" content=\"ni.abdi\" \/>\n\t<meta name=\"twitter:label2\" content=\"Tempo di lettura stimato\" \/>\n\t<meta name=\"twitter:data2\" content=\"4 minuti\" \/>\n<script type=\"application\/ld+json\" class=\"yoast-schema-graph\">{\"@context\":\"https:\/\/schema.org\",\"@graph\":[{\"@type\":\"Article\",\"@id\":\"https:\/\/territorialchallenges.com\/2024\/07\/18\/dr-simon-himmel-larchitecte-de-la-ville-du-futur-a-aix-la-chapelle\/123071\/#article\",\"isPartOf\":{\"@id\":\"https:\/\/territorialchallenges.com\/2024\/07\/18\/dr-simon-himmel-larchitecte-de-la-ville-du-futur-a-aix-la-chapelle\/123071\/\"},\"author\":{\"name\":\"ni.abdi\",\"@id\":\"https:\/\/territorialchallenges.com\/#\/schema\/person\/098f145c7c61a021c425e010f840080f\"},\"headline\":\"Dr. Simon Himmel, l&rsquo;architecte de la ville du futur \u00e0 Aix-la-Chapelle\",\"datePublished\":\"2024-07-18T14:54:20+00:00\",\"dateModified\":\"2024-07-18T14:54:21+00:00\",\"mainEntityOfPage\":{\"@id\":\"https:\/\/territorialchallenges.com\/2024\/07\/18\/dr-simon-himmel-larchitecte-de-la-ville-du-futur-a-aix-la-chapelle\/123071\/\"},\"wordCount\":845,\"publisher\":{\"@id\":\"https:\/\/territorialchallenges.com\/#organization\"},\"articleSection\":[\"On parle d'eux\",\"\u00c9cosyst\u00e8me\"],\"inLanguage\":\"it-IT\"},{\"@type\":\"WebPage\",\"@id\":\"https:\/\/territorialchallenges.com\/2024\/07\/18\/dr-simon-himmel-larchitecte-de-la-ville-du-futur-a-aix-la-chapelle\/123071\/\",\"url\":\"https:\/\/territorialchallenges.com\/2024\/07\/18\/dr-simon-himmel-larchitecte-de-la-ville-du-futur-a-aix-la-chapelle\/123071\/\",\"name\":\"Dr. Simon Himmel, l'architecte de la ville du futur \u00e0 Aix-la-Chapelle - Territorial Challenges\",\"isPartOf\":{\"@id\":\"https:\/\/territorialchallenges.com\/#website\"},\"datePublished\":\"2024-07-18T14:54:20+00:00\",\"dateModified\":\"2024-07-18T14:54:21+00:00\",\"breadcrumb\":{\"@id\":\"https:\/\/territorialchallenges.com\/2024\/07\/18\/dr-simon-himmel-larchitecte-de-la-ville-du-futur-a-aix-la-chapelle\/123071\/#breadcrumb\"},\"inLanguage\":\"it-IT\",\"potentialAction\":[{\"@type\":\"ReadAction\",\"target\":[\"https:\/\/territorialchallenges.com\/2024\/07\/18\/dr-simon-himmel-larchitecte-de-la-ville-du-futur-a-aix-la-chapelle\/123071\/\"]}]},{\"@type\":\"BreadcrumbList\",\"@id\":\"https:\/\/territorialchallenges.com\/2024\/07\/18\/dr-simon-himmel-larchitecte-de-la-ville-du-futur-a-aix-la-chapelle\/123071\/#breadcrumb\",\"itemListElement\":[{\"@type\":\"ListItem\",\"position\":1,\"name\":\"Home\",\"item\":\"https:\/\/territorialchallenges.com\/\"},{\"@type\":\"ListItem\",\"position\":2,\"name\":\"Dr. Simon Himmel, l&rsquo;architecte de la ville du futur \u00e0 Aix-la-Chapelle\"}]},{\"@type\":\"WebSite\",\"@id\":\"https:\/\/territorialchallenges.com\/#website\",\"url\":\"https:\/\/territorialchallenges.com\/\",\"name\":\"Territorial Challenges\",\"description\":\"Veille Internationale - Strat\u00e9gie Intelligentes - Bonnes pratiques\",\"publisher\":{\"@id\":\"https:\/\/territorialchallenges.com\/#organization\"},\"potentialAction\":[{\"@type\":\"SearchAction\",\"target\":{\"@type\":\"EntryPoint\",\"urlTemplate\":\"https:\/\/territorialchallenges.com\/?s={search_term_string}\"},\"query-input\":\"required name=search_term_string\"}],\"inLanguage\":\"it-IT\"},{\"@type\":\"Organization\",\"@id\":\"https:\/\/territorialchallenges.com\/#organization\",\"name\":\"Territorial Challenges\",\"url\":\"https:\/\/territorialchallenges.com\/\",\"logo\":{\"@type\":\"ImageObject\",\"inLanguage\":\"it-IT\",\"@id\":\"https:\/\/territorialchallenges.com\/#\/schema\/logo\/image\/\",\"url\":\"https:\/\/territorialchallenges.com\/wp-content\/uploads\/2023\/10\/logo-1.png\",\"contentUrl\":\"https:\/\/territorialchallenges.com\/wp-content\/uploads\/2023\/10\/logo-1.png\",\"width\":1832,\"height\":576,\"caption\":\"Territorial Challenges\"},\"image\":{\"@id\":\"https:\/\/territorialchallenges.com\/#\/schema\/logo\/image\/\"}},{\"@type\":\"Person\",\"@id\":\"https:\/\/territorialchallenges.com\/#\/schema\/person\/098f145c7c61a021c425e010f840080f\",\"name\":\"ni.abdi\",\"image\":{\"@type\":\"ImageObject\",\"inLanguage\":\"it-IT\",\"@id\":\"https:\/\/territorialchallenges.com\/#\/schema\/person\/image\/\",\"url\":\"https:\/\/secure.gravatar.com\/avatar\/2a2f2491f3c80039986ba989b1e4b510?s=96&d=identicon&r=g\",\"contentUrl\":\"https:\/\/secure.gravatar.com\/avatar\/2a2f2491f3c80039986ba989b1e4b510?s=96&d=identicon&r=g\",\"caption\":\"ni.abdi\"},\"sameAs\":[\"https:\/\/twitter.com\/Ni.abdi\"],\"url\":\"https:\/\/territorialchallenges.com\/it\/author\/ni-abdi\/\"}]}<\/script>\n<!-- \/ Yoast SEO plugin. -->","yoast_head_json":{"title":"Dr. Simon Himmel, l'architecte de la ville du futur \u00e0 Aix-la-Chapelle - Territorial Challenges","robots":{"index":"index","follow":"follow","max-snippet":"max-snippet:-1","max-image-preview":"max-image-preview:large","max-video-preview":"max-video-preview:-1"},"canonical":"https:\/\/territorialchallenges.com\/it\/2024\/07\/18\/dr-simon-himmel-larchitecte-de-la-ville-du-futur-a-aix-la-chapelle\/123071\/","og_locale":"it_IT","og_type":"article","og_title":"Dr. Simon Himmel, l'architecte de la ville du futur \u00e0 Aix-la-Chapelle - Territorial Challenges","og_description":"Depuis octobre 2022, Dr. Simon Himmel s&rsquo;att\u00e8le \u00e0 transformer Aix-la-Chapelle en une ville du futur. Directeur scientifique du projet \u00ab\u00a0Ville du futur\u00a0\u00bb, il met \u00e0 profit une carri\u00e8re riche en recherche et en innovation pour d\u00e9velopper des infrastructures urbaines intelligentes et durables. D\u00e9couvrez le parcours et les ambitions de cet ing\u00e9nieur passionn\u00e9. La ville d&rsquo;Aix-la-Chapelle, [&hellip;]","og_url":"https:\/\/territorialchallenges.com\/it\/2024\/07\/18\/dr-simon-himmel-larchitecte-de-la-ville-du-futur-a-aix-la-chapelle\/123071\/","og_site_name":"Territorial Challenges","article_published_time":"2024-07-18T14:54:20+00:00","article_modified_time":"2024-07-18T14:54:21+00:00","og_image":[{"width":1024,"height":1024,"url":"https:\/\/territorialchallenges.com\/wp-content\/uploads\/2024\/07\/Onparledeuxsimon-himmel.jpg","type":"image\/jpeg"}],"author":"ni.abdi","twitter_card":"summary_large_image","twitter_creator":"@Ni.abdi","twitter_misc":{"Scritto da":"ni.abdi","Tempo di lettura stimato":"4 minuti"},"schema":{"@context":"https:\/\/schema.org","@graph":[{"@type":"Article","@id":"https:\/\/territorialchallenges.com\/2024\/07\/18\/dr-simon-himmel-larchitecte-de-la-ville-du-futur-a-aix-la-chapelle\/123071\/#article","isPartOf":{"@id":"https:\/\/territorialchallenges.com\/2024\/07\/18\/dr-simon-himmel-larchitecte-de-la-ville-du-futur-a-aix-la-chapelle\/123071\/"},"author":{"name":"ni.abdi","@id":"https:\/\/territorialchallenges.com\/#\/schema\/person\/098f145c7c61a021c425e010f840080f"},"headline":"Dr. Simon Himmel, l&rsquo;architecte de la ville du futur \u00e0 Aix-la-Chapelle","datePublished":"2024-07-18T14:54:20+00:00","dateModified":"2024-07-18T14:54:21+00:00","mainEntityOfPage":{"@id":"https:\/\/territorialchallenges.com\/2024\/07\/18\/dr-simon-himmel-larchitecte-de-la-ville-du-futur-a-aix-la-chapelle\/123071\/"},"wordCount":845,"publisher":{"@id":"https:\/\/territorialchallenges.com\/#organization"},"articleSection":["On parle d'eux","\u00c9cosyst\u00e8me"],"inLanguage":"it-IT"},{"@type":"WebPage","@id":"https:\/\/territorialchallenges.com\/2024\/07\/18\/dr-simon-himmel-larchitecte-de-la-ville-du-futur-a-aix-la-chapelle\/123071\/","url":"https:\/\/territorialchallenges.com\/2024\/07\/18\/dr-simon-himmel-larchitecte-de-la-ville-du-futur-a-aix-la-chapelle\/123071\/","name":"Dr. Simon Himmel, l'architecte de la ville du futur \u00e0 Aix-la-Chapelle - Territorial Challenges","isPartOf":{"@id":"https:\/\/territorialchallenges.com\/#website"},"datePublished":"2024-07-18T14:54:20+00:00","dateModified":"2024-07-18T14:54:21+00:00","breadcrumb":{"@id":"https:\/\/territorialchallenges.com\/2024\/07\/18\/dr-simon-himmel-larchitecte-de-la-ville-du-futur-a-aix-la-chapelle\/123071\/#breadcrumb"},"inLanguage":"it-IT","potentialAction":[{"@type":"ReadAction","target":["https:\/\/territorialchallenges.com\/2024\/07\/18\/dr-simon-himmel-larchitecte-de-la-ville-du-futur-a-aix-la-chapelle\/123071\/"]}]},{"@type":"BreadcrumbList","@id":"https:\/\/territorialchallenges.com\/2024\/07\/18\/dr-simon-himmel-larchitecte-de-la-ville-du-futur-a-aix-la-chapelle\/123071\/#breadcrumb","itemListElement":[{"@type":"ListItem","position":1,"name":"Home","item":"https:\/\/territorialchallenges.com\/"},{"@type":"ListItem","position":2,"name":"Dr. Simon Himmel, l&rsquo;architecte de la ville du futur \u00e0 Aix-la-Chapelle"}]},{"@type":"WebSite","@id":"https:\/\/territorialchallenges.com\/#website","url":"https:\/\/territorialchallenges.com\/","name":"Sfide territoriali","description":"Monitoraggio internazionale - Strategie intelligenti - Migliori pratiche","publisher":{"@id":"https:\/\/territorialchallenges.com\/#organization"},"potentialAction":[{"@type":"SearchAction","target":{"@type":"EntryPoint","urlTemplate":"https:\/\/territorialchallenges.com\/?s={search_term_string}"},"query-input":"required name=search_term_string"}],"inLanguage":"it-IT"},{"@type":"Organization","@id":"https:\/\/territorialchallenges.com\/#organization","name":"Sfide territoriali","url":"https:\/\/territorialchallenges.com\/","logo":{"@type":"ImageObject","inLanguage":"it-IT","@id":"https:\/\/territorialchallenges.com\/#\/schema\/logo\/image\/","url":"https:\/\/territorialchallenges.com\/wp-content\/uploads\/2023\/10\/logo-1.png","contentUrl":"https:\/\/territorialchallenges.com\/wp-content\/uploads\/2023\/10\/logo-1.png","width":1832,"height":576,"caption":"Territorial Challenges"},"image":{"@id":"https:\/\/territorialchallenges.com\/#\/schema\/logo\/image\/"}},{"@type":"Person","@id":"https:\/\/territorialchallenges.com\/#\/schema\/person\/098f145c7c61a021c425e010f840080f","name":"ni.abdi","image":{"@type":"ImageObject","inLanguage":"it-IT","@id":"https:\/\/territorialchallenges.com\/#\/schema\/person\/image\/","url":"https:\/\/secure.gravatar.com\/avatar\/2a2f2491f3c80039986ba989b1e4b510?s=96&d=identicon&r=g","contentUrl":"https:\/\/secure.gravatar.com\/avatar\/2a2f2491f3c80039986ba989b1e4b510?s=96&d=identicon&r=g","caption":"ni.abdi"},"sameAs":["https:\/\/twitter.com\/Ni.abdi"],"url":"https:\/\/territorialchallenges.com\/it\/author\/ni-abdi\/"}]}},"_links":{"self":[{"href":"https:\/\/territorialchallenges.com\/it\/wp-json\/wp\/v2\/posts\/123071"}],"collection":[{"href":"https:\/\/territorialchallenges.com\/it\/wp-json\/wp\/v2\/posts"}],"about":[{"href":"https:\/\/territorialchallenges.com\/it\/wp-json\/wp\/v2\/types\/post"}],"author":[{"embeddable":true,"href":"https:\/\/territorialchallenges.com\/it\/wp-json\/wp\/v2\/users\/11"}],"replies":[{"embeddable":true,"href":"https:\/\/territorialchallenges.com\/it\/wp-json\/wp\/v2\/comments?post=123071"}],"version-history":[{"count":1,"href":"https:\/\/territorialchallenges.com\/it\/wp-json\/wp\/v2\/posts\/123071\/revisions"}],"predecessor-version":[{"id":123073,"href":"https:\/\/territorialchallenges.com\/it\/wp-json\/wp\/v2\/posts\/123071\/revisions\/123073"}],"wp:featuredmedia":[{"embeddable":true,"href":"https:\/\/territorialchallenges.com\/it\/wp-json\/wp\/v2\/media\/123072"}],"wp:attachment":[{"href":"https:\/\/territorialchallenges.com\/it\/wp-json\/wp\/v2\/media?parent=123071"}],"wp:term":[{"taxonomy":"category","embeddable":true,"href":"https:\/\/territorialchallenges.com\/it\/wp-json\/wp\/v2\/categories?post=123071"},{"taxonomy":"post_tag","embeddable":true,"href":"https:\/\/territorialchallenges.com\/it\/wp-json\/wp\/v2\/tags?post=123071"}],"curies":[{"name":"parola chiave","href":"https:\/\/api.w.org\/{rel}","templated":true}]}}