{"id":123031,"date":"2024-07-10T16:44:26","date_gmt":"2024-07-10T14:44:26","guid":{"rendered":"https:\/\/territorialchallenges.com\/?p=123031"},"modified":"2024-07-10T16:44:27","modified_gmt":"2024-07-10T14:44:27","slug":"lue-lance-le-climate-city-capital-hub-pour-le-financement-des-villes-intelligentes","status":"publish","type":"post","link":"https:\/\/territorialchallenges.com\/it\/2024\/07\/10\/lue-lance-le-climate-city-capital-hub-pour-le-financement-des-villes-intelligentes\/123031\/","title":{"rendered":"L&#039;UE lancia Climate City Capital Hub per il finanziamento delle citt\u00e0 intelligenti"},"content":{"rendered":"<p>La Commissione Europea ha recentemente lanciato il Climate City Capital Hub, una piattaforma finanziaria internazionale progettata per sostenere le ambizioni delle citt\u00e0 pioniere impegnate nella missione dell&#039;UE per citt\u00e0 intelligenti e a impatto climatico zero. Questa iniziativa mira a fornire alle citt\u00e0 certificate risorse finanziarie e tecniche essenziali per realizzare... <\/p>\n<div class=\"pmpro_content_message\">Articolo disponibile solo per gli abbonati.<br \/><a href=\"https:\/\/territorialchallenges.com\/wp-login.php\">Login<\/a><br \/><a href=\"https:\/\/territorialchallenges.com\/it\/wp-login.php\/?action=register\">Registro<\/a><\/div>","protected":false},"excerpt":{"rendered":"<p>La Commission europ\u00e9enne a r\u00e9cemment inaugur\u00e9 le Climate City Capital Hub, une plateforme financi\u00e8re internationale con\u00e7ue pour soutenir les ambitions des villes pionni\u00e8res engag\u00e9es dans la mission de l\u2019UE sur les villes neutres pour le climat et intelligentes. Cette initiative vise \u00e0 offrir aux villes labellis\u00e9es des ressources financi\u00e8res et techniques cruciales pour mener \u00e0... <\/p>\n<div class=\"pmpro_content_message\">Articolo disponibile solo per gli abbonati.<br \/><a href=\"https:\/\/territorialchallenges.com\/wp-login.php\">Login<\/a><br \/><a href=\"https:\/\/territorialchallenges.com\/it\/wp-login.php\/?action=register\">Registro<\/a><\/div>","protected":false},"author":11,"featured_media":123032,"comment_status":"closed","ping_status":"closed","sticky":true,"template":"","format":"standard","meta":{"pmpro_default_level":0,"footnotes":""},"categories":[19,127],"tags":[],"blocksy_meta":"","yoast_head":"<!-- This site is optimized with the Yoast SEO plugin v21.5 - https:\/\/yoast.com\/wordpress\/plugins\/seo\/ -->\n<title>L\u2019UE lance le Climate City Capital Hub pour le financement des villes intelligentes - Territorial Challenges<\/title>\n<meta name=\"robots\" content=\"index, follow, max-snippet:-1, max-image-preview:large, max-video-preview:-1\" \/>\n<link rel=\"canonical\" href=\"https:\/\/territorialchallenges.com\/it\/2024\/07\/10\/lue-lance-le-climate-city-capital-hub-pour-le-financement-des-villes-intelligentes\/123031\/\" \/>\n<meta property=\"og:locale\" content=\"it_IT\" \/>\n<meta property=\"og:type\" content=\"article\" \/>\n<meta property=\"og:title\" content=\"L\u2019UE lance le Climate City Capital Hub pour le financement des villes intelligentes - Territorial Challenges\" \/>\n<meta property=\"og:description\" content=\"La Commission europ\u00e9enne a r\u00e9cemment inaugur\u00e9 le Climate City Capital Hub, une plateforme financi\u00e8re internationale con\u00e7ue pour soutenir les ambitions des villes pionni\u00e8res engag\u00e9es dans la mission de l\u2019UE sur les villes neutres pour le climat et intelligentes. Cette initiative vise \u00e0 offrir aux villes labellis\u00e9es des ressources financi\u00e8res et techniques cruciales pour mener \u00e0 [&hellip;]\" \/>\n<meta property=\"og:url\" content=\"https:\/\/territorialchallenges.com\/it\/2024\/07\/10\/lue-lance-le-climate-city-capital-hub-pour-le-financement-des-villes-intelligentes\/123031\/\" \/>\n<meta property=\"og:site_name\" content=\"Territorial Challenges\" \/>\n<meta property=\"article:published_time\" content=\"2024-07-10T14:44:26+00:00\" \/>\n<meta property=\"article:modified_time\" content=\"2024-07-10T14:44:27+00:00\" \/>\n<meta property=\"og:image\" content=\"https:\/\/territorialchallenges.com\/wp-content\/uploads\/2024\/07\/territoiresintelligentesimages.jpg\" \/>\n\t<meta property=\"og:image:width\" content=\"1280\" \/>\n\t<meta property=\"og:image:height\" content=\"1280\" \/>\n\t<meta property=\"og:image:type\" content=\"image\/jpeg\" \/>\n<meta name=\"author\" content=\"ni.abdi\" \/>\n<meta name=\"twitter:card\" content=\"summary_large_image\" \/>\n<meta name=\"twitter:creator\" content=\"@Ni.abdi\" \/>\n<meta name=\"twitter:label1\" content=\"Scritto da\" \/>\n\t<meta name=\"twitter:data1\" content=\"ni.abdi\" \/>\n\t<meta name=\"twitter:label2\" content=\"Tempo di lettura stimato\" \/>\n\t<meta name=\"twitter:data2\" content=\"4 minuti\" \/>\n<script type=\"application\/ld+json\" class=\"yoast-schema-graph\">{\"@context\":\"https:\/\/schema.org\",\"@graph\":[{\"@type\":\"Article\",\"@id\":\"https:\/\/territorialchallenges.com\/2024\/07\/10\/lue-lance-le-climate-city-capital-hub-pour-le-financement-des-villes-intelligentes\/123031\/#article\",\"isPartOf\":{\"@id\":\"https:\/\/territorialchallenges.com\/2024\/07\/10\/lue-lance-le-climate-city-capital-hub-pour-le-financement-des-villes-intelligentes\/123031\/\"},\"author\":{\"name\":\"ni.abdi\",\"@id\":\"https:\/\/territorialchallenges.com\/#\/schema\/person\/098f145c7c61a021c425e010f840080f\"},\"headline\":\"L\u2019UE lance le Climate City Capital Hub pour le financement des villes intelligentes\",\"datePublished\":\"2024-07-10T14:44:26+00:00\",\"dateModified\":\"2024-07-10T14:44:27+00:00\",\"mainEntityOfPage\":{\"@id\":\"https:\/\/territorialchallenges.com\/2024\/07\/10\/lue-lance-le-climate-city-capital-hub-pour-le-financement-des-villes-intelligentes\/123031\/\"},\"wordCount\":858,\"publisher\":{\"@id\":\"https:\/\/territorialchallenges.com\/#organization\"},\"articleSection\":[\"Territoires Intelligents\",\"Actualit\u00e9 Europe\"],\"inLanguage\":\"it-IT\"},{\"@type\":\"WebPage\",\"@id\":\"https:\/\/territorialchallenges.com\/2024\/07\/10\/lue-lance-le-climate-city-capital-hub-pour-le-financement-des-villes-intelligentes\/123031\/\",\"url\":\"https:\/\/territorialchallenges.com\/2024\/07\/10\/lue-lance-le-climate-city-capital-hub-pour-le-financement-des-villes-intelligentes\/123031\/\",\"name\":\"L\u2019UE lance le Climate City Capital Hub pour le financement des villes intelligentes - Territorial Challenges\",\"isPartOf\":{\"@id\":\"https:\/\/territorialchallenges.com\/#website\"},\"datePublished\":\"2024-07-10T14:44:26+00:00\",\"dateModified\":\"2024-07-10T14:44:27+00:00\",\"breadcrumb\":{\"@id\":\"https:\/\/territorialchallenges.com\/2024\/07\/10\/lue-lance-le-climate-city-capital-hub-pour-le-financement-des-villes-intelligentes\/123031\/#breadcrumb\"},\"inLanguage\":\"it-IT\",\"potentialAction\":[{\"@type\":\"ReadAction\",\"target\":[\"https:\/\/territorialchallenges.com\/2024\/07\/10\/lue-lance-le-climate-city-capital-hub-pour-le-financement-des-villes-intelligentes\/123031\/\"]}]},{\"@type\":\"BreadcrumbList\",\"@id\":\"https:\/\/territorialchallenges.com\/2024\/07\/10\/lue-lance-le-climate-city-capital-hub-pour-le-financement-des-villes-intelligentes\/123031\/#breadcrumb\",\"itemListElement\":[{\"@type\":\"ListItem\",\"position\":1,\"name\":\"Home\",\"item\":\"https:\/\/territorialchallenges.com\/\"},{\"@type\":\"ListItem\",\"position\":2,\"name\":\"L\u2019UE lance le Climate City Capital Hub pour le financement des villes intelligentes\"}]},{\"@type\":\"WebSite\",\"@id\":\"https:\/\/territorialchallenges.com\/#website\",\"url\":\"https:\/\/territorialchallenges.com\/\",\"name\":\"Territorial Challenges\",\"description\":\"Veille Internationale - Strat\u00e9gie Intelligentes - Bonnes pratiques\",\"publisher\":{\"@id\":\"https:\/\/territorialchallenges.com\/#organization\"},\"potentialAction\":[{\"@type\":\"SearchAction\",\"target\":{\"@type\":\"EntryPoint\",\"urlTemplate\":\"https:\/\/territorialchallenges.com\/?s={search_term_string}\"},\"query-input\":\"required name=search_term_string\"}],\"inLanguage\":\"it-IT\"},{\"@type\":\"Organization\",\"@id\":\"https:\/\/territorialchallenges.com\/#organization\",\"name\":\"Territorial Challenges\",\"url\":\"https:\/\/territorialchallenges.com\/\",\"logo\":{\"@type\":\"ImageObject\",\"inLanguage\":\"it-IT\",\"@id\":\"https:\/\/territorialchallenges.com\/#\/schema\/logo\/image\/\",\"url\":\"https:\/\/territorialchallenges.com\/wp-content\/uploads\/2023\/10\/logo-1.png\",\"contentUrl\":\"https:\/\/territorialchallenges.com\/wp-content\/uploads\/2023\/10\/logo-1.png\",\"width\":1832,\"height\":576,\"caption\":\"Territorial Challenges\"},\"image\":{\"@id\":\"https:\/\/territorialchallenges.com\/#\/schema\/logo\/image\/\"}},{\"@type\":\"Person\",\"@id\":\"https:\/\/territorialchallenges.com\/#\/schema\/person\/098f145c7c61a021c425e010f840080f\",\"name\":\"ni.abdi\",\"image\":{\"@type\":\"ImageObject\",\"inLanguage\":\"it-IT\",\"@id\":\"https:\/\/territorialchallenges.com\/#\/schema\/person\/image\/\",\"url\":\"https:\/\/secure.gravatar.com\/avatar\/2a2f2491f3c80039986ba989b1e4b510?s=96&d=identicon&r=g\",\"contentUrl\":\"https:\/\/secure.gravatar.com\/avatar\/2a2f2491f3c80039986ba989b1e4b510?s=96&d=identicon&r=g\",\"caption\":\"ni.abdi\"},\"sameAs\":[\"https:\/\/twitter.com\/Ni.abdi\"],\"url\":\"https:\/\/territorialchallenges.com\/it\/author\/ni-abdi\/\"}]}<\/script>\n<!-- \/ Yoast SEO plugin. -->","yoast_head_json":{"title":"L\u2019UE lance le Climate City Capital Hub pour le financement des villes intelligentes - Territorial Challenges","robots":{"index":"index","follow":"follow","max-snippet":"max-snippet:-1","max-image-preview":"max-image-preview:large","max-video-preview":"max-video-preview:-1"},"canonical":"https:\/\/territorialchallenges.com\/it\/2024\/07\/10\/lue-lance-le-climate-city-capital-hub-pour-le-financement-des-villes-intelligentes\/123031\/","og_locale":"it_IT","og_type":"article","og_title":"L\u2019UE lance le Climate City Capital Hub pour le financement des villes intelligentes - Territorial Challenges","og_description":"La Commission europ\u00e9enne a r\u00e9cemment inaugur\u00e9 le Climate City Capital Hub, une plateforme financi\u00e8re internationale con\u00e7ue pour soutenir les ambitions des villes pionni\u00e8res engag\u00e9es dans la mission de l\u2019UE sur les villes neutres pour le climat et intelligentes. Cette initiative vise \u00e0 offrir aux villes labellis\u00e9es des ressources financi\u00e8res et techniques cruciales pour mener \u00e0 [&hellip;]","og_url":"https:\/\/territorialchallenges.com\/it\/2024\/07\/10\/lue-lance-le-climate-city-capital-hub-pour-le-financement-des-villes-intelligentes\/123031\/","og_site_name":"Territorial Challenges","article_published_time":"2024-07-10T14:44:26+00:00","article_modified_time":"2024-07-10T14:44:27+00:00","og_image":[{"width":1280,"height":1280,"url":"https:\/\/territorialchallenges.com\/wp-content\/uploads\/2024\/07\/territoiresintelligentesimages.jpg","type":"image\/jpeg"}],"author":"ni.abdi","twitter_card":"summary_large_image","twitter_creator":"@Ni.abdi","twitter_misc":{"Scritto da":"ni.abdi","Tempo di lettura stimato":"4 minuti"},"schema":{"@context":"https:\/\/schema.org","@graph":[{"@type":"Article","@id":"https:\/\/territorialchallenges.com\/2024\/07\/10\/lue-lance-le-climate-city-capital-hub-pour-le-financement-des-villes-intelligentes\/123031\/#article","isPartOf":{"@id":"https:\/\/territorialchallenges.com\/2024\/07\/10\/lue-lance-le-climate-city-capital-hub-pour-le-financement-des-villes-intelligentes\/123031\/"},"author":{"name":"ni.abdi","@id":"https:\/\/territorialchallenges.com\/#\/schema\/person\/098f145c7c61a021c425e010f840080f"},"headline":"L\u2019UE lance le Climate City Capital Hub pour le financement des villes intelligentes","datePublished":"2024-07-10T14:44:26+00:00","dateModified":"2024-07-10T14:44:27+00:00","mainEntityOfPage":{"@id":"https:\/\/territorialchallenges.com\/2024\/07\/10\/lue-lance-le-climate-city-capital-hub-pour-le-financement-des-villes-intelligentes\/123031\/"},"wordCount":858,"publisher":{"@id":"https:\/\/territorialchallenges.com\/#organization"},"articleSection":["Territoires Intelligents","Actualit\u00e9 Europe"],"inLanguage":"it-IT"},{"@type":"WebPage","@id":"https:\/\/territorialchallenges.com\/2024\/07\/10\/lue-lance-le-climate-city-capital-hub-pour-le-financement-des-villes-intelligentes\/123031\/","url":"https:\/\/territorialchallenges.com\/2024\/07\/10\/lue-lance-le-climate-city-capital-hub-pour-le-financement-des-villes-intelligentes\/123031\/","name":"L\u2019UE lance le Climate City Capital Hub pour le financement des villes intelligentes - Territorial Challenges","isPartOf":{"@id":"https:\/\/territorialchallenges.com\/#website"},"datePublished":"2024-07-10T14:44:26+00:00","dateModified":"2024-07-10T14:44:27+00:00","breadcrumb":{"@id":"https:\/\/territorialchallenges.com\/2024\/07\/10\/lue-lance-le-climate-city-capital-hub-pour-le-financement-des-villes-intelligentes\/123031\/#breadcrumb"},"inLanguage":"it-IT","potentialAction":[{"@type":"ReadAction","target":["https:\/\/territorialchallenges.com\/2024\/07\/10\/lue-lance-le-climate-city-capital-hub-pour-le-financement-des-villes-intelligentes\/123031\/"]}]},{"@type":"BreadcrumbList","@id":"https:\/\/territorialchallenges.com\/2024\/07\/10\/lue-lance-le-climate-city-capital-hub-pour-le-financement-des-villes-intelligentes\/123031\/#breadcrumb","itemListElement":[{"@type":"ListItem","position":1,"name":"Home","item":"https:\/\/territorialchallenges.com\/"},{"@type":"ListItem","position":2,"name":"L\u2019UE lance le Climate City Capital Hub pour le financement des villes intelligentes"}]},{"@type":"WebSite","@id":"https:\/\/territorialchallenges.com\/#website","url":"https:\/\/territorialchallenges.com\/","name":"Sfide territoriali","description":"Monitoraggio internazionale - Strategie intelligenti - Migliori pratiche","publisher":{"@id":"https:\/\/territorialchallenges.com\/#organization"},"potentialAction":[{"@type":"SearchAction","target":{"@type":"EntryPoint","urlTemplate":"https:\/\/territorialchallenges.com\/?s={search_term_string}"},"query-input":"required name=search_term_string"}],"inLanguage":"it-IT"},{"@type":"Organization","@id":"https:\/\/territorialchallenges.com\/#organization","name":"Sfide territoriali","url":"https:\/\/territorialchallenges.com\/","logo":{"@type":"ImageObject","inLanguage":"it-IT","@id":"https:\/\/territorialchallenges.com\/#\/schema\/logo\/image\/","url":"https:\/\/territorialchallenges.com\/wp-content\/uploads\/2023\/10\/logo-1.png","contentUrl":"https:\/\/territorialchallenges.com\/wp-content\/uploads\/2023\/10\/logo-1.png","width":1832,"height":576,"caption":"Territorial Challenges"},"image":{"@id":"https:\/\/territorialchallenges.com\/#\/schema\/logo\/image\/"}},{"@type":"Person","@id":"https:\/\/territorialchallenges.com\/#\/schema\/person\/098f145c7c61a021c425e010f840080f","name":"ni.abdi","image":{"@type":"ImageObject","inLanguage":"it-IT","@id":"https:\/\/territorialchallenges.com\/#\/schema\/person\/image\/","url":"https:\/\/secure.gravatar.com\/avatar\/2a2f2491f3c80039986ba989b1e4b510?s=96&d=identicon&r=g","contentUrl":"https:\/\/secure.gravatar.com\/avatar\/2a2f2491f3c80039986ba989b1e4b510?s=96&d=identicon&r=g","caption":"ni.abdi"},"sameAs":["https:\/\/twitter.com\/Ni.abdi"],"url":"https:\/\/territorialchallenges.com\/it\/author\/ni-abdi\/"}]}},"_links":{"self":[{"href":"https:\/\/territorialchallenges.com\/it\/wp-json\/wp\/v2\/posts\/123031"}],"collection":[{"href":"https:\/\/territorialchallenges.com\/it\/wp-json\/wp\/v2\/posts"}],"about":[{"href":"https:\/\/territorialchallenges.com\/it\/wp-json\/wp\/v2\/types\/post"}],"author":[{"embeddable":true,"href":"https:\/\/territorialchallenges.com\/it\/wp-json\/wp\/v2\/users\/11"}],"replies":[{"embeddable":true,"href":"https:\/\/territorialchallenges.com\/it\/wp-json\/wp\/v2\/comments?post=123031"}],"version-history":[{"count":1,"href":"https:\/\/territorialchallenges.com\/it\/wp-json\/wp\/v2\/posts\/123031\/revisions"}],"predecessor-version":[{"id":123033,"href":"https:\/\/territorialchallenges.com\/it\/wp-json\/wp\/v2\/posts\/123031\/revisions\/123033"}],"wp:featuredmedia":[{"embeddable":true,"href":"https:\/\/territorialchallenges.com\/it\/wp-json\/wp\/v2\/media\/123032"}],"wp:attachment":[{"href":"https:\/\/territorialchallenges.com\/it\/wp-json\/wp\/v2\/media?parent=123031"}],"wp:term":[{"taxonomy":"category","embeddable":true,"href":"https:\/\/territorialchallenges.com\/it\/wp-json\/wp\/v2\/categories?post=123031"},{"taxonomy":"post_tag","embeddable":true,"href":"https:\/\/territorialchallenges.com\/it\/wp-json\/wp\/v2\/tags?post=123031"}],"curies":[{"name":"parola chiave","href":"https:\/\/api.w.org\/{rel}","templated":true}]}}