{"id":122960,"date":"2024-06-27T18:43:00","date_gmt":"2024-06-27T16:43:00","guid":{"rendered":"https:\/\/territorialchallenges.com\/?p=122960"},"modified":"2024-07-01T10:16:58","modified_gmt":"2024-07-01T08:16:58","slug":"santander-lepicentre-de-linnovation-lors-du-ii-comite-technique-du-reseau-des-villes-intelligentes-reci","status":"publish","type":"post","link":"https:\/\/territorialchallenges.com\/it\/2024\/06\/27\/santander-lepicentre-de-linnovation-lors-du-ii-comite-technique-du-reseau-des-villes-intelligentes-reci\/122960\/","title":{"rendered":"Spagna: Santander, epicentro dell&#039;innovazione al 2\u00b0 Comitato Tecnico della Rete RECI Smart Cities"},"content":{"rendered":"<p>Il 20 e 21 giugno, Santander ha ospitato il 2\u00b0 Comitato Tecnico della Rete delle Citt\u00e0 Intelligenti (RECI), un importante evento che mette in luce gli ultimi progressi nell&#039;intelligenza artificiale, negli spazi dati e nelle soluzioni tecnologiche. Questo incontro, inaugurato dal sindaco Gema Igual, rafforza il ruolo della citt\u00e0 come leader\u2026 <\/p>\n<div class=\"pmpro_content_message\">Articolo disponibile solo per gli abbonati.<br \/><a href=\"https:\/\/territorialchallenges.com\/wp-login.php\">Login<\/a><br \/><a href=\"https:\/\/territorialchallenges.com\/it\/wp-login.php\/?action=register\">Registro<\/a><\/div>","protected":false},"excerpt":{"rendered":"<p>Santander a accueilli le 20 et 21 juin, le II Comit\u00e9 technique du R\u00e9seau des villes intelligentes (RECI), un \u00e9v\u00e9nement majeur qui met en lumi\u00e8re les derni\u00e8res avanc\u00e9es en mati\u00e8re d&rsquo;intelligence artificielle, d&rsquo;espaces de donn\u00e9es et de solutions technologiques. Cette r\u00e9union, inaugur\u00e9e par le maire Gema Igual, renforce le r\u00f4le de la ville comme leader... <\/p>\n<div class=\"pmpro_content_message\">Articolo disponibile solo per gli abbonati.<br \/><a href=\"https:\/\/territorialchallenges.com\/wp-login.php\">Login<\/a><br \/><a href=\"https:\/\/territorialchallenges.com\/it\/wp-login.php\/?action=register\">Registro<\/a><\/div>","protected":false},"author":11,"featured_media":122961,"comment_status":"closed","ping_status":"closed","sticky":true,"template":"","format":"standard","meta":{"pmpro_default_level":0,"footnotes":""},"categories":[120,117],"tags":[],"blocksy_meta":"","yoast_head":"<!-- This site is optimized with the Yoast SEO plugin v21.5 - https:\/\/yoast.com\/wordpress\/plugins\/seo\/ -->\n<title>Espagne: Santander, l&#039;\u00e9picentre de l&#039;innovation lors du II comit\u00e9 technique du r\u00e9seau des villes intelligentes RECI - Territorial Challenges<\/title>\n<meta name=\"robots\" content=\"index, follow, max-snippet:-1, max-image-preview:large, max-video-preview:-1\" \/>\n<link rel=\"canonical\" href=\"https:\/\/territorialchallenges.com\/it\/2024\/06\/27\/santander-lepicentre-de-linnovation-lors-du-ii-comite-technique-du-reseau-des-villes-intelligentes-reci\/122960\/\" \/>\n<meta property=\"og:locale\" content=\"it_IT\" \/>\n<meta property=\"og:type\" content=\"article\" \/>\n<meta property=\"og:title\" content=\"Espagne: Santander, l&#039;\u00e9picentre de l&#039;innovation lors du II comit\u00e9 technique du r\u00e9seau des villes intelligentes RECI - Territorial Challenges\" \/>\n<meta property=\"og:description\" content=\"Santander a accueilli le 20 et 21 juin, le II Comit\u00e9 technique du R\u00e9seau des villes intelligentes (RECI), un \u00e9v\u00e9nement majeur qui met en lumi\u00e8re les derni\u00e8res avanc\u00e9es en mati\u00e8re d&rsquo;intelligence artificielle, d&rsquo;espaces de donn\u00e9es et de solutions technologiques. Cette r\u00e9union, inaugur\u00e9e par le maire Gema Igual, renforce le r\u00f4le de la ville comme leader [&hellip;]\" \/>\n<meta property=\"og:url\" content=\"https:\/\/territorialchallenges.com\/it\/2024\/06\/27\/santander-lepicentre-de-linnovation-lors-du-ii-comite-technique-du-reseau-des-villes-intelligentes-reci\/122960\/\" \/>\n<meta property=\"og:site_name\" content=\"Territorial Challenges\" \/>\n<meta property=\"article:published_time\" content=\"2024-06-27T16:43:00+00:00\" \/>\n<meta property=\"article:modified_time\" content=\"2024-07-01T08:16:58+00:00\" \/>\n<meta property=\"og:image\" content=\"https:\/\/territorialchallenges.com\/wp-content\/uploads\/2024\/06\/ilsestpasseaSantander.jpg\" \/>\n\t<meta property=\"og:image:width\" content=\"1920\" \/>\n\t<meta property=\"og:image:height\" content=\"1280\" \/>\n\t<meta property=\"og:image:type\" content=\"image\/jpeg\" \/>\n<meta name=\"author\" content=\"ni.abdi\" \/>\n<meta name=\"twitter:card\" content=\"summary_large_image\" \/>\n<meta name=\"twitter:creator\" content=\"@Ni.abdi\" \/>\n<meta name=\"twitter:label1\" content=\"Scritto da\" \/>\n\t<meta name=\"twitter:data1\" content=\"ni.abdi\" \/>\n\t<meta name=\"twitter:label2\" content=\"Tempo di lettura stimato\" \/>\n\t<meta name=\"twitter:data2\" content=\"5 minuti\" \/>\n<script type=\"application\/ld+json\" class=\"yoast-schema-graph\">{\"@context\":\"https:\/\/schema.org\",\"@graph\":[{\"@type\":\"Article\",\"@id\":\"https:\/\/territorialchallenges.com\/2024\/06\/27\/santander-lepicentre-de-linnovation-lors-du-ii-comite-technique-du-reseau-des-villes-intelligentes-reci\/122960\/#article\",\"isPartOf\":{\"@id\":\"https:\/\/territorialchallenges.com\/2024\/06\/27\/santander-lepicentre-de-linnovation-lors-du-ii-comite-technique-du-reseau-des-villes-intelligentes-reci\/122960\/\"},\"author\":{\"name\":\"ni.abdi\",\"@id\":\"https:\/\/territorialchallenges.com\/#\/schema\/person\/098f145c7c61a021c425e010f840080f\"},\"headline\":\"Espagne: Santander, l&rsquo;\u00e9picentre de l&rsquo;innovation lors du II comit\u00e9 technique du r\u00e9seau des villes intelligentes RECI\",\"datePublished\":\"2024-06-27T16:43:00+00:00\",\"dateModified\":\"2024-07-01T08:16:58+00:00\",\"mainEntityOfPage\":{\"@id\":\"https:\/\/territorialchallenges.com\/2024\/06\/27\/santander-lepicentre-de-linnovation-lors-du-ii-comite-technique-du-reseau-des-villes-intelligentes-reci\/122960\/\"},\"wordCount\":1001,\"publisher\":{\"@id\":\"https:\/\/territorialchallenges.com\/#organization\"},\"articleSection\":[\"Il s'est pass\u00e9 \u00e0\",\"\u00c9cosyst\u00e8me\"],\"inLanguage\":\"it-IT\"},{\"@type\":\"WebPage\",\"@id\":\"https:\/\/territorialchallenges.com\/2024\/06\/27\/santander-lepicentre-de-linnovation-lors-du-ii-comite-technique-du-reseau-des-villes-intelligentes-reci\/122960\/\",\"url\":\"https:\/\/territorialchallenges.com\/2024\/06\/27\/santander-lepicentre-de-linnovation-lors-du-ii-comite-technique-du-reseau-des-villes-intelligentes-reci\/122960\/\",\"name\":\"Espagne: Santander, l'\u00e9picentre de l'innovation lors du II comit\u00e9 technique du r\u00e9seau des villes intelligentes RECI - Territorial Challenges\",\"isPartOf\":{\"@id\":\"https:\/\/territorialchallenges.com\/#website\"},\"datePublished\":\"2024-06-27T16:43:00+00:00\",\"dateModified\":\"2024-07-01T08:16:58+00:00\",\"breadcrumb\":{\"@id\":\"https:\/\/territorialchallenges.com\/2024\/06\/27\/santander-lepicentre-de-linnovation-lors-du-ii-comite-technique-du-reseau-des-villes-intelligentes-reci\/122960\/#breadcrumb\"},\"inLanguage\":\"it-IT\",\"potentialAction\":[{\"@type\":\"ReadAction\",\"target\":[\"https:\/\/territorialchallenges.com\/2024\/06\/27\/santander-lepicentre-de-linnovation-lors-du-ii-comite-technique-du-reseau-des-villes-intelligentes-reci\/122960\/\"]}]},{\"@type\":\"BreadcrumbList\",\"@id\":\"https:\/\/territorialchallenges.com\/2024\/06\/27\/santander-lepicentre-de-linnovation-lors-du-ii-comite-technique-du-reseau-des-villes-intelligentes-reci\/122960\/#breadcrumb\",\"itemListElement\":[{\"@type\":\"ListItem\",\"position\":1,\"name\":\"Home\",\"item\":\"https:\/\/territorialchallenges.com\/\"},{\"@type\":\"ListItem\",\"position\":2,\"name\":\"Espagne: Santander, l&rsquo;\u00e9picentre de l&rsquo;innovation lors du II comit\u00e9 technique du r\u00e9seau des villes intelligentes RECI\"}]},{\"@type\":\"WebSite\",\"@id\":\"https:\/\/territorialchallenges.com\/#website\",\"url\":\"https:\/\/territorialchallenges.com\/\",\"name\":\"Territorial Challenges\",\"description\":\"Veille Internationale - Strat\u00e9gie Intelligentes - Bonnes pratiques\",\"publisher\":{\"@id\":\"https:\/\/territorialchallenges.com\/#organization\"},\"potentialAction\":[{\"@type\":\"SearchAction\",\"target\":{\"@type\":\"EntryPoint\",\"urlTemplate\":\"https:\/\/territorialchallenges.com\/?s={search_term_string}\"},\"query-input\":\"required name=search_term_string\"}],\"inLanguage\":\"it-IT\"},{\"@type\":\"Organization\",\"@id\":\"https:\/\/territorialchallenges.com\/#organization\",\"name\":\"Territorial Challenges\",\"url\":\"https:\/\/territorialchallenges.com\/\",\"logo\":{\"@type\":\"ImageObject\",\"inLanguage\":\"it-IT\",\"@id\":\"https:\/\/territorialchallenges.com\/#\/schema\/logo\/image\/\",\"url\":\"https:\/\/territorialchallenges.com\/wp-content\/uploads\/2023\/10\/logo-1.png\",\"contentUrl\":\"https:\/\/territorialchallenges.com\/wp-content\/uploads\/2023\/10\/logo-1.png\",\"width\":1832,\"height\":576,\"caption\":\"Territorial Challenges\"},\"image\":{\"@id\":\"https:\/\/territorialchallenges.com\/#\/schema\/logo\/image\/\"}},{\"@type\":\"Person\",\"@id\":\"https:\/\/territorialchallenges.com\/#\/schema\/person\/098f145c7c61a021c425e010f840080f\",\"name\":\"ni.abdi\",\"image\":{\"@type\":\"ImageObject\",\"inLanguage\":\"it-IT\",\"@id\":\"https:\/\/territorialchallenges.com\/#\/schema\/person\/image\/\",\"url\":\"https:\/\/secure.gravatar.com\/avatar\/2a2f2491f3c80039986ba989b1e4b510?s=96&d=identicon&r=g\",\"contentUrl\":\"https:\/\/secure.gravatar.com\/avatar\/2a2f2491f3c80039986ba989b1e4b510?s=96&d=identicon&r=g\",\"caption\":\"ni.abdi\"},\"sameAs\":[\"https:\/\/twitter.com\/Ni.abdi\"],\"url\":\"https:\/\/territorialchallenges.com\/it\/author\/ni-abdi\/\"}]}<\/script>\n<!-- \/ Yoast SEO plugin. -->","yoast_head_json":{"title":"Espagne: Santander, l'\u00e9picentre de l'innovation lors du II comit\u00e9 technique du r\u00e9seau des villes intelligentes RECI - Territorial Challenges","robots":{"index":"index","follow":"follow","max-snippet":"max-snippet:-1","max-image-preview":"max-image-preview:large","max-video-preview":"max-video-preview:-1"},"canonical":"https:\/\/territorialchallenges.com\/it\/2024\/06\/27\/santander-lepicentre-de-linnovation-lors-du-ii-comite-technique-du-reseau-des-villes-intelligentes-reci\/122960\/","og_locale":"it_IT","og_type":"article","og_title":"Espagne: Santander, l'\u00e9picentre de l'innovation lors du II comit\u00e9 technique du r\u00e9seau des villes intelligentes RECI - Territorial Challenges","og_description":"Santander a accueilli le 20 et 21 juin, le II Comit\u00e9 technique du R\u00e9seau des villes intelligentes (RECI), un \u00e9v\u00e9nement majeur qui met en lumi\u00e8re les derni\u00e8res avanc\u00e9es en mati\u00e8re d&rsquo;intelligence artificielle, d&rsquo;espaces de donn\u00e9es et de solutions technologiques. Cette r\u00e9union, inaugur\u00e9e par le maire Gema Igual, renforce le r\u00f4le de la ville comme leader [&hellip;]","og_url":"https:\/\/territorialchallenges.com\/it\/2024\/06\/27\/santander-lepicentre-de-linnovation-lors-du-ii-comite-technique-du-reseau-des-villes-intelligentes-reci\/122960\/","og_site_name":"Territorial Challenges","article_published_time":"2024-06-27T16:43:00+00:00","article_modified_time":"2024-07-01T08:16:58+00:00","og_image":[{"width":1920,"height":1280,"url":"https:\/\/territorialchallenges.com\/wp-content\/uploads\/2024\/06\/ilsestpasseaSantander.jpg","type":"image\/jpeg"}],"author":"ni.abdi","twitter_card":"summary_large_image","twitter_creator":"@Ni.abdi","twitter_misc":{"Scritto da":"ni.abdi","Tempo di lettura stimato":"5 minuti"},"schema":{"@context":"https:\/\/schema.org","@graph":[{"@type":"Article","@id":"https:\/\/territorialchallenges.com\/2024\/06\/27\/santander-lepicentre-de-linnovation-lors-du-ii-comite-technique-du-reseau-des-villes-intelligentes-reci\/122960\/#article","isPartOf":{"@id":"https:\/\/territorialchallenges.com\/2024\/06\/27\/santander-lepicentre-de-linnovation-lors-du-ii-comite-technique-du-reseau-des-villes-intelligentes-reci\/122960\/"},"author":{"name":"ni.abdi","@id":"https:\/\/territorialchallenges.com\/#\/schema\/person\/098f145c7c61a021c425e010f840080f"},"headline":"Espagne: Santander, l&rsquo;\u00e9picentre de l&rsquo;innovation lors du II comit\u00e9 technique du r\u00e9seau des villes intelligentes RECI","datePublished":"2024-06-27T16:43:00+00:00","dateModified":"2024-07-01T08:16:58+00:00","mainEntityOfPage":{"@id":"https:\/\/territorialchallenges.com\/2024\/06\/27\/santander-lepicentre-de-linnovation-lors-du-ii-comite-technique-du-reseau-des-villes-intelligentes-reci\/122960\/"},"wordCount":1001,"publisher":{"@id":"https:\/\/territorialchallenges.com\/#organization"},"articleSection":["Il s'est pass\u00e9 \u00e0","\u00c9cosyst\u00e8me"],"inLanguage":"it-IT"},{"@type":"WebPage","@id":"https:\/\/territorialchallenges.com\/2024\/06\/27\/santander-lepicentre-de-linnovation-lors-du-ii-comite-technique-du-reseau-des-villes-intelligentes-reci\/122960\/","url":"https:\/\/territorialchallenges.com\/2024\/06\/27\/santander-lepicentre-de-linnovation-lors-du-ii-comite-technique-du-reseau-des-villes-intelligentes-reci\/122960\/","name":"Espagne: Santander, l'\u00e9picentre de l'innovation lors du II comit\u00e9 technique du r\u00e9seau des villes intelligentes RECI - Territorial Challenges","isPartOf":{"@id":"https:\/\/territorialchallenges.com\/#website"},"datePublished":"2024-06-27T16:43:00+00:00","dateModified":"2024-07-01T08:16:58+00:00","breadcrumb":{"@id":"https:\/\/territorialchallenges.com\/2024\/06\/27\/santander-lepicentre-de-linnovation-lors-du-ii-comite-technique-du-reseau-des-villes-intelligentes-reci\/122960\/#breadcrumb"},"inLanguage":"it-IT","potentialAction":[{"@type":"ReadAction","target":["https:\/\/territorialchallenges.com\/2024\/06\/27\/santander-lepicentre-de-linnovation-lors-du-ii-comite-technique-du-reseau-des-villes-intelligentes-reci\/122960\/"]}]},{"@type":"BreadcrumbList","@id":"https:\/\/territorialchallenges.com\/2024\/06\/27\/santander-lepicentre-de-linnovation-lors-du-ii-comite-technique-du-reseau-des-villes-intelligentes-reci\/122960\/#breadcrumb","itemListElement":[{"@type":"ListItem","position":1,"name":"Home","item":"https:\/\/territorialchallenges.com\/"},{"@type":"ListItem","position":2,"name":"Espagne: Santander, l&rsquo;\u00e9picentre de l&rsquo;innovation lors du II comit\u00e9 technique du r\u00e9seau des villes intelligentes RECI"}]},{"@type":"WebSite","@id":"https:\/\/territorialchallenges.com\/#website","url":"https:\/\/territorialchallenges.com\/","name":"Sfide territoriali","description":"Monitoraggio internazionale - Strategie intelligenti - Migliori pratiche","publisher":{"@id":"https:\/\/territorialchallenges.com\/#organization"},"potentialAction":[{"@type":"SearchAction","target":{"@type":"EntryPoint","urlTemplate":"https:\/\/territorialchallenges.com\/?s={search_term_string}"},"query-input":"required name=search_term_string"}],"inLanguage":"it-IT"},{"@type":"Organization","@id":"https:\/\/territorialchallenges.com\/#organization","name":"Sfide territoriali","url":"https:\/\/territorialchallenges.com\/","logo":{"@type":"ImageObject","inLanguage":"it-IT","@id":"https:\/\/territorialchallenges.com\/#\/schema\/logo\/image\/","url":"https:\/\/territorialchallenges.com\/wp-content\/uploads\/2023\/10\/logo-1.png","contentUrl":"https:\/\/territorialchallenges.com\/wp-content\/uploads\/2023\/10\/logo-1.png","width":1832,"height":576,"caption":"Territorial Challenges"},"image":{"@id":"https:\/\/territorialchallenges.com\/#\/schema\/logo\/image\/"}},{"@type":"Person","@id":"https:\/\/territorialchallenges.com\/#\/schema\/person\/098f145c7c61a021c425e010f840080f","name":"ni.abdi","image":{"@type":"ImageObject","inLanguage":"it-IT","@id":"https:\/\/territorialchallenges.com\/#\/schema\/person\/image\/","url":"https:\/\/secure.gravatar.com\/avatar\/2a2f2491f3c80039986ba989b1e4b510?s=96&d=identicon&r=g","contentUrl":"https:\/\/secure.gravatar.com\/avatar\/2a2f2491f3c80039986ba989b1e4b510?s=96&d=identicon&r=g","caption":"ni.abdi"},"sameAs":["https:\/\/twitter.com\/Ni.abdi"],"url":"https:\/\/territorialchallenges.com\/it\/author\/ni-abdi\/"}]}},"_links":{"self":[{"href":"https:\/\/territorialchallenges.com\/it\/wp-json\/wp\/v2\/posts\/122960"}],"collection":[{"href":"https:\/\/territorialchallenges.com\/it\/wp-json\/wp\/v2\/posts"}],"about":[{"href":"https:\/\/territorialchallenges.com\/it\/wp-json\/wp\/v2\/types\/post"}],"author":[{"embeddable":true,"href":"https:\/\/territorialchallenges.com\/it\/wp-json\/wp\/v2\/users\/11"}],"replies":[{"embeddable":true,"href":"https:\/\/territorialchallenges.com\/it\/wp-json\/wp\/v2\/comments?post=122960"}],"version-history":[{"count":2,"href":"https:\/\/territorialchallenges.com\/it\/wp-json\/wp\/v2\/posts\/122960\/revisions"}],"predecessor-version":[{"id":122974,"href":"https:\/\/territorialchallenges.com\/it\/wp-json\/wp\/v2\/posts\/122960\/revisions\/122974"}],"wp:featuredmedia":[{"embeddable":true,"href":"https:\/\/territorialchallenges.com\/it\/wp-json\/wp\/v2\/media\/122961"}],"wp:attachment":[{"href":"https:\/\/territorialchallenges.com\/it\/wp-json\/wp\/v2\/media?parent=122960"}],"wp:term":[{"taxonomy":"category","embeddable":true,"href":"https:\/\/territorialchallenges.com\/it\/wp-json\/wp\/v2\/categories?post=122960"},{"taxonomy":"post_tag","embeddable":true,"href":"https:\/\/territorialchallenges.com\/it\/wp-json\/wp\/v2\/tags?post=122960"}],"curies":[{"name":"parola chiave","href":"https:\/\/api.w.org\/{rel}","templated":true}]}}