{"id":122884,"date":"2024-06-12T20:14:14","date_gmt":"2024-06-12T18:14:14","guid":{"rendered":"https:\/\/territorialchallenges.com\/?p=122884"},"modified":"2024-06-12T20:14:15","modified_gmt":"2024-06-12T18:14:15","slug":"les-aes-et-lenisa-un-nouveau-pacte-pour-la-cybersecurite-en-europe","status":"publish","type":"post","link":"https:\/\/territorialchallenges.com\/it\/2024\/06\/12\/les-aes-et-lenisa-un-nouveau-pacte-pour-la-cybersecurite-en-europe\/122884\/","title":{"rendered":"Le ESA e l&#039;ENISA: un nuovo patto per la sicurezza informatica in Europa"},"content":{"rendered":"<p>Le Autorit\u00e0 europee di vigilanza (EBA, EIOPA ed ESMA \u2013 le ESA) e l&#039;Agenzia dell&#039;Unione europea per la sicurezza informatica (ENISA) hanno firmato un protocollo d&#039;intesa multilaterale per rafforzare la cooperazione e lo scambio di informazioni. Questa iniziativa mira a rafforzare la sicurezza informatica in tutta Europa, in linea con la Direttiva NIS2 e DORA,\u2026 <\/p>\n<div class=\"pmpro_content_message\">Articolo disponibile solo per gli abbonati.<br \/><a href=\"https:\/\/territorialchallenges.com\/wp-login.php\">Login<\/a><br \/><a href=\"https:\/\/territorialchallenges.com\/it\/wp-login.php\/?action=register\">Registro<\/a><\/div>","protected":false},"excerpt":{"rendered":"<p>Les autorit\u00e9s europ\u00e9ennes de surveillance (ABE, AEAPP et AEMF &#8211; les AES) et l\u2019Agence de l\u2019Union europ\u00e9enne pour la cybers\u00e9curit\u00e9 (ENISA) ont sign\u00e9 un protocole d\u2019accord multilat\u00e9ral pour renforcer leur coop\u00e9ration et l\u2019\u00e9change d\u2019informations. Cette initiative vise \u00e0 consolider la s\u00e9curit\u00e9 informatique \u00e0 travers l\u2019Europe, en alignement avec la directive NIS2 et la loi DORA,... <\/p>\n<div class=\"pmpro_content_message\">Articolo disponibile solo per gli abbonati.<br \/><a href=\"https:\/\/territorialchallenges.com\/wp-login.php\">Login<\/a><br \/><a href=\"https:\/\/territorialchallenges.com\/it\/wp-login.php\/?action=register\">Registro<\/a><\/div>","protected":false},"author":11,"featured_media":122885,"comment_status":"closed","ping_status":"closed","sticky":true,"template":"","format":"standard","meta":{"pmpro_default_level":0,"footnotes":""},"categories":[19,127],"tags":[],"blocksy_meta":"","yoast_head":"<!-- This site is optimized with the Yoast SEO plugin v21.5 - https:\/\/yoast.com\/wordpress\/plugins\/seo\/ -->\n<title>Les AES et l&#039;ENISA : un nouveau pacte pour la cybers\u00e9curit\u00e9 en Europe - Territorial Challenges<\/title>\n<meta name=\"robots\" content=\"index, follow, max-snippet:-1, max-image-preview:large, max-video-preview:-1\" \/>\n<link rel=\"canonical\" href=\"https:\/\/territorialchallenges.com\/it\/2024\/06\/12\/les-aes-et-lenisa-un-nouveau-pacte-pour-la-cybersecurite-en-europe\/122884\/\" \/>\n<meta property=\"og:locale\" content=\"it_IT\" \/>\n<meta property=\"og:type\" content=\"article\" \/>\n<meta property=\"og:title\" content=\"Les AES et l&#039;ENISA : un nouveau pacte pour la cybers\u00e9curit\u00e9 en Europe - Territorial Challenges\" \/>\n<meta property=\"og:description\" content=\"Les autorit\u00e9s europ\u00e9ennes de surveillance (ABE, AEAPP et AEMF &#8211; les AES) et l\u2019Agence de l\u2019Union europ\u00e9enne pour la cybers\u00e9curit\u00e9 (ENISA) ont sign\u00e9 un protocole d\u2019accord multilat\u00e9ral pour renforcer leur coop\u00e9ration et l\u2019\u00e9change d\u2019informations. Cette initiative vise \u00e0 consolider la s\u00e9curit\u00e9 informatique \u00e0 travers l\u2019Europe, en alignement avec la directive NIS2 et la loi DORA, [&hellip;]\" \/>\n<meta property=\"og:url\" content=\"https:\/\/territorialchallenges.com\/it\/2024\/06\/12\/les-aes-et-lenisa-un-nouveau-pacte-pour-la-cybersecurite-en-europe\/122884\/\" \/>\n<meta property=\"og:site_name\" content=\"Territorial Challenges\" \/>\n<meta property=\"article:published_time\" content=\"2024-06-12T18:14:14+00:00\" \/>\n<meta property=\"article:modified_time\" content=\"2024-06-12T18:14:15+00:00\" \/>\n<meta property=\"og:image\" content=\"https:\/\/territorialchallenges.com\/wp-content\/uploads\/2024\/06\/territoiresintelligents11.06.24Photo.jpg\" \/>\n\t<meta property=\"og:image:width\" content=\"1280\" \/>\n\t<meta property=\"og:image:height\" content=\"853\" \/>\n\t<meta property=\"og:image:type\" content=\"image\/jpeg\" \/>\n<meta name=\"author\" content=\"ni.abdi\" \/>\n<meta name=\"twitter:card\" content=\"summary_large_image\" \/>\n<meta name=\"twitter:creator\" content=\"@Ni.abdi\" \/>\n<meta name=\"twitter:label1\" content=\"Scritto da\" \/>\n\t<meta name=\"twitter:data1\" content=\"ni.abdi\" \/>\n\t<meta name=\"twitter:label2\" content=\"Tempo di lettura stimato\" \/>\n\t<meta name=\"twitter:data2\" content=\"4 minuti\" \/>\n<script type=\"application\/ld+json\" class=\"yoast-schema-graph\">{\"@context\":\"https:\/\/schema.org\",\"@graph\":[{\"@type\":\"Article\",\"@id\":\"https:\/\/territorialchallenges.com\/2024\/06\/12\/les-aes-et-lenisa-un-nouveau-pacte-pour-la-cybersecurite-en-europe\/122884\/#article\",\"isPartOf\":{\"@id\":\"https:\/\/territorialchallenges.com\/2024\/06\/12\/les-aes-et-lenisa-un-nouveau-pacte-pour-la-cybersecurite-en-europe\/122884\/\"},\"author\":{\"name\":\"ni.abdi\",\"@id\":\"https:\/\/territorialchallenges.com\/#\/schema\/person\/098f145c7c61a021c425e010f840080f\"},\"headline\":\"Les AES et l&rsquo;ENISA : un nouveau pacte pour la cybers\u00e9curit\u00e9 en Europe\",\"datePublished\":\"2024-06-12T18:14:14+00:00\",\"dateModified\":\"2024-06-12T18:14:15+00:00\",\"mainEntityOfPage\":{\"@id\":\"https:\/\/territorialchallenges.com\/2024\/06\/12\/les-aes-et-lenisa-un-nouveau-pacte-pour-la-cybersecurite-en-europe\/122884\/\"},\"wordCount\":824,\"publisher\":{\"@id\":\"https:\/\/territorialchallenges.com\/#organization\"},\"articleSection\":[\"Territoires Intelligents\",\"Actualit\u00e9 Europe\"],\"inLanguage\":\"it-IT\"},{\"@type\":\"WebPage\",\"@id\":\"https:\/\/territorialchallenges.com\/2024\/06\/12\/les-aes-et-lenisa-un-nouveau-pacte-pour-la-cybersecurite-en-europe\/122884\/\",\"url\":\"https:\/\/territorialchallenges.com\/2024\/06\/12\/les-aes-et-lenisa-un-nouveau-pacte-pour-la-cybersecurite-en-europe\/122884\/\",\"name\":\"Les AES et l'ENISA : un nouveau pacte pour la cybers\u00e9curit\u00e9 en Europe - Territorial Challenges\",\"isPartOf\":{\"@id\":\"https:\/\/territorialchallenges.com\/#website\"},\"datePublished\":\"2024-06-12T18:14:14+00:00\",\"dateModified\":\"2024-06-12T18:14:15+00:00\",\"breadcrumb\":{\"@id\":\"https:\/\/territorialchallenges.com\/2024\/06\/12\/les-aes-et-lenisa-un-nouveau-pacte-pour-la-cybersecurite-en-europe\/122884\/#breadcrumb\"},\"inLanguage\":\"it-IT\",\"potentialAction\":[{\"@type\":\"ReadAction\",\"target\":[\"https:\/\/territorialchallenges.com\/2024\/06\/12\/les-aes-et-lenisa-un-nouveau-pacte-pour-la-cybersecurite-en-europe\/122884\/\"]}]},{\"@type\":\"BreadcrumbList\",\"@id\":\"https:\/\/territorialchallenges.com\/2024\/06\/12\/les-aes-et-lenisa-un-nouveau-pacte-pour-la-cybersecurite-en-europe\/122884\/#breadcrumb\",\"itemListElement\":[{\"@type\":\"ListItem\",\"position\":1,\"name\":\"Home\",\"item\":\"https:\/\/territorialchallenges.com\/\"},{\"@type\":\"ListItem\",\"position\":2,\"name\":\"Les AES et l&rsquo;ENISA : un nouveau pacte pour la cybers\u00e9curit\u00e9 en Europe\"}]},{\"@type\":\"WebSite\",\"@id\":\"https:\/\/territorialchallenges.com\/#website\",\"url\":\"https:\/\/territorialchallenges.com\/\",\"name\":\"Territorial Challenges\",\"description\":\"Veille Internationale - Strat\u00e9gie Intelligentes - Bonnes pratiques\",\"publisher\":{\"@id\":\"https:\/\/territorialchallenges.com\/#organization\"},\"potentialAction\":[{\"@type\":\"SearchAction\",\"target\":{\"@type\":\"EntryPoint\",\"urlTemplate\":\"https:\/\/territorialchallenges.com\/?s={search_term_string}\"},\"query-input\":\"required name=search_term_string\"}],\"inLanguage\":\"it-IT\"},{\"@type\":\"Organization\",\"@id\":\"https:\/\/territorialchallenges.com\/#organization\",\"name\":\"Territorial Challenges\",\"url\":\"https:\/\/territorialchallenges.com\/\",\"logo\":{\"@type\":\"ImageObject\",\"inLanguage\":\"it-IT\",\"@id\":\"https:\/\/territorialchallenges.com\/#\/schema\/logo\/image\/\",\"url\":\"https:\/\/territorialchallenges.com\/wp-content\/uploads\/2023\/10\/logo-1.png\",\"contentUrl\":\"https:\/\/territorialchallenges.com\/wp-content\/uploads\/2023\/10\/logo-1.png\",\"width\":1832,\"height\":576,\"caption\":\"Territorial Challenges\"},\"image\":{\"@id\":\"https:\/\/territorialchallenges.com\/#\/schema\/logo\/image\/\"}},{\"@type\":\"Person\",\"@id\":\"https:\/\/territorialchallenges.com\/#\/schema\/person\/098f145c7c61a021c425e010f840080f\",\"name\":\"ni.abdi\",\"image\":{\"@type\":\"ImageObject\",\"inLanguage\":\"it-IT\",\"@id\":\"https:\/\/territorialchallenges.com\/#\/schema\/person\/image\/\",\"url\":\"https:\/\/secure.gravatar.com\/avatar\/2a2f2491f3c80039986ba989b1e4b510?s=96&d=identicon&r=g\",\"contentUrl\":\"https:\/\/secure.gravatar.com\/avatar\/2a2f2491f3c80039986ba989b1e4b510?s=96&d=identicon&r=g\",\"caption\":\"ni.abdi\"},\"sameAs\":[\"https:\/\/twitter.com\/Ni.abdi\"],\"url\":\"https:\/\/territorialchallenges.com\/it\/author\/ni-abdi\/\"}]}<\/script>\n<!-- \/ Yoast SEO plugin. -->","yoast_head_json":{"title":"Les AES et l'ENISA : un nouveau pacte pour la cybers\u00e9curit\u00e9 en Europe - Territorial Challenges","robots":{"index":"index","follow":"follow","max-snippet":"max-snippet:-1","max-image-preview":"max-image-preview:large","max-video-preview":"max-video-preview:-1"},"canonical":"https:\/\/territorialchallenges.com\/it\/2024\/06\/12\/les-aes-et-lenisa-un-nouveau-pacte-pour-la-cybersecurite-en-europe\/122884\/","og_locale":"it_IT","og_type":"article","og_title":"Les AES et l'ENISA : un nouveau pacte pour la cybers\u00e9curit\u00e9 en Europe - Territorial Challenges","og_description":"Les autorit\u00e9s europ\u00e9ennes de surveillance (ABE, AEAPP et AEMF &#8211; les AES) et l\u2019Agence de l\u2019Union europ\u00e9enne pour la cybers\u00e9curit\u00e9 (ENISA) ont sign\u00e9 un protocole d\u2019accord multilat\u00e9ral pour renforcer leur coop\u00e9ration et l\u2019\u00e9change d\u2019informations. Cette initiative vise \u00e0 consolider la s\u00e9curit\u00e9 informatique \u00e0 travers l\u2019Europe, en alignement avec la directive NIS2 et la loi DORA, [&hellip;]","og_url":"https:\/\/territorialchallenges.com\/it\/2024\/06\/12\/les-aes-et-lenisa-un-nouveau-pacte-pour-la-cybersecurite-en-europe\/122884\/","og_site_name":"Territorial Challenges","article_published_time":"2024-06-12T18:14:14+00:00","article_modified_time":"2024-06-12T18:14:15+00:00","og_image":[{"width":1280,"height":853,"url":"https:\/\/territorialchallenges.com\/wp-content\/uploads\/2024\/06\/territoiresintelligents11.06.24Photo.jpg","type":"image\/jpeg"}],"author":"ni.abdi","twitter_card":"summary_large_image","twitter_creator":"@Ni.abdi","twitter_misc":{"Scritto da":"ni.abdi","Tempo di lettura stimato":"4 minuti"},"schema":{"@context":"https:\/\/schema.org","@graph":[{"@type":"Article","@id":"https:\/\/territorialchallenges.com\/2024\/06\/12\/les-aes-et-lenisa-un-nouveau-pacte-pour-la-cybersecurite-en-europe\/122884\/#article","isPartOf":{"@id":"https:\/\/territorialchallenges.com\/2024\/06\/12\/les-aes-et-lenisa-un-nouveau-pacte-pour-la-cybersecurite-en-europe\/122884\/"},"author":{"name":"ni.abdi","@id":"https:\/\/territorialchallenges.com\/#\/schema\/person\/098f145c7c61a021c425e010f840080f"},"headline":"Les AES et l&rsquo;ENISA : un nouveau pacte pour la cybers\u00e9curit\u00e9 en Europe","datePublished":"2024-06-12T18:14:14+00:00","dateModified":"2024-06-12T18:14:15+00:00","mainEntityOfPage":{"@id":"https:\/\/territorialchallenges.com\/2024\/06\/12\/les-aes-et-lenisa-un-nouveau-pacte-pour-la-cybersecurite-en-europe\/122884\/"},"wordCount":824,"publisher":{"@id":"https:\/\/territorialchallenges.com\/#organization"},"articleSection":["Territoires Intelligents","Actualit\u00e9 Europe"],"inLanguage":"it-IT"},{"@type":"WebPage","@id":"https:\/\/territorialchallenges.com\/2024\/06\/12\/les-aes-et-lenisa-un-nouveau-pacte-pour-la-cybersecurite-en-europe\/122884\/","url":"https:\/\/territorialchallenges.com\/2024\/06\/12\/les-aes-et-lenisa-un-nouveau-pacte-pour-la-cybersecurite-en-europe\/122884\/","name":"Les AES et l'ENISA : un nouveau pacte pour la cybers\u00e9curit\u00e9 en Europe - Territorial Challenges","isPartOf":{"@id":"https:\/\/territorialchallenges.com\/#website"},"datePublished":"2024-06-12T18:14:14+00:00","dateModified":"2024-06-12T18:14:15+00:00","breadcrumb":{"@id":"https:\/\/territorialchallenges.com\/2024\/06\/12\/les-aes-et-lenisa-un-nouveau-pacte-pour-la-cybersecurite-en-europe\/122884\/#breadcrumb"},"inLanguage":"it-IT","potentialAction":[{"@type":"ReadAction","target":["https:\/\/territorialchallenges.com\/2024\/06\/12\/les-aes-et-lenisa-un-nouveau-pacte-pour-la-cybersecurite-en-europe\/122884\/"]}]},{"@type":"BreadcrumbList","@id":"https:\/\/territorialchallenges.com\/2024\/06\/12\/les-aes-et-lenisa-un-nouveau-pacte-pour-la-cybersecurite-en-europe\/122884\/#breadcrumb","itemListElement":[{"@type":"ListItem","position":1,"name":"Home","item":"https:\/\/territorialchallenges.com\/"},{"@type":"ListItem","position":2,"name":"Les AES et l&rsquo;ENISA : un nouveau pacte pour la cybers\u00e9curit\u00e9 en Europe"}]},{"@type":"WebSite","@id":"https:\/\/territorialchallenges.com\/#website","url":"https:\/\/territorialchallenges.com\/","name":"Sfide territoriali","description":"Monitoraggio internazionale - Strategie intelligenti - Migliori pratiche","publisher":{"@id":"https:\/\/territorialchallenges.com\/#organization"},"potentialAction":[{"@type":"SearchAction","target":{"@type":"EntryPoint","urlTemplate":"https:\/\/territorialchallenges.com\/?s={search_term_string}"},"query-input":"required name=search_term_string"}],"inLanguage":"it-IT"},{"@type":"Organization","@id":"https:\/\/territorialchallenges.com\/#organization","name":"Sfide territoriali","url":"https:\/\/territorialchallenges.com\/","logo":{"@type":"ImageObject","inLanguage":"it-IT","@id":"https:\/\/territorialchallenges.com\/#\/schema\/logo\/image\/","url":"https:\/\/territorialchallenges.com\/wp-content\/uploads\/2023\/10\/logo-1.png","contentUrl":"https:\/\/territorialchallenges.com\/wp-content\/uploads\/2023\/10\/logo-1.png","width":1832,"height":576,"caption":"Territorial Challenges"},"image":{"@id":"https:\/\/territorialchallenges.com\/#\/schema\/logo\/image\/"}},{"@type":"Person","@id":"https:\/\/territorialchallenges.com\/#\/schema\/person\/098f145c7c61a021c425e010f840080f","name":"ni.abdi","image":{"@type":"ImageObject","inLanguage":"it-IT","@id":"https:\/\/territorialchallenges.com\/#\/schema\/person\/image\/","url":"https:\/\/secure.gravatar.com\/avatar\/2a2f2491f3c80039986ba989b1e4b510?s=96&d=identicon&r=g","contentUrl":"https:\/\/secure.gravatar.com\/avatar\/2a2f2491f3c80039986ba989b1e4b510?s=96&d=identicon&r=g","caption":"ni.abdi"},"sameAs":["https:\/\/twitter.com\/Ni.abdi"],"url":"https:\/\/territorialchallenges.com\/it\/author\/ni-abdi\/"}]}},"_links":{"self":[{"href":"https:\/\/territorialchallenges.com\/it\/wp-json\/wp\/v2\/posts\/122884"}],"collection":[{"href":"https:\/\/territorialchallenges.com\/it\/wp-json\/wp\/v2\/posts"}],"about":[{"href":"https:\/\/territorialchallenges.com\/it\/wp-json\/wp\/v2\/types\/post"}],"author":[{"embeddable":true,"href":"https:\/\/territorialchallenges.com\/it\/wp-json\/wp\/v2\/users\/11"}],"replies":[{"embeddable":true,"href":"https:\/\/territorialchallenges.com\/it\/wp-json\/wp\/v2\/comments?post=122884"}],"version-history":[{"count":1,"href":"https:\/\/territorialchallenges.com\/it\/wp-json\/wp\/v2\/posts\/122884\/revisions"}],"predecessor-version":[{"id":122886,"href":"https:\/\/territorialchallenges.com\/it\/wp-json\/wp\/v2\/posts\/122884\/revisions\/122886"}],"wp:featuredmedia":[{"embeddable":true,"href":"https:\/\/territorialchallenges.com\/it\/wp-json\/wp\/v2\/media\/122885"}],"wp:attachment":[{"href":"https:\/\/territorialchallenges.com\/it\/wp-json\/wp\/v2\/media?parent=122884"}],"wp:term":[{"taxonomy":"category","embeddable":true,"href":"https:\/\/territorialchallenges.com\/it\/wp-json\/wp\/v2\/categories?post=122884"},{"taxonomy":"post_tag","embeddable":true,"href":"https:\/\/territorialchallenges.com\/it\/wp-json\/wp\/v2\/tags?post=122884"}],"curies":[{"name":"parola chiave","href":"https:\/\/api.w.org\/{rel}","templated":true}]}}