{"id":122601,"date":"2024-04-15T09:41:11","date_gmt":"2024-04-15T07:41:11","guid":{"rendered":"https:\/\/territorialchallenges.com\/?p=122601"},"modified":"2024-04-15T09:41:13","modified_gmt":"2024-04-15T07:41:13","slug":"informatique-education-et-psychologie-de-lenfant-un-regard-critique-sur-lenseignement-assiste-par-ordinateur","status":"publish","type":"post","link":"https:\/\/territorialchallenges.com\/it\/2024\/04\/15\/informatique-education-et-psychologie-de-lenfant-un-regard-critique-sur-lenseignement-assiste-par-ordinateur\/122601\/","title":{"rendered":"Computer, istruzione e psicologia infantile: uno sguardo critico all&#039;istruzione assistita dal computer"},"content":{"rendered":"<p>Nel 1988, Jean-Pierre Dufoyer pubblic\u00f2 &quot;Informatica, Pedagogia e Psicologia Infantile&quot;, un&#039;analisi approfondita dell&#039;introduzione dei computer nell&#039;istruzione francese. Attraverso le sue pagine, svela le sfide, gli errori e le speranze associati a questa rivoluzione educativa. La spettacolare introduzione dei computer nel sistema educativo francese alla fine degli anni &#039;80... <\/p>\n<div class=\"pmpro_content_message\">Articolo disponibile solo per gli abbonati.<br \/><a href=\"https:\/\/territorialchallenges.com\/wp-login.php\">Login<\/a><br \/><a href=\"https:\/\/territorialchallenges.com\/it\/wp-login.php\/?action=register\">Registro<\/a><\/div>","protected":false},"excerpt":{"rendered":"<p>En 1988, Jean-Pierre Dufoyer publiait \u00ab\u00a0Informatique, \u00e9ducation et psychologie de l&rsquo;enfant\u00a0\u00bb, une analyse perspicace de l&rsquo;introduction de l&rsquo;informatique dans l&rsquo;enseignement fran\u00e7ais. \u00c0 travers ses pages, il d\u00e9voile les d\u00e9fis, les erreurs et les espoirs li\u00e9s \u00e0 cette r\u00e9volution \u00e9ducative. L&rsquo;introduction fracassante de l&rsquo;informatique dans le syst\u00e8me \u00e9ducatif fran\u00e7ais \u00e0 la fin des ann\u00e9es 80 a... <\/p>\n<div class=\"pmpro_content_message\">Articolo disponibile solo per gli abbonati.<br \/><a href=\"https:\/\/territorialchallenges.com\/wp-login.php\">Login<\/a><br \/><a href=\"https:\/\/territorialchallenges.com\/it\/wp-login.php\/?action=register\">Registro<\/a><\/div>","protected":false},"author":11,"featured_media":122602,"comment_status":"closed","ping_status":"closed","sticky":true,"template":"","format":"standard","meta":{"pmpro_default_level":0,"footnotes":""},"categories":[121],"tags":[],"blocksy_meta":"","yoast_head":"<!-- This site is optimized with the Yoast SEO plugin v21.5 - https:\/\/yoast.com\/wordpress\/plugins\/seo\/ -->\n<title>Informatique, \u00e9ducation et psychologie de l&#039;enfant : Un regard critique sur l&#039;enseignement assist\u00e9 par ordinateur - Territorial Challenges<\/title>\n<meta name=\"robots\" content=\"index, follow, max-snippet:-1, max-image-preview:large, max-video-preview:-1\" \/>\n<link rel=\"canonical\" href=\"https:\/\/territorialchallenges.com\/it\/2024\/04\/15\/informatique-education-et-psychologie-de-lenfant-un-regard-critique-sur-lenseignement-assiste-par-ordinateur\/122601\/\" \/>\n<meta property=\"og:locale\" content=\"it_IT\" \/>\n<meta property=\"og:type\" content=\"article\" \/>\n<meta property=\"og:title\" content=\"Informatique, \u00e9ducation et psychologie de l&#039;enfant : Un regard critique sur l&#039;enseignement assist\u00e9 par ordinateur - Territorial Challenges\" \/>\n<meta property=\"og:description\" content=\"En 1988, Jean-Pierre Dufoyer publiait \u00ab\u00a0Informatique, \u00e9ducation et psychologie de l&rsquo;enfant\u00a0\u00bb, une analyse perspicace de l&rsquo;introduction de l&rsquo;informatique dans l&rsquo;enseignement fran\u00e7ais. \u00c0 travers ses pages, il d\u00e9voile les d\u00e9fis, les erreurs et les espoirs li\u00e9s \u00e0 cette r\u00e9volution \u00e9ducative. L&rsquo;introduction fracassante de l&rsquo;informatique dans le syst\u00e8me \u00e9ducatif fran\u00e7ais \u00e0 la fin des ann\u00e9es 80 a [&hellip;]\" \/>\n<meta property=\"og:url\" content=\"https:\/\/territorialchallenges.com\/it\/2024\/04\/15\/informatique-education-et-psychologie-de-lenfant-un-regard-critique-sur-lenseignement-assiste-par-ordinateur\/122601\/\" \/>\n<meta property=\"og:site_name\" content=\"Territorial Challenges\" \/>\n<meta property=\"article:published_time\" content=\"2024-04-15T07:41:11+00:00\" \/>\n<meta property=\"article:modified_time\" content=\"2024-04-15T07:41:13+00:00\" \/>\n<meta property=\"og:image\" content=\"https:\/\/territorialchallenges.com\/wp-content\/uploads\/2024\/04\/MemoireInformatique_education_et_psychologie.jpeg\" \/>\n\t<meta property=\"og:image:width\" content=\"928\" \/>\n\t<meta property=\"og:image:height\" content=\"1566\" \/>\n\t<meta property=\"og:image:type\" content=\"image\/jpeg\" \/>\n<meta name=\"author\" content=\"ni.abdi\" \/>\n<meta name=\"twitter:card\" content=\"summary_large_image\" \/>\n<meta name=\"twitter:creator\" content=\"@Ni.abdi\" \/>\n<meta name=\"twitter:label1\" content=\"Scritto da\" \/>\n\t<meta name=\"twitter:data1\" content=\"ni.abdi\" \/>\n\t<meta name=\"twitter:label2\" content=\"Tempo di lettura stimato\" \/>\n\t<meta name=\"twitter:data2\" content=\"3 minuti\" \/>\n<script type=\"application\/ld+json\" class=\"yoast-schema-graph\">{\"@context\":\"https:\/\/schema.org\",\"@graph\":[{\"@type\":\"Article\",\"@id\":\"https:\/\/territorialchallenges.com\/2024\/04\/15\/informatique-education-et-psychologie-de-lenfant-un-regard-critique-sur-lenseignement-assiste-par-ordinateur\/122601\/#article\",\"isPartOf\":{\"@id\":\"https:\/\/territorialchallenges.com\/2024\/04\/15\/informatique-education-et-psychologie-de-lenfant-un-regard-critique-sur-lenseignement-assiste-par-ordinateur\/122601\/\"},\"author\":{\"name\":\"ni.abdi\",\"@id\":\"https:\/\/territorialchallenges.com\/#\/schema\/person\/098f145c7c61a021c425e010f840080f\"},\"headline\":\"Informatique, \u00e9ducation et psychologie de l&rsquo;enfant : Un regard critique sur l&rsquo;enseignement assist\u00e9 par ordinateur\",\"datePublished\":\"2024-04-15T07:41:11+00:00\",\"dateModified\":\"2024-04-15T07:41:13+00:00\",\"mainEntityOfPage\":{\"@id\":\"https:\/\/territorialchallenges.com\/2024\/04\/15\/informatique-education-et-psychologie-de-lenfant-un-regard-critique-sur-lenseignement-assiste-par-ordinateur\/122601\/\"},\"wordCount\":476,\"publisher\":{\"@id\":\"https:\/\/territorialchallenges.com\/#organization\"},\"articleSection\":[\"M\u00e9moire\"],\"inLanguage\":\"it-IT\"},{\"@type\":\"WebPage\",\"@id\":\"https:\/\/territorialchallenges.com\/2024\/04\/15\/informatique-education-et-psychologie-de-lenfant-un-regard-critique-sur-lenseignement-assiste-par-ordinateur\/122601\/\",\"url\":\"https:\/\/territorialchallenges.com\/2024\/04\/15\/informatique-education-et-psychologie-de-lenfant-un-regard-critique-sur-lenseignement-assiste-par-ordinateur\/122601\/\",\"name\":\"Informatique, \u00e9ducation et psychologie de l'enfant : Un regard critique sur l'enseignement assist\u00e9 par ordinateur - Territorial Challenges\",\"isPartOf\":{\"@id\":\"https:\/\/territorialchallenges.com\/#website\"},\"datePublished\":\"2024-04-15T07:41:11+00:00\",\"dateModified\":\"2024-04-15T07:41:13+00:00\",\"breadcrumb\":{\"@id\":\"https:\/\/territorialchallenges.com\/2024\/04\/15\/informatique-education-et-psychologie-de-lenfant-un-regard-critique-sur-lenseignement-assiste-par-ordinateur\/122601\/#breadcrumb\"},\"inLanguage\":\"it-IT\",\"potentialAction\":[{\"@type\":\"ReadAction\",\"target\":[\"https:\/\/territorialchallenges.com\/2024\/04\/15\/informatique-education-et-psychologie-de-lenfant-un-regard-critique-sur-lenseignement-assiste-par-ordinateur\/122601\/\"]}]},{\"@type\":\"BreadcrumbList\",\"@id\":\"https:\/\/territorialchallenges.com\/2024\/04\/15\/informatique-education-et-psychologie-de-lenfant-un-regard-critique-sur-lenseignement-assiste-par-ordinateur\/122601\/#breadcrumb\",\"itemListElement\":[{\"@type\":\"ListItem\",\"position\":1,\"name\":\"Home\",\"item\":\"https:\/\/territorialchallenges.com\/\"},{\"@type\":\"ListItem\",\"position\":2,\"name\":\"Informatique, \u00e9ducation et psychologie de l&rsquo;enfant : Un regard critique sur l&rsquo;enseignement assist\u00e9 par ordinateur\"}]},{\"@type\":\"WebSite\",\"@id\":\"https:\/\/territorialchallenges.com\/#website\",\"url\":\"https:\/\/territorialchallenges.com\/\",\"name\":\"Territorial Challenges\",\"description\":\"Veille Internationale - Strat\u00e9gie Intelligentes - Bonnes pratiques\",\"publisher\":{\"@id\":\"https:\/\/territorialchallenges.com\/#organization\"},\"potentialAction\":[{\"@type\":\"SearchAction\",\"target\":{\"@type\":\"EntryPoint\",\"urlTemplate\":\"https:\/\/territorialchallenges.com\/?s={search_term_string}\"},\"query-input\":\"required name=search_term_string\"}],\"inLanguage\":\"it-IT\"},{\"@type\":\"Organization\",\"@id\":\"https:\/\/territorialchallenges.com\/#organization\",\"name\":\"Territorial Challenges\",\"url\":\"https:\/\/territorialchallenges.com\/\",\"logo\":{\"@type\":\"ImageObject\",\"inLanguage\":\"it-IT\",\"@id\":\"https:\/\/territorialchallenges.com\/#\/schema\/logo\/image\/\",\"url\":\"https:\/\/territorialchallenges.com\/wp-content\/uploads\/2023\/10\/logo-1.png\",\"contentUrl\":\"https:\/\/territorialchallenges.com\/wp-content\/uploads\/2023\/10\/logo-1.png\",\"width\":1832,\"height\":576,\"caption\":\"Territorial Challenges\"},\"image\":{\"@id\":\"https:\/\/territorialchallenges.com\/#\/schema\/logo\/image\/\"}},{\"@type\":\"Person\",\"@id\":\"https:\/\/territorialchallenges.com\/#\/schema\/person\/098f145c7c61a021c425e010f840080f\",\"name\":\"ni.abdi\",\"image\":{\"@type\":\"ImageObject\",\"inLanguage\":\"it-IT\",\"@id\":\"https:\/\/territorialchallenges.com\/#\/schema\/person\/image\/\",\"url\":\"https:\/\/secure.gravatar.com\/avatar\/2a2f2491f3c80039986ba989b1e4b510?s=96&d=identicon&r=g\",\"contentUrl\":\"https:\/\/secure.gravatar.com\/avatar\/2a2f2491f3c80039986ba989b1e4b510?s=96&d=identicon&r=g\",\"caption\":\"ni.abdi\"},\"sameAs\":[\"https:\/\/twitter.com\/Ni.abdi\"],\"url\":\"https:\/\/territorialchallenges.com\/it\/author\/ni-abdi\/\"}]}<\/script>\n<!-- \/ Yoast SEO plugin. -->","yoast_head_json":{"title":"Informatique, \u00e9ducation et psychologie de l'enfant : Un regard critique sur l'enseignement assist\u00e9 par ordinateur - Territorial Challenges","robots":{"index":"index","follow":"follow","max-snippet":"max-snippet:-1","max-image-preview":"max-image-preview:large","max-video-preview":"max-video-preview:-1"},"canonical":"https:\/\/territorialchallenges.com\/it\/2024\/04\/15\/informatique-education-et-psychologie-de-lenfant-un-regard-critique-sur-lenseignement-assiste-par-ordinateur\/122601\/","og_locale":"it_IT","og_type":"article","og_title":"Informatique, \u00e9ducation et psychologie de l'enfant : Un regard critique sur l'enseignement assist\u00e9 par ordinateur - Territorial Challenges","og_description":"En 1988, Jean-Pierre Dufoyer publiait \u00ab\u00a0Informatique, \u00e9ducation et psychologie de l&rsquo;enfant\u00a0\u00bb, une analyse perspicace de l&rsquo;introduction de l&rsquo;informatique dans l&rsquo;enseignement fran\u00e7ais. \u00c0 travers ses pages, il d\u00e9voile les d\u00e9fis, les erreurs et les espoirs li\u00e9s \u00e0 cette r\u00e9volution \u00e9ducative. L&rsquo;introduction fracassante de l&rsquo;informatique dans le syst\u00e8me \u00e9ducatif fran\u00e7ais \u00e0 la fin des ann\u00e9es 80 a [&hellip;]","og_url":"https:\/\/territorialchallenges.com\/it\/2024\/04\/15\/informatique-education-et-psychologie-de-lenfant-un-regard-critique-sur-lenseignement-assiste-par-ordinateur\/122601\/","og_site_name":"Territorial Challenges","article_published_time":"2024-04-15T07:41:11+00:00","article_modified_time":"2024-04-15T07:41:13+00:00","og_image":[{"width":928,"height":1566,"url":"https:\/\/territorialchallenges.com\/wp-content\/uploads\/2024\/04\/MemoireInformatique_education_et_psychologie.jpeg","type":"image\/jpeg"}],"author":"ni.abdi","twitter_card":"summary_large_image","twitter_creator":"@Ni.abdi","twitter_misc":{"Scritto da":"ni.abdi","Tempo di lettura stimato":"3 minuti"},"schema":{"@context":"https:\/\/schema.org","@graph":[{"@type":"Article","@id":"https:\/\/territorialchallenges.com\/2024\/04\/15\/informatique-education-et-psychologie-de-lenfant-un-regard-critique-sur-lenseignement-assiste-par-ordinateur\/122601\/#article","isPartOf":{"@id":"https:\/\/territorialchallenges.com\/2024\/04\/15\/informatique-education-et-psychologie-de-lenfant-un-regard-critique-sur-lenseignement-assiste-par-ordinateur\/122601\/"},"author":{"name":"ni.abdi","@id":"https:\/\/territorialchallenges.com\/#\/schema\/person\/098f145c7c61a021c425e010f840080f"},"headline":"Informatique, \u00e9ducation et psychologie de l&rsquo;enfant : Un regard critique sur l&rsquo;enseignement assist\u00e9 par ordinateur","datePublished":"2024-04-15T07:41:11+00:00","dateModified":"2024-04-15T07:41:13+00:00","mainEntityOfPage":{"@id":"https:\/\/territorialchallenges.com\/2024\/04\/15\/informatique-education-et-psychologie-de-lenfant-un-regard-critique-sur-lenseignement-assiste-par-ordinateur\/122601\/"},"wordCount":476,"publisher":{"@id":"https:\/\/territorialchallenges.com\/#organization"},"articleSection":["M\u00e9moire"],"inLanguage":"it-IT"},{"@type":"WebPage","@id":"https:\/\/territorialchallenges.com\/2024\/04\/15\/informatique-education-et-psychologie-de-lenfant-un-regard-critique-sur-lenseignement-assiste-par-ordinateur\/122601\/","url":"https:\/\/territorialchallenges.com\/2024\/04\/15\/informatique-education-et-psychologie-de-lenfant-un-regard-critique-sur-lenseignement-assiste-par-ordinateur\/122601\/","name":"Informatique, \u00e9ducation et psychologie de l'enfant : Un regard critique sur l'enseignement assist\u00e9 par ordinateur - Territorial Challenges","isPartOf":{"@id":"https:\/\/territorialchallenges.com\/#website"},"datePublished":"2024-04-15T07:41:11+00:00","dateModified":"2024-04-15T07:41:13+00:00","breadcrumb":{"@id":"https:\/\/territorialchallenges.com\/2024\/04\/15\/informatique-education-et-psychologie-de-lenfant-un-regard-critique-sur-lenseignement-assiste-par-ordinateur\/122601\/#breadcrumb"},"inLanguage":"it-IT","potentialAction":[{"@type":"ReadAction","target":["https:\/\/territorialchallenges.com\/2024\/04\/15\/informatique-education-et-psychologie-de-lenfant-un-regard-critique-sur-lenseignement-assiste-par-ordinateur\/122601\/"]}]},{"@type":"BreadcrumbList","@id":"https:\/\/territorialchallenges.com\/2024\/04\/15\/informatique-education-et-psychologie-de-lenfant-un-regard-critique-sur-lenseignement-assiste-par-ordinateur\/122601\/#breadcrumb","itemListElement":[{"@type":"ListItem","position":1,"name":"Home","item":"https:\/\/territorialchallenges.com\/"},{"@type":"ListItem","position":2,"name":"Informatique, \u00e9ducation et psychologie de l&rsquo;enfant : Un regard critique sur l&rsquo;enseignement assist\u00e9 par ordinateur"}]},{"@type":"WebSite","@id":"https:\/\/territorialchallenges.com\/#website","url":"https:\/\/territorialchallenges.com\/","name":"Sfide territoriali","description":"Monitoraggio internazionale - Strategie intelligenti - Migliori pratiche","publisher":{"@id":"https:\/\/territorialchallenges.com\/#organization"},"potentialAction":[{"@type":"SearchAction","target":{"@type":"EntryPoint","urlTemplate":"https:\/\/territorialchallenges.com\/?s={search_term_string}"},"query-input":"required name=search_term_string"}],"inLanguage":"it-IT"},{"@type":"Organization","@id":"https:\/\/territorialchallenges.com\/#organization","name":"Sfide territoriali","url":"https:\/\/territorialchallenges.com\/","logo":{"@type":"ImageObject","inLanguage":"it-IT","@id":"https:\/\/territorialchallenges.com\/#\/schema\/logo\/image\/","url":"https:\/\/territorialchallenges.com\/wp-content\/uploads\/2023\/10\/logo-1.png","contentUrl":"https:\/\/territorialchallenges.com\/wp-content\/uploads\/2023\/10\/logo-1.png","width":1832,"height":576,"caption":"Territorial Challenges"},"image":{"@id":"https:\/\/territorialchallenges.com\/#\/schema\/logo\/image\/"}},{"@type":"Person","@id":"https:\/\/territorialchallenges.com\/#\/schema\/person\/098f145c7c61a021c425e010f840080f","name":"ni.abdi","image":{"@type":"ImageObject","inLanguage":"it-IT","@id":"https:\/\/territorialchallenges.com\/#\/schema\/person\/image\/","url":"https:\/\/secure.gravatar.com\/avatar\/2a2f2491f3c80039986ba989b1e4b510?s=96&d=identicon&r=g","contentUrl":"https:\/\/secure.gravatar.com\/avatar\/2a2f2491f3c80039986ba989b1e4b510?s=96&d=identicon&r=g","caption":"ni.abdi"},"sameAs":["https:\/\/twitter.com\/Ni.abdi"],"url":"https:\/\/territorialchallenges.com\/it\/author\/ni-abdi\/"}]}},"_links":{"self":[{"href":"https:\/\/territorialchallenges.com\/it\/wp-json\/wp\/v2\/posts\/122601"}],"collection":[{"href":"https:\/\/territorialchallenges.com\/it\/wp-json\/wp\/v2\/posts"}],"about":[{"href":"https:\/\/territorialchallenges.com\/it\/wp-json\/wp\/v2\/types\/post"}],"author":[{"embeddable":true,"href":"https:\/\/territorialchallenges.com\/it\/wp-json\/wp\/v2\/users\/11"}],"replies":[{"embeddable":true,"href":"https:\/\/territorialchallenges.com\/it\/wp-json\/wp\/v2\/comments?post=122601"}],"version-history":[{"count":1,"href":"https:\/\/territorialchallenges.com\/it\/wp-json\/wp\/v2\/posts\/122601\/revisions"}],"predecessor-version":[{"id":122603,"href":"https:\/\/territorialchallenges.com\/it\/wp-json\/wp\/v2\/posts\/122601\/revisions\/122603"}],"wp:featuredmedia":[{"embeddable":true,"href":"https:\/\/territorialchallenges.com\/it\/wp-json\/wp\/v2\/media\/122602"}],"wp:attachment":[{"href":"https:\/\/territorialchallenges.com\/it\/wp-json\/wp\/v2\/media?parent=122601"}],"wp:term":[{"taxonomy":"category","embeddable":true,"href":"https:\/\/territorialchallenges.com\/it\/wp-json\/wp\/v2\/categories?post=122601"},{"taxonomy":"post_tag","embeddable":true,"href":"https:\/\/territorialchallenges.com\/it\/wp-json\/wp\/v2\/tags?post=122601"}],"curies":[{"name":"parola chiave","href":"https:\/\/api.w.org\/{rel}","templated":true}]}}