{"id":122504,"date":"2024-03-25T19:30:34","date_gmt":"2024-03-25T18:30:34","guid":{"rendered":"https:\/\/territorialchallenges.com\/?p=122504"},"modified":"2024-03-25T19:30:35","modified_gmt":"2024-03-25T18:30:35","slug":"kim-van-sparrentak-la-voix-verte-de-leurope-dans-la-bataille-contre-les-big-tech","status":"publish","type":"post","link":"https:\/\/territorialchallenges.com\/it\/2024\/03\/25\/kim-van-sparrentak-la-voix-verte-de-leurope-dans-la-bataille-contre-les-big-tech\/122504\/","title":{"rendered":"Kim van Sparrentak: la voce verde dell&#039;Europa nella battaglia contro le Big Tech"},"content":{"rendered":"<p>Determinata e impegnata, Kim van Sparrentak incarna una nuova generazione di politici europei pronti a sfidare il potere dei giganti della tecnologia. La sua carriera, segnata da un impegno precoce per l&#039;ambiente e da una rapida ascesa nel mondo della politica, la pone in prima linea nella lotta per la regolamentazione... <\/p>\n<div class=\"pmpro_content_message\">Articolo disponibile solo per gli abbonati.<br \/><a href=\"https:\/\/territorialchallenges.com\/wp-login.php\">Login<\/a><br \/><a href=\"https:\/\/territorialchallenges.com\/it\/wp-login.php\/?action=register\">Registro<\/a><\/div>","protected":false},"excerpt":{"rendered":"<p>D\u00e9termin\u00e9e et engag\u00e9e, Kim van Sparrentak incarne une nouvelle g\u00e9n\u00e9ration de politiciens europ\u00e9ens pr\u00eats \u00e0 d\u00e9fier le pouvoir des g\u00e9ants de la technologie. Son parcours, marqu\u00e9 par un engagement pr\u00e9coce en faveur de l&rsquo;environnement et une ascension rapide dans le monde de la politique, la place au premier plan de la lutte pour une r\u00e9gulation... <\/p>\n<div class=\"pmpro_content_message\">Articolo disponibile solo per gli abbonati.<br \/><a href=\"https:\/\/territorialchallenges.com\/wp-login.php\">Login<\/a><br \/><a href=\"https:\/\/territorialchallenges.com\/it\/wp-login.php\/?action=register\">Registro<\/a><\/div>","protected":false},"author":11,"featured_media":122505,"comment_status":"closed","ping_status":"closed","sticky":true,"template":"","format":"standard","meta":{"pmpro_default_level":0,"footnotes":""},"categories":[126,117],"tags":[],"blocksy_meta":"","yoast_head":"<!-- This site is optimized with the Yoast SEO plugin v21.5 - https:\/\/yoast.com\/wordpress\/plugins\/seo\/ -->\n<title>Kim van Sparrentak : la voix verte de l&#039;Europe dans la bataille contre les Big Tech - Territorial Challenges<\/title>\n<meta name=\"robots\" content=\"index, follow, max-snippet:-1, max-image-preview:large, max-video-preview:-1\" \/>\n<link rel=\"canonical\" href=\"https:\/\/territorialchallenges.com\/it\/2024\/03\/25\/kim-van-sparrentak-la-voix-verte-de-leurope-dans-la-bataille-contre-les-big-tech\/122504\/\" \/>\n<meta property=\"og:locale\" content=\"it_IT\" \/>\n<meta property=\"og:type\" content=\"article\" \/>\n<meta property=\"og:title\" content=\"Kim van Sparrentak : la voix verte de l&#039;Europe dans la bataille contre les Big Tech - Territorial Challenges\" \/>\n<meta property=\"og:description\" content=\"D\u00e9termin\u00e9e et engag\u00e9e, Kim van Sparrentak incarne une nouvelle g\u00e9n\u00e9ration de politiciens europ\u00e9ens pr\u00eats \u00e0 d\u00e9fier le pouvoir des g\u00e9ants de la technologie. Son parcours, marqu\u00e9 par un engagement pr\u00e9coce en faveur de l&rsquo;environnement et une ascension rapide dans le monde de la politique, la place au premier plan de la lutte pour une r\u00e9gulation [&hellip;]\" \/>\n<meta property=\"og:url\" content=\"https:\/\/territorialchallenges.com\/it\/2024\/03\/25\/kim-van-sparrentak-la-voix-verte-de-leurope-dans-la-bataille-contre-les-big-tech\/122504\/\" \/>\n<meta property=\"og:site_name\" content=\"Territorial Challenges\" \/>\n<meta property=\"article:published_time\" content=\"2024-03-25T18:30:34+00:00\" \/>\n<meta property=\"article:modified_time\" content=\"2024-03-25T18:30:35+00:00\" \/>\n<meta property=\"og:image\" content=\"https:\/\/territorialchallenges.com\/wp-content\/uploads\/2024\/03\/kim_van_sparrentakOnparledeuxPhoto.jpg\" \/>\n\t<meta property=\"og:image:width\" content=\"280\" \/>\n\t<meta property=\"og:image:height\" content=\"280\" \/>\n\t<meta property=\"og:image:type\" content=\"image\/jpeg\" \/>\n<meta name=\"author\" content=\"ni.abdi\" \/>\n<meta name=\"twitter:card\" content=\"summary_large_image\" \/>\n<meta name=\"twitter:creator\" content=\"@Ni.abdi\" \/>\n<meta name=\"twitter:label1\" content=\"Scritto da\" \/>\n\t<meta name=\"twitter:data1\" content=\"ni.abdi\" \/>\n\t<meta name=\"twitter:label2\" content=\"Tempo di lettura stimato\" \/>\n\t<meta name=\"twitter:data2\" content=\"3 minuti\" \/>\n<script type=\"application\/ld+json\" class=\"yoast-schema-graph\">{\"@context\":\"https:\/\/schema.org\",\"@graph\":[{\"@type\":\"Article\",\"@id\":\"https:\/\/territorialchallenges.com\/2024\/03\/25\/kim-van-sparrentak-la-voix-verte-de-leurope-dans-la-bataille-contre-les-big-tech\/122504\/#article\",\"isPartOf\":{\"@id\":\"https:\/\/territorialchallenges.com\/2024\/03\/25\/kim-van-sparrentak-la-voix-verte-de-leurope-dans-la-bataille-contre-les-big-tech\/122504\/\"},\"author\":{\"name\":\"ni.abdi\",\"@id\":\"https:\/\/territorialchallenges.com\/#\/schema\/person\/098f145c7c61a021c425e010f840080f\"},\"headline\":\"Kim van Sparrentak : la voix verte de l&rsquo;Europe dans la bataille contre les Big Tech\",\"datePublished\":\"2024-03-25T18:30:34+00:00\",\"dateModified\":\"2024-03-25T18:30:35+00:00\",\"mainEntityOfPage\":{\"@id\":\"https:\/\/territorialchallenges.com\/2024\/03\/25\/kim-van-sparrentak-la-voix-verte-de-leurope-dans-la-bataille-contre-les-big-tech\/122504\/\"},\"wordCount\":596,\"publisher\":{\"@id\":\"https:\/\/territorialchallenges.com\/#organization\"},\"articleSection\":[\"On parle d'eux\",\"\u00c9cosyst\u00e8me\"],\"inLanguage\":\"it-IT\"},{\"@type\":\"WebPage\",\"@id\":\"https:\/\/territorialchallenges.com\/2024\/03\/25\/kim-van-sparrentak-la-voix-verte-de-leurope-dans-la-bataille-contre-les-big-tech\/122504\/\",\"url\":\"https:\/\/territorialchallenges.com\/2024\/03\/25\/kim-van-sparrentak-la-voix-verte-de-leurope-dans-la-bataille-contre-les-big-tech\/122504\/\",\"name\":\"Kim van Sparrentak : la voix verte de l'Europe dans la bataille contre les Big Tech - Territorial Challenges\",\"isPartOf\":{\"@id\":\"https:\/\/territorialchallenges.com\/#website\"},\"datePublished\":\"2024-03-25T18:30:34+00:00\",\"dateModified\":\"2024-03-25T18:30:35+00:00\",\"breadcrumb\":{\"@id\":\"https:\/\/territorialchallenges.com\/2024\/03\/25\/kim-van-sparrentak-la-voix-verte-de-leurope-dans-la-bataille-contre-les-big-tech\/122504\/#breadcrumb\"},\"inLanguage\":\"it-IT\",\"potentialAction\":[{\"@type\":\"ReadAction\",\"target\":[\"https:\/\/territorialchallenges.com\/2024\/03\/25\/kim-van-sparrentak-la-voix-verte-de-leurope-dans-la-bataille-contre-les-big-tech\/122504\/\"]}]},{\"@type\":\"BreadcrumbList\",\"@id\":\"https:\/\/territorialchallenges.com\/2024\/03\/25\/kim-van-sparrentak-la-voix-verte-de-leurope-dans-la-bataille-contre-les-big-tech\/122504\/#breadcrumb\",\"itemListElement\":[{\"@type\":\"ListItem\",\"position\":1,\"name\":\"Home\",\"item\":\"https:\/\/territorialchallenges.com\/\"},{\"@type\":\"ListItem\",\"position\":2,\"name\":\"Kim van Sparrentak : la voix verte de l&rsquo;Europe dans la bataille contre les Big Tech\"}]},{\"@type\":\"WebSite\",\"@id\":\"https:\/\/territorialchallenges.com\/#website\",\"url\":\"https:\/\/territorialchallenges.com\/\",\"name\":\"Territorial Challenges\",\"description\":\"Veille Internationale - Strat\u00e9gie Intelligentes - Bonnes pratiques\",\"publisher\":{\"@id\":\"https:\/\/territorialchallenges.com\/#organization\"},\"potentialAction\":[{\"@type\":\"SearchAction\",\"target\":{\"@type\":\"EntryPoint\",\"urlTemplate\":\"https:\/\/territorialchallenges.com\/?s={search_term_string}\"},\"query-input\":\"required name=search_term_string\"}],\"inLanguage\":\"it-IT\"},{\"@type\":\"Organization\",\"@id\":\"https:\/\/territorialchallenges.com\/#organization\",\"name\":\"Territorial Challenges\",\"url\":\"https:\/\/territorialchallenges.com\/\",\"logo\":{\"@type\":\"ImageObject\",\"inLanguage\":\"it-IT\",\"@id\":\"https:\/\/territorialchallenges.com\/#\/schema\/logo\/image\/\",\"url\":\"https:\/\/territorialchallenges.com\/wp-content\/uploads\/2023\/10\/logo-1.png\",\"contentUrl\":\"https:\/\/territorialchallenges.com\/wp-content\/uploads\/2023\/10\/logo-1.png\",\"width\":1832,\"height\":576,\"caption\":\"Territorial Challenges\"},\"image\":{\"@id\":\"https:\/\/territorialchallenges.com\/#\/schema\/logo\/image\/\"}},{\"@type\":\"Person\",\"@id\":\"https:\/\/territorialchallenges.com\/#\/schema\/person\/098f145c7c61a021c425e010f840080f\",\"name\":\"ni.abdi\",\"image\":{\"@type\":\"ImageObject\",\"inLanguage\":\"it-IT\",\"@id\":\"https:\/\/territorialchallenges.com\/#\/schema\/person\/image\/\",\"url\":\"https:\/\/secure.gravatar.com\/avatar\/2a2f2491f3c80039986ba989b1e4b510?s=96&d=identicon&r=g\",\"contentUrl\":\"https:\/\/secure.gravatar.com\/avatar\/2a2f2491f3c80039986ba989b1e4b510?s=96&d=identicon&r=g\",\"caption\":\"ni.abdi\"},\"sameAs\":[\"https:\/\/twitter.com\/Ni.abdi\"],\"url\":\"https:\/\/territorialchallenges.com\/it\/author\/ni-abdi\/\"}]}<\/script>\n<!-- \/ Yoast SEO plugin. -->","yoast_head_json":{"title":"Kim van Sparrentak : la voix verte de l'Europe dans la bataille contre les Big Tech - Territorial Challenges","robots":{"index":"index","follow":"follow","max-snippet":"max-snippet:-1","max-image-preview":"max-image-preview:large","max-video-preview":"max-video-preview:-1"},"canonical":"https:\/\/territorialchallenges.com\/it\/2024\/03\/25\/kim-van-sparrentak-la-voix-verte-de-leurope-dans-la-bataille-contre-les-big-tech\/122504\/","og_locale":"it_IT","og_type":"article","og_title":"Kim van Sparrentak : la voix verte de l'Europe dans la bataille contre les Big Tech - Territorial Challenges","og_description":"D\u00e9termin\u00e9e et engag\u00e9e, Kim van Sparrentak incarne une nouvelle g\u00e9n\u00e9ration de politiciens europ\u00e9ens pr\u00eats \u00e0 d\u00e9fier le pouvoir des g\u00e9ants de la technologie. Son parcours, marqu\u00e9 par un engagement pr\u00e9coce en faveur de l&rsquo;environnement et une ascension rapide dans le monde de la politique, la place au premier plan de la lutte pour une r\u00e9gulation [&hellip;]","og_url":"https:\/\/territorialchallenges.com\/it\/2024\/03\/25\/kim-van-sparrentak-la-voix-verte-de-leurope-dans-la-bataille-contre-les-big-tech\/122504\/","og_site_name":"Territorial Challenges","article_published_time":"2024-03-25T18:30:34+00:00","article_modified_time":"2024-03-25T18:30:35+00:00","og_image":[{"width":280,"height":280,"url":"https:\/\/territorialchallenges.com\/wp-content\/uploads\/2024\/03\/kim_van_sparrentakOnparledeuxPhoto.jpg","type":"image\/jpeg"}],"author":"ni.abdi","twitter_card":"summary_large_image","twitter_creator":"@Ni.abdi","twitter_misc":{"Scritto da":"ni.abdi","Tempo di lettura stimato":"3 minuti"},"schema":{"@context":"https:\/\/schema.org","@graph":[{"@type":"Article","@id":"https:\/\/territorialchallenges.com\/2024\/03\/25\/kim-van-sparrentak-la-voix-verte-de-leurope-dans-la-bataille-contre-les-big-tech\/122504\/#article","isPartOf":{"@id":"https:\/\/territorialchallenges.com\/2024\/03\/25\/kim-van-sparrentak-la-voix-verte-de-leurope-dans-la-bataille-contre-les-big-tech\/122504\/"},"author":{"name":"ni.abdi","@id":"https:\/\/territorialchallenges.com\/#\/schema\/person\/098f145c7c61a021c425e010f840080f"},"headline":"Kim van Sparrentak : la voix verte de l&rsquo;Europe dans la bataille contre les Big Tech","datePublished":"2024-03-25T18:30:34+00:00","dateModified":"2024-03-25T18:30:35+00:00","mainEntityOfPage":{"@id":"https:\/\/territorialchallenges.com\/2024\/03\/25\/kim-van-sparrentak-la-voix-verte-de-leurope-dans-la-bataille-contre-les-big-tech\/122504\/"},"wordCount":596,"publisher":{"@id":"https:\/\/territorialchallenges.com\/#organization"},"articleSection":["On parle d'eux","\u00c9cosyst\u00e8me"],"inLanguage":"it-IT"},{"@type":"WebPage","@id":"https:\/\/territorialchallenges.com\/2024\/03\/25\/kim-van-sparrentak-la-voix-verte-de-leurope-dans-la-bataille-contre-les-big-tech\/122504\/","url":"https:\/\/territorialchallenges.com\/2024\/03\/25\/kim-van-sparrentak-la-voix-verte-de-leurope-dans-la-bataille-contre-les-big-tech\/122504\/","name":"Kim van Sparrentak : la voix verte de l'Europe dans la bataille contre les Big Tech - Territorial Challenges","isPartOf":{"@id":"https:\/\/territorialchallenges.com\/#website"},"datePublished":"2024-03-25T18:30:34+00:00","dateModified":"2024-03-25T18:30:35+00:00","breadcrumb":{"@id":"https:\/\/territorialchallenges.com\/2024\/03\/25\/kim-van-sparrentak-la-voix-verte-de-leurope-dans-la-bataille-contre-les-big-tech\/122504\/#breadcrumb"},"inLanguage":"it-IT","potentialAction":[{"@type":"ReadAction","target":["https:\/\/territorialchallenges.com\/2024\/03\/25\/kim-van-sparrentak-la-voix-verte-de-leurope-dans-la-bataille-contre-les-big-tech\/122504\/"]}]},{"@type":"BreadcrumbList","@id":"https:\/\/territorialchallenges.com\/2024\/03\/25\/kim-van-sparrentak-la-voix-verte-de-leurope-dans-la-bataille-contre-les-big-tech\/122504\/#breadcrumb","itemListElement":[{"@type":"ListItem","position":1,"name":"Home","item":"https:\/\/territorialchallenges.com\/"},{"@type":"ListItem","position":2,"name":"Kim van Sparrentak : la voix verte de l&rsquo;Europe dans la bataille contre les Big Tech"}]},{"@type":"WebSite","@id":"https:\/\/territorialchallenges.com\/#website","url":"https:\/\/territorialchallenges.com\/","name":"Sfide territoriali","description":"Monitoraggio internazionale - Strategie intelligenti - Migliori pratiche","publisher":{"@id":"https:\/\/territorialchallenges.com\/#organization"},"potentialAction":[{"@type":"SearchAction","target":{"@type":"EntryPoint","urlTemplate":"https:\/\/territorialchallenges.com\/?s={search_term_string}"},"query-input":"required name=search_term_string"}],"inLanguage":"it-IT"},{"@type":"Organization","@id":"https:\/\/territorialchallenges.com\/#organization","name":"Sfide territoriali","url":"https:\/\/territorialchallenges.com\/","logo":{"@type":"ImageObject","inLanguage":"it-IT","@id":"https:\/\/territorialchallenges.com\/#\/schema\/logo\/image\/","url":"https:\/\/territorialchallenges.com\/wp-content\/uploads\/2023\/10\/logo-1.png","contentUrl":"https:\/\/territorialchallenges.com\/wp-content\/uploads\/2023\/10\/logo-1.png","width":1832,"height":576,"caption":"Territorial Challenges"},"image":{"@id":"https:\/\/territorialchallenges.com\/#\/schema\/logo\/image\/"}},{"@type":"Person","@id":"https:\/\/territorialchallenges.com\/#\/schema\/person\/098f145c7c61a021c425e010f840080f","name":"ni.abdi","image":{"@type":"ImageObject","inLanguage":"it-IT","@id":"https:\/\/territorialchallenges.com\/#\/schema\/person\/image\/","url":"https:\/\/secure.gravatar.com\/avatar\/2a2f2491f3c80039986ba989b1e4b510?s=96&d=identicon&r=g","contentUrl":"https:\/\/secure.gravatar.com\/avatar\/2a2f2491f3c80039986ba989b1e4b510?s=96&d=identicon&r=g","caption":"ni.abdi"},"sameAs":["https:\/\/twitter.com\/Ni.abdi"],"url":"https:\/\/territorialchallenges.com\/it\/author\/ni-abdi\/"}]}},"_links":{"self":[{"href":"https:\/\/territorialchallenges.com\/it\/wp-json\/wp\/v2\/posts\/122504"}],"collection":[{"href":"https:\/\/territorialchallenges.com\/it\/wp-json\/wp\/v2\/posts"}],"about":[{"href":"https:\/\/territorialchallenges.com\/it\/wp-json\/wp\/v2\/types\/post"}],"author":[{"embeddable":true,"href":"https:\/\/territorialchallenges.com\/it\/wp-json\/wp\/v2\/users\/11"}],"replies":[{"embeddable":true,"href":"https:\/\/territorialchallenges.com\/it\/wp-json\/wp\/v2\/comments?post=122504"}],"version-history":[{"count":1,"href":"https:\/\/territorialchallenges.com\/it\/wp-json\/wp\/v2\/posts\/122504\/revisions"}],"predecessor-version":[{"id":122506,"href":"https:\/\/territorialchallenges.com\/it\/wp-json\/wp\/v2\/posts\/122504\/revisions\/122506"}],"wp:featuredmedia":[{"embeddable":true,"href":"https:\/\/territorialchallenges.com\/it\/wp-json\/wp\/v2\/media\/122505"}],"wp:attachment":[{"href":"https:\/\/territorialchallenges.com\/it\/wp-json\/wp\/v2\/media?parent=122504"}],"wp:term":[{"taxonomy":"category","embeddable":true,"href":"https:\/\/territorialchallenges.com\/it\/wp-json\/wp\/v2\/categories?post=122504"},{"taxonomy":"post_tag","embeddable":true,"href":"https:\/\/territorialchallenges.com\/it\/wp-json\/wp\/v2\/tags?post=122504"}],"curies":[{"name":"parola chiave","href":"https:\/\/api.w.org\/{rel}","templated":true}]}}