{"id":121095,"date":"2023-09-13T12:50:43","date_gmt":"2023-09-13T10:50:43","guid":{"rendered":"https:\/\/territorialchallenges.com\/?p=121095"},"modified":"2023-09-13T12:50:43","modified_gmt":"2023-09-13T10:50:43","slug":"susan-aitken-la-maire-de-glasgow-redefinit-lavenir-en-tant-que-ville-intelligente-et-resiliente","status":"publish","type":"post","link":"https:\/\/territorialchallenges.com\/it\/2023\/09\/13\/susan-aitken-la-maire-de-glasgow-redefinit-lavenir-en-tant-que-ville-intelligente-et-resiliente\/121095\/","title":{"rendered":"Susan Aitken: il sindaco di Glasgow ridefinisce il futuro come citt\u00e0 intelligente e resiliente"},"content":{"rendered":"<p>All&#039;ombra delle antiche pietre scozzesi, una donna visionaria si \u00e8 impegnata a trasformare Glasgow in una citt\u00e0 intelligente e resiliente. Susan Aitken, leader del Consiglio Metropolitano di Glasgow dal 2017, incarna dinamismo e determinazione. Proveniente dallo Scottish National Party (SNP), non solo ha spezzato il predominio del Partito Laburista\u2026 <\/p>\n<div class=\"pmpro_content_message\">Articolo disponibile solo per gli abbonati.<br \/><a href=\"https:\/\/territorialchallenges.com\/wp-login.php\">Login<\/a><br \/><a href=\"https:\/\/territorialchallenges.com\/it\/wp-login.php\/?action=register\">Registro<\/a><\/div>","protected":false},"excerpt":{"rendered":"<p>Dans l&rsquo;ombre des anciennes pierres \u00e9cossaises, une femme visionnaire a entrepris de transformer Glasgow en une ville intelligente et r\u00e9siliente. Susan Aitken, pr\u00e9sidente du Conseil Municipal de la m\u00e9tropole de Glasgow depuis 2017, incarne le dynamisme et la d\u00e9termination. Issue du Parti national \u00e9cossais (SNP), elle a non seulement bris\u00e9 la domination du Parti travailliste... <\/p>\n<div class=\"pmpro_content_message\">Articolo disponibile solo per gli abbonati.<br \/><a href=\"https:\/\/territorialchallenges.com\/wp-login.php\">Login<\/a><br \/><a href=\"https:\/\/territorialchallenges.com\/it\/wp-login.php\/?action=register\">Registro<\/a><\/div>","protected":false},"author":11,"featured_media":121096,"comment_status":"open","ping_status":"open","sticky":true,"template":"","format":"standard","meta":{"pmpro_default_level":0,"footnotes":""},"categories":[126,117],"tags":[],"blocksy_meta":"","yoast_head":"<!-- This site is optimized with the Yoast SEO plugin v21.5 - https:\/\/yoast.com\/wordpress\/plugins\/seo\/ -->\n<title>Susan Aitken : la maire de Glasgow red\u00e9finit l&#039;avenir en tant que ville intelligente et r\u00e9siliente - Territorial Challenges<\/title>\n<meta name=\"robots\" content=\"index, follow, max-snippet:-1, max-image-preview:large, max-video-preview:-1\" \/>\n<link rel=\"canonical\" href=\"https:\/\/territorialchallenges.com\/it\/2023\/09\/13\/susan-aitken-la-maire-de-glasgow-redefinit-lavenir-en-tant-que-ville-intelligente-et-resiliente\/121095\/\" \/>\n<meta property=\"og:locale\" content=\"it_IT\" \/>\n<meta property=\"og:type\" content=\"article\" \/>\n<meta property=\"og:title\" content=\"Susan Aitken : la maire de Glasgow red\u00e9finit l&#039;avenir en tant que ville intelligente et r\u00e9siliente - Territorial Challenges\" \/>\n<meta property=\"og:description\" content=\"Dans l&rsquo;ombre des anciennes pierres \u00e9cossaises, une femme visionnaire a entrepris de transformer Glasgow en une ville intelligente et r\u00e9siliente. Susan Aitken, pr\u00e9sidente du Conseil Municipal de la m\u00e9tropole de Glasgow depuis 2017, incarne le dynamisme et la d\u00e9termination. Issue du Parti national \u00e9cossais (SNP), elle a non seulement bris\u00e9 la domination du Parti travailliste [&hellip;]\" \/>\n<meta property=\"og:url\" content=\"https:\/\/territorialchallenges.com\/it\/2023\/09\/13\/susan-aitken-la-maire-de-glasgow-redefinit-lavenir-en-tant-que-ville-intelligente-et-resiliente\/121095\/\" \/>\n<meta property=\"og:site_name\" content=\"Territorial Challenges\" \/>\n<meta property=\"article:published_time\" content=\"2023-09-13T10:50:43+00:00\" \/>\n<meta property=\"og:image\" content=\"https:\/\/territorialchallenges.com\/wp-content\/uploads\/2023\/09\/OnparledeuxSusan_Aitken12.09.23.png\" \/>\n\t<meta property=\"og:image:width\" content=\"800\" \/>\n\t<meta property=\"og:image:height\" content=\"369\" \/>\n\t<meta property=\"og:image:type\" content=\"image\/png\" \/>\n<meta name=\"author\" content=\"ni.abdi\" \/>\n<meta name=\"twitter:card\" content=\"summary_large_image\" \/>\n<meta name=\"twitter:creator\" content=\"@Ni.abdi\" \/>\n<meta name=\"twitter:label1\" content=\"Scritto da\" \/>\n\t<meta name=\"twitter:data1\" content=\"ni.abdi\" \/>\n\t<meta name=\"twitter:label2\" content=\"Tempo di lettura stimato\" \/>\n\t<meta name=\"twitter:data2\" content=\"4 minuti\" \/>\n<script type=\"application\/ld+json\" class=\"yoast-schema-graph\">{\"@context\":\"https:\/\/schema.org\",\"@graph\":[{\"@type\":\"Article\",\"@id\":\"https:\/\/territorialchallenges.com\/2023\/09\/13\/susan-aitken-la-maire-de-glasgow-redefinit-lavenir-en-tant-que-ville-intelligente-et-resiliente\/121095\/#article\",\"isPartOf\":{\"@id\":\"https:\/\/territorialchallenges.com\/2023\/09\/13\/susan-aitken-la-maire-de-glasgow-redefinit-lavenir-en-tant-que-ville-intelligente-et-resiliente\/121095\/\"},\"author\":{\"name\":\"ni.abdi\",\"@id\":\"https:\/\/territorialchallenges.com\/#\/schema\/person\/098f145c7c61a021c425e010f840080f\"},\"headline\":\"Susan Aitken : la maire de Glasgow red\u00e9finit l&rsquo;avenir en tant que ville intelligente et r\u00e9siliente\",\"datePublished\":\"2023-09-13T10:50:43+00:00\",\"dateModified\":\"2023-09-13T10:50:43+00:00\",\"mainEntityOfPage\":{\"@id\":\"https:\/\/territorialchallenges.com\/2023\/09\/13\/susan-aitken-la-maire-de-glasgow-redefinit-lavenir-en-tant-que-ville-intelligente-et-resiliente\/121095\/\"},\"wordCount\":791,\"commentCount\":0,\"publisher\":{\"@id\":\"https:\/\/territorialchallenges.com\/#organization\"},\"articleSection\":[\"On parle d'eux\",\"\u00c9cosyst\u00e8me\"],\"inLanguage\":\"it-IT\"},{\"@type\":\"WebPage\",\"@id\":\"https:\/\/territorialchallenges.com\/2023\/09\/13\/susan-aitken-la-maire-de-glasgow-redefinit-lavenir-en-tant-que-ville-intelligente-et-resiliente\/121095\/\",\"url\":\"https:\/\/territorialchallenges.com\/2023\/09\/13\/susan-aitken-la-maire-de-glasgow-redefinit-lavenir-en-tant-que-ville-intelligente-et-resiliente\/121095\/\",\"name\":\"Susan Aitken : la maire de Glasgow red\u00e9finit l'avenir en tant que ville intelligente et r\u00e9siliente - Territorial Challenges\",\"isPartOf\":{\"@id\":\"https:\/\/territorialchallenges.com\/#website\"},\"datePublished\":\"2023-09-13T10:50:43+00:00\",\"dateModified\":\"2023-09-13T10:50:43+00:00\",\"breadcrumb\":{\"@id\":\"https:\/\/territorialchallenges.com\/2023\/09\/13\/susan-aitken-la-maire-de-glasgow-redefinit-lavenir-en-tant-que-ville-intelligente-et-resiliente\/121095\/#breadcrumb\"},\"inLanguage\":\"it-IT\",\"potentialAction\":[{\"@type\":\"ReadAction\",\"target\":[\"https:\/\/territorialchallenges.com\/2023\/09\/13\/susan-aitken-la-maire-de-glasgow-redefinit-lavenir-en-tant-que-ville-intelligente-et-resiliente\/121095\/\"]}]},{\"@type\":\"BreadcrumbList\",\"@id\":\"https:\/\/territorialchallenges.com\/2023\/09\/13\/susan-aitken-la-maire-de-glasgow-redefinit-lavenir-en-tant-que-ville-intelligente-et-resiliente\/121095\/#breadcrumb\",\"itemListElement\":[{\"@type\":\"ListItem\",\"position\":1,\"name\":\"Home\",\"item\":\"https:\/\/territorialchallenges.com\/\"},{\"@type\":\"ListItem\",\"position\":2,\"name\":\"Susan Aitken : la maire de Glasgow red\u00e9finit l&rsquo;avenir en tant que ville intelligente et r\u00e9siliente\"}]},{\"@type\":\"WebSite\",\"@id\":\"https:\/\/territorialchallenges.com\/#website\",\"url\":\"https:\/\/territorialchallenges.com\/\",\"name\":\"Territorial Challenges\",\"description\":\"Veille Internationale - Strat\u00e9gie Intelligentes - Bonnes pratiques\",\"publisher\":{\"@id\":\"https:\/\/territorialchallenges.com\/#organization\"},\"potentialAction\":[{\"@type\":\"SearchAction\",\"target\":{\"@type\":\"EntryPoint\",\"urlTemplate\":\"https:\/\/territorialchallenges.com\/?s={search_term_string}\"},\"query-input\":\"required name=search_term_string\"}],\"inLanguage\":\"it-IT\"},{\"@type\":\"Organization\",\"@id\":\"https:\/\/territorialchallenges.com\/#organization\",\"name\":\"Territorial Challenges\",\"url\":\"https:\/\/territorialchallenges.com\/\",\"logo\":{\"@type\":\"ImageObject\",\"inLanguage\":\"it-IT\",\"@id\":\"https:\/\/territorialchallenges.com\/#\/schema\/logo\/image\/\",\"url\":\"https:\/\/territorialchallenges.com\/wp-content\/uploads\/2023\/10\/logo-1.png\",\"contentUrl\":\"https:\/\/territorialchallenges.com\/wp-content\/uploads\/2023\/10\/logo-1.png\",\"width\":1832,\"height\":576,\"caption\":\"Territorial Challenges\"},\"image\":{\"@id\":\"https:\/\/territorialchallenges.com\/#\/schema\/logo\/image\/\"}},{\"@type\":\"Person\",\"@id\":\"https:\/\/territorialchallenges.com\/#\/schema\/person\/098f145c7c61a021c425e010f840080f\",\"name\":\"ni.abdi\",\"image\":{\"@type\":\"ImageObject\",\"inLanguage\":\"it-IT\",\"@id\":\"https:\/\/territorialchallenges.com\/#\/schema\/person\/image\/\",\"url\":\"https:\/\/secure.gravatar.com\/avatar\/2a2f2491f3c80039986ba989b1e4b510?s=96&d=identicon&r=g\",\"contentUrl\":\"https:\/\/secure.gravatar.com\/avatar\/2a2f2491f3c80039986ba989b1e4b510?s=96&d=identicon&r=g\",\"caption\":\"ni.abdi\"},\"sameAs\":[\"https:\/\/twitter.com\/Ni.abdi\"],\"url\":\"https:\/\/territorialchallenges.com\/it\/author\/ni-abdi\/\"}]}<\/script>\n<!-- \/ Yoast SEO plugin. -->","yoast_head_json":{"title":"Susan Aitken : la maire de Glasgow red\u00e9finit l'avenir en tant que ville intelligente et r\u00e9siliente - Territorial Challenges","robots":{"index":"index","follow":"follow","max-snippet":"max-snippet:-1","max-image-preview":"max-image-preview:large","max-video-preview":"max-video-preview:-1"},"canonical":"https:\/\/territorialchallenges.com\/it\/2023\/09\/13\/susan-aitken-la-maire-de-glasgow-redefinit-lavenir-en-tant-que-ville-intelligente-et-resiliente\/121095\/","og_locale":"it_IT","og_type":"article","og_title":"Susan Aitken : la maire de Glasgow red\u00e9finit l'avenir en tant que ville intelligente et r\u00e9siliente - Territorial Challenges","og_description":"Dans l&rsquo;ombre des anciennes pierres \u00e9cossaises, une femme visionnaire a entrepris de transformer Glasgow en une ville intelligente et r\u00e9siliente. Susan Aitken, pr\u00e9sidente du Conseil Municipal de la m\u00e9tropole de Glasgow depuis 2017, incarne le dynamisme et la d\u00e9termination. Issue du Parti national \u00e9cossais (SNP), elle a non seulement bris\u00e9 la domination du Parti travailliste [&hellip;]","og_url":"https:\/\/territorialchallenges.com\/it\/2023\/09\/13\/susan-aitken-la-maire-de-glasgow-redefinit-lavenir-en-tant-que-ville-intelligente-et-resiliente\/121095\/","og_site_name":"Territorial Challenges","article_published_time":"2023-09-13T10:50:43+00:00","og_image":[{"width":800,"height":369,"url":"https:\/\/territorialchallenges.com\/wp-content\/uploads\/2023\/09\/OnparledeuxSusan_Aitken12.09.23.png","type":"image\/png"}],"author":"ni.abdi","twitter_card":"summary_large_image","twitter_creator":"@Ni.abdi","twitter_misc":{"Scritto da":"ni.abdi","Tempo di lettura stimato":"4 minuti"},"schema":{"@context":"https:\/\/schema.org","@graph":[{"@type":"Article","@id":"https:\/\/territorialchallenges.com\/2023\/09\/13\/susan-aitken-la-maire-de-glasgow-redefinit-lavenir-en-tant-que-ville-intelligente-et-resiliente\/121095\/#article","isPartOf":{"@id":"https:\/\/territorialchallenges.com\/2023\/09\/13\/susan-aitken-la-maire-de-glasgow-redefinit-lavenir-en-tant-que-ville-intelligente-et-resiliente\/121095\/"},"author":{"name":"ni.abdi","@id":"https:\/\/territorialchallenges.com\/#\/schema\/person\/098f145c7c61a021c425e010f840080f"},"headline":"Susan Aitken : la maire de Glasgow red\u00e9finit l&rsquo;avenir en tant que ville intelligente et r\u00e9siliente","datePublished":"2023-09-13T10:50:43+00:00","dateModified":"2023-09-13T10:50:43+00:00","mainEntityOfPage":{"@id":"https:\/\/territorialchallenges.com\/2023\/09\/13\/susan-aitken-la-maire-de-glasgow-redefinit-lavenir-en-tant-que-ville-intelligente-et-resiliente\/121095\/"},"wordCount":791,"commentCount":0,"publisher":{"@id":"https:\/\/territorialchallenges.com\/#organization"},"articleSection":["On parle d'eux","\u00c9cosyst\u00e8me"],"inLanguage":"it-IT"},{"@type":"WebPage","@id":"https:\/\/territorialchallenges.com\/2023\/09\/13\/susan-aitken-la-maire-de-glasgow-redefinit-lavenir-en-tant-que-ville-intelligente-et-resiliente\/121095\/","url":"https:\/\/territorialchallenges.com\/2023\/09\/13\/susan-aitken-la-maire-de-glasgow-redefinit-lavenir-en-tant-que-ville-intelligente-et-resiliente\/121095\/","name":"Susan Aitken : la maire de Glasgow red\u00e9finit l'avenir en tant que ville intelligente et r\u00e9siliente - Territorial Challenges","isPartOf":{"@id":"https:\/\/territorialchallenges.com\/#website"},"datePublished":"2023-09-13T10:50:43+00:00","dateModified":"2023-09-13T10:50:43+00:00","breadcrumb":{"@id":"https:\/\/territorialchallenges.com\/2023\/09\/13\/susan-aitken-la-maire-de-glasgow-redefinit-lavenir-en-tant-que-ville-intelligente-et-resiliente\/121095\/#breadcrumb"},"inLanguage":"it-IT","potentialAction":[{"@type":"ReadAction","target":["https:\/\/territorialchallenges.com\/2023\/09\/13\/susan-aitken-la-maire-de-glasgow-redefinit-lavenir-en-tant-que-ville-intelligente-et-resiliente\/121095\/"]}]},{"@type":"BreadcrumbList","@id":"https:\/\/territorialchallenges.com\/2023\/09\/13\/susan-aitken-la-maire-de-glasgow-redefinit-lavenir-en-tant-que-ville-intelligente-et-resiliente\/121095\/#breadcrumb","itemListElement":[{"@type":"ListItem","position":1,"name":"Home","item":"https:\/\/territorialchallenges.com\/"},{"@type":"ListItem","position":2,"name":"Susan Aitken : la maire de Glasgow red\u00e9finit l&rsquo;avenir en tant que ville intelligente et r\u00e9siliente"}]},{"@type":"WebSite","@id":"https:\/\/territorialchallenges.com\/#website","url":"https:\/\/territorialchallenges.com\/","name":"Sfide territoriali","description":"Monitoraggio internazionale - Strategie intelligenti - Migliori pratiche","publisher":{"@id":"https:\/\/territorialchallenges.com\/#organization"},"potentialAction":[{"@type":"SearchAction","target":{"@type":"EntryPoint","urlTemplate":"https:\/\/territorialchallenges.com\/?s={search_term_string}"},"query-input":"required name=search_term_string"}],"inLanguage":"it-IT"},{"@type":"Organization","@id":"https:\/\/territorialchallenges.com\/#organization","name":"Sfide territoriali","url":"https:\/\/territorialchallenges.com\/","logo":{"@type":"ImageObject","inLanguage":"it-IT","@id":"https:\/\/territorialchallenges.com\/#\/schema\/logo\/image\/","url":"https:\/\/territorialchallenges.com\/wp-content\/uploads\/2023\/10\/logo-1.png","contentUrl":"https:\/\/territorialchallenges.com\/wp-content\/uploads\/2023\/10\/logo-1.png","width":1832,"height":576,"caption":"Territorial Challenges"},"image":{"@id":"https:\/\/territorialchallenges.com\/#\/schema\/logo\/image\/"}},{"@type":"Person","@id":"https:\/\/territorialchallenges.com\/#\/schema\/person\/098f145c7c61a021c425e010f840080f","name":"ni.abdi","image":{"@type":"ImageObject","inLanguage":"it-IT","@id":"https:\/\/territorialchallenges.com\/#\/schema\/person\/image\/","url":"https:\/\/secure.gravatar.com\/avatar\/2a2f2491f3c80039986ba989b1e4b510?s=96&d=identicon&r=g","contentUrl":"https:\/\/secure.gravatar.com\/avatar\/2a2f2491f3c80039986ba989b1e4b510?s=96&d=identicon&r=g","caption":"ni.abdi"},"sameAs":["https:\/\/twitter.com\/Ni.abdi"],"url":"https:\/\/territorialchallenges.com\/it\/author\/ni-abdi\/"}]}},"_links":{"self":[{"href":"https:\/\/territorialchallenges.com\/it\/wp-json\/wp\/v2\/posts\/121095"}],"collection":[{"href":"https:\/\/territorialchallenges.com\/it\/wp-json\/wp\/v2\/posts"}],"about":[{"href":"https:\/\/territorialchallenges.com\/it\/wp-json\/wp\/v2\/types\/post"}],"author":[{"embeddable":true,"href":"https:\/\/territorialchallenges.com\/it\/wp-json\/wp\/v2\/users\/11"}],"replies":[{"embeddable":true,"href":"https:\/\/territorialchallenges.com\/it\/wp-json\/wp\/v2\/comments?post=121095"}],"version-history":[{"count":1,"href":"https:\/\/territorialchallenges.com\/it\/wp-json\/wp\/v2\/posts\/121095\/revisions"}],"predecessor-version":[{"id":121100,"href":"https:\/\/territorialchallenges.com\/it\/wp-json\/wp\/v2\/posts\/121095\/revisions\/121100"}],"wp:featuredmedia":[{"embeddable":true,"href":"https:\/\/territorialchallenges.com\/it\/wp-json\/wp\/v2\/media\/121096"}],"wp:attachment":[{"href":"https:\/\/territorialchallenges.com\/it\/wp-json\/wp\/v2\/media?parent=121095"}],"wp:term":[{"taxonomy":"category","embeddable":true,"href":"https:\/\/territorialchallenges.com\/it\/wp-json\/wp\/v2\/categories?post=121095"},{"taxonomy":"post_tag","embeddable":true,"href":"https:\/\/territorialchallenges.com\/it\/wp-json\/wp\/v2\/tags?post=121095"}],"curies":[{"name":"parola chiave","href":"https:\/\/api.w.org\/{rel}","templated":true}]}}