{"id":120545,"date":"2023-06-21T08:51:16","date_gmt":"2023-06-21T06:51:16","guid":{"rendered":"https:\/\/territorialchallenges.com\/?p=120545"},"modified":"2023-06-21T08:54:03","modified_gmt":"2023-06-21T06:54:03","slug":"claire-une-opportunite-europeenne-pour-un-avenir-ia-centre-sur-lhumain","status":"publish","type":"post","link":"https:\/\/territorialchallenges.com\/it\/2023\/06\/21\/claire-une-opportunite-europeenne-pour-un-avenir-ia-centre-sur-lhumain\/120545\/","title":{"rendered":"CLAIRE, un&#039;opportunit\u00e0 europea per un futuro di intelligenza artificiale incentrato sull&#039;uomo"},"content":{"rendered":"<p>L&#039;intelligenza artificiale (IA) \u00e8 una forza trasformativa che sta ridefinendo il nostro mondo. Le sue applicazioni in settori come il cambiamento climatico, la salute e la mobilit\u00e0 offrono straordinarie opportunit\u00e0 per affrontare le principali sfide che l&#039;umanit\u00e0 si trova ad affrontare. Essendo un continente ricco di patrimonio scientifico e tecnologico, l&#039;Europa \u00e8 perfettamente posizionata per svolgere... <\/p>\n<div class=\"pmpro_content_message\">Articolo disponibile solo per gli abbonati.<br \/><a href=\"https:\/\/territorialchallenges.com\/wp-login.php\">Login<\/a><br \/><a href=\"https:\/\/territorialchallenges.com\/it\/wp-login.php\/?action=register\">Registro<\/a><\/div>","protected":false},"excerpt":{"rendered":"<p>L&rsquo;intelligence artificielle (IA) est une force transformative qui red\u00e9finit notre monde. Ses applications dans des domaines tels que le changement climatique, la sant\u00e9 et la mobilit\u00e9 offrent des perspectives extraordinaires pour relever les d\u00e9fis majeurs auxquels l&rsquo;humanit\u00e9 est confront\u00e9e. En tant que continent riche en h\u00e9ritage scientifique et technologique, l&rsquo;Europe est parfaitement positionn\u00e9e pour jouer... <\/p>\n<div class=\"pmpro_content_message\">Articolo disponibile solo per gli abbonati.<br \/><a href=\"https:\/\/territorialchallenges.com\/wp-login.php\">Login<\/a><br \/><a href=\"https:\/\/territorialchallenges.com\/it\/wp-login.php\/?action=register\">Registro<\/a><\/div>","protected":false},"author":11,"featured_media":120546,"comment_status":"open","ping_status":"open","sticky":true,"template":"","format":"standard","meta":{"pmpro_default_level":0,"footnotes":""},"categories":[130,117],"tags":[],"blocksy_meta":"","yoast_head":"<!-- This site is optimized with the Yoast SEO plugin v21.5 - https:\/\/yoast.com\/wordpress\/plugins\/seo\/ -->\n<title>CLAIRE, une opportunit\u00e9 europ\u00e9enne pour un avenir IA centr\u00e9 sur l&#039;humain - Territorial Challenges<\/title>\n<meta name=\"robots\" content=\"index, follow, max-snippet:-1, max-image-preview:large, max-video-preview:-1\" \/>\n<link rel=\"canonical\" href=\"https:\/\/territorialchallenges.com\/it\/2023\/06\/21\/claire-une-opportunite-europeenne-pour-un-avenir-ia-centre-sur-lhumain\/120545\/\" \/>\n<meta property=\"og:locale\" content=\"it_IT\" \/>\n<meta property=\"og:type\" content=\"article\" \/>\n<meta property=\"og:title\" content=\"CLAIRE, une opportunit\u00e9 europ\u00e9enne pour un avenir IA centr\u00e9 sur l&#039;humain - Territorial Challenges\" \/>\n<meta property=\"og:description\" content=\"L&rsquo;intelligence artificielle (IA) est une force transformative qui red\u00e9finit notre monde. Ses applications dans des domaines tels que le changement climatique, la sant\u00e9 et la mobilit\u00e9 offrent des perspectives extraordinaires pour relever les d\u00e9fis majeurs auxquels l&rsquo;humanit\u00e9 est confront\u00e9e. En tant que continent riche en h\u00e9ritage scientifique et technologique, l&rsquo;Europe est parfaitement positionn\u00e9e pour jouer [&hellip;]\" \/>\n<meta property=\"og:url\" content=\"https:\/\/territorialchallenges.com\/it\/2023\/06\/21\/claire-une-opportunite-europeenne-pour-un-avenir-ia-centre-sur-lhumain\/120545\/\" \/>\n<meta property=\"og:site_name\" content=\"Territorial Challenges\" \/>\n<meta property=\"article:published_time\" content=\"2023-06-21T06:51:16+00:00\" \/>\n<meta property=\"article:modified_time\" content=\"2023-06-21T06:54:03+00:00\" \/>\n<meta property=\"og:image\" content=\"https:\/\/territorialchallenges.com\/wp-content\/uploads\/2023\/06\/ClaireIA200623.jpg\" \/>\n\t<meta property=\"og:image:width\" content=\"1280\" \/>\n\t<meta property=\"og:image:height\" content=\"643\" \/>\n\t<meta property=\"og:image:type\" content=\"image\/jpeg\" \/>\n<meta name=\"author\" content=\"ni.abdi\" \/>\n<meta name=\"twitter:card\" content=\"summary_large_image\" \/>\n<meta name=\"twitter:creator\" content=\"@Ni.abdi\" \/>\n<meta name=\"twitter:label1\" content=\"Scritto da\" \/>\n\t<meta name=\"twitter:data1\" content=\"ni.abdi\" \/>\n\t<meta name=\"twitter:label2\" content=\"Tempo di lettura stimato\" \/>\n\t<meta name=\"twitter:data2\" content=\"3 minuti\" \/>\n<script type=\"application\/ld+json\" class=\"yoast-schema-graph\">{\"@context\":\"https:\/\/schema.org\",\"@graph\":[{\"@type\":\"Article\",\"@id\":\"https:\/\/territorialchallenges.com\/2023\/06\/21\/claire-une-opportunite-europeenne-pour-un-avenir-ia-centre-sur-lhumain\/120545\/#article\",\"isPartOf\":{\"@id\":\"https:\/\/territorialchallenges.com\/2023\/06\/21\/claire-une-opportunite-europeenne-pour-un-avenir-ia-centre-sur-lhumain\/120545\/\"},\"author\":{\"name\":\"ni.abdi\",\"@id\":\"https:\/\/territorialchallenges.com\/#\/schema\/person\/098f145c7c61a021c425e010f840080f\"},\"headline\":\"CLAIRE, une opportunit\u00e9 europ\u00e9enne pour un avenir IA centr\u00e9 sur l&rsquo;humain\",\"datePublished\":\"2023-06-21T06:51:16+00:00\",\"dateModified\":\"2023-06-21T06:54:03+00:00\",\"mainEntityOfPage\":{\"@id\":\"https:\/\/territorialchallenges.com\/2023\/06\/21\/claire-une-opportunite-europeenne-pour-un-avenir-ia-centre-sur-lhumain\/120545\/\"},\"wordCount\":667,\"commentCount\":0,\"publisher\":{\"@id\":\"https:\/\/territorialchallenges.com\/#organization\"},\"articleSection\":[\"R\u00e9flexion faite\",\"\u00c9cosyst\u00e8me\"],\"inLanguage\":\"it-IT\"},{\"@type\":\"WebPage\",\"@id\":\"https:\/\/territorialchallenges.com\/2023\/06\/21\/claire-une-opportunite-europeenne-pour-un-avenir-ia-centre-sur-lhumain\/120545\/\",\"url\":\"https:\/\/territorialchallenges.com\/2023\/06\/21\/claire-une-opportunite-europeenne-pour-un-avenir-ia-centre-sur-lhumain\/120545\/\",\"name\":\"CLAIRE, une opportunit\u00e9 europ\u00e9enne pour un avenir IA centr\u00e9 sur l'humain - Territorial Challenges\",\"isPartOf\":{\"@id\":\"https:\/\/territorialchallenges.com\/#website\"},\"datePublished\":\"2023-06-21T06:51:16+00:00\",\"dateModified\":\"2023-06-21T06:54:03+00:00\",\"breadcrumb\":{\"@id\":\"https:\/\/territorialchallenges.com\/2023\/06\/21\/claire-une-opportunite-europeenne-pour-un-avenir-ia-centre-sur-lhumain\/120545\/#breadcrumb\"},\"inLanguage\":\"it-IT\",\"potentialAction\":[{\"@type\":\"ReadAction\",\"target\":[\"https:\/\/territorialchallenges.com\/2023\/06\/21\/claire-une-opportunite-europeenne-pour-un-avenir-ia-centre-sur-lhumain\/120545\/\"]}]},{\"@type\":\"BreadcrumbList\",\"@id\":\"https:\/\/territorialchallenges.com\/2023\/06\/21\/claire-une-opportunite-europeenne-pour-un-avenir-ia-centre-sur-lhumain\/120545\/#breadcrumb\",\"itemListElement\":[{\"@type\":\"ListItem\",\"position\":1,\"name\":\"Home\",\"item\":\"https:\/\/territorialchallenges.com\/\"},{\"@type\":\"ListItem\",\"position\":2,\"name\":\"CLAIRE, une opportunit\u00e9 europ\u00e9enne pour un avenir IA centr\u00e9 sur l&rsquo;humain\"}]},{\"@type\":\"WebSite\",\"@id\":\"https:\/\/territorialchallenges.com\/#website\",\"url\":\"https:\/\/territorialchallenges.com\/\",\"name\":\"Territorial Challenges\",\"description\":\"Veille Internationale - Strat\u00e9gie Intelligentes - Bonnes pratiques\",\"publisher\":{\"@id\":\"https:\/\/territorialchallenges.com\/#organization\"},\"potentialAction\":[{\"@type\":\"SearchAction\",\"target\":{\"@type\":\"EntryPoint\",\"urlTemplate\":\"https:\/\/territorialchallenges.com\/?s={search_term_string}\"},\"query-input\":\"required name=search_term_string\"}],\"inLanguage\":\"it-IT\"},{\"@type\":\"Organization\",\"@id\":\"https:\/\/territorialchallenges.com\/#organization\",\"name\":\"Territorial Challenges\",\"url\":\"https:\/\/territorialchallenges.com\/\",\"logo\":{\"@type\":\"ImageObject\",\"inLanguage\":\"it-IT\",\"@id\":\"https:\/\/territorialchallenges.com\/#\/schema\/logo\/image\/\",\"url\":\"https:\/\/territorialchallenges.com\/wp-content\/uploads\/2023\/10\/logo-1.png\",\"contentUrl\":\"https:\/\/territorialchallenges.com\/wp-content\/uploads\/2023\/10\/logo-1.png\",\"width\":1832,\"height\":576,\"caption\":\"Territorial Challenges\"},\"image\":{\"@id\":\"https:\/\/territorialchallenges.com\/#\/schema\/logo\/image\/\"}},{\"@type\":\"Person\",\"@id\":\"https:\/\/territorialchallenges.com\/#\/schema\/person\/098f145c7c61a021c425e010f840080f\",\"name\":\"ni.abdi\",\"image\":{\"@type\":\"ImageObject\",\"inLanguage\":\"it-IT\",\"@id\":\"https:\/\/territorialchallenges.com\/#\/schema\/person\/image\/\",\"url\":\"https:\/\/secure.gravatar.com\/avatar\/2a2f2491f3c80039986ba989b1e4b510?s=96&d=identicon&r=g\",\"contentUrl\":\"https:\/\/secure.gravatar.com\/avatar\/2a2f2491f3c80039986ba989b1e4b510?s=96&d=identicon&r=g\",\"caption\":\"ni.abdi\"},\"sameAs\":[\"https:\/\/twitter.com\/Ni.abdi\"],\"url\":\"https:\/\/territorialchallenges.com\/it\/author\/ni-abdi\/\"}]}<\/script>\n<!-- \/ Yoast SEO plugin. -->","yoast_head_json":{"title":"CLAIRE, une opportunit\u00e9 europ\u00e9enne pour un avenir IA centr\u00e9 sur l'humain - Territorial Challenges","robots":{"index":"index","follow":"follow","max-snippet":"max-snippet:-1","max-image-preview":"max-image-preview:large","max-video-preview":"max-video-preview:-1"},"canonical":"https:\/\/territorialchallenges.com\/it\/2023\/06\/21\/claire-une-opportunite-europeenne-pour-un-avenir-ia-centre-sur-lhumain\/120545\/","og_locale":"it_IT","og_type":"article","og_title":"CLAIRE, une opportunit\u00e9 europ\u00e9enne pour un avenir IA centr\u00e9 sur l'humain - Territorial Challenges","og_description":"L&rsquo;intelligence artificielle (IA) est une force transformative qui red\u00e9finit notre monde. Ses applications dans des domaines tels que le changement climatique, la sant\u00e9 et la mobilit\u00e9 offrent des perspectives extraordinaires pour relever les d\u00e9fis majeurs auxquels l&rsquo;humanit\u00e9 est confront\u00e9e. En tant que continent riche en h\u00e9ritage scientifique et technologique, l&rsquo;Europe est parfaitement positionn\u00e9e pour jouer [&hellip;]","og_url":"https:\/\/territorialchallenges.com\/it\/2023\/06\/21\/claire-une-opportunite-europeenne-pour-un-avenir-ia-centre-sur-lhumain\/120545\/","og_site_name":"Territorial Challenges","article_published_time":"2023-06-21T06:51:16+00:00","article_modified_time":"2023-06-21T06:54:03+00:00","og_image":[{"width":1280,"height":643,"url":"https:\/\/territorialchallenges.com\/wp-content\/uploads\/2023\/06\/ClaireIA200623.jpg","type":"image\/jpeg"}],"author":"ni.abdi","twitter_card":"summary_large_image","twitter_creator":"@Ni.abdi","twitter_misc":{"Scritto da":"ni.abdi","Tempo di lettura stimato":"3 minuti"},"schema":{"@context":"https:\/\/schema.org","@graph":[{"@type":"Article","@id":"https:\/\/territorialchallenges.com\/2023\/06\/21\/claire-une-opportunite-europeenne-pour-un-avenir-ia-centre-sur-lhumain\/120545\/#article","isPartOf":{"@id":"https:\/\/territorialchallenges.com\/2023\/06\/21\/claire-une-opportunite-europeenne-pour-un-avenir-ia-centre-sur-lhumain\/120545\/"},"author":{"name":"ni.abdi","@id":"https:\/\/territorialchallenges.com\/#\/schema\/person\/098f145c7c61a021c425e010f840080f"},"headline":"CLAIRE, une opportunit\u00e9 europ\u00e9enne pour un avenir IA centr\u00e9 sur l&rsquo;humain","datePublished":"2023-06-21T06:51:16+00:00","dateModified":"2023-06-21T06:54:03+00:00","mainEntityOfPage":{"@id":"https:\/\/territorialchallenges.com\/2023\/06\/21\/claire-une-opportunite-europeenne-pour-un-avenir-ia-centre-sur-lhumain\/120545\/"},"wordCount":667,"commentCount":0,"publisher":{"@id":"https:\/\/territorialchallenges.com\/#organization"},"articleSection":["R\u00e9flexion faite","\u00c9cosyst\u00e8me"],"inLanguage":"it-IT"},{"@type":"WebPage","@id":"https:\/\/territorialchallenges.com\/2023\/06\/21\/claire-une-opportunite-europeenne-pour-un-avenir-ia-centre-sur-lhumain\/120545\/","url":"https:\/\/territorialchallenges.com\/2023\/06\/21\/claire-une-opportunite-europeenne-pour-un-avenir-ia-centre-sur-lhumain\/120545\/","name":"CLAIRE, une opportunit\u00e9 europ\u00e9enne pour un avenir IA centr\u00e9 sur l'humain - Territorial Challenges","isPartOf":{"@id":"https:\/\/territorialchallenges.com\/#website"},"datePublished":"2023-06-21T06:51:16+00:00","dateModified":"2023-06-21T06:54:03+00:00","breadcrumb":{"@id":"https:\/\/territorialchallenges.com\/2023\/06\/21\/claire-une-opportunite-europeenne-pour-un-avenir-ia-centre-sur-lhumain\/120545\/#breadcrumb"},"inLanguage":"it-IT","potentialAction":[{"@type":"ReadAction","target":["https:\/\/territorialchallenges.com\/2023\/06\/21\/claire-une-opportunite-europeenne-pour-un-avenir-ia-centre-sur-lhumain\/120545\/"]}]},{"@type":"BreadcrumbList","@id":"https:\/\/territorialchallenges.com\/2023\/06\/21\/claire-une-opportunite-europeenne-pour-un-avenir-ia-centre-sur-lhumain\/120545\/#breadcrumb","itemListElement":[{"@type":"ListItem","position":1,"name":"Home","item":"https:\/\/territorialchallenges.com\/"},{"@type":"ListItem","position":2,"name":"CLAIRE, une opportunit\u00e9 europ\u00e9enne pour un avenir IA centr\u00e9 sur l&rsquo;humain"}]},{"@type":"WebSite","@id":"https:\/\/territorialchallenges.com\/#website","url":"https:\/\/territorialchallenges.com\/","name":"Sfide territoriali","description":"Monitoraggio internazionale - Strategie intelligenti - Migliori pratiche","publisher":{"@id":"https:\/\/territorialchallenges.com\/#organization"},"potentialAction":[{"@type":"SearchAction","target":{"@type":"EntryPoint","urlTemplate":"https:\/\/territorialchallenges.com\/?s={search_term_string}"},"query-input":"required name=search_term_string"}],"inLanguage":"it-IT"},{"@type":"Organization","@id":"https:\/\/territorialchallenges.com\/#organization","name":"Sfide territoriali","url":"https:\/\/territorialchallenges.com\/","logo":{"@type":"ImageObject","inLanguage":"it-IT","@id":"https:\/\/territorialchallenges.com\/#\/schema\/logo\/image\/","url":"https:\/\/territorialchallenges.com\/wp-content\/uploads\/2023\/10\/logo-1.png","contentUrl":"https:\/\/territorialchallenges.com\/wp-content\/uploads\/2023\/10\/logo-1.png","width":1832,"height":576,"caption":"Territorial Challenges"},"image":{"@id":"https:\/\/territorialchallenges.com\/#\/schema\/logo\/image\/"}},{"@type":"Person","@id":"https:\/\/territorialchallenges.com\/#\/schema\/person\/098f145c7c61a021c425e010f840080f","name":"ni.abdi","image":{"@type":"ImageObject","inLanguage":"it-IT","@id":"https:\/\/territorialchallenges.com\/#\/schema\/person\/image\/","url":"https:\/\/secure.gravatar.com\/avatar\/2a2f2491f3c80039986ba989b1e4b510?s=96&d=identicon&r=g","contentUrl":"https:\/\/secure.gravatar.com\/avatar\/2a2f2491f3c80039986ba989b1e4b510?s=96&d=identicon&r=g","caption":"ni.abdi"},"sameAs":["https:\/\/twitter.com\/Ni.abdi"],"url":"https:\/\/territorialchallenges.com\/it\/author\/ni-abdi\/"}]}},"_links":{"self":[{"href":"https:\/\/territorialchallenges.com\/it\/wp-json\/wp\/v2\/posts\/120545"}],"collection":[{"href":"https:\/\/territorialchallenges.com\/it\/wp-json\/wp\/v2\/posts"}],"about":[{"href":"https:\/\/territorialchallenges.com\/it\/wp-json\/wp\/v2\/types\/post"}],"author":[{"embeddable":true,"href":"https:\/\/territorialchallenges.com\/it\/wp-json\/wp\/v2\/users\/11"}],"replies":[{"embeddable":true,"href":"https:\/\/territorialchallenges.com\/it\/wp-json\/wp\/v2\/comments?post=120545"}],"version-history":[{"count":3,"href":"https:\/\/territorialchallenges.com\/it\/wp-json\/wp\/v2\/posts\/120545\/revisions"}],"predecessor-version":[{"id":120552,"href":"https:\/\/territorialchallenges.com\/it\/wp-json\/wp\/v2\/posts\/120545\/revisions\/120552"}],"wp:featuredmedia":[{"embeddable":true,"href":"https:\/\/territorialchallenges.com\/it\/wp-json\/wp\/v2\/media\/120546"}],"wp:attachment":[{"href":"https:\/\/territorialchallenges.com\/it\/wp-json\/wp\/v2\/media?parent=120545"}],"wp:term":[{"taxonomy":"category","embeddable":true,"href":"https:\/\/territorialchallenges.com\/it\/wp-json\/wp\/v2\/categories?post=120545"},{"taxonomy":"post_tag","embeddable":true,"href":"https:\/\/territorialchallenges.com\/it\/wp-json\/wp\/v2\/tags?post=120545"}],"curies":[{"name":"parola chiave","href":"https:\/\/api.w.org\/{rel}","templated":true}]}}