{"id":120503,"date":"2023-06-13T08:44:29","date_gmt":"2023-06-13T06:44:29","guid":{"rendered":"https:\/\/territorialchallenges.com\/?p=120503"},"modified":"2023-06-13T08:44:29","modified_gmt":"2023-06-13T06:44:29","slug":"gema-igual-ortiz-la-maire-de-santander-croit-dans-lavenir-durable-et-numerique-de-sa-ville","status":"publish","type":"post","link":"https:\/\/territorialchallenges.com\/it\/2023\/06\/13\/gema-igual-ortiz-la-maire-de-santander-croit-dans-lavenir-durable-et-numerique-de-sa-ville\/120503\/","title":{"rendered":"Gema Igual Ortiz, sindaco di Santander, crede nel futuro sostenibile e digitale della sua citt\u00e0"},"content":{"rendered":"<p>Nel pittoresco paesaggio della costa settentrionale della Spagna, si trova l&#039;affascinante citt\u00e0 di Santander, il cui progresso e sviluppo sono plasmati dalla visione del suo sindaco, Gema Igual Ortiz. Dal suo insediamento nel 2016, Gema Igual ha lasciato un segno indelebile nella citt\u00e0, promuovendo progetti innovativi... <\/p>\n<div class=\"pmpro_content_message\">Articolo disponibile solo per gli abbonati.<br \/><a href=\"https:\/\/territorialchallenges.com\/wp-login.php\">Login<\/a><br \/><a href=\"https:\/\/territorialchallenges.com\/it\/wp-login.php\/?action=register\">Registro<\/a><\/div>","protected":false},"excerpt":{"rendered":"<p>Dans le paysage pittoresque de la c\u00f4te nord de l&rsquo;Espagne, vous trouverez la charmante ville de Santander, dont le progr\u00e8s et le d\u00e9veloppement sont fa\u00e7onn\u00e9s par la vision de sa mairesse, Gema Igual Ortiz. Depuis sa prise de fonction en 2016, Gema Igual a laiss\u00e9 une marque ind\u00e9l\u00e9bile dans la ville, promouvant des projets innovants... <\/p>\n<div class=\"pmpro_content_message\">Articolo disponibile solo per gli abbonati.<br \/><a href=\"https:\/\/territorialchallenges.com\/wp-login.php\">Login<\/a><br \/><a href=\"https:\/\/territorialchallenges.com\/it\/wp-login.php\/?action=register\">Registro<\/a><\/div>","protected":false},"author":11,"featured_media":120504,"comment_status":"open","ping_status":"open","sticky":true,"template":"","format":"standard","meta":{"pmpro_default_level":0,"footnotes":""},"categories":[126,117],"tags":[],"blocksy_meta":"","yoast_head":"<!-- This site is optimized with the Yoast SEO plugin v21.5 - https:\/\/yoast.com\/wordpress\/plugins\/seo\/ -->\n<title>Gema Igual Ortiz,\u00a0la maire de Santander croit dans l&#039;avenir durable et num\u00e9rique de sa ville - Territorial Challenges<\/title>\n<meta name=\"robots\" content=\"index, follow, max-snippet:-1, max-image-preview:large, max-video-preview:-1\" \/>\n<link rel=\"canonical\" href=\"https:\/\/territorialchallenges.com\/it\/2023\/06\/13\/gema-igual-ortiz-la-maire-de-santander-croit-dans-lavenir-durable-et-numerique-de-sa-ville\/120503\/\" \/>\n<meta property=\"og:locale\" content=\"it_IT\" \/>\n<meta property=\"og:type\" content=\"article\" \/>\n<meta property=\"og:title\" content=\"Gema Igual Ortiz,\u00a0la maire de Santander croit dans l&#039;avenir durable et num\u00e9rique de sa ville - Territorial Challenges\" \/>\n<meta property=\"og:description\" content=\"Dans le paysage pittoresque de la c\u00f4te nord de l&rsquo;Espagne, vous trouverez la charmante ville de Santander, dont le progr\u00e8s et le d\u00e9veloppement sont fa\u00e7onn\u00e9s par la vision de sa mairesse, Gema Igual Ortiz. Depuis sa prise de fonction en 2016, Gema Igual a laiss\u00e9 une marque ind\u00e9l\u00e9bile dans la ville, promouvant des projets innovants [&hellip;]\" \/>\n<meta property=\"og:url\" content=\"https:\/\/territorialchallenges.com\/it\/2023\/06\/13\/gema-igual-ortiz-la-maire-de-santander-croit-dans-lavenir-durable-et-numerique-de-sa-ville\/120503\/\" \/>\n<meta property=\"og:site_name\" content=\"Territorial Challenges\" \/>\n<meta property=\"article:published_time\" content=\"2023-06-13T06:44:29+00:00\" \/>\n<meta property=\"og:image\" content=\"https:\/\/territorialchallenges.com\/wp-content\/uploads\/2023\/06\/Gema_Igual.jpg\" \/>\n\t<meta property=\"og:image:width\" content=\"327\" \/>\n\t<meta property=\"og:image:height\" content=\"231\" \/>\n\t<meta property=\"og:image:type\" content=\"image\/jpeg\" \/>\n<meta name=\"author\" content=\"ni.abdi\" \/>\n<meta name=\"twitter:card\" content=\"summary_large_image\" \/>\n<meta name=\"twitter:creator\" content=\"@Ni.abdi\" \/>\n<meta name=\"twitter:label1\" content=\"Scritto da\" \/>\n\t<meta name=\"twitter:data1\" content=\"ni.abdi\" \/>\n\t<meta name=\"twitter:label2\" content=\"Tempo di lettura stimato\" \/>\n\t<meta name=\"twitter:data2\" content=\"4 minuti\" \/>\n<script type=\"application\/ld+json\" class=\"yoast-schema-graph\">{\"@context\":\"https:\/\/schema.org\",\"@graph\":[{\"@type\":\"Article\",\"@id\":\"https:\/\/territorialchallenges.com\/2023\/06\/13\/gema-igual-ortiz-la-maire-de-santander-croit-dans-lavenir-durable-et-numerique-de-sa-ville\/120503\/#article\",\"isPartOf\":{\"@id\":\"https:\/\/territorialchallenges.com\/2023\/06\/13\/gema-igual-ortiz-la-maire-de-santander-croit-dans-lavenir-durable-et-numerique-de-sa-ville\/120503\/\"},\"author\":{\"name\":\"ni.abdi\",\"@id\":\"https:\/\/territorialchallenges.com\/#\/schema\/person\/098f145c7c61a021c425e010f840080f\"},\"headline\":\"Gema Igual Ortiz,\u00a0la maire de Santander croit dans l&rsquo;avenir durable et num\u00e9rique de sa ville\",\"datePublished\":\"2023-06-13T06:44:29+00:00\",\"dateModified\":\"2023-06-13T06:44:29+00:00\",\"mainEntityOfPage\":{\"@id\":\"https:\/\/territorialchallenges.com\/2023\/06\/13\/gema-igual-ortiz-la-maire-de-santander-croit-dans-lavenir-durable-et-numerique-de-sa-ville\/120503\/\"},\"wordCount\":790,\"commentCount\":0,\"publisher\":{\"@id\":\"https:\/\/territorialchallenges.com\/#organization\"},\"articleSection\":[\"On parle d'eux\",\"\u00c9cosyst\u00e8me\"],\"inLanguage\":\"it-IT\"},{\"@type\":\"WebPage\",\"@id\":\"https:\/\/territorialchallenges.com\/2023\/06\/13\/gema-igual-ortiz-la-maire-de-santander-croit-dans-lavenir-durable-et-numerique-de-sa-ville\/120503\/\",\"url\":\"https:\/\/territorialchallenges.com\/2023\/06\/13\/gema-igual-ortiz-la-maire-de-santander-croit-dans-lavenir-durable-et-numerique-de-sa-ville\/120503\/\",\"name\":\"Gema Igual Ortiz,\u00a0la maire de Santander croit dans l'avenir durable et num\u00e9rique de sa ville - Territorial Challenges\",\"isPartOf\":{\"@id\":\"https:\/\/territorialchallenges.com\/#website\"},\"datePublished\":\"2023-06-13T06:44:29+00:00\",\"dateModified\":\"2023-06-13T06:44:29+00:00\",\"breadcrumb\":{\"@id\":\"https:\/\/territorialchallenges.com\/2023\/06\/13\/gema-igual-ortiz-la-maire-de-santander-croit-dans-lavenir-durable-et-numerique-de-sa-ville\/120503\/#breadcrumb\"},\"inLanguage\":\"it-IT\",\"potentialAction\":[{\"@type\":\"ReadAction\",\"target\":[\"https:\/\/territorialchallenges.com\/2023\/06\/13\/gema-igual-ortiz-la-maire-de-santander-croit-dans-lavenir-durable-et-numerique-de-sa-ville\/120503\/\"]}]},{\"@type\":\"BreadcrumbList\",\"@id\":\"https:\/\/territorialchallenges.com\/2023\/06\/13\/gema-igual-ortiz-la-maire-de-santander-croit-dans-lavenir-durable-et-numerique-de-sa-ville\/120503\/#breadcrumb\",\"itemListElement\":[{\"@type\":\"ListItem\",\"position\":1,\"name\":\"Home\",\"item\":\"https:\/\/territorialchallenges.com\/\"},{\"@type\":\"ListItem\",\"position\":2,\"name\":\"Gema Igual Ortiz,\u00a0la maire de Santander croit dans l&rsquo;avenir durable et num\u00e9rique de sa ville\"}]},{\"@type\":\"WebSite\",\"@id\":\"https:\/\/territorialchallenges.com\/#website\",\"url\":\"https:\/\/territorialchallenges.com\/\",\"name\":\"Territorial Challenges\",\"description\":\"Veille Internationale - Strat\u00e9gie Intelligentes - Bonnes pratiques\",\"publisher\":{\"@id\":\"https:\/\/territorialchallenges.com\/#organization\"},\"potentialAction\":[{\"@type\":\"SearchAction\",\"target\":{\"@type\":\"EntryPoint\",\"urlTemplate\":\"https:\/\/territorialchallenges.com\/?s={search_term_string}\"},\"query-input\":\"required name=search_term_string\"}],\"inLanguage\":\"it-IT\"},{\"@type\":\"Organization\",\"@id\":\"https:\/\/territorialchallenges.com\/#organization\",\"name\":\"Territorial Challenges\",\"url\":\"https:\/\/territorialchallenges.com\/\",\"logo\":{\"@type\":\"ImageObject\",\"inLanguage\":\"it-IT\",\"@id\":\"https:\/\/territorialchallenges.com\/#\/schema\/logo\/image\/\",\"url\":\"https:\/\/territorialchallenges.com\/wp-content\/uploads\/2023\/10\/logo-1.png\",\"contentUrl\":\"https:\/\/territorialchallenges.com\/wp-content\/uploads\/2023\/10\/logo-1.png\",\"width\":1832,\"height\":576,\"caption\":\"Territorial Challenges\"},\"image\":{\"@id\":\"https:\/\/territorialchallenges.com\/#\/schema\/logo\/image\/\"}},{\"@type\":\"Person\",\"@id\":\"https:\/\/territorialchallenges.com\/#\/schema\/person\/098f145c7c61a021c425e010f840080f\",\"name\":\"ni.abdi\",\"image\":{\"@type\":\"ImageObject\",\"inLanguage\":\"it-IT\",\"@id\":\"https:\/\/territorialchallenges.com\/#\/schema\/person\/image\/\",\"url\":\"https:\/\/secure.gravatar.com\/avatar\/2a2f2491f3c80039986ba989b1e4b510?s=96&d=identicon&r=g\",\"contentUrl\":\"https:\/\/secure.gravatar.com\/avatar\/2a2f2491f3c80039986ba989b1e4b510?s=96&d=identicon&r=g\",\"caption\":\"ni.abdi\"},\"sameAs\":[\"https:\/\/twitter.com\/Ni.abdi\"],\"url\":\"https:\/\/territorialchallenges.com\/it\/author\/ni-abdi\/\"}]}<\/script>\n<!-- \/ Yoast SEO plugin. -->","yoast_head_json":{"title":"Gema Igual Ortiz,\u00a0la maire de Santander croit dans l'avenir durable et num\u00e9rique de sa ville - Territorial Challenges","robots":{"index":"index","follow":"follow","max-snippet":"max-snippet:-1","max-image-preview":"max-image-preview:large","max-video-preview":"max-video-preview:-1"},"canonical":"https:\/\/territorialchallenges.com\/it\/2023\/06\/13\/gema-igual-ortiz-la-maire-de-santander-croit-dans-lavenir-durable-et-numerique-de-sa-ville\/120503\/","og_locale":"it_IT","og_type":"article","og_title":"Gema Igual Ortiz,\u00a0la maire de Santander croit dans l'avenir durable et num\u00e9rique de sa ville - Territorial Challenges","og_description":"Dans le paysage pittoresque de la c\u00f4te nord de l&rsquo;Espagne, vous trouverez la charmante ville de Santander, dont le progr\u00e8s et le d\u00e9veloppement sont fa\u00e7onn\u00e9s par la vision de sa mairesse, Gema Igual Ortiz. Depuis sa prise de fonction en 2016, Gema Igual a laiss\u00e9 une marque ind\u00e9l\u00e9bile dans la ville, promouvant des projets innovants [&hellip;]","og_url":"https:\/\/territorialchallenges.com\/it\/2023\/06\/13\/gema-igual-ortiz-la-maire-de-santander-croit-dans-lavenir-durable-et-numerique-de-sa-ville\/120503\/","og_site_name":"Territorial Challenges","article_published_time":"2023-06-13T06:44:29+00:00","og_image":[{"width":327,"height":231,"url":"https:\/\/territorialchallenges.com\/wp-content\/uploads\/2023\/06\/Gema_Igual.jpg","type":"image\/jpeg"}],"author":"ni.abdi","twitter_card":"summary_large_image","twitter_creator":"@Ni.abdi","twitter_misc":{"Scritto da":"ni.abdi","Tempo di lettura stimato":"4 minuti"},"schema":{"@context":"https:\/\/schema.org","@graph":[{"@type":"Article","@id":"https:\/\/territorialchallenges.com\/2023\/06\/13\/gema-igual-ortiz-la-maire-de-santander-croit-dans-lavenir-durable-et-numerique-de-sa-ville\/120503\/#article","isPartOf":{"@id":"https:\/\/territorialchallenges.com\/2023\/06\/13\/gema-igual-ortiz-la-maire-de-santander-croit-dans-lavenir-durable-et-numerique-de-sa-ville\/120503\/"},"author":{"name":"ni.abdi","@id":"https:\/\/territorialchallenges.com\/#\/schema\/person\/098f145c7c61a021c425e010f840080f"},"headline":"Gema Igual Ortiz,\u00a0la maire de Santander croit dans l&rsquo;avenir durable et num\u00e9rique de sa ville","datePublished":"2023-06-13T06:44:29+00:00","dateModified":"2023-06-13T06:44:29+00:00","mainEntityOfPage":{"@id":"https:\/\/territorialchallenges.com\/2023\/06\/13\/gema-igual-ortiz-la-maire-de-santander-croit-dans-lavenir-durable-et-numerique-de-sa-ville\/120503\/"},"wordCount":790,"commentCount":0,"publisher":{"@id":"https:\/\/territorialchallenges.com\/#organization"},"articleSection":["On parle d'eux","\u00c9cosyst\u00e8me"],"inLanguage":"it-IT"},{"@type":"WebPage","@id":"https:\/\/territorialchallenges.com\/2023\/06\/13\/gema-igual-ortiz-la-maire-de-santander-croit-dans-lavenir-durable-et-numerique-de-sa-ville\/120503\/","url":"https:\/\/territorialchallenges.com\/2023\/06\/13\/gema-igual-ortiz-la-maire-de-santander-croit-dans-lavenir-durable-et-numerique-de-sa-ville\/120503\/","name":"Gema Igual Ortiz,\u00a0la maire de Santander croit dans l'avenir durable et num\u00e9rique de sa ville - Territorial Challenges","isPartOf":{"@id":"https:\/\/territorialchallenges.com\/#website"},"datePublished":"2023-06-13T06:44:29+00:00","dateModified":"2023-06-13T06:44:29+00:00","breadcrumb":{"@id":"https:\/\/territorialchallenges.com\/2023\/06\/13\/gema-igual-ortiz-la-maire-de-santander-croit-dans-lavenir-durable-et-numerique-de-sa-ville\/120503\/#breadcrumb"},"inLanguage":"it-IT","potentialAction":[{"@type":"ReadAction","target":["https:\/\/territorialchallenges.com\/2023\/06\/13\/gema-igual-ortiz-la-maire-de-santander-croit-dans-lavenir-durable-et-numerique-de-sa-ville\/120503\/"]}]},{"@type":"BreadcrumbList","@id":"https:\/\/territorialchallenges.com\/2023\/06\/13\/gema-igual-ortiz-la-maire-de-santander-croit-dans-lavenir-durable-et-numerique-de-sa-ville\/120503\/#breadcrumb","itemListElement":[{"@type":"ListItem","position":1,"name":"Home","item":"https:\/\/territorialchallenges.com\/"},{"@type":"ListItem","position":2,"name":"Gema Igual Ortiz,\u00a0la maire de Santander croit dans l&rsquo;avenir durable et num\u00e9rique de sa ville"}]},{"@type":"WebSite","@id":"https:\/\/territorialchallenges.com\/#website","url":"https:\/\/territorialchallenges.com\/","name":"Sfide territoriali","description":"Monitoraggio internazionale - Strategie intelligenti - Migliori pratiche","publisher":{"@id":"https:\/\/territorialchallenges.com\/#organization"},"potentialAction":[{"@type":"SearchAction","target":{"@type":"EntryPoint","urlTemplate":"https:\/\/territorialchallenges.com\/?s={search_term_string}"},"query-input":"required name=search_term_string"}],"inLanguage":"it-IT"},{"@type":"Organization","@id":"https:\/\/territorialchallenges.com\/#organization","name":"Sfide territoriali","url":"https:\/\/territorialchallenges.com\/","logo":{"@type":"ImageObject","inLanguage":"it-IT","@id":"https:\/\/territorialchallenges.com\/#\/schema\/logo\/image\/","url":"https:\/\/territorialchallenges.com\/wp-content\/uploads\/2023\/10\/logo-1.png","contentUrl":"https:\/\/territorialchallenges.com\/wp-content\/uploads\/2023\/10\/logo-1.png","width":1832,"height":576,"caption":"Territorial Challenges"},"image":{"@id":"https:\/\/territorialchallenges.com\/#\/schema\/logo\/image\/"}},{"@type":"Person","@id":"https:\/\/territorialchallenges.com\/#\/schema\/person\/098f145c7c61a021c425e010f840080f","name":"ni.abdi","image":{"@type":"ImageObject","inLanguage":"it-IT","@id":"https:\/\/territorialchallenges.com\/#\/schema\/person\/image\/","url":"https:\/\/secure.gravatar.com\/avatar\/2a2f2491f3c80039986ba989b1e4b510?s=96&d=identicon&r=g","contentUrl":"https:\/\/secure.gravatar.com\/avatar\/2a2f2491f3c80039986ba989b1e4b510?s=96&d=identicon&r=g","caption":"ni.abdi"},"sameAs":["https:\/\/twitter.com\/Ni.abdi"],"url":"https:\/\/territorialchallenges.com\/it\/author\/ni-abdi\/"}]}},"_links":{"self":[{"href":"https:\/\/territorialchallenges.com\/it\/wp-json\/wp\/v2\/posts\/120503"}],"collection":[{"href":"https:\/\/territorialchallenges.com\/it\/wp-json\/wp\/v2\/posts"}],"about":[{"href":"https:\/\/territorialchallenges.com\/it\/wp-json\/wp\/v2\/types\/post"}],"author":[{"embeddable":true,"href":"https:\/\/territorialchallenges.com\/it\/wp-json\/wp\/v2\/users\/11"}],"replies":[{"embeddable":true,"href":"https:\/\/territorialchallenges.com\/it\/wp-json\/wp\/v2\/comments?post=120503"}],"version-history":[{"count":1,"href":"https:\/\/territorialchallenges.com\/it\/wp-json\/wp\/v2\/posts\/120503\/revisions"}],"predecessor-version":[{"id":120508,"href":"https:\/\/territorialchallenges.com\/it\/wp-json\/wp\/v2\/posts\/120503\/revisions\/120508"}],"wp:featuredmedia":[{"embeddable":true,"href":"https:\/\/territorialchallenges.com\/it\/wp-json\/wp\/v2\/media\/120504"}],"wp:attachment":[{"href":"https:\/\/territorialchallenges.com\/it\/wp-json\/wp\/v2\/media?parent=120503"}],"wp:term":[{"taxonomy":"category","embeddable":true,"href":"https:\/\/territorialchallenges.com\/it\/wp-json\/wp\/v2\/categories?post=120503"},{"taxonomy":"post_tag","embeddable":true,"href":"https:\/\/territorialchallenges.com\/it\/wp-json\/wp\/v2\/tags?post=120503"}],"curies":[{"name":"parola chiave","href":"https:\/\/api.w.org\/{rel}","templated":true}]}}