{"id":120292,"date":"2023-05-04T18:39:54","date_gmt":"2023-05-04T16:39:54","guid":{"rendered":"https:\/\/territorialchallenges.com\/?p=120292"},"modified":"2023-05-04T18:39:54","modified_gmt":"2023-05-04T16:39:54","slug":"vienne-en-autriche-et-sa-collecte-des-dechets-par-lintelligence-artificielle-2","status":"publish","type":"post","link":"https:\/\/territorialchallenges.com\/it\/2023\/05\/04\/vienne-en-autriche-et-sa-collecte-des-dechets-par-lintelligence-artificielle-2\/120292\/","title":{"rendered":"Vienna, Austria, e la raccolta dei rifiuti tramite intelligenza artificiale"},"content":{"rendered":"<p>Uno sguardo pi\u00f9 da vicino al sistema &quot;Smart Waste&quot; della citt\u00e0 di Vienna, in Austria, che utilizza sensori dotati di intelligenza artificiale. In fase sperimentale dal 2019, &quot;Smart Waste&quot; \u00e8 un innovativo sistema di gestione dei rifiuti che mira a migliorare l&#039;efficienza della raccolta differenziata in citt\u00e0, riducendone al contempo l&#039;impatto ambientale. <\/p>\n<div class=\"pmpro_content_message\">Articolo disponibile solo per gli abbonati.<br \/><a href=\"https:\/\/territorialchallenges.com\/wp-login.php\">Login<\/a><br \/><a href=\"https:\/\/territorialchallenges.com\/it\/wp-login.php\/?action=register\">Registro<\/a><\/div>","protected":false},"excerpt":{"rendered":"<p>Zoom sur le syst\u00e8me \u00ab\u00a0Smart Waste\u00a0\u00bb de la Ville de Vienne en Autriche, qui utilise des capteurs \u00e9quip\u00e9s d&rsquo;intelligence artificielle. Mis en exp\u00e9rimentation \u00e0 partir de 2019,\u00a0\u00bbSmart Waste\u00a0\u00bb est un syst\u00e8me innovant de gestion des d\u00e9chets qui vise \u00e0 am\u00e9liorer l&rsquo;efficacit\u00e9 de la collecte des d\u00e9chets dans la ville tout en r\u00e9duisant leur impact environnemental.... <\/p>\n<div class=\"pmpro_content_message\">Articolo disponibile solo per gli abbonati.<br \/><a href=\"https:\/\/territorialchallenges.com\/wp-login.php\">Login<\/a><br \/><a href=\"https:\/\/territorialchallenges.com\/it\/wp-login.php\/?action=register\">Registro<\/a><\/div>","protected":false},"author":11,"featured_media":120293,"comment_status":"open","ping_status":"open","sticky":true,"template":"","format":"standard","meta":{"pmpro_default_level":0,"footnotes":""},"categories":[120,117],"tags":[],"blocksy_meta":"","yoast_head":"<!-- This site is optimized with the Yoast SEO plugin v21.5 - https:\/\/yoast.com\/wordpress\/plugins\/seo\/ -->\n<title>Vienne en Autriche et sa collecte des d\u00e9chets par l\u2019intelligence artificielle - Territorial Challenges<\/title>\n<meta name=\"robots\" content=\"index, follow, max-snippet:-1, max-image-preview:large, max-video-preview:-1\" \/>\n<link rel=\"canonical\" href=\"https:\/\/territorialchallenges.com\/it\/2023\/05\/04\/vienne-en-autriche-et-sa-collecte-des-dechets-par-lintelligence-artificielle-2\/120292\/\" \/>\n<meta property=\"og:locale\" content=\"it_IT\" \/>\n<meta property=\"og:type\" content=\"article\" \/>\n<meta property=\"og:title\" content=\"Vienne en Autriche et sa collecte des d\u00e9chets par l\u2019intelligence artificielle - Territorial Challenges\" \/>\n<meta property=\"og:description\" content=\"Zoom sur le syst\u00e8me \u00ab\u00a0Smart Waste\u00a0\u00bb de la Ville de Vienne en Autriche, qui utilise des capteurs \u00e9quip\u00e9s d&rsquo;intelligence artificielle. Mis en exp\u00e9rimentation \u00e0 partir de 2019,\u00a0\u00bbSmart Waste\u00a0\u00bb est un syst\u00e8me innovant de gestion des d\u00e9chets qui vise \u00e0 am\u00e9liorer l&rsquo;efficacit\u00e9 de la collecte des d\u00e9chets dans la ville tout en r\u00e9duisant leur impact environnemental. [&hellip;]\" \/>\n<meta property=\"og:url\" content=\"https:\/\/territorialchallenges.com\/it\/2023\/05\/04\/vienne-en-autriche-et-sa-collecte-des-dechets-par-lintelligence-artificielle-2\/120292\/\" \/>\n<meta property=\"og:site_name\" content=\"Territorial Challenges\" \/>\n<meta property=\"article:published_time\" content=\"2023-05-04T16:39:54+00:00\" \/>\n<meta property=\"og:image\" content=\"https:\/\/territorialchallenges.com\/wp-content\/uploads\/2023\/05\/vinenna.jpg\" \/>\n\t<meta property=\"og:image:width\" content=\"1271\" \/>\n\t<meta property=\"og:image:height\" content=\"693\" \/>\n\t<meta property=\"og:image:type\" content=\"image\/jpeg\" \/>\n<meta name=\"author\" content=\"ni.abdi\" \/>\n<meta name=\"twitter:card\" content=\"summary_large_image\" \/>\n<meta name=\"twitter:creator\" content=\"@Ni.abdi\" \/>\n<meta name=\"twitter:label1\" content=\"Scritto da\" \/>\n\t<meta name=\"twitter:data1\" content=\"ni.abdi\" \/>\n\t<meta name=\"twitter:label2\" content=\"Tempo di lettura stimato\" \/>\n\t<meta name=\"twitter:data2\" content=\"2 minuti\" \/>\n<script type=\"application\/ld+json\" class=\"yoast-schema-graph\">{\"@context\":\"https:\/\/schema.org\",\"@graph\":[{\"@type\":\"Article\",\"@id\":\"https:\/\/territorialchallenges.com\/2023\/05\/04\/vienne-en-autriche-et-sa-collecte-des-dechets-par-lintelligence-artificielle-2\/120292\/#article\",\"isPartOf\":{\"@id\":\"https:\/\/territorialchallenges.com\/2023\/05\/04\/vienne-en-autriche-et-sa-collecte-des-dechets-par-lintelligence-artificielle-2\/120292\/\"},\"author\":{\"name\":\"ni.abdi\",\"@id\":\"https:\/\/territorialchallenges.com\/#\/schema\/person\/098f145c7c61a021c425e010f840080f\"},\"headline\":\"Vienne en Autriche et sa collecte des d\u00e9chets par l\u2019intelligence artificielle\",\"datePublished\":\"2023-05-04T16:39:54+00:00\",\"dateModified\":\"2023-05-04T16:39:54+00:00\",\"mainEntityOfPage\":{\"@id\":\"https:\/\/territorialchallenges.com\/2023\/05\/04\/vienne-en-autriche-et-sa-collecte-des-dechets-par-lintelligence-artificielle-2\/120292\/\"},\"wordCount\":418,\"commentCount\":0,\"publisher\":{\"@id\":\"https:\/\/territorialchallenges.com\/#organization\"},\"articleSection\":[\"Il s'est pass\u00e9 \u00e0\",\"\u00c9cosyst\u00e8me\"],\"inLanguage\":\"it-IT\"},{\"@type\":\"WebPage\",\"@id\":\"https:\/\/territorialchallenges.com\/2023\/05\/04\/vienne-en-autriche-et-sa-collecte-des-dechets-par-lintelligence-artificielle-2\/120292\/\",\"url\":\"https:\/\/territorialchallenges.com\/2023\/05\/04\/vienne-en-autriche-et-sa-collecte-des-dechets-par-lintelligence-artificielle-2\/120292\/\",\"name\":\"Vienne en Autriche et sa collecte des d\u00e9chets par l\u2019intelligence artificielle - Territorial Challenges\",\"isPartOf\":{\"@id\":\"https:\/\/territorialchallenges.com\/#website\"},\"datePublished\":\"2023-05-04T16:39:54+00:00\",\"dateModified\":\"2023-05-04T16:39:54+00:00\",\"breadcrumb\":{\"@id\":\"https:\/\/territorialchallenges.com\/2023\/05\/04\/vienne-en-autriche-et-sa-collecte-des-dechets-par-lintelligence-artificielle-2\/120292\/#breadcrumb\"},\"inLanguage\":\"it-IT\",\"potentialAction\":[{\"@type\":\"ReadAction\",\"target\":[\"https:\/\/territorialchallenges.com\/2023\/05\/04\/vienne-en-autriche-et-sa-collecte-des-dechets-par-lintelligence-artificielle-2\/120292\/\"]}]},{\"@type\":\"BreadcrumbList\",\"@id\":\"https:\/\/territorialchallenges.com\/2023\/05\/04\/vienne-en-autriche-et-sa-collecte-des-dechets-par-lintelligence-artificielle-2\/120292\/#breadcrumb\",\"itemListElement\":[{\"@type\":\"ListItem\",\"position\":1,\"name\":\"Home\",\"item\":\"https:\/\/territorialchallenges.com\/\"},{\"@type\":\"ListItem\",\"position\":2,\"name\":\"Vienne en Autriche et sa collecte des d\u00e9chets par l\u2019intelligence artificielle\"}]},{\"@type\":\"WebSite\",\"@id\":\"https:\/\/territorialchallenges.com\/#website\",\"url\":\"https:\/\/territorialchallenges.com\/\",\"name\":\"Territorial Challenges\",\"description\":\"Veille Internationale - Strat\u00e9gie Intelligentes - Bonnes pratiques\",\"publisher\":{\"@id\":\"https:\/\/territorialchallenges.com\/#organization\"},\"potentialAction\":[{\"@type\":\"SearchAction\",\"target\":{\"@type\":\"EntryPoint\",\"urlTemplate\":\"https:\/\/territorialchallenges.com\/?s={search_term_string}\"},\"query-input\":\"required name=search_term_string\"}],\"inLanguage\":\"it-IT\"},{\"@type\":\"Organization\",\"@id\":\"https:\/\/territorialchallenges.com\/#organization\",\"name\":\"Territorial Challenges\",\"url\":\"https:\/\/territorialchallenges.com\/\",\"logo\":{\"@type\":\"ImageObject\",\"inLanguage\":\"it-IT\",\"@id\":\"https:\/\/territorialchallenges.com\/#\/schema\/logo\/image\/\",\"url\":\"https:\/\/territorialchallenges.com\/wp-content\/uploads\/2023\/10\/logo-1.png\",\"contentUrl\":\"https:\/\/territorialchallenges.com\/wp-content\/uploads\/2023\/10\/logo-1.png\",\"width\":1832,\"height\":576,\"caption\":\"Territorial Challenges\"},\"image\":{\"@id\":\"https:\/\/territorialchallenges.com\/#\/schema\/logo\/image\/\"}},{\"@type\":\"Person\",\"@id\":\"https:\/\/territorialchallenges.com\/#\/schema\/person\/098f145c7c61a021c425e010f840080f\",\"name\":\"ni.abdi\",\"image\":{\"@type\":\"ImageObject\",\"inLanguage\":\"it-IT\",\"@id\":\"https:\/\/territorialchallenges.com\/#\/schema\/person\/image\/\",\"url\":\"https:\/\/secure.gravatar.com\/avatar\/2a2f2491f3c80039986ba989b1e4b510?s=96&d=identicon&r=g\",\"contentUrl\":\"https:\/\/secure.gravatar.com\/avatar\/2a2f2491f3c80039986ba989b1e4b510?s=96&d=identicon&r=g\",\"caption\":\"ni.abdi\"},\"sameAs\":[\"https:\/\/twitter.com\/Ni.abdi\"],\"url\":\"https:\/\/territorialchallenges.com\/it\/author\/ni-abdi\/\"}]}<\/script>\n<!-- \/ Yoast SEO plugin. -->","yoast_head_json":{"title":"Vienne en Autriche et sa collecte des d\u00e9chets par l\u2019intelligence artificielle - Territorial Challenges","robots":{"index":"index","follow":"follow","max-snippet":"max-snippet:-1","max-image-preview":"max-image-preview:large","max-video-preview":"max-video-preview:-1"},"canonical":"https:\/\/territorialchallenges.com\/it\/2023\/05\/04\/vienne-en-autriche-et-sa-collecte-des-dechets-par-lintelligence-artificielle-2\/120292\/","og_locale":"it_IT","og_type":"article","og_title":"Vienne en Autriche et sa collecte des d\u00e9chets par l\u2019intelligence artificielle - Territorial Challenges","og_description":"Zoom sur le syst\u00e8me \u00ab\u00a0Smart Waste\u00a0\u00bb de la Ville de Vienne en Autriche, qui utilise des capteurs \u00e9quip\u00e9s d&rsquo;intelligence artificielle. Mis en exp\u00e9rimentation \u00e0 partir de 2019,\u00a0\u00bbSmart Waste\u00a0\u00bb est un syst\u00e8me innovant de gestion des d\u00e9chets qui vise \u00e0 am\u00e9liorer l&rsquo;efficacit\u00e9 de la collecte des d\u00e9chets dans la ville tout en r\u00e9duisant leur impact environnemental. [&hellip;]","og_url":"https:\/\/territorialchallenges.com\/it\/2023\/05\/04\/vienne-en-autriche-et-sa-collecte-des-dechets-par-lintelligence-artificielle-2\/120292\/","og_site_name":"Territorial Challenges","article_published_time":"2023-05-04T16:39:54+00:00","og_image":[{"width":1271,"height":693,"url":"https:\/\/territorialchallenges.com\/wp-content\/uploads\/2023\/05\/vinenna.jpg","type":"image\/jpeg"}],"author":"ni.abdi","twitter_card":"summary_large_image","twitter_creator":"@Ni.abdi","twitter_misc":{"Scritto da":"ni.abdi","Tempo di lettura stimato":"2 minuti"},"schema":{"@context":"https:\/\/schema.org","@graph":[{"@type":"Article","@id":"https:\/\/territorialchallenges.com\/2023\/05\/04\/vienne-en-autriche-et-sa-collecte-des-dechets-par-lintelligence-artificielle-2\/120292\/#article","isPartOf":{"@id":"https:\/\/territorialchallenges.com\/2023\/05\/04\/vienne-en-autriche-et-sa-collecte-des-dechets-par-lintelligence-artificielle-2\/120292\/"},"author":{"name":"ni.abdi","@id":"https:\/\/territorialchallenges.com\/#\/schema\/person\/098f145c7c61a021c425e010f840080f"},"headline":"Vienne en Autriche et sa collecte des d\u00e9chets par l\u2019intelligence artificielle","datePublished":"2023-05-04T16:39:54+00:00","dateModified":"2023-05-04T16:39:54+00:00","mainEntityOfPage":{"@id":"https:\/\/territorialchallenges.com\/2023\/05\/04\/vienne-en-autriche-et-sa-collecte-des-dechets-par-lintelligence-artificielle-2\/120292\/"},"wordCount":418,"commentCount":0,"publisher":{"@id":"https:\/\/territorialchallenges.com\/#organization"},"articleSection":["Il s'est pass\u00e9 \u00e0","\u00c9cosyst\u00e8me"],"inLanguage":"it-IT"},{"@type":"WebPage","@id":"https:\/\/territorialchallenges.com\/2023\/05\/04\/vienne-en-autriche-et-sa-collecte-des-dechets-par-lintelligence-artificielle-2\/120292\/","url":"https:\/\/territorialchallenges.com\/2023\/05\/04\/vienne-en-autriche-et-sa-collecte-des-dechets-par-lintelligence-artificielle-2\/120292\/","name":"Vienne en Autriche et sa collecte des d\u00e9chets par l\u2019intelligence artificielle - Territorial Challenges","isPartOf":{"@id":"https:\/\/territorialchallenges.com\/#website"},"datePublished":"2023-05-04T16:39:54+00:00","dateModified":"2023-05-04T16:39:54+00:00","breadcrumb":{"@id":"https:\/\/territorialchallenges.com\/2023\/05\/04\/vienne-en-autriche-et-sa-collecte-des-dechets-par-lintelligence-artificielle-2\/120292\/#breadcrumb"},"inLanguage":"it-IT","potentialAction":[{"@type":"ReadAction","target":["https:\/\/territorialchallenges.com\/2023\/05\/04\/vienne-en-autriche-et-sa-collecte-des-dechets-par-lintelligence-artificielle-2\/120292\/"]}]},{"@type":"BreadcrumbList","@id":"https:\/\/territorialchallenges.com\/2023\/05\/04\/vienne-en-autriche-et-sa-collecte-des-dechets-par-lintelligence-artificielle-2\/120292\/#breadcrumb","itemListElement":[{"@type":"ListItem","position":1,"name":"Home","item":"https:\/\/territorialchallenges.com\/"},{"@type":"ListItem","position":2,"name":"Vienne en Autriche et sa collecte des d\u00e9chets par l\u2019intelligence artificielle"}]},{"@type":"WebSite","@id":"https:\/\/territorialchallenges.com\/#website","url":"https:\/\/territorialchallenges.com\/","name":"Sfide territoriali","description":"Monitoraggio internazionale - Strategie intelligenti - Migliori pratiche","publisher":{"@id":"https:\/\/territorialchallenges.com\/#organization"},"potentialAction":[{"@type":"SearchAction","target":{"@type":"EntryPoint","urlTemplate":"https:\/\/territorialchallenges.com\/?s={search_term_string}"},"query-input":"required name=search_term_string"}],"inLanguage":"it-IT"},{"@type":"Organization","@id":"https:\/\/territorialchallenges.com\/#organization","name":"Sfide territoriali","url":"https:\/\/territorialchallenges.com\/","logo":{"@type":"ImageObject","inLanguage":"it-IT","@id":"https:\/\/territorialchallenges.com\/#\/schema\/logo\/image\/","url":"https:\/\/territorialchallenges.com\/wp-content\/uploads\/2023\/10\/logo-1.png","contentUrl":"https:\/\/territorialchallenges.com\/wp-content\/uploads\/2023\/10\/logo-1.png","width":1832,"height":576,"caption":"Territorial Challenges"},"image":{"@id":"https:\/\/territorialchallenges.com\/#\/schema\/logo\/image\/"}},{"@type":"Person","@id":"https:\/\/territorialchallenges.com\/#\/schema\/person\/098f145c7c61a021c425e010f840080f","name":"ni.abdi","image":{"@type":"ImageObject","inLanguage":"it-IT","@id":"https:\/\/territorialchallenges.com\/#\/schema\/person\/image\/","url":"https:\/\/secure.gravatar.com\/avatar\/2a2f2491f3c80039986ba989b1e4b510?s=96&d=identicon&r=g","contentUrl":"https:\/\/secure.gravatar.com\/avatar\/2a2f2491f3c80039986ba989b1e4b510?s=96&d=identicon&r=g","caption":"ni.abdi"},"sameAs":["https:\/\/twitter.com\/Ni.abdi"],"url":"https:\/\/territorialchallenges.com\/it\/author\/ni-abdi\/"}]}},"_links":{"self":[{"href":"https:\/\/territorialchallenges.com\/it\/wp-json\/wp\/v2\/posts\/120292"}],"collection":[{"href":"https:\/\/territorialchallenges.com\/it\/wp-json\/wp\/v2\/posts"}],"about":[{"href":"https:\/\/territorialchallenges.com\/it\/wp-json\/wp\/v2\/types\/post"}],"author":[{"embeddable":true,"href":"https:\/\/territorialchallenges.com\/it\/wp-json\/wp\/v2\/users\/11"}],"replies":[{"embeddable":true,"href":"https:\/\/territorialchallenges.com\/it\/wp-json\/wp\/v2\/comments?post=120292"}],"version-history":[{"count":1,"href":"https:\/\/territorialchallenges.com\/it\/wp-json\/wp\/v2\/posts\/120292\/revisions"}],"predecessor-version":[{"id":120297,"href":"https:\/\/territorialchallenges.com\/it\/wp-json\/wp\/v2\/posts\/120292\/revisions\/120297"}],"wp:featuredmedia":[{"embeddable":true,"href":"https:\/\/territorialchallenges.com\/it\/wp-json\/wp\/v2\/media\/120293"}],"wp:attachment":[{"href":"https:\/\/territorialchallenges.com\/it\/wp-json\/wp\/v2\/media?parent=120292"}],"wp:term":[{"taxonomy":"category","embeddable":true,"href":"https:\/\/territorialchallenges.com\/it\/wp-json\/wp\/v2\/categories?post=120292"},{"taxonomy":"post_tag","embeddable":true,"href":"https:\/\/territorialchallenges.com\/it\/wp-json\/wp\/v2\/tags?post=120292"}],"curies":[{"name":"parola chiave","href":"https:\/\/api.w.org\/{rel}","templated":true}]}}