{"id":90060,"date":"2022-02-07T09:11:15","date_gmt":"2022-02-07T08:11:15","guid":{"rendered":"https:\/\/territorialchallenges.com\/?p=90060"},"modified":"2022-05-02T21:46:30","modified_gmt":"2022-05-02T19:46:30","slug":"le-marche-de-la-gestion-intelligente-des-dechets-devrait-connaitre-une-croissance-significative","status":"publish","type":"post","link":"https:\/\/territorialchallenges.com\/es\/2022\/02\/07\/le-marche-de-la-gestion-intelligente-des-dechets-devrait-connaitre-une-croissance-significative\/90060\/","title":{"rendered":"Se espera que el mercado de gesti\u00f3n inteligente de residuos experimente un crecimiento significativo"},"content":{"rendered":"<p>La gesti\u00f3n inteligente de residuos es un concepto que utiliza sensores para monitorizar el estado del servicio de recolecci\u00f3n de residuos de una ciudad, por ejemplo, cu\u00e1ndo se vac\u00eda o se llena un contenedor. La gesti\u00f3n inteligente de residuos tambi\u00e9n monitoriza datos hist\u00f3ricos recopilados por sensores y bases de datos. Puede utilizar estos datos para identificar y optimizar... <\/p>\n<div class=\"pmpro_content_message\">Art\u00edculo disponible s\u00f3lo para suscriptores.<br \/><a href=\"https:\/\/territorialchallenges.com\/wp-login.php\">Acceso<\/a><br \/><a href=\"https:\/\/territorialchallenges.com\/es\/wp-login.php\/?action=register\">Registro<\/a><\/div>","protected":false},"excerpt":{"rendered":"<p>La gestion intelligente des d\u00e9chets est un concept qui utilise des capteurs pour suivre l&rsquo;\u00e9tat en direct du service de collecte d&rsquo;une ville, notamment\u00a0 lorsqu\u2019une poubelle se vide ou se remplit.\u00a0Le gestionnaire intelligent surveille \u00e9galement les donn\u00e9es historiques collect\u00e9es par des capteurs et des bases de donn\u00e9es.\u00a0Vous pouvez utiliser ces donn\u00e9es pour identifier et optimiser... <\/p>\n<div class=\"pmpro_content_message\">Art\u00edculo disponible s\u00f3lo para suscriptores.<br \/><a href=\"https:\/\/territorialchallenges.com\/wp-login.php\">Acceso<\/a><br \/><a href=\"https:\/\/territorialchallenges.com\/es\/wp-login.php\/?action=register\">Registro<\/a><\/div>","protected":false},"author":11,"featured_media":90061,"comment_status":"open","ping_status":"open","sticky":true,"template":"","format":"standard","meta":{"pmpro_default_level":0,"footnotes":""},"categories":[19,124],"tags":[],"blocksy_meta":"","yoast_head":"<!-- This site is optimized with the Yoast SEO plugin v21.5 - https:\/\/yoast.com\/wordpress\/plugins\/seo\/ -->\n<title>Le march\u00e9 de la gestion intelligente des d\u00e9chets devrait conna\u00eetre une croissance significative - Territorial Challenges<\/title>\n<meta name=\"robots\" content=\"index, follow, max-snippet:-1, max-image-preview:large, max-video-preview:-1\" \/>\n<link rel=\"canonical\" href=\"https:\/\/territorialchallenges.com\/es\/2022\/02\/07\/le-marche-de-la-gestion-intelligente-des-dechets-devrait-connaitre-une-croissance-significative\/90060\/\" \/>\n<meta property=\"og:locale\" content=\"es_ES\" \/>\n<meta property=\"og:type\" content=\"article\" \/>\n<meta property=\"og:title\" content=\"Le march\u00e9 de la gestion intelligente des d\u00e9chets devrait conna\u00eetre une croissance significative - Territorial Challenges\" \/>\n<meta property=\"og:description\" content=\"La gestion intelligente des d\u00e9chets est un concept qui utilise des capteurs pour suivre l&rsquo;\u00e9tat en direct du service de collecte d&rsquo;une ville, notamment\u00a0 lorsqu\u2019une poubelle se vide ou se remplit.\u00a0Le gestionnaire intelligent surveille \u00e9galement les donn\u00e9es historiques collect\u00e9es par des capteurs et des bases de donn\u00e9es.\u00a0Vous pouvez utiliser ces donn\u00e9es pour identifier et optimiser [&hellip;]\" \/>\n<meta property=\"og:url\" content=\"https:\/\/territorialchallenges.com\/es\/2022\/02\/07\/le-marche-de-la-gestion-intelligente-des-dechets-devrait-connaitre-une-croissance-significative\/90060\/\" \/>\n<meta property=\"og:site_name\" content=\"Territorial Challenges\" \/>\n<meta property=\"article:published_time\" content=\"2022-02-07T08:11:15+00:00\" \/>\n<meta property=\"article:modified_time\" content=\"2022-05-02T19:46:30+00:00\" \/>\n<meta property=\"og:image\" content=\"https:\/\/territorialchallenges.com\/wp-content\/uploads\/2021\/04\/smartcitieswasteimage.jpg\" \/>\n\t<meta property=\"og:image:width\" content=\"1200\" \/>\n\t<meta property=\"og:image:height\" content=\"630\" \/>\n\t<meta property=\"og:image:type\" content=\"image\/jpeg\" \/>\n<meta name=\"author\" content=\"ni.abdi\" \/>\n<meta name=\"twitter:card\" content=\"summary_large_image\" \/>\n<meta name=\"twitter:creator\" content=\"@Ni.abdi\" \/>\n<meta name=\"twitter:label1\" content=\"Escrito por\" \/>\n\t<meta name=\"twitter:data1\" content=\"ni.abdi\" \/>\n\t<meta name=\"twitter:label2\" content=\"Tiempo de lectura\" \/>\n\t<meta name=\"twitter:data2\" content=\"4 minutos\" \/>\n<script type=\"application\/ld+json\" class=\"yoast-schema-graph\">{\"@context\":\"https:\/\/schema.org\",\"@graph\":[{\"@type\":\"Article\",\"@id\":\"https:\/\/territorialchallenges.com\/2022\/02\/07\/le-marche-de-la-gestion-intelligente-des-dechets-devrait-connaitre-une-croissance-significative\/90060\/#article\",\"isPartOf\":{\"@id\":\"https:\/\/territorialchallenges.com\/2022\/02\/07\/le-marche-de-la-gestion-intelligente-des-dechets-devrait-connaitre-une-croissance-significative\/90060\/\"},\"author\":{\"name\":\"ni.abdi\",\"@id\":\"https:\/\/territorialchallenges.com\/#\/schema\/person\/098f145c7c61a021c425e010f840080f\"},\"headline\":\"Le march\u00e9 de la gestion intelligente des d\u00e9chets devrait conna\u00eetre une croissance significative\",\"datePublished\":\"2022-02-07T08:11:15+00:00\",\"dateModified\":\"2022-05-02T19:46:30+00:00\",\"mainEntityOfPage\":{\"@id\":\"https:\/\/territorialchallenges.com\/2022\/02\/07\/le-marche-de-la-gestion-intelligente-des-dechets-devrait-connaitre-une-croissance-significative\/90060\/\"},\"wordCount\":736,\"commentCount\":0,\"publisher\":{\"@id\":\"https:\/\/territorialchallenges.com\/#organization\"},\"articleSection\":[\"Territoires Intelligents\",\"Actualit\u00e9 internationale\"],\"inLanguage\":\"es\"},{\"@type\":\"WebPage\",\"@id\":\"https:\/\/territorialchallenges.com\/2022\/02\/07\/le-marche-de-la-gestion-intelligente-des-dechets-devrait-connaitre-une-croissance-significative\/90060\/\",\"url\":\"https:\/\/territorialchallenges.com\/2022\/02\/07\/le-marche-de-la-gestion-intelligente-des-dechets-devrait-connaitre-une-croissance-significative\/90060\/\",\"name\":\"Le march\u00e9 de la gestion intelligente des d\u00e9chets devrait conna\u00eetre une croissance significative - Territorial Challenges\",\"isPartOf\":{\"@id\":\"https:\/\/territorialchallenges.com\/#website\"},\"datePublished\":\"2022-02-07T08:11:15+00:00\",\"dateModified\":\"2022-05-02T19:46:30+00:00\",\"breadcrumb\":{\"@id\":\"https:\/\/territorialchallenges.com\/2022\/02\/07\/le-marche-de-la-gestion-intelligente-des-dechets-devrait-connaitre-une-croissance-significative\/90060\/#breadcrumb\"},\"inLanguage\":\"es\",\"potentialAction\":[{\"@type\":\"ReadAction\",\"target\":[\"https:\/\/territorialchallenges.com\/2022\/02\/07\/le-marche-de-la-gestion-intelligente-des-dechets-devrait-connaitre-une-croissance-significative\/90060\/\"]}]},{\"@type\":\"BreadcrumbList\",\"@id\":\"https:\/\/territorialchallenges.com\/2022\/02\/07\/le-marche-de-la-gestion-intelligente-des-dechets-devrait-connaitre-une-croissance-significative\/90060\/#breadcrumb\",\"itemListElement\":[{\"@type\":\"ListItem\",\"position\":1,\"name\":\"Home\",\"item\":\"https:\/\/territorialchallenges.com\/\"},{\"@type\":\"ListItem\",\"position\":2,\"name\":\"Le march\u00e9 de la gestion intelligente des d\u00e9chets devrait conna\u00eetre une croissance significative\"}]},{\"@type\":\"WebSite\",\"@id\":\"https:\/\/territorialchallenges.com\/#website\",\"url\":\"https:\/\/territorialchallenges.com\/\",\"name\":\"Territorial Challenges\",\"description\":\"Veille Internationale - Strat\u00e9gie Intelligentes - Bonnes pratiques\",\"publisher\":{\"@id\":\"https:\/\/territorialchallenges.com\/#organization\"},\"potentialAction\":[{\"@type\":\"SearchAction\",\"target\":{\"@type\":\"EntryPoint\",\"urlTemplate\":\"https:\/\/territorialchallenges.com\/?s={search_term_string}\"},\"query-input\":\"required name=search_term_string\"}],\"inLanguage\":\"es\"},{\"@type\":\"Organization\",\"@id\":\"https:\/\/territorialchallenges.com\/#organization\",\"name\":\"Territorial Challenges\",\"url\":\"https:\/\/territorialchallenges.com\/\",\"logo\":{\"@type\":\"ImageObject\",\"inLanguage\":\"es\",\"@id\":\"https:\/\/territorialchallenges.com\/#\/schema\/logo\/image\/\",\"url\":\"https:\/\/territorialchallenges.com\/wp-content\/uploads\/2023\/10\/logo-1.png\",\"contentUrl\":\"https:\/\/territorialchallenges.com\/wp-content\/uploads\/2023\/10\/logo-1.png\",\"width\":1832,\"height\":576,\"caption\":\"Territorial Challenges\"},\"image\":{\"@id\":\"https:\/\/territorialchallenges.com\/#\/schema\/logo\/image\/\"}},{\"@type\":\"Person\",\"@id\":\"https:\/\/territorialchallenges.com\/#\/schema\/person\/098f145c7c61a021c425e010f840080f\",\"name\":\"ni.abdi\",\"image\":{\"@type\":\"ImageObject\",\"inLanguage\":\"es\",\"@id\":\"https:\/\/territorialchallenges.com\/#\/schema\/person\/image\/\",\"url\":\"https:\/\/secure.gravatar.com\/avatar\/2a2f2491f3c80039986ba989b1e4b510?s=96&d=identicon&r=g\",\"contentUrl\":\"https:\/\/secure.gravatar.com\/avatar\/2a2f2491f3c80039986ba989b1e4b510?s=96&d=identicon&r=g\",\"caption\":\"ni.abdi\"},\"sameAs\":[\"https:\/\/twitter.com\/Ni.abdi\"],\"url\":\"https:\/\/territorialchallenges.com\/es\/author\/ni-abdi\/\"}]}<\/script>\n<!-- \/ Yoast SEO plugin. -->","yoast_head_json":{"title":"Le march\u00e9 de la gestion intelligente des d\u00e9chets devrait conna\u00eetre une croissance significative - Territorial Challenges","robots":{"index":"index","follow":"follow","max-snippet":"max-snippet:-1","max-image-preview":"max-image-preview:large","max-video-preview":"max-video-preview:-1"},"canonical":"https:\/\/territorialchallenges.com\/es\/2022\/02\/07\/le-marche-de-la-gestion-intelligente-des-dechets-devrait-connaitre-une-croissance-significative\/90060\/","og_locale":"es_ES","og_type":"article","og_title":"Le march\u00e9 de la gestion intelligente des d\u00e9chets devrait conna\u00eetre une croissance significative - Territorial Challenges","og_description":"La gestion intelligente des d\u00e9chets est un concept qui utilise des capteurs pour suivre l&rsquo;\u00e9tat en direct du service de collecte d&rsquo;une ville, notamment\u00a0 lorsqu\u2019une poubelle se vide ou se remplit.\u00a0Le gestionnaire intelligent surveille \u00e9galement les donn\u00e9es historiques collect\u00e9es par des capteurs et des bases de donn\u00e9es.\u00a0Vous pouvez utiliser ces donn\u00e9es pour identifier et optimiser [&hellip;]","og_url":"https:\/\/territorialchallenges.com\/es\/2022\/02\/07\/le-marche-de-la-gestion-intelligente-des-dechets-devrait-connaitre-une-croissance-significative\/90060\/","og_site_name":"Territorial Challenges","article_published_time":"2022-02-07T08:11:15+00:00","article_modified_time":"2022-05-02T19:46:30+00:00","og_image":[{"width":1200,"height":630,"url":"https:\/\/territorialchallenges.com\/wp-content\/uploads\/2021\/04\/smartcitieswasteimage.jpg","type":"image\/jpeg"}],"author":"ni.abdi","twitter_card":"summary_large_image","twitter_creator":"@Ni.abdi","twitter_misc":{"Escrito por":"ni.abdi","Tiempo de lectura":"4 minutos"},"schema":{"@context":"https:\/\/schema.org","@graph":[{"@type":"Article","@id":"https:\/\/territorialchallenges.com\/2022\/02\/07\/le-marche-de-la-gestion-intelligente-des-dechets-devrait-connaitre-une-croissance-significative\/90060\/#article","isPartOf":{"@id":"https:\/\/territorialchallenges.com\/2022\/02\/07\/le-marche-de-la-gestion-intelligente-des-dechets-devrait-connaitre-une-croissance-significative\/90060\/"},"author":{"name":"ni.abdi","@id":"https:\/\/territorialchallenges.com\/#\/schema\/person\/098f145c7c61a021c425e010f840080f"},"headline":"Le march\u00e9 de la gestion intelligente des d\u00e9chets devrait conna\u00eetre une croissance significative","datePublished":"2022-02-07T08:11:15+00:00","dateModified":"2022-05-02T19:46:30+00:00","mainEntityOfPage":{"@id":"https:\/\/territorialchallenges.com\/2022\/02\/07\/le-marche-de-la-gestion-intelligente-des-dechets-devrait-connaitre-une-croissance-significative\/90060\/"},"wordCount":736,"commentCount":0,"publisher":{"@id":"https:\/\/territorialchallenges.com\/#organization"},"articleSection":["Territoires Intelligents","Actualit\u00e9 internationale"],"inLanguage":"es"},{"@type":"WebPage","@id":"https:\/\/territorialchallenges.com\/2022\/02\/07\/le-marche-de-la-gestion-intelligente-des-dechets-devrait-connaitre-une-croissance-significative\/90060\/","url":"https:\/\/territorialchallenges.com\/2022\/02\/07\/le-marche-de-la-gestion-intelligente-des-dechets-devrait-connaitre-une-croissance-significative\/90060\/","name":"Le march\u00e9 de la gestion intelligente des d\u00e9chets devrait conna\u00eetre une croissance significative - Territorial Challenges","isPartOf":{"@id":"https:\/\/territorialchallenges.com\/#website"},"datePublished":"2022-02-07T08:11:15+00:00","dateModified":"2022-05-02T19:46:30+00:00","breadcrumb":{"@id":"https:\/\/territorialchallenges.com\/2022\/02\/07\/le-marche-de-la-gestion-intelligente-des-dechets-devrait-connaitre-une-croissance-significative\/90060\/#breadcrumb"},"inLanguage":"es","potentialAction":[{"@type":"ReadAction","target":["https:\/\/territorialchallenges.com\/2022\/02\/07\/le-marche-de-la-gestion-intelligente-des-dechets-devrait-connaitre-une-croissance-significative\/90060\/"]}]},{"@type":"BreadcrumbList","@id":"https:\/\/territorialchallenges.com\/2022\/02\/07\/le-marche-de-la-gestion-intelligente-des-dechets-devrait-connaitre-une-croissance-significative\/90060\/#breadcrumb","itemListElement":[{"@type":"ListItem","position":1,"name":"Home","item":"https:\/\/territorialchallenges.com\/"},{"@type":"ListItem","position":2,"name":"Le march\u00e9 de la gestion intelligente des d\u00e9chets devrait conna\u00eetre une croissance significative"}]},{"@type":"WebSite","@id":"https:\/\/territorialchallenges.com\/#website","url":"https:\/\/territorialchallenges.com\/","name":"Desaf\u00edos territoriales","description":"Monitoreo Internacional - Estrategias Inteligentes - Mejores Pr\u00e1cticas","publisher":{"@id":"https:\/\/territorialchallenges.com\/#organization"},"potentialAction":[{"@type":"SearchAction","target":{"@type":"EntryPoint","urlTemplate":"https:\/\/territorialchallenges.com\/?s={search_term_string}"},"query-input":"required name=search_term_string"}],"inLanguage":"es"},{"@type":"Organization","@id":"https:\/\/territorialchallenges.com\/#organization","name":"Desaf\u00edos territoriales","url":"https:\/\/territorialchallenges.com\/","logo":{"@type":"ImageObject","inLanguage":"es","@id":"https:\/\/territorialchallenges.com\/#\/schema\/logo\/image\/","url":"https:\/\/territorialchallenges.com\/wp-content\/uploads\/2023\/10\/logo-1.png","contentUrl":"https:\/\/territorialchallenges.com\/wp-content\/uploads\/2023\/10\/logo-1.png","width":1832,"height":576,"caption":"Territorial Challenges"},"image":{"@id":"https:\/\/territorialchallenges.com\/#\/schema\/logo\/image\/"}},{"@type":"Person","@id":"https:\/\/territorialchallenges.com\/#\/schema\/person\/098f145c7c61a021c425e010f840080f","name":"ni.abdi","image":{"@type":"ImageObject","inLanguage":"es","@id":"https:\/\/territorialchallenges.com\/#\/schema\/person\/image\/","url":"https:\/\/secure.gravatar.com\/avatar\/2a2f2491f3c80039986ba989b1e4b510?s=96&d=identicon&r=g","contentUrl":"https:\/\/secure.gravatar.com\/avatar\/2a2f2491f3c80039986ba989b1e4b510?s=96&d=identicon&r=g","caption":"ni.abdi"},"sameAs":["https:\/\/twitter.com\/Ni.abdi"],"url":"https:\/\/territorialchallenges.com\/es\/author\/ni-abdi\/"}]}},"_links":{"self":[{"href":"https:\/\/territorialchallenges.com\/es\/wp-json\/wp\/v2\/posts\/90060"}],"collection":[{"href":"https:\/\/territorialchallenges.com\/es\/wp-json\/wp\/v2\/posts"}],"about":[{"href":"https:\/\/territorialchallenges.com\/es\/wp-json\/wp\/v2\/types\/post"}],"author":[{"embeddable":true,"href":"https:\/\/territorialchallenges.com\/es\/wp-json\/wp\/v2\/users\/11"}],"replies":[{"embeddable":true,"href":"https:\/\/territorialchallenges.com\/es\/wp-json\/wp\/v2\/comments?post=90060"}],"version-history":[{"count":1,"href":"https:\/\/territorialchallenges.com\/es\/wp-json\/wp\/v2\/posts\/90060\/revisions"}],"predecessor-version":[{"id":90065,"href":"https:\/\/territorialchallenges.com\/es\/wp-json\/wp\/v2\/posts\/90060\/revisions\/90065"}],"wp:featuredmedia":[{"embeddable":true,"href":"https:\/\/territorialchallenges.com\/es\/wp-json\/wp\/v2\/media\/90061"}],"wp:attachment":[{"href":"https:\/\/territorialchallenges.com\/es\/wp-json\/wp\/v2\/media?parent=90060"}],"wp:term":[{"taxonomy":"category","embeddable":true,"href":"https:\/\/territorialchallenges.com\/es\/wp-json\/wp\/v2\/categories?post=90060"},{"taxonomy":"post_tag","embeddable":true,"href":"https:\/\/territorialchallenges.com\/es\/wp-json\/wp\/v2\/tags?post=90060"}],"curies":[{"name":"gracias","href":"https:\/\/api.w.org\/{rel}","templated":true}]}}